{"id":3838,"date":"2020-09-10T10:14:00","date_gmt":"2020-09-10T10:14:00","guid":{"rendered":"https:\/\/www.actecir.cat\/?p=3838"},"modified":"2023-04-28T10:18:27","modified_gmt":"2023-04-28T10:18:27","slug":"1r-curso-on-line-instalaciones-frigorificas-con-amoniaco-como-refrigerante","status":"publish","type":"post","link":"https:\/\/www.actecir.cat\/es\/1r-curso-on-line-instalaciones-frigorificas-con-amoniaco-como-refrigerante\/","title":{"rendered":"1r Curso on-line &#8220;Instalaciones frigor\u00edficas con amon\u00edaco como refrigerante&#8221;"},"content":{"rendered":"\n<p>Organizado por ACTECIR y AEFYT<\/p>\n\n\n\n<p><strong>&nbsp;&nbsp;CALENDARIO<\/strong><\/p>\n\n\n\n<p>Este curso on-line comprende un total de 20 horas lectivas distribuidas en 5 sesiones de 4 horas cada una.<\/p>\n\n\n\n<p>Seg\u00fan el calendario siguiente:<\/p>\n\n\n\n<ul class=\"wp-block-list\">\n<li>Martes 20 de octubre de 2020 &#8211; 17:00 a 21:00 h<\/li>\n\n\n\n<li>Martes 27 de octubre de 2020 &#8211; 17:00 a 21:00 h<\/li>\n\n\n\n<li>Martes 3 de noviembre de 2020 &#8211; 17:00 a 21:00 h<\/li>\n\n\n\n<li>Martes 10 de noviembre de 2020 &#8211; 17:00 a 21:00 h<\/li>\n\n\n\n<li>Martes 17 de noviembre de 2020 &#8211; 17:00 a 21:00 h<\/li>\n<\/ul>\n\n\n\n<p><strong>&nbsp;&nbsp;OBJETIVO<\/strong><\/p>\n\n\n\n<p>Se analizar\u00e1 el funcionamiento de las instalaciones frigor\u00edficas estableciendo las bases para el c\u00e1lculo de los componentes, dise\u00f1o y construcci\u00f3n de instalaciones frigor\u00edficas de amon\u00edaco; haciendo especial hincapi\u00e9 en las caracter\u00edsticas particulares que deben reunir respecto a la seguridad, facilidad de mantenimiento y eficiencia energ\u00e9tica.<\/p>\n\n\n\n<p><strong>&nbsp;PROGRAMA<\/strong><\/p>\n\n\n\n<p>&#8211; Refrigerantes &#8211; Ciclos Amoniaco<\/p>\n\n\n\n<p>&#8211; Componentes<\/p>\n\n\n\n<ul class=\"wp-block-list\">\n<li>Compresores<\/li>\n\n\n\n<li>Condensadores. Recipientes. Separadores<\/li>\n\n\n\n<li>Evaporadores<\/li>\n\n\n\n<li>Componentes auxiliares<\/li>\n<\/ul>\n\n\n\n<p>&#8211; Circuitos, tuber\u00edas &#8211; Sistemas<\/p>\n\n\n\n<ul class=\"wp-block-list\">\n<li>Circuitos, tuber\u00edas<\/li>\n\n\n\n<li>Sistemas<\/li>\n<\/ul>\n\n\n\n<p>&#8211; C\u00e1lculo Instalaci\u00f3n Frigor\u00edfica<\/p>\n\n\n\n<ul class=\"wp-block-list\">\n<li>Desarrollo completo Proyecto<\/li>\n\n\n\n<li>Informaciones anexas<\/li>\n<\/ul>\n\n\n\n<p>&#8211; Mantenimiento &#8211; Montaje<\/p>\n\n\n\n<ul class=\"wp-block-list\">\n<li>Mantenimiento 1<\/li>\n\n\n\n<li>Mantenimiento 2<\/li>\n\n\n\n<li>Montaje<\/li>\n<\/ul>\n\n\n\n<p>&#8211; Seguridad en Instalaciones Amoniaco<\/p>\n\n\n\n<p>&#8211; Reglamento aplicable<\/p>\n\n\n\n<p>En el curso se realiza una selecci\u00f3n pr\u00e1ctica de todos los componentes y sistemas que integran una instalaci\u00f3n de amon\u00edaco.<\/p>\n\n\n\n<p><strong>&nbsp;MATR\u00cdCULA<\/strong><\/p>\n\n\n\n<ul class=\"wp-block-list\">\n<li>Precio por inscripci\u00f3n de personal de Empresa Asociada a ACTECIR o AEFYT: 500,00 \u20ac (IVA incluido)<\/li>\n\n\n\n<li>Precio por inscripci\u00f3n de personal de Empresa NO Asociada a ACTECIR o AEFYT: 700,00 \u20ac (IVA incluido)<\/li>\n<\/ul>\n\n\n\n<p><strong>&nbsp;INSCRIPCI\u00d3N<\/strong><\/p>\n\n\n\n<p>El n\u00famero de plazas es limitado y la admisi\u00f3n tendr\u00e1El n\u00famero de plazas es limitado y la admisi\u00f3n tendr\u00e1lugar por riguroso orden de recepci\u00f3n de solicitudes.<\/p>\n\n\n\n<p>\u00c9sta se realizar\u00e1 rellenando la ficha adjunta yremiti\u00e9ndola por correo electr\u00f3nico a la Sede de AEFYT acompa\u00f1ando el comprobante bancario de haber abonado o transferido, en concepto de reserva (el 20% del importe de la inscripci\u00f3n) a la cuenta que AEFYT tiene en BANKIA:<\/p>\n\n\n\n<p>ES ES19 2038-1007-00-6001191439<\/p>\n\n\n\n<p>El pago total de la inscripci\u00f3n podr\u00e1 realizarse al efectuar la reserva y en cualquier caso deber\u00e1 formalizarse remitiendo antes del 13 de octubre de 2020 el comprobante de pago a la antes mencionada cuentade AEFYT.<\/p>\n\n\n\n<p>Hasta 5 d\u00edas antes, AEFYT se reserva el derecho de modificar la fecha de celebraci\u00f3n del curso on-line oanularlo, en ambos casos se dar\u00e1 la opci\u00f3n de aplicar la cantidad abonada a los futuros cursos.<\/p>\n\n\n\n<p>Cualquier cancelaci\u00f3n de la reserva del curso on-linedeber\u00e1 hacerse por escrito. La cancelaci\u00f3n despu\u00e9s del 13 de Octubre de 2020hasta 5 d\u00edas antes de la celebraci\u00f3n del curso, conllevar\u00e1 la p\u00e9rdida del 20% de la reserva efectuada. Las cancelaciones que se produzcan una vez iniciado el Curso no dar\u00e1 lugar a ning\u00fan tipo de reembolso.<\/p>\n","protected":false},"excerpt":{"rendered":"<p>Organizado por ACTECIR y AEFYT<\/p>\n","protected":false},"author":1,"featured_media":3836,"comment_status":"open","ping_status":"open","sticky":false,"template":"","format":"standard","meta":{"footnotes":""},"categories":[23],"tags":[],"class_list":["post-3838","post","type-post","status-publish","format-standard","has-post-thumbnail","hentry","category-destacamos"],"yoast_head":"<!-- This site is optimized with the Yoast SEO plugin v27.2 - https:\/\/yoast.com\/product\/yoast-seo-wordpress\/ -->\n<title>1r Curso on-line &quot;Instalaciones frigor\u00edficas con amon\u00edaco como refrigerante&quot; - Actecir<\/title>\n<meta name=\"robots\" content=\"index, follow, max-snippet:-1, max-image-preview:large, max-video-preview:-1\" \/>\n<link rel=\"canonical\" href=\"https:\/\/www.actecir.cat\/es\/1r-curso-on-line-instalaciones-frigorificas-con-amoniaco-como-refrigerante\/\" \/>\n<meta property=\"og:locale\" content=\"es_ES\" \/>\n<meta property=\"og:type\" content=\"article\" \/>\n<meta property=\"og:title\" content=\"1r Curso on-line &quot;Instalaciones frigor\u00edficas con amon\u00edaco como refrigerante&quot; - Actecir\" \/>\n<meta property=\"og:description\" content=\"Organizado por ACTECIR y AEFYT\" \/>\n<meta property=\"og:url\" content=\"https:\/\/www.actecir.cat\/es\/1r-curso-on-line-instalaciones-frigorificas-con-amoniaco-como-refrigerante\/\" \/>\n<meta property=\"og:site_name\" content=\"Actecir\" \/>\n<meta property=\"article:published_time\" content=\"2020-09-10T10:14:00+00:00\" \/>\n<meta property=\"article:modified_time\" content=\"2023-04-28T10:18:27+00:00\" \/>\n<meta property=\"og:image\" content=\"https:\/\/www.actecir.cat\/wp-content\/uploads\/2023\/04\/EhjiRllXYAIdAxS.png\" \/>\n\t<meta property=\"og:image:width\" content=\"600\" \/>\n\t<meta property=\"og:image:height\" content=\"400\" \/>\n\t<meta property=\"og:image:type\" content=\"image\/png\" \/>\n<meta name=\"author\" content=\"Soporte web\" \/>\n<meta name=\"twitter:card\" content=\"summary_large_image\" \/>\n<meta name=\"twitter:creator\" content=\"@actecir\" \/>\n<meta name=\"twitter:site\" content=\"@actecir\" \/>\n<meta name=\"twitter:label1\" content=\"Escrito por\" \/>\n\t<meta name=\"twitter:data1\" content=\"Soporte web\" \/>\n\t<meta name=\"twitter:label2\" content=\"Tiempo de lectura\" \/>\n\t<meta name=\"twitter:data2\" content=\"2 minutos\" \/>\n<script type=\"application\/ld+json\" class=\"yoast-schema-graph\">{\"@context\":\"https:\/\/schema.org\",\"@graph\":[{\"@type\":\"Article\",\"@id\":\"https:\/\/www.actecir.cat\/es\/1r-curso-on-line-instalaciones-frigorificas-con-amoniaco-como-refrigerante\/#article\",\"isPartOf\":{\"@id\":\"https:\/\/www.actecir.cat\/es\/1r-curso-on-line-instalaciones-frigorificas-con-amoniaco-como-refrigerante\/\"},\"author\":{\"name\":\"Soporte web\",\"@id\":\"https:\/\/www.actecir.cat\/#\/schema\/person\/42edd02f0b1d55e19444428c5d321413\"},\"headline\":\"1r Curso on-line &#8220;Instalaciones frigor\u00edficas con amon\u00edaco como refrigerante&#8221;\",\"datePublished\":\"2020-09-10T10:14:00+00:00\",\"dateModified\":\"2023-04-28T10:18:27+00:00\",\"mainEntityOfPage\":{\"@id\":\"https:\/\/www.actecir.cat\/es\/1r-curso-on-line-instalaciones-frigorificas-con-amoniaco-como-refrigerante\/\"},\"wordCount\":461,\"commentCount\":0,\"publisher\":{\"@id\":\"https:\/\/www.actecir.cat\/#organization\"},\"image\":{\"@id\":\"https:\/\/www.actecir.cat\/es\/1r-curso-on-line-instalaciones-frigorificas-con-amoniaco-como-refrigerante\/#primaryimage\"},\"thumbnailUrl\":\"https:\/\/www.actecir.cat\/wp-content\/uploads\/2023\/04\/EhjiRllXYAIdAxS.png\",\"articleSection\":[\"Destacamos\"],\"inLanguage\":\"es\",\"potentialAction\":[{\"@type\":\"CommentAction\",\"name\":\"Comment\",\"target\":[\"https:\/\/www.actecir.cat\/es\/1r-curso-on-line-instalaciones-frigorificas-con-amoniaco-como-refrigerante\/#respond\"]}]},{\"@type\":\"WebPage\",\"@id\":\"https:\/\/www.actecir.cat\/es\/1r-curso-on-line-instalaciones-frigorificas-con-amoniaco-como-refrigerante\/\",\"url\":\"https:\/\/www.actecir.cat\/es\/1r-curso-on-line-instalaciones-frigorificas-con-amoniaco-como-refrigerante\/\",\"name\":\"1r Curso on-line \\\"Instalaciones frigor\u00edficas con amon\u00edaco como refrigerante\\\" - Actecir\",\"isPartOf\":{\"@id\":\"https:\/\/www.actecir.cat\/#website\"},\"primaryImageOfPage\":{\"@id\":\"https:\/\/www.actecir.cat\/es\/1r-curso-on-line-instalaciones-frigorificas-con-amoniaco-como-refrigerante\/#primaryimage\"},\"image\":{\"@id\":\"https:\/\/www.actecir.cat\/es\/1r-curso-on-line-instalaciones-frigorificas-con-amoniaco-como-refrigerante\/#primaryimage\"},\"thumbnailUrl\":\"https:\/\/www.actecir.cat\/wp-content\/uploads\/2023\/04\/EhjiRllXYAIdAxS.png\",\"datePublished\":\"2020-09-10T10:14:00+00:00\",\"dateModified\":\"2023-04-28T10:18:27+00:00\",\"breadcrumb\":{\"@id\":\"https:\/\/www.actecir.cat\/es\/1r-curso-on-line-instalaciones-frigorificas-con-amoniaco-como-refrigerante\/#breadcrumb\"},\"inLanguage\":\"es\",\"potentialAction\":[{\"@type\":\"ReadAction\",\"target\":[\"https:\/\/www.actecir.cat\/es\/1r-curso-on-line-instalaciones-frigorificas-con-amoniaco-como-refrigerante\/\"]}]},{\"@type\":\"ImageObject\",\"inLanguage\":\"es\",\"@id\":\"https:\/\/www.actecir.cat\/es\/1r-curso-on-line-instalaciones-frigorificas-con-amoniaco-como-refrigerante\/#primaryimage\",\"url\":\"https:\/\/www.actecir.cat\/wp-content\/uploads\/2023\/04\/EhjiRllXYAIdAxS.png\",\"contentUrl\":\"https:\/\/www.actecir.cat\/wp-content\/uploads\/2023\/04\/EhjiRllXYAIdAxS.png\",\"width\":600,\"height\":400},{\"@type\":\"BreadcrumbList\",\"@id\":\"https:\/\/www.actecir.cat\/es\/1r-curso-on-line-instalaciones-frigorificas-con-amoniaco-como-refrigerante\/#breadcrumb\",\"itemListElement\":[{\"@type\":\"ListItem\",\"position\":1,\"name\":\"Inici\",\"item\":\"https:\/\/www.actecir.cat\/es\/\"},{\"@type\":\"ListItem\",\"position\":2,\"name\":\"1r Curso on-line &#8220;Instalaciones frigor\u00edficas con amon\u00edaco como refrigerante&#8221;\"}]},{\"@type\":\"WebSite\",\"@id\":\"https:\/\/www.actecir.cat\/#website\",\"url\":\"https:\/\/www.actecir.cat\/\",\"name\":\"Actecir\",\"description\":\"Associaci\u00f3 Catalana de T\u00e8cnics en Energia, Climatitzaci\u00f3 i Refrigeraci\u00f3\",\"publisher\":{\"@id\":\"https:\/\/www.actecir.cat\/#organization\"},\"potentialAction\":[{\"@type\":\"SearchAction\",\"target\":{\"@type\":\"EntryPoint\",\"urlTemplate\":\"https:\/\/www.actecir.cat\/?s={search_term_string}\"},\"query-input\":{\"@type\":\"PropertyValueSpecification\",\"valueRequired\":true,\"valueName\":\"search_term_string\"}}],\"inLanguage\":\"es\"},{\"@type\":\"Organization\",\"@id\":\"https:\/\/www.actecir.cat\/#organization\",\"name\":\"Actecir\",\"url\":\"https:\/\/www.actecir.cat\/\",\"logo\":{\"@type\":\"ImageObject\",\"inLanguage\":\"es\",\"@id\":\"https:\/\/www.actecir.cat\/#\/schema\/logo\/image\/\",\"url\":\"https:\/\/www.actecir.cat\/wp-content\/uploads\/2023\/04\/cropped-logo_actecir_60_alto.png\",\"contentUrl\":\"https:\/\/www.actecir.cat\/wp-content\/uploads\/2023\/04\/cropped-logo_actecir_60_alto.png\",\"width\":283,\"height\":80,\"caption\":\"Actecir\"},\"image\":{\"@id\":\"https:\/\/www.actecir.cat\/#\/schema\/logo\/image\/\"},\"sameAs\":[\"https:\/\/x.com\/actecir\",\"https:\/\/www.linkedin.com\/company\/actecir\"]},{\"@type\":\"Person\",\"@id\":\"https:\/\/www.actecir.cat\/#\/schema\/person\/42edd02f0b1d55e19444428c5d321413\",\"name\":\"Soporte web\",\"sameAs\":[\"https:\/\/www.actecir.cat\"],\"url\":\"https:\/\/www.actecir.cat\/es\/author\/maensystems\/\"}]}<\/script>\n<!-- \/ Yoast SEO plugin. -->","yoast_head_json":{"title":"1r Curso on-line \"Instalaciones frigor\u00edficas con amon\u00edaco como refrigerante\" - Actecir","robots":{"index":"index","follow":"follow","max-snippet":"max-snippet:-1","max-image-preview":"max-image-preview:large","max-video-preview":"max-video-preview:-1"},"canonical":"https:\/\/www.actecir.cat\/es\/1r-curso-on-line-instalaciones-frigorificas-con-amoniaco-como-refrigerante\/","og_locale":"es_ES","og_type":"article","og_title":"1r Curso on-line \"Instalaciones frigor\u00edficas con amon\u00edaco como refrigerante\" - Actecir","og_description":"Organizado por ACTECIR y AEFYT","og_url":"https:\/\/www.actecir.cat\/es\/1r-curso-on-line-instalaciones-frigorificas-con-amoniaco-como-refrigerante\/","og_site_name":"Actecir","article_published_time":"2020-09-10T10:14:00+00:00","article_modified_time":"2023-04-28T10:18:27+00:00","og_image":[{"width":600,"height":400,"url":"https:\/\/www.actecir.cat\/wp-content\/uploads\/2023\/04\/EhjiRllXYAIdAxS.png","type":"image\/png"}],"author":"Soporte web","twitter_card":"summary_large_image","twitter_creator":"@actecir","twitter_site":"@actecir","twitter_misc":{"Escrito por":"Soporte web","Tiempo de lectura":"2 minutos"},"schema":{"@context":"https:\/\/schema.org","@graph":[{"@type":"Article","@id":"https:\/\/www.actecir.cat\/es\/1r-curso-on-line-instalaciones-frigorificas-con-amoniaco-como-refrigerante\/#article","isPartOf":{"@id":"https:\/\/www.actecir.cat\/es\/1r-curso-on-line-instalaciones-frigorificas-con-amoniaco-como-refrigerante\/"},"author":{"name":"Soporte web","@id":"https:\/\/www.actecir.cat\/#\/schema\/person\/42edd02f0b1d55e19444428c5d321413"},"headline":"1r Curso on-line &#8220;Instalaciones frigor\u00edficas con amon\u00edaco como refrigerante&#8221;","datePublished":"2020-09-10T10:14:00+00:00","dateModified":"2023-04-28T10:18:27+00:00","mainEntityOfPage":{"@id":"https:\/\/www.actecir.cat\/es\/1r-curso-on-line-instalaciones-frigorificas-con-amoniaco-como-refrigerante\/"},"wordCount":461,"commentCount":0,"publisher":{"@id":"https:\/\/www.actecir.cat\/#organization"},"image":{"@id":"https:\/\/www.actecir.cat\/es\/1r-curso-on-line-instalaciones-frigorificas-con-amoniaco-como-refrigerante\/#primaryimage"},"thumbnailUrl":"https:\/\/www.actecir.cat\/wp-content\/uploads\/2023\/04\/EhjiRllXYAIdAxS.png","articleSection":["Destacamos"],"inLanguage":"es","potentialAction":[{"@type":"CommentAction","name":"Comment","target":["https:\/\/www.actecir.cat\/es\/1r-curso-on-line-instalaciones-frigorificas-con-amoniaco-como-refrigerante\/#respond"]}]},{"@type":"WebPage","@id":"https:\/\/www.actecir.cat\/es\/1r-curso-on-line-instalaciones-frigorificas-con-amoniaco-como-refrigerante\/","url":"https:\/\/www.actecir.cat\/es\/1r-curso-on-line-instalaciones-frigorificas-con-amoniaco-como-refrigerante\/","name":"1r Curso on-line \"Instalaciones frigor\u00edficas con amon\u00edaco como refrigerante\" - Actecir","isPartOf":{"@id":"https:\/\/www.actecir.cat\/#website"},"primaryImageOfPage":{"@id":"https:\/\/www.actecir.cat\/es\/1r-curso-on-line-instalaciones-frigorificas-con-amoniaco-como-refrigerante\/#primaryimage"},"image":{"@id":"https:\/\/www.actecir.cat\/es\/1r-curso-on-line-instalaciones-frigorificas-con-amoniaco-como-refrigerante\/#primaryimage"},"thumbnailUrl":"https:\/\/www.actecir.cat\/wp-content\/uploads\/2023\/04\/EhjiRllXYAIdAxS.png","datePublished":"2020-09-10T10:14:00+00:00","dateModified":"2023-04-28T10:18:27+00:00","breadcrumb":{"@id":"https:\/\/www.actecir.cat\/es\/1r-curso-on-line-instalaciones-frigorificas-con-amoniaco-como-refrigerante\/#breadcrumb"},"inLanguage":"es","potentialAction":[{"@type":"ReadAction","target":["https:\/\/www.actecir.cat\/es\/1r-curso-on-line-instalaciones-frigorificas-con-amoniaco-como-refrigerante\/"]}]},{"@type":"ImageObject","inLanguage":"es","@id":"https:\/\/www.actecir.cat\/es\/1r-curso-on-line-instalaciones-frigorificas-con-amoniaco-como-refrigerante\/#primaryimage","url":"https:\/\/www.actecir.cat\/wp-content\/uploads\/2023\/04\/EhjiRllXYAIdAxS.png","contentUrl":"https:\/\/www.actecir.cat\/wp-content\/uploads\/2023\/04\/EhjiRllXYAIdAxS.png","width":600,"height":400},{"@type":"BreadcrumbList","@id":"https:\/\/www.actecir.cat\/es\/1r-curso-on-line-instalaciones-frigorificas-con-amoniaco-como-refrigerante\/#breadcrumb","itemListElement":[{"@type":"ListItem","position":1,"name":"Inici","item":"https:\/\/www.actecir.cat\/es\/"},{"@type":"ListItem","position":2,"name":"1r Curso on-line &#8220;Instalaciones frigor\u00edficas con amon\u00edaco como refrigerante&#8221;"}]},{"@type":"WebSite","@id":"https:\/\/www.actecir.cat\/#website","url":"https:\/\/www.actecir.cat\/","name":"Actecir","description":"Associaci\u00f3 Catalana de T\u00e8cnics en Energia, Climatitzaci\u00f3 i Refrigeraci\u00f3","publisher":{"@id":"https:\/\/www.actecir.cat\/#organization"},"potentialAction":[{"@type":"SearchAction","target":{"@type":"EntryPoint","urlTemplate":"https:\/\/www.actecir.cat\/?s={search_term_string}"},"query-input":{"@type":"PropertyValueSpecification","valueRequired":true,"valueName":"search_term_string"}}],"inLanguage":"es"},{"@type":"Organization","@id":"https:\/\/www.actecir.cat\/#organization","name":"Actecir","url":"https:\/\/www.actecir.cat\/","logo":{"@type":"ImageObject","inLanguage":"es","@id":"https:\/\/www.actecir.cat\/#\/schema\/logo\/image\/","url":"https:\/\/www.actecir.cat\/wp-content\/uploads\/2023\/04\/cropped-logo_actecir_60_alto.png","contentUrl":"https:\/\/www.actecir.cat\/wp-content\/uploads\/2023\/04\/cropped-logo_actecir_60_alto.png","width":283,"height":80,"caption":"Actecir"},"image":{"@id":"https:\/\/www.actecir.cat\/#\/schema\/logo\/image\/"},"sameAs":["https:\/\/x.com\/actecir","https:\/\/www.linkedin.com\/company\/actecir"]},{"@type":"Person","@id":"https:\/\/www.actecir.cat\/#\/schema\/person\/42edd02f0b1d55e19444428c5d321413","name":"Soporte web","sameAs":["https:\/\/www.actecir.cat"],"url":"https:\/\/www.actecir.cat\/es\/author\/maensystems\/"}]}},"_links":{"self":[{"href":"https:\/\/www.actecir.cat\/es\/wp-json\/wp\/v2\/posts\/3838","targetHints":{"allow":["GET"]}}],"collection":[{"href":"https:\/\/www.actecir.cat\/es\/wp-json\/wp\/v2\/posts"}],"about":[{"href":"https:\/\/www.actecir.cat\/es\/wp-json\/wp\/v2\/types\/post"}],"author":[{"embeddable":true,"href":"https:\/\/www.actecir.cat\/es\/wp-json\/wp\/v2\/users\/1"}],"replies":[{"embeddable":true,"href":"https:\/\/www.actecir.cat\/es\/wp-json\/wp\/v2\/comments?post=3838"}],"version-history":[{"count":1,"href":"https:\/\/www.actecir.cat\/es\/wp-json\/wp\/v2\/posts\/3838\/revisions"}],"predecessor-version":[{"id":3839,"href":"https:\/\/www.actecir.cat\/es\/wp-json\/wp\/v2\/posts\/3838\/revisions\/3839"}],"wp:featuredmedia":[{"embeddable":true,"href":"https:\/\/www.actecir.cat\/es\/wp-json\/wp\/v2\/media\/3836"}],"wp:attachment":[{"href":"https:\/\/www.actecir.cat\/es\/wp-json\/wp\/v2\/media?parent=3838"}],"wp:term":[{"taxonomy":"category","embeddable":true,"href":"https:\/\/www.actecir.cat\/es\/wp-json\/wp\/v2\/categories?post=3838"},{"taxonomy":"post_tag","embeddable":true,"href":"https:\/\/www.actecir.cat\/es\/wp-json\/wp\/v2\/tags?post=3838"}],"curies":[{"name":"wp","href":"https:\/\/api.w.org\/{rel}","templated":true}]}}