{"id":3844,"date":"2020-09-03T10:19:00","date_gmt":"2020-09-03T08:19:00","guid":{"rendered":"https:\/\/www.actecir.cat\/?p=3844"},"modified":"2023-07-07T16:00:12","modified_gmt":"2023-07-07T14:00:12","slug":"jornada-tecnica-sistemas-district-heating-cooling","status":"publish","type":"post","link":"https:\/\/www.actecir.cat\/es\/jornada-tecnica-sistemas-district-heating-cooling\/","title":{"rendered":"JORNADA T\u00c9CNICA: Sistemas District Heating &amp; Cooling"},"content":{"rendered":"\n<p>Organizado por Ashrae con colaboraci\u00f3n de Danfoss<\/p>\n\n\n\n<p>Nos alegra informarte que la Jornada T\u00e9cnica aplazada el pasado mes de marzo sobre los&nbsp;<strong>\u201cSistemas District Heating &amp; Cooling\u201d<\/strong>&nbsp;se celebrar\u00e1 en&nbsp;<strong>streaming<\/strong>&nbsp;el pr\u00f3ximo 11 de septiembre a partir de las 9.30h.<br><br>En la jornada<strong>&nbsp;<\/strong>participar\u00e1n destacados profesionales del sector.<\/p>\n\n\n\n<ul class=\"wp-block-list\">\n<li><strong>Javier Sig\u00fcenza<\/strong>&nbsp;\u2013 Secretario General de ADHAC, expondr\u00e1 la situaci\u00f3n actual y futura de los sistemas DH&amp;C en Espa\u00f1a y ofrecer\u00e1 datos comparativos con otros pa\u00edses europeos.<\/li>\n\n\n\n<li><strong>Rafael Ramos&nbsp;<\/strong>\u2013 Business Developer Manager de Danfoss nos hablar\u00e1 de los principales componentes&nbsp;de un Sistema DH&amp;C.<\/li>\n\n\n\n<li><strong>Teo L\u00f3pez<\/strong>&nbsp;\u2013 Director General de Apricot Ingenier\u00eda, ofrecer\u00e1 la visi\u00f3n de los proyectos DH&amp;C desde el punto de vista del ingeniero \u2013 consultor.<\/li>\n\n\n\n<li><strong>Jos\u00e9 Luis&nbsp;Alfranca<\/strong>&nbsp;\u2013 Director T\u00e9cnico de Dragados, presentar\u00e1, como proyecto singular, el DH&amp;C de las terminales T4 y T4S y su conexi\u00f3n con otros edificios del Aeropuerto Adolfo Su\u00e1rez de Madrid.<\/li>\n\n\n\n<li><strong>Empresas fabricantes IMI,&nbsp;Viessmann&nbsp;y&nbsp;Wilo<\/strong>&nbsp;\u2013 Mostrar\u00e1n la tecnolog\u00eda actual y futura requerida.<\/li>\n\n\n\n<li><strong>Lars&nbsp;Gullev<\/strong>&nbsp;\u2013 CEO de la empresa danesa VEKS y responsable de la \u201cmega planta\u201d de CopenHill, expondr\u00e1 el proyecto que proporciona electricidad a 30.000 viviendas y calefacci\u00f3n a otras 72.000.<\/li>\n<\/ul>\n\n\n\n<p>Los sistemas de DH&amp;C (Calefacci\u00f3n de Distrito) destacan por su alto rendimiento t\u00e9rmico, comparado con los sistemas convencionales y con el aprovechamiento de otras energ\u00edas (geot\u00e9rmica, biomasa, biog\u00e1s, conversi\u00f3n de residuos, utilizaci\u00f3n del calor residual de plantas industriales), adem\u00e1s de contribuir a la reducci\u00f3n de emisiones contaminantes.<br><br>En Espa\u00f1a, estos sistemas, tanto para calefacci\u00f3n como para refrigeraci\u00f3n, se est\u00e1n implementando cada d\u00eda m\u00e1s por los numerosos beneficios que conlleva.<br><br>La Jornada T\u00e9cnica se celebrar\u00e1 en&nbsp;STREAMING&nbsp;en horario de 9.30h a 13.30h.<\/p>\n\n\n\n<p><strong><a href=\"https:\/\/spain-ashrae.org\/sistemas-district-heating-cooling\/\" target=\"_blank\" rel=\"noreferrer noopener\">M\u00e1s informaci\u00f3n<\/a><\/strong><a href=\"https:\/\/spain-ashrae.org\/sistemas-district-heating-cooling\/\"><\/a><\/p>\n","protected":false},"excerpt":{"rendered":"<p>Organizado por Ashrae con colaboraci\u00f3n de Danfoss<\/p>\n","protected":false},"author":1,"featured_media":3842,"comment_status":"open","ping_status":"open","sticky":false,"template":"","format":"standard","meta":{"footnotes":""},"categories":[23],"tags":[],"class_list":["post-3844","post","type-post","status-publish","format-standard","has-post-thumbnail","hentry","category-destacamos"],"yoast_head":"<!-- This site is optimized with the Yoast SEO plugin v27.2 - https:\/\/yoast.com\/product\/yoast-seo-wordpress\/ -->\n<title>JORNADA T\u00c9CNICA: Sistemas District Heating &amp; Cooling - Actecir<\/title>\n<meta name=\"robots\" content=\"index, follow, max-snippet:-1, max-image-preview:large, max-video-preview:-1\" \/>\n<link rel=\"canonical\" href=\"https:\/\/www.actecir.cat\/es\/jornada-tecnica-sistemas-district-heating-cooling\/\" \/>\n<meta property=\"og:locale\" content=\"es_ES\" \/>\n<meta property=\"og:type\" content=\"article\" \/>\n<meta property=\"og:title\" content=\"JORNADA T\u00c9CNICA: Sistemas District Heating &amp; Cooling - Actecir\" \/>\n<meta property=\"og:description\" content=\"Organizado por Ashrae con colaboraci\u00f3n de Danfoss\" \/>\n<meta property=\"og:url\" content=\"https:\/\/www.actecir.cat\/es\/jornada-tecnica-sistemas-district-heating-cooling\/\" \/>\n<meta property=\"og:site_name\" content=\"Actecir\" \/>\n<meta property=\"article:published_time\" content=\"2020-09-03T08:19:00+00:00\" \/>\n<meta property=\"article:modified_time\" content=\"2023-07-07T14:00:12+00:00\" \/>\n<meta property=\"og:image\" content=\"https:\/\/www.actecir.cat\/wp-content\/uploads\/2023\/04\/Cartel-Jornada-Final-RRSS-1.jpg\" \/>\n\t<meta property=\"og:image:width\" content=\"600\" \/>\n\t<meta property=\"og:image:height\" content=\"400\" \/>\n\t<meta property=\"og:image:type\" content=\"image\/jpeg\" \/>\n<meta name=\"author\" content=\"Soporte web\" \/>\n<meta name=\"twitter:card\" content=\"summary_large_image\" \/>\n<meta name=\"twitter:creator\" content=\"@actecir\" \/>\n<meta name=\"twitter:site\" content=\"@actecir\" \/>\n<meta name=\"twitter:label1\" content=\"Escrito por\" \/>\n\t<meta name=\"twitter:data1\" content=\"Soporte web\" \/>\n\t<meta name=\"twitter:label2\" content=\"Tiempo de lectura\" \/>\n\t<meta name=\"twitter:data2\" content=\"2 minutos\" \/>\n<script type=\"application\/ld+json\" class=\"yoast-schema-graph\">{\"@context\":\"https:\/\/schema.org\",\"@graph\":[{\"@type\":\"Article\",\"@id\":\"https:\/\/www.actecir.cat\/es\/jornada-tecnica-sistemas-district-heating-cooling\/#article\",\"isPartOf\":{\"@id\":\"https:\/\/www.actecir.cat\/es\/jornada-tecnica-sistemas-district-heating-cooling\/\"},\"author\":{\"name\":\"Soporte web\",\"@id\":\"https:\/\/www.actecir.cat\/#\/schema\/person\/42edd02f0b1d55e19444428c5d321413\"},\"headline\":\"JORNADA T\u00c9CNICA: Sistemas District Heating &amp; Cooling\",\"datePublished\":\"2020-09-03T08:19:00+00:00\",\"dateModified\":\"2023-07-07T14:00:12+00:00\",\"mainEntityOfPage\":{\"@id\":\"https:\/\/www.actecir.cat\/es\/jornada-tecnica-sistemas-district-heating-cooling\/\"},\"wordCount\":342,\"commentCount\":0,\"publisher\":{\"@id\":\"https:\/\/www.actecir.cat\/#organization\"},\"image\":{\"@id\":\"https:\/\/www.actecir.cat\/es\/jornada-tecnica-sistemas-district-heating-cooling\/#primaryimage\"},\"thumbnailUrl\":\"https:\/\/www.actecir.cat\/wp-content\/uploads\/2023\/04\/Cartel-Jornada-Final-RRSS-1.jpg\",\"articleSection\":[\"Destacamos\"],\"inLanguage\":\"es\",\"potentialAction\":[{\"@type\":\"CommentAction\",\"name\":\"Comment\",\"target\":[\"https:\/\/www.actecir.cat\/es\/jornada-tecnica-sistemas-district-heating-cooling\/#respond\"]}]},{\"@type\":\"WebPage\",\"@id\":\"https:\/\/www.actecir.cat\/es\/jornada-tecnica-sistemas-district-heating-cooling\/\",\"url\":\"https:\/\/www.actecir.cat\/es\/jornada-tecnica-sistemas-district-heating-cooling\/\",\"name\":\"JORNADA T\u00c9CNICA: Sistemas District Heating &amp; Cooling - Actecir\",\"isPartOf\":{\"@id\":\"https:\/\/www.actecir.cat\/#website\"},\"primaryImageOfPage\":{\"@id\":\"https:\/\/www.actecir.cat\/es\/jornada-tecnica-sistemas-district-heating-cooling\/#primaryimage\"},\"image\":{\"@id\":\"https:\/\/www.actecir.cat\/es\/jornada-tecnica-sistemas-district-heating-cooling\/#primaryimage\"},\"thumbnailUrl\":\"https:\/\/www.actecir.cat\/wp-content\/uploads\/2023\/04\/Cartel-Jornada-Final-RRSS-1.jpg\",\"datePublished\":\"2020-09-03T08:19:00+00:00\",\"dateModified\":\"2023-07-07T14:00:12+00:00\",\"breadcrumb\":{\"@id\":\"https:\/\/www.actecir.cat\/es\/jornada-tecnica-sistemas-district-heating-cooling\/#breadcrumb\"},\"inLanguage\":\"es\",\"potentialAction\":[{\"@type\":\"ReadAction\",\"target\":[\"https:\/\/www.actecir.cat\/es\/jornada-tecnica-sistemas-district-heating-cooling\/\"]}]},{\"@type\":\"ImageObject\",\"inLanguage\":\"es\",\"@id\":\"https:\/\/www.actecir.cat\/es\/jornada-tecnica-sistemas-district-heating-cooling\/#primaryimage\",\"url\":\"https:\/\/www.actecir.cat\/wp-content\/uploads\/2023\/04\/Cartel-Jornada-Final-RRSS-1.jpg\",\"contentUrl\":\"https:\/\/www.actecir.cat\/wp-content\/uploads\/2023\/04\/Cartel-Jornada-Final-RRSS-1.jpg\",\"width\":600,\"height\":400},{\"@type\":\"BreadcrumbList\",\"@id\":\"https:\/\/www.actecir.cat\/es\/jornada-tecnica-sistemas-district-heating-cooling\/#breadcrumb\",\"itemListElement\":[{\"@type\":\"ListItem\",\"position\":1,\"name\":\"Inici\",\"item\":\"https:\/\/www.actecir.cat\/es\/\"},{\"@type\":\"ListItem\",\"position\":2,\"name\":\"JORNADA T\u00c9CNICA: Sistemas District Heating &amp; Cooling\"}]},{\"@type\":\"WebSite\",\"@id\":\"https:\/\/www.actecir.cat\/#website\",\"url\":\"https:\/\/www.actecir.cat\/\",\"name\":\"Actecir\",\"description\":\"Associaci\u00f3 Catalana de T\u00e8cnics en Energia, Climatitzaci\u00f3 i Refrigeraci\u00f3\",\"publisher\":{\"@id\":\"https:\/\/www.actecir.cat\/#organization\"},\"potentialAction\":[{\"@type\":\"SearchAction\",\"target\":{\"@type\":\"EntryPoint\",\"urlTemplate\":\"https:\/\/www.actecir.cat\/?s={search_term_string}\"},\"query-input\":{\"@type\":\"PropertyValueSpecification\",\"valueRequired\":true,\"valueName\":\"search_term_string\"}}],\"inLanguage\":\"es\"},{\"@type\":\"Organization\",\"@id\":\"https:\/\/www.actecir.cat\/#organization\",\"name\":\"Actecir\",\"url\":\"https:\/\/www.actecir.cat\/\",\"logo\":{\"@type\":\"ImageObject\",\"inLanguage\":\"es\",\"@id\":\"https:\/\/www.actecir.cat\/#\/schema\/logo\/image\/\",\"url\":\"https:\/\/www.actecir.cat\/wp-content\/uploads\/2023\/04\/cropped-logo_actecir_60_alto.png\",\"contentUrl\":\"https:\/\/www.actecir.cat\/wp-content\/uploads\/2023\/04\/cropped-logo_actecir_60_alto.png\",\"width\":283,\"height\":80,\"caption\":\"Actecir\"},\"image\":{\"@id\":\"https:\/\/www.actecir.cat\/#\/schema\/logo\/image\/\"},\"sameAs\":[\"https:\/\/x.com\/actecir\",\"https:\/\/www.linkedin.com\/company\/actecir\"]},{\"@type\":\"Person\",\"@id\":\"https:\/\/www.actecir.cat\/#\/schema\/person\/42edd02f0b1d55e19444428c5d321413\",\"name\":\"Soporte web\",\"sameAs\":[\"https:\/\/www.actecir.cat\"],\"url\":\"https:\/\/www.actecir.cat\/es\/author\/maensystems\/\"}]}<\/script>\n<!-- \/ Yoast SEO plugin. -->","yoast_head_json":{"title":"JORNADA T\u00c9CNICA: Sistemas District Heating &amp; Cooling - Actecir","robots":{"index":"index","follow":"follow","max-snippet":"max-snippet:-1","max-image-preview":"max-image-preview:large","max-video-preview":"max-video-preview:-1"},"canonical":"https:\/\/www.actecir.cat\/es\/jornada-tecnica-sistemas-district-heating-cooling\/","og_locale":"es_ES","og_type":"article","og_title":"JORNADA T\u00c9CNICA: Sistemas District Heating &amp; Cooling - Actecir","og_description":"Organizado por Ashrae con colaboraci\u00f3n de Danfoss","og_url":"https:\/\/www.actecir.cat\/es\/jornada-tecnica-sistemas-district-heating-cooling\/","og_site_name":"Actecir","article_published_time":"2020-09-03T08:19:00+00:00","article_modified_time":"2023-07-07T14:00:12+00:00","og_image":[{"width":600,"height":400,"url":"https:\/\/www.actecir.cat\/wp-content\/uploads\/2023\/04\/Cartel-Jornada-Final-RRSS-1.jpg","type":"image\/jpeg"}],"author":"Soporte web","twitter_card":"summary_large_image","twitter_creator":"@actecir","twitter_site":"@actecir","twitter_misc":{"Escrito por":"Soporte web","Tiempo de lectura":"2 minutos"},"schema":{"@context":"https:\/\/schema.org","@graph":[{"@type":"Article","@id":"https:\/\/www.actecir.cat\/es\/jornada-tecnica-sistemas-district-heating-cooling\/#article","isPartOf":{"@id":"https:\/\/www.actecir.cat\/es\/jornada-tecnica-sistemas-district-heating-cooling\/"},"author":{"name":"Soporte web","@id":"https:\/\/www.actecir.cat\/#\/schema\/person\/42edd02f0b1d55e19444428c5d321413"},"headline":"JORNADA T\u00c9CNICA: Sistemas District Heating &amp; Cooling","datePublished":"2020-09-03T08:19:00+00:00","dateModified":"2023-07-07T14:00:12+00:00","mainEntityOfPage":{"@id":"https:\/\/www.actecir.cat\/es\/jornada-tecnica-sistemas-district-heating-cooling\/"},"wordCount":342,"commentCount":0,"publisher":{"@id":"https:\/\/www.actecir.cat\/#organization"},"image":{"@id":"https:\/\/www.actecir.cat\/es\/jornada-tecnica-sistemas-district-heating-cooling\/#primaryimage"},"thumbnailUrl":"https:\/\/www.actecir.cat\/wp-content\/uploads\/2023\/04\/Cartel-Jornada-Final-RRSS-1.jpg","articleSection":["Destacamos"],"inLanguage":"es","potentialAction":[{"@type":"CommentAction","name":"Comment","target":["https:\/\/www.actecir.cat\/es\/jornada-tecnica-sistemas-district-heating-cooling\/#respond"]}]},{"@type":"WebPage","@id":"https:\/\/www.actecir.cat\/es\/jornada-tecnica-sistemas-district-heating-cooling\/","url":"https:\/\/www.actecir.cat\/es\/jornada-tecnica-sistemas-district-heating-cooling\/","name":"JORNADA T\u00c9CNICA: Sistemas District Heating &amp; Cooling - Actecir","isPartOf":{"@id":"https:\/\/www.actecir.cat\/#website"},"primaryImageOfPage":{"@id":"https:\/\/www.actecir.cat\/es\/jornada-tecnica-sistemas-district-heating-cooling\/#primaryimage"},"image":{"@id":"https:\/\/www.actecir.cat\/es\/jornada-tecnica-sistemas-district-heating-cooling\/#primaryimage"},"thumbnailUrl":"https:\/\/www.actecir.cat\/wp-content\/uploads\/2023\/04\/Cartel-Jornada-Final-RRSS-1.jpg","datePublished":"2020-09-03T08:19:00+00:00","dateModified":"2023-07-07T14:00:12+00:00","breadcrumb":{"@id":"https:\/\/www.actecir.cat\/es\/jornada-tecnica-sistemas-district-heating-cooling\/#breadcrumb"},"inLanguage":"es","potentialAction":[{"@type":"ReadAction","target":["https:\/\/www.actecir.cat\/es\/jornada-tecnica-sistemas-district-heating-cooling\/"]}]},{"@type":"ImageObject","inLanguage":"es","@id":"https:\/\/www.actecir.cat\/es\/jornada-tecnica-sistemas-district-heating-cooling\/#primaryimage","url":"https:\/\/www.actecir.cat\/wp-content\/uploads\/2023\/04\/Cartel-Jornada-Final-RRSS-1.jpg","contentUrl":"https:\/\/www.actecir.cat\/wp-content\/uploads\/2023\/04\/Cartel-Jornada-Final-RRSS-1.jpg","width":600,"height":400},{"@type":"BreadcrumbList","@id":"https:\/\/www.actecir.cat\/es\/jornada-tecnica-sistemas-district-heating-cooling\/#breadcrumb","itemListElement":[{"@type":"ListItem","position":1,"name":"Inici","item":"https:\/\/www.actecir.cat\/es\/"},{"@type":"ListItem","position":2,"name":"JORNADA T\u00c9CNICA: Sistemas District Heating &amp; Cooling"}]},{"@type":"WebSite","@id":"https:\/\/www.actecir.cat\/#website","url":"https:\/\/www.actecir.cat\/","name":"Actecir","description":"Associaci\u00f3 Catalana de T\u00e8cnics en Energia, Climatitzaci\u00f3 i Refrigeraci\u00f3","publisher":{"@id":"https:\/\/www.actecir.cat\/#organization"},"potentialAction":[{"@type":"SearchAction","target":{"@type":"EntryPoint","urlTemplate":"https:\/\/www.actecir.cat\/?s={search_term_string}"},"query-input":{"@type":"PropertyValueSpecification","valueRequired":true,"valueName":"search_term_string"}}],"inLanguage":"es"},{"@type":"Organization","@id":"https:\/\/www.actecir.cat\/#organization","name":"Actecir","url":"https:\/\/www.actecir.cat\/","logo":{"@type":"ImageObject","inLanguage":"es","@id":"https:\/\/www.actecir.cat\/#\/schema\/logo\/image\/","url":"https:\/\/www.actecir.cat\/wp-content\/uploads\/2023\/04\/cropped-logo_actecir_60_alto.png","contentUrl":"https:\/\/www.actecir.cat\/wp-content\/uploads\/2023\/04\/cropped-logo_actecir_60_alto.png","width":283,"height":80,"caption":"Actecir"},"image":{"@id":"https:\/\/www.actecir.cat\/#\/schema\/logo\/image\/"},"sameAs":["https:\/\/x.com\/actecir","https:\/\/www.linkedin.com\/company\/actecir"]},{"@type":"Person","@id":"https:\/\/www.actecir.cat\/#\/schema\/person\/42edd02f0b1d55e19444428c5d321413","name":"Soporte web","sameAs":["https:\/\/www.actecir.cat"],"url":"https:\/\/www.actecir.cat\/es\/author\/maensystems\/"}]}},"_links":{"self":[{"href":"https:\/\/www.actecir.cat\/es\/wp-json\/wp\/v2\/posts\/3844","targetHints":{"allow":["GET"]}}],"collection":[{"href":"https:\/\/www.actecir.cat\/es\/wp-json\/wp\/v2\/posts"}],"about":[{"href":"https:\/\/www.actecir.cat\/es\/wp-json\/wp\/v2\/types\/post"}],"author":[{"embeddable":true,"href":"https:\/\/www.actecir.cat\/es\/wp-json\/wp\/v2\/users\/1"}],"replies":[{"embeddable":true,"href":"https:\/\/www.actecir.cat\/es\/wp-json\/wp\/v2\/comments?post=3844"}],"version-history":[{"count":2,"href":"https:\/\/www.actecir.cat\/es\/wp-json\/wp\/v2\/posts\/3844\/revisions"}],"predecessor-version":[{"id":11446,"href":"https:\/\/www.actecir.cat\/es\/wp-json\/wp\/v2\/posts\/3844\/revisions\/11446"}],"wp:featuredmedia":[{"embeddable":true,"href":"https:\/\/www.actecir.cat\/es\/wp-json\/wp\/v2\/media\/3842"}],"wp:attachment":[{"href":"https:\/\/www.actecir.cat\/es\/wp-json\/wp\/v2\/media?parent=3844"}],"wp:term":[{"taxonomy":"category","embeddable":true,"href":"https:\/\/www.actecir.cat\/es\/wp-json\/wp\/v2\/categories?post=3844"},{"taxonomy":"post_tag","embeddable":true,"href":"https:\/\/www.actecir.cat\/es\/wp-json\/wp\/v2\/tags?post=3844"}],"curies":[{"name":"wp","href":"https:\/\/api.w.org\/{rel}","templated":true}]}}