{"id":3864,"date":"2020-07-16T10:30:00","date_gmt":"2020-07-16T10:30:00","guid":{"rendered":"https:\/\/www.actecir.cat\/?p=3864"},"modified":"2023-04-28T10:34:28","modified_gmt":"2023-04-28T10:34:28","slug":"assemblea-anual-de-socis-i-socies-dactecir-2020","status":"publish","type":"post","link":"https:\/\/www.actecir.cat\/es\/assemblea-anual-de-socis-i-socies-dactecir-2020\/","title":{"rendered":"Asamblea Anual de socios y socias de Actecir 2020"},"content":{"rendered":"\n<p>Tuvo lugar en el Hotel Catalonia Plaza Catalu\u00f1a<\/p>\n\n\n\n<p>El d\u00eda 14 de julio de 2020, se celebr\u00f3 la Asamblea Anual de socios y socias de Actecir 2020 al Hotel Catalonia Plaza Catalu\u00f1a. En la Asamblea se coment\u00f3 como se cerraron los n\u00fameros del a\u00f1o pasado, 2019. Tambi\u00e9n, en el estado que se encuentra actualmente Actecir y hasta d\u00f3nde se quiere llegar.<\/p>\n\n\n\n<p>La asociaci\u00f3n ha hecho muchos cambios, la mayor parte positivos para seguir mejorando y creciendo en el sector.<\/p>\n\n\n\n<p>Los objetivos principales es hacer m\u00e1s visible la Asociaci\u00f3n, seguir aumentando la masa social (socios y socias), potenciar la formaci\u00f3n y sobre todo el alquiler de equipos de medida, etc.<\/p>\n\n\n\n<p>Este a\u00f1o los equipos de medida han sido revisados, reparados y sustituidos los que ya estaban sin utilidad, aunque con la situaci\u00f3n que estamos viviendo se ha paralizado, esperando de cara a septiembre que se pueda volver adelante.<\/p>\n\n\n\n<p>En la Asamblea 2020, se han visto todos los cambios sobre todo por parte de los miembros, as\u00ed como el cambio de presidencia.<\/p>\n\n\n\n<p>Tambi\u00e9n, para seguir mejorando y ampliando las \u00e1reas y ofrecer a nuestros socios un buen servicio, se han realizado cambios en las \u00e1reas t\u00e9cnicas y entran personas con ganas de poder aportar todo lo que saben como profesionales.<\/p>\n\n\n\n<p>Durante el 2019 y principios de 2020 con el fin de poder aumentar los ingresos, se potenciaron los cursos de formaci\u00f3n, aunque todo lo que estaba previsto estos meses se ha hecho como se ha podido o dej\u00e1ndolos para m\u00e1s adelante.<\/p>\n\n\n\n<p>Todo esto y mucho m\u00e1s es lo que gui\u00f3 la Asamblea 2020 de ACTECIR, gracias a todos por formar parte para seguir creciendo!<\/p>\n","protected":false},"excerpt":{"rendered":"<p>14 de julio de 2020<\/p>\n","protected":false},"author":1,"featured_media":3865,"comment_status":"open","ping_status":"open","sticky":false,"template":"","format":"standard","meta":{"footnotes":""},"categories":[23],"tags":[],"class_list":["post-3864","post","type-post","status-publish","format-standard","has-post-thumbnail","hentry","category-destacamos"],"yoast_head":"<!-- This site is optimized with the Yoast SEO plugin v27.2 - https:\/\/yoast.com\/product\/yoast-seo-wordpress\/ -->\n<title>Asamblea Anual de socios y socias de Actecir 2020 - Actecir<\/title>\n<meta name=\"robots\" content=\"index, follow, max-snippet:-1, max-image-preview:large, max-video-preview:-1\" \/>\n<link rel=\"canonical\" href=\"https:\/\/www.actecir.cat\/es\/assemblea-anual-de-socis-i-socies-dactecir-2020\/\" \/>\n<meta property=\"og:locale\" content=\"es_ES\" \/>\n<meta property=\"og:type\" content=\"article\" \/>\n<meta property=\"og:title\" content=\"Asamblea Anual de socios y socias de Actecir 2020 - Actecir\" \/>\n<meta property=\"og:description\" content=\"14 de julio de 2020\" \/>\n<meta property=\"og:url\" content=\"https:\/\/www.actecir.cat\/es\/assemblea-anual-de-socis-i-socies-dactecir-2020\/\" \/>\n<meta property=\"og:site_name\" content=\"Actecir\" \/>\n<meta property=\"article:published_time\" content=\"2020-07-16T10:30:00+00:00\" \/>\n<meta property=\"article:modified_time\" content=\"2023-04-28T10:34:28+00:00\" \/>\n<meta property=\"og:image\" content=\"https:\/\/www.actecir.cat\/wp-content\/uploads\/2023\/04\/portada.jpg\" \/>\n\t<meta property=\"og:image:width\" content=\"600\" \/>\n\t<meta property=\"og:image:height\" content=\"400\" \/>\n\t<meta property=\"og:image:type\" content=\"image\/jpeg\" \/>\n<meta name=\"author\" content=\"Soporte web\" \/>\n<meta name=\"twitter:card\" content=\"summary_large_image\" \/>\n<meta name=\"twitter:creator\" content=\"@actecir\" \/>\n<meta name=\"twitter:site\" content=\"@actecir\" \/>\n<meta name=\"twitter:label1\" content=\"Escrito por\" \/>\n\t<meta name=\"twitter:data1\" content=\"Soporte web\" \/>\n\t<meta name=\"twitter:label2\" content=\"Tiempo de lectura\" \/>\n\t<meta name=\"twitter:data2\" content=\"1 minuto\" \/>\n<script type=\"application\/ld+json\" class=\"yoast-schema-graph\">{\"@context\":\"https:\/\/schema.org\",\"@graph\":[{\"@type\":\"Article\",\"@id\":\"https:\/\/www.actecir.cat\/es\/assemblea-anual-de-socis-i-socies-dactecir-2020\/#article\",\"isPartOf\":{\"@id\":\"https:\/\/www.actecir.cat\/es\/assemblea-anual-de-socis-i-socies-dactecir-2020\/\"},\"author\":{\"name\":\"Soporte web\",\"@id\":\"https:\/\/www.actecir.cat\/#\/schema\/person\/42edd02f0b1d55e19444428c5d321413\"},\"headline\":\"Asamblea Anual de socios y socias de Actecir 2020\",\"datePublished\":\"2020-07-16T10:30:00+00:00\",\"dateModified\":\"2023-04-28T10:34:28+00:00\",\"mainEntityOfPage\":{\"@id\":\"https:\/\/www.actecir.cat\/es\/assemblea-anual-de-socis-i-socies-dactecir-2020\/\"},\"wordCount\":291,\"commentCount\":0,\"publisher\":{\"@id\":\"https:\/\/www.actecir.cat\/#organization\"},\"image\":{\"@id\":\"https:\/\/www.actecir.cat\/es\/assemblea-anual-de-socis-i-socies-dactecir-2020\/#primaryimage\"},\"thumbnailUrl\":\"https:\/\/www.actecir.cat\/wp-content\/uploads\/2023\/04\/portada.jpg\",\"articleSection\":[\"Destacamos\"],\"inLanguage\":\"es\",\"potentialAction\":[{\"@type\":\"CommentAction\",\"name\":\"Comment\",\"target\":[\"https:\/\/www.actecir.cat\/es\/assemblea-anual-de-socis-i-socies-dactecir-2020\/#respond\"]}]},{\"@type\":\"WebPage\",\"@id\":\"https:\/\/www.actecir.cat\/es\/assemblea-anual-de-socis-i-socies-dactecir-2020\/\",\"url\":\"https:\/\/www.actecir.cat\/es\/assemblea-anual-de-socis-i-socies-dactecir-2020\/\",\"name\":\"Asamblea Anual de socios y socias de Actecir 2020 - Actecir\",\"isPartOf\":{\"@id\":\"https:\/\/www.actecir.cat\/#website\"},\"primaryImageOfPage\":{\"@id\":\"https:\/\/www.actecir.cat\/es\/assemblea-anual-de-socis-i-socies-dactecir-2020\/#primaryimage\"},\"image\":{\"@id\":\"https:\/\/www.actecir.cat\/es\/assemblea-anual-de-socis-i-socies-dactecir-2020\/#primaryimage\"},\"thumbnailUrl\":\"https:\/\/www.actecir.cat\/wp-content\/uploads\/2023\/04\/portada.jpg\",\"datePublished\":\"2020-07-16T10:30:00+00:00\",\"dateModified\":\"2023-04-28T10:34:28+00:00\",\"breadcrumb\":{\"@id\":\"https:\/\/www.actecir.cat\/es\/assemblea-anual-de-socis-i-socies-dactecir-2020\/#breadcrumb\"},\"inLanguage\":\"es\",\"potentialAction\":[{\"@type\":\"ReadAction\",\"target\":[\"https:\/\/www.actecir.cat\/es\/assemblea-anual-de-socis-i-socies-dactecir-2020\/\"]}]},{\"@type\":\"ImageObject\",\"inLanguage\":\"es\",\"@id\":\"https:\/\/www.actecir.cat\/es\/assemblea-anual-de-socis-i-socies-dactecir-2020\/#primaryimage\",\"url\":\"https:\/\/www.actecir.cat\/wp-content\/uploads\/2023\/04\/portada.jpg\",\"contentUrl\":\"https:\/\/www.actecir.cat\/wp-content\/uploads\/2023\/04\/portada.jpg\",\"width\":600,\"height\":400},{\"@type\":\"BreadcrumbList\",\"@id\":\"https:\/\/www.actecir.cat\/es\/assemblea-anual-de-socis-i-socies-dactecir-2020\/#breadcrumb\",\"itemListElement\":[{\"@type\":\"ListItem\",\"position\":1,\"name\":\"Inici\",\"item\":\"https:\/\/www.actecir.cat\/es\/\"},{\"@type\":\"ListItem\",\"position\":2,\"name\":\"Asamblea Anual de socios y socias de Actecir 2020\"}]},{\"@type\":\"WebSite\",\"@id\":\"https:\/\/www.actecir.cat\/#website\",\"url\":\"https:\/\/www.actecir.cat\/\",\"name\":\"Actecir\",\"description\":\"Associaci\u00f3 Catalana de T\u00e8cnics en Energia, Climatitzaci\u00f3 i Refrigeraci\u00f3\",\"publisher\":{\"@id\":\"https:\/\/www.actecir.cat\/#organization\"},\"potentialAction\":[{\"@type\":\"SearchAction\",\"target\":{\"@type\":\"EntryPoint\",\"urlTemplate\":\"https:\/\/www.actecir.cat\/?s={search_term_string}\"},\"query-input\":{\"@type\":\"PropertyValueSpecification\",\"valueRequired\":true,\"valueName\":\"search_term_string\"}}],\"inLanguage\":\"es\"},{\"@type\":\"Organization\",\"@id\":\"https:\/\/www.actecir.cat\/#organization\",\"name\":\"Actecir\",\"url\":\"https:\/\/www.actecir.cat\/\",\"logo\":{\"@type\":\"ImageObject\",\"inLanguage\":\"es\",\"@id\":\"https:\/\/www.actecir.cat\/#\/schema\/logo\/image\/\",\"url\":\"https:\/\/www.actecir.cat\/wp-content\/uploads\/2023\/04\/cropped-logo_actecir_60_alto.png\",\"contentUrl\":\"https:\/\/www.actecir.cat\/wp-content\/uploads\/2023\/04\/cropped-logo_actecir_60_alto.png\",\"width\":283,\"height\":80,\"caption\":\"Actecir\"},\"image\":{\"@id\":\"https:\/\/www.actecir.cat\/#\/schema\/logo\/image\/\"},\"sameAs\":[\"https:\/\/x.com\/actecir\",\"https:\/\/www.linkedin.com\/company\/actecir\"]},{\"@type\":\"Person\",\"@id\":\"https:\/\/www.actecir.cat\/#\/schema\/person\/42edd02f0b1d55e19444428c5d321413\",\"name\":\"Soporte web\",\"sameAs\":[\"https:\/\/www.actecir.cat\"],\"url\":\"https:\/\/www.actecir.cat\/es\/author\/maensystems\/\"}]}<\/script>\n<!-- \/ Yoast SEO plugin. -->","yoast_head_json":{"title":"Asamblea Anual de socios y socias de Actecir 2020 - Actecir","robots":{"index":"index","follow":"follow","max-snippet":"max-snippet:-1","max-image-preview":"max-image-preview:large","max-video-preview":"max-video-preview:-1"},"canonical":"https:\/\/www.actecir.cat\/es\/assemblea-anual-de-socis-i-socies-dactecir-2020\/","og_locale":"es_ES","og_type":"article","og_title":"Asamblea Anual de socios y socias de Actecir 2020 - Actecir","og_description":"14 de julio de 2020","og_url":"https:\/\/www.actecir.cat\/es\/assemblea-anual-de-socis-i-socies-dactecir-2020\/","og_site_name":"Actecir","article_published_time":"2020-07-16T10:30:00+00:00","article_modified_time":"2023-04-28T10:34:28+00:00","og_image":[{"width":600,"height":400,"url":"https:\/\/www.actecir.cat\/wp-content\/uploads\/2023\/04\/portada.jpg","type":"image\/jpeg"}],"author":"Soporte web","twitter_card":"summary_large_image","twitter_creator":"@actecir","twitter_site":"@actecir","twitter_misc":{"Escrito por":"Soporte web","Tiempo de lectura":"1 minuto"},"schema":{"@context":"https:\/\/schema.org","@graph":[{"@type":"Article","@id":"https:\/\/www.actecir.cat\/es\/assemblea-anual-de-socis-i-socies-dactecir-2020\/#article","isPartOf":{"@id":"https:\/\/www.actecir.cat\/es\/assemblea-anual-de-socis-i-socies-dactecir-2020\/"},"author":{"name":"Soporte web","@id":"https:\/\/www.actecir.cat\/#\/schema\/person\/42edd02f0b1d55e19444428c5d321413"},"headline":"Asamblea Anual de socios y socias de Actecir 2020","datePublished":"2020-07-16T10:30:00+00:00","dateModified":"2023-04-28T10:34:28+00:00","mainEntityOfPage":{"@id":"https:\/\/www.actecir.cat\/es\/assemblea-anual-de-socis-i-socies-dactecir-2020\/"},"wordCount":291,"commentCount":0,"publisher":{"@id":"https:\/\/www.actecir.cat\/#organization"},"image":{"@id":"https:\/\/www.actecir.cat\/es\/assemblea-anual-de-socis-i-socies-dactecir-2020\/#primaryimage"},"thumbnailUrl":"https:\/\/www.actecir.cat\/wp-content\/uploads\/2023\/04\/portada.jpg","articleSection":["Destacamos"],"inLanguage":"es","potentialAction":[{"@type":"CommentAction","name":"Comment","target":["https:\/\/www.actecir.cat\/es\/assemblea-anual-de-socis-i-socies-dactecir-2020\/#respond"]}]},{"@type":"WebPage","@id":"https:\/\/www.actecir.cat\/es\/assemblea-anual-de-socis-i-socies-dactecir-2020\/","url":"https:\/\/www.actecir.cat\/es\/assemblea-anual-de-socis-i-socies-dactecir-2020\/","name":"Asamblea Anual de socios y socias de Actecir 2020 - Actecir","isPartOf":{"@id":"https:\/\/www.actecir.cat\/#website"},"primaryImageOfPage":{"@id":"https:\/\/www.actecir.cat\/es\/assemblea-anual-de-socis-i-socies-dactecir-2020\/#primaryimage"},"image":{"@id":"https:\/\/www.actecir.cat\/es\/assemblea-anual-de-socis-i-socies-dactecir-2020\/#primaryimage"},"thumbnailUrl":"https:\/\/www.actecir.cat\/wp-content\/uploads\/2023\/04\/portada.jpg","datePublished":"2020-07-16T10:30:00+00:00","dateModified":"2023-04-28T10:34:28+00:00","breadcrumb":{"@id":"https:\/\/www.actecir.cat\/es\/assemblea-anual-de-socis-i-socies-dactecir-2020\/#breadcrumb"},"inLanguage":"es","potentialAction":[{"@type":"ReadAction","target":["https:\/\/www.actecir.cat\/es\/assemblea-anual-de-socis-i-socies-dactecir-2020\/"]}]},{"@type":"ImageObject","inLanguage":"es","@id":"https:\/\/www.actecir.cat\/es\/assemblea-anual-de-socis-i-socies-dactecir-2020\/#primaryimage","url":"https:\/\/www.actecir.cat\/wp-content\/uploads\/2023\/04\/portada.jpg","contentUrl":"https:\/\/www.actecir.cat\/wp-content\/uploads\/2023\/04\/portada.jpg","width":600,"height":400},{"@type":"BreadcrumbList","@id":"https:\/\/www.actecir.cat\/es\/assemblea-anual-de-socis-i-socies-dactecir-2020\/#breadcrumb","itemListElement":[{"@type":"ListItem","position":1,"name":"Inici","item":"https:\/\/www.actecir.cat\/es\/"},{"@type":"ListItem","position":2,"name":"Asamblea Anual de socios y socias de Actecir 2020"}]},{"@type":"WebSite","@id":"https:\/\/www.actecir.cat\/#website","url":"https:\/\/www.actecir.cat\/","name":"Actecir","description":"Associaci\u00f3 Catalana de T\u00e8cnics en Energia, Climatitzaci\u00f3 i Refrigeraci\u00f3","publisher":{"@id":"https:\/\/www.actecir.cat\/#organization"},"potentialAction":[{"@type":"SearchAction","target":{"@type":"EntryPoint","urlTemplate":"https:\/\/www.actecir.cat\/?s={search_term_string}"},"query-input":{"@type":"PropertyValueSpecification","valueRequired":true,"valueName":"search_term_string"}}],"inLanguage":"es"},{"@type":"Organization","@id":"https:\/\/www.actecir.cat\/#organization","name":"Actecir","url":"https:\/\/www.actecir.cat\/","logo":{"@type":"ImageObject","inLanguage":"es","@id":"https:\/\/www.actecir.cat\/#\/schema\/logo\/image\/","url":"https:\/\/www.actecir.cat\/wp-content\/uploads\/2023\/04\/cropped-logo_actecir_60_alto.png","contentUrl":"https:\/\/www.actecir.cat\/wp-content\/uploads\/2023\/04\/cropped-logo_actecir_60_alto.png","width":283,"height":80,"caption":"Actecir"},"image":{"@id":"https:\/\/www.actecir.cat\/#\/schema\/logo\/image\/"},"sameAs":["https:\/\/x.com\/actecir","https:\/\/www.linkedin.com\/company\/actecir"]},{"@type":"Person","@id":"https:\/\/www.actecir.cat\/#\/schema\/person\/42edd02f0b1d55e19444428c5d321413","name":"Soporte web","sameAs":["https:\/\/www.actecir.cat"],"url":"https:\/\/www.actecir.cat\/es\/author\/maensystems\/"}]}},"_links":{"self":[{"href":"https:\/\/www.actecir.cat\/es\/wp-json\/wp\/v2\/posts\/3864","targetHints":{"allow":["GET"]}}],"collection":[{"href":"https:\/\/www.actecir.cat\/es\/wp-json\/wp\/v2\/posts"}],"about":[{"href":"https:\/\/www.actecir.cat\/es\/wp-json\/wp\/v2\/types\/post"}],"author":[{"embeddable":true,"href":"https:\/\/www.actecir.cat\/es\/wp-json\/wp\/v2\/users\/1"}],"replies":[{"embeddable":true,"href":"https:\/\/www.actecir.cat\/es\/wp-json\/wp\/v2\/comments?post=3864"}],"version-history":[{"count":2,"href":"https:\/\/www.actecir.cat\/es\/wp-json\/wp\/v2\/posts\/3864\/revisions"}],"predecessor-version":[{"id":3870,"href":"https:\/\/www.actecir.cat\/es\/wp-json\/wp\/v2\/posts\/3864\/revisions\/3870"}],"wp:featuredmedia":[{"embeddable":true,"href":"https:\/\/www.actecir.cat\/es\/wp-json\/wp\/v2\/media\/3865"}],"wp:attachment":[{"href":"https:\/\/www.actecir.cat\/es\/wp-json\/wp\/v2\/media?parent=3864"}],"wp:term":[{"taxonomy":"category","embeddable":true,"href":"https:\/\/www.actecir.cat\/es\/wp-json\/wp\/v2\/categories?post=3864"},{"taxonomy":"post_tag","embeddable":true,"href":"https:\/\/www.actecir.cat\/es\/wp-json\/wp\/v2\/tags?post=3864"}],"curies":[{"name":"wp","href":"https:\/\/api.w.org\/{rel}","templated":true}]}}