{"id":3915,"date":"2020-05-27T11:11:00","date_gmt":"2020-05-27T11:11:00","guid":{"rendered":"https:\/\/www.actecir.cat\/?p=3915"},"modified":"2023-04-28T11:15:29","modified_gmt":"2023-04-28T11:15:29","slug":"covid-19-ventilacion-y-sistemas-de-climatizacion-en-establecimientos-y-locales-de-concurrencia-humana","status":"publish","type":"post","link":"https:\/\/www.actecir.cat\/es\/covid-19-ventilacion-y-sistemas-de-climatizacion-en-establecimientos-y-locales-de-concurrencia-humana\/","title":{"rendered":"COVID-19: VENTILACI\u00d3N Y SISTEMAS DE CLIMATIZACI\u00d3N EN ESTABLECIMIENTOS Y LOCALES DE CONCURRENCIA HUMANA"},"content":{"rendered":"\n<p>ACTECIR hace un art\u00edculo con refer\u00e9ncia al COVID-19<\/p>\n\n\n\n<p>La principal v\u00eda de transmisi\u00f3n del virus SARS-CoV-2 es la v\u00eda a\u00e9rea, a trav\u00e9s de peque\u00f1as gotas que se producen cuando una persona infectada tose, estornuda o habla, a distancias cortas (gotas superiores a 5 micras). Estas gotas son relativamente pesadas, no viajan lejos y se depositan r\u00e1pidamente en el suelo o en las superficies cercanas. Por ello una de las principales medidas para evitar el contagio es mantener la distancia entre personas de 1.5-2 metros.<\/p>\n\n\n\n<p>Sin embargo, el virus puede vivir en el aire unas horas en aerosoles m\u00e1s peque\u00f1os (inferiores a 5 micras) que pueden desplazarse a m\u00e1s distancia, transportados por flujos de aire o por conductos de aire de los sistemas de climatizaci\u00f3n. Aunque esta v\u00eda de transmisi\u00f3n por aerosoles peque\u00f1os es menos probable, hay que tenerla en cuenta y adoptar medidas preventivas al respecto.<\/p>\n\n\n\n<p>Es importante considerar la ventilaci\u00f3n como medida efectiva de prevenci\u00f3n y control de la enfermedad. La renovaci\u00f3n del aire tiene efecto sobre todo para reducir estas gotas m\u00e1s peque\u00f1as, que pueden permanecer horas en suspensi\u00f3n en ambientes cerrados.<\/p>\n\n\n\n<p>A nivel de unidades de tratamiento de aire se debe intentar trabajar, siempre que se pueda, s\u00f3lo con aire exterior, sin recirculaciones. La recirculaci\u00f3n puede ayudar a mantener los aerosoles en el ambiente al evitar que precipiten por gravedad y recirculando los mismos. Estos equipos, sin embargo, no amplifican la concentraci\u00f3n de virus.<\/p>\n\n\n\n<p><a href=\"https:\/\/www.actecir.cat\/wp-content\/uploads\/2023\/04\/Articulo_Castellano_ACTECIR_-_Covid19.pdf\" target=\"_blank\" rel=\"noreferrer noopener\">\u00a0Para m\u00e1s informaci\u00f3n haz click para descargar el PDF<\/a><\/p>\n","protected":false},"excerpt":{"rendered":"<p>ACTECIR hace un art\u00edculo con refer\u00e9ncia al COVID-19<\/p>\n","protected":false},"author":1,"featured_media":3913,"comment_status":"open","ping_status":"open","sticky":false,"template":"","format":"standard","meta":{"footnotes":""},"categories":[23],"tags":[],"class_list":["post-3915","post","type-post","status-publish","format-standard","has-post-thumbnail","hentry","category-destacamos"],"yoast_head":"<!-- This site is optimized with the Yoast SEO plugin v27.2 - https:\/\/yoast.com\/product\/yoast-seo-wordpress\/ -->\n<title>COVID-19: VENTILACI\u00d3N Y SISTEMAS DE CLIMATIZACI\u00d3N EN ESTABLECIMIENTOS Y LOCALES DE CONCURRENCIA HUMANA - Actecir<\/title>\n<meta name=\"robots\" content=\"index, follow, max-snippet:-1, max-image-preview:large, max-video-preview:-1\" \/>\n<link rel=\"canonical\" href=\"https:\/\/www.actecir.cat\/es\/covid-19-ventilacion-y-sistemas-de-climatizacion-en-establecimientos-y-locales-de-concurrencia-humana\/\" \/>\n<meta property=\"og:locale\" content=\"es_ES\" \/>\n<meta property=\"og:type\" content=\"article\" \/>\n<meta property=\"og:title\" content=\"COVID-19: VENTILACI\u00d3N Y SISTEMAS DE CLIMATIZACI\u00d3N EN ESTABLECIMIENTOS Y LOCALES DE CONCURRENCIA HUMANA - Actecir\" \/>\n<meta property=\"og:description\" content=\"ACTECIR hace un art\u00edculo con refer\u00e9ncia al COVID-19\" \/>\n<meta property=\"og:url\" content=\"https:\/\/www.actecir.cat\/es\/covid-19-ventilacion-y-sistemas-de-climatizacion-en-establecimientos-y-locales-de-concurrencia-humana\/\" \/>\n<meta property=\"og:site_name\" content=\"Actecir\" \/>\n<meta property=\"article:published_time\" content=\"2020-05-27T11:11:00+00:00\" \/>\n<meta property=\"article:modified_time\" content=\"2023-04-28T11:15:29+00:00\" \/>\n<meta property=\"og:image\" content=\"https:\/\/www.actecir.cat\/wp-content\/uploads\/2023\/04\/ACTECIR-COVID19.jpg\" \/>\n\t<meta property=\"og:image:width\" content=\"400\" \/>\n\t<meta property=\"og:image:height\" content=\"266\" \/>\n\t<meta property=\"og:image:type\" content=\"image\/jpeg\" \/>\n<meta name=\"author\" content=\"Soporte web\" \/>\n<meta name=\"twitter:card\" content=\"summary_large_image\" \/>\n<meta name=\"twitter:creator\" content=\"@actecir\" \/>\n<meta name=\"twitter:site\" content=\"@actecir\" \/>\n<meta name=\"twitter:label1\" content=\"Escrito por\" \/>\n\t<meta name=\"twitter:data1\" content=\"Soporte web\" \/>\n\t<meta name=\"twitter:label2\" content=\"Tiempo de lectura\" \/>\n\t<meta name=\"twitter:data2\" content=\"1 minuto\" \/>\n<script type=\"application\/ld+json\" class=\"yoast-schema-graph\">{\"@context\":\"https:\/\/schema.org\",\"@graph\":[{\"@type\":\"Article\",\"@id\":\"https:\/\/www.actecir.cat\/es\/covid-19-ventilacion-y-sistemas-de-climatizacion-en-establecimientos-y-locales-de-concurrencia-humana\/#article\",\"isPartOf\":{\"@id\":\"https:\/\/www.actecir.cat\/es\/covid-19-ventilacion-y-sistemas-de-climatizacion-en-establecimientos-y-locales-de-concurrencia-humana\/\"},\"author\":{\"name\":\"Soporte web\",\"@id\":\"https:\/\/www.actecir.cat\/#\/schema\/person\/42edd02f0b1d55e19444428c5d321413\"},\"headline\":\"COVID-19: VENTILACI\u00d3N Y SISTEMAS DE CLIMATIZACI\u00d3N EN ESTABLECIMIENTOS Y LOCALES DE CONCURRENCIA HUMANA\",\"datePublished\":\"2020-05-27T11:11:00+00:00\",\"dateModified\":\"2023-04-28T11:15:29+00:00\",\"mainEntityOfPage\":{\"@id\":\"https:\/\/www.actecir.cat\/es\/covid-19-ventilacion-y-sistemas-de-climatizacion-en-establecimientos-y-locales-de-concurrencia-humana\/\"},\"wordCount\":286,\"commentCount\":0,\"publisher\":{\"@id\":\"https:\/\/www.actecir.cat\/#organization\"},\"image\":{\"@id\":\"https:\/\/www.actecir.cat\/es\/covid-19-ventilacion-y-sistemas-de-climatizacion-en-establecimientos-y-locales-de-concurrencia-humana\/#primaryimage\"},\"thumbnailUrl\":\"https:\/\/www.actecir.cat\/wp-content\/uploads\/2023\/04\/ACTECIR-COVID19.jpg\",\"articleSection\":[\"Destacamos\"],\"inLanguage\":\"es\",\"potentialAction\":[{\"@type\":\"CommentAction\",\"name\":\"Comment\",\"target\":[\"https:\/\/www.actecir.cat\/es\/covid-19-ventilacion-y-sistemas-de-climatizacion-en-establecimientos-y-locales-de-concurrencia-humana\/#respond\"]}]},{\"@type\":\"WebPage\",\"@id\":\"https:\/\/www.actecir.cat\/es\/covid-19-ventilacion-y-sistemas-de-climatizacion-en-establecimientos-y-locales-de-concurrencia-humana\/\",\"url\":\"https:\/\/www.actecir.cat\/es\/covid-19-ventilacion-y-sistemas-de-climatizacion-en-establecimientos-y-locales-de-concurrencia-humana\/\",\"name\":\"COVID-19: VENTILACI\u00d3N Y SISTEMAS DE CLIMATIZACI\u00d3N EN ESTABLECIMIENTOS Y LOCALES DE CONCURRENCIA HUMANA - Actecir\",\"isPartOf\":{\"@id\":\"https:\/\/www.actecir.cat\/#website\"},\"primaryImageOfPage\":{\"@id\":\"https:\/\/www.actecir.cat\/es\/covid-19-ventilacion-y-sistemas-de-climatizacion-en-establecimientos-y-locales-de-concurrencia-humana\/#primaryimage\"},\"image\":{\"@id\":\"https:\/\/www.actecir.cat\/es\/covid-19-ventilacion-y-sistemas-de-climatizacion-en-establecimientos-y-locales-de-concurrencia-humana\/#primaryimage\"},\"thumbnailUrl\":\"https:\/\/www.actecir.cat\/wp-content\/uploads\/2023\/04\/ACTECIR-COVID19.jpg\",\"datePublished\":\"2020-05-27T11:11:00+00:00\",\"dateModified\":\"2023-04-28T11:15:29+00:00\",\"breadcrumb\":{\"@id\":\"https:\/\/www.actecir.cat\/es\/covid-19-ventilacion-y-sistemas-de-climatizacion-en-establecimientos-y-locales-de-concurrencia-humana\/#breadcrumb\"},\"inLanguage\":\"es\",\"potentialAction\":[{\"@type\":\"ReadAction\",\"target\":[\"https:\/\/www.actecir.cat\/es\/covid-19-ventilacion-y-sistemas-de-climatizacion-en-establecimientos-y-locales-de-concurrencia-humana\/\"]}]},{\"@type\":\"ImageObject\",\"inLanguage\":\"es\",\"@id\":\"https:\/\/www.actecir.cat\/es\/covid-19-ventilacion-y-sistemas-de-climatizacion-en-establecimientos-y-locales-de-concurrencia-humana\/#primaryimage\",\"url\":\"https:\/\/www.actecir.cat\/wp-content\/uploads\/2023\/04\/ACTECIR-COVID19.jpg\",\"contentUrl\":\"https:\/\/www.actecir.cat\/wp-content\/uploads\/2023\/04\/ACTECIR-COVID19.jpg\",\"width\":400,\"height\":266},{\"@type\":\"BreadcrumbList\",\"@id\":\"https:\/\/www.actecir.cat\/es\/covid-19-ventilacion-y-sistemas-de-climatizacion-en-establecimientos-y-locales-de-concurrencia-humana\/#breadcrumb\",\"itemListElement\":[{\"@type\":\"ListItem\",\"position\":1,\"name\":\"Inici\",\"item\":\"https:\/\/www.actecir.cat\/es\/\"},{\"@type\":\"ListItem\",\"position\":2,\"name\":\"COVID-19: VENTILACI\u00d3N Y SISTEMAS DE CLIMATIZACI\u00d3N EN ESTABLECIMIENTOS Y LOCALES DE CONCURRENCIA HUMANA\"}]},{\"@type\":\"WebSite\",\"@id\":\"https:\/\/www.actecir.cat\/#website\",\"url\":\"https:\/\/www.actecir.cat\/\",\"name\":\"Actecir\",\"description\":\"Associaci\u00f3 Catalana de T\u00e8cnics en Energia, Climatitzaci\u00f3 i Refrigeraci\u00f3\",\"publisher\":{\"@id\":\"https:\/\/www.actecir.cat\/#organization\"},\"potentialAction\":[{\"@type\":\"SearchAction\",\"target\":{\"@type\":\"EntryPoint\",\"urlTemplate\":\"https:\/\/www.actecir.cat\/?s={search_term_string}\"},\"query-input\":{\"@type\":\"PropertyValueSpecification\",\"valueRequired\":true,\"valueName\":\"search_term_string\"}}],\"inLanguage\":\"es\"},{\"@type\":\"Organization\",\"@id\":\"https:\/\/www.actecir.cat\/#organization\",\"name\":\"Actecir\",\"url\":\"https:\/\/www.actecir.cat\/\",\"logo\":{\"@type\":\"ImageObject\",\"inLanguage\":\"es\",\"@id\":\"https:\/\/www.actecir.cat\/#\/schema\/logo\/image\/\",\"url\":\"https:\/\/www.actecir.cat\/wp-content\/uploads\/2023\/04\/cropped-logo_actecir_60_alto.png\",\"contentUrl\":\"https:\/\/www.actecir.cat\/wp-content\/uploads\/2023\/04\/cropped-logo_actecir_60_alto.png\",\"width\":283,\"height\":80,\"caption\":\"Actecir\"},\"image\":{\"@id\":\"https:\/\/www.actecir.cat\/#\/schema\/logo\/image\/\"},\"sameAs\":[\"https:\/\/x.com\/actecir\",\"https:\/\/www.linkedin.com\/company\/actecir\"]},{\"@type\":\"Person\",\"@id\":\"https:\/\/www.actecir.cat\/#\/schema\/person\/42edd02f0b1d55e19444428c5d321413\",\"name\":\"Soporte web\",\"sameAs\":[\"https:\/\/www.actecir.cat\"],\"url\":\"https:\/\/www.actecir.cat\/es\/author\/maensystems\/\"}]}<\/script>\n<!-- \/ Yoast SEO plugin. -->","yoast_head_json":{"title":"COVID-19: VENTILACI\u00d3N Y SISTEMAS DE CLIMATIZACI\u00d3N EN ESTABLECIMIENTOS Y LOCALES DE CONCURRENCIA HUMANA - Actecir","robots":{"index":"index","follow":"follow","max-snippet":"max-snippet:-1","max-image-preview":"max-image-preview:large","max-video-preview":"max-video-preview:-1"},"canonical":"https:\/\/www.actecir.cat\/es\/covid-19-ventilacion-y-sistemas-de-climatizacion-en-establecimientos-y-locales-de-concurrencia-humana\/","og_locale":"es_ES","og_type":"article","og_title":"COVID-19: VENTILACI\u00d3N Y SISTEMAS DE CLIMATIZACI\u00d3N EN ESTABLECIMIENTOS Y LOCALES DE CONCURRENCIA HUMANA - Actecir","og_description":"ACTECIR hace un art\u00edculo con refer\u00e9ncia al COVID-19","og_url":"https:\/\/www.actecir.cat\/es\/covid-19-ventilacion-y-sistemas-de-climatizacion-en-establecimientos-y-locales-de-concurrencia-humana\/","og_site_name":"Actecir","article_published_time":"2020-05-27T11:11:00+00:00","article_modified_time":"2023-04-28T11:15:29+00:00","og_image":[{"width":400,"height":266,"url":"https:\/\/www.actecir.cat\/wp-content\/uploads\/2023\/04\/ACTECIR-COVID19.jpg","type":"image\/jpeg"}],"author":"Soporte web","twitter_card":"summary_large_image","twitter_creator":"@actecir","twitter_site":"@actecir","twitter_misc":{"Escrito por":"Soporte web","Tiempo de lectura":"1 minuto"},"schema":{"@context":"https:\/\/schema.org","@graph":[{"@type":"Article","@id":"https:\/\/www.actecir.cat\/es\/covid-19-ventilacion-y-sistemas-de-climatizacion-en-establecimientos-y-locales-de-concurrencia-humana\/#article","isPartOf":{"@id":"https:\/\/www.actecir.cat\/es\/covid-19-ventilacion-y-sistemas-de-climatizacion-en-establecimientos-y-locales-de-concurrencia-humana\/"},"author":{"name":"Soporte web","@id":"https:\/\/www.actecir.cat\/#\/schema\/person\/42edd02f0b1d55e19444428c5d321413"},"headline":"COVID-19: VENTILACI\u00d3N Y SISTEMAS DE CLIMATIZACI\u00d3N EN ESTABLECIMIENTOS Y LOCALES DE CONCURRENCIA HUMANA","datePublished":"2020-05-27T11:11:00+00:00","dateModified":"2023-04-28T11:15:29+00:00","mainEntityOfPage":{"@id":"https:\/\/www.actecir.cat\/es\/covid-19-ventilacion-y-sistemas-de-climatizacion-en-establecimientos-y-locales-de-concurrencia-humana\/"},"wordCount":286,"commentCount":0,"publisher":{"@id":"https:\/\/www.actecir.cat\/#organization"},"image":{"@id":"https:\/\/www.actecir.cat\/es\/covid-19-ventilacion-y-sistemas-de-climatizacion-en-establecimientos-y-locales-de-concurrencia-humana\/#primaryimage"},"thumbnailUrl":"https:\/\/www.actecir.cat\/wp-content\/uploads\/2023\/04\/ACTECIR-COVID19.jpg","articleSection":["Destacamos"],"inLanguage":"es","potentialAction":[{"@type":"CommentAction","name":"Comment","target":["https:\/\/www.actecir.cat\/es\/covid-19-ventilacion-y-sistemas-de-climatizacion-en-establecimientos-y-locales-de-concurrencia-humana\/#respond"]}]},{"@type":"WebPage","@id":"https:\/\/www.actecir.cat\/es\/covid-19-ventilacion-y-sistemas-de-climatizacion-en-establecimientos-y-locales-de-concurrencia-humana\/","url":"https:\/\/www.actecir.cat\/es\/covid-19-ventilacion-y-sistemas-de-climatizacion-en-establecimientos-y-locales-de-concurrencia-humana\/","name":"COVID-19: VENTILACI\u00d3N Y SISTEMAS DE CLIMATIZACI\u00d3N EN ESTABLECIMIENTOS Y LOCALES DE CONCURRENCIA HUMANA - Actecir","isPartOf":{"@id":"https:\/\/www.actecir.cat\/#website"},"primaryImageOfPage":{"@id":"https:\/\/www.actecir.cat\/es\/covid-19-ventilacion-y-sistemas-de-climatizacion-en-establecimientos-y-locales-de-concurrencia-humana\/#primaryimage"},"image":{"@id":"https:\/\/www.actecir.cat\/es\/covid-19-ventilacion-y-sistemas-de-climatizacion-en-establecimientos-y-locales-de-concurrencia-humana\/#primaryimage"},"thumbnailUrl":"https:\/\/www.actecir.cat\/wp-content\/uploads\/2023\/04\/ACTECIR-COVID19.jpg","datePublished":"2020-05-27T11:11:00+00:00","dateModified":"2023-04-28T11:15:29+00:00","breadcrumb":{"@id":"https:\/\/www.actecir.cat\/es\/covid-19-ventilacion-y-sistemas-de-climatizacion-en-establecimientos-y-locales-de-concurrencia-humana\/#breadcrumb"},"inLanguage":"es","potentialAction":[{"@type":"ReadAction","target":["https:\/\/www.actecir.cat\/es\/covid-19-ventilacion-y-sistemas-de-climatizacion-en-establecimientos-y-locales-de-concurrencia-humana\/"]}]},{"@type":"ImageObject","inLanguage":"es","@id":"https:\/\/www.actecir.cat\/es\/covid-19-ventilacion-y-sistemas-de-climatizacion-en-establecimientos-y-locales-de-concurrencia-humana\/#primaryimage","url":"https:\/\/www.actecir.cat\/wp-content\/uploads\/2023\/04\/ACTECIR-COVID19.jpg","contentUrl":"https:\/\/www.actecir.cat\/wp-content\/uploads\/2023\/04\/ACTECIR-COVID19.jpg","width":400,"height":266},{"@type":"BreadcrumbList","@id":"https:\/\/www.actecir.cat\/es\/covid-19-ventilacion-y-sistemas-de-climatizacion-en-establecimientos-y-locales-de-concurrencia-humana\/#breadcrumb","itemListElement":[{"@type":"ListItem","position":1,"name":"Inici","item":"https:\/\/www.actecir.cat\/es\/"},{"@type":"ListItem","position":2,"name":"COVID-19: VENTILACI\u00d3N Y SISTEMAS DE CLIMATIZACI\u00d3N EN ESTABLECIMIENTOS Y LOCALES DE CONCURRENCIA HUMANA"}]},{"@type":"WebSite","@id":"https:\/\/www.actecir.cat\/#website","url":"https:\/\/www.actecir.cat\/","name":"Actecir","description":"Associaci\u00f3 Catalana de T\u00e8cnics en Energia, Climatitzaci\u00f3 i Refrigeraci\u00f3","publisher":{"@id":"https:\/\/www.actecir.cat\/#organization"},"potentialAction":[{"@type":"SearchAction","target":{"@type":"EntryPoint","urlTemplate":"https:\/\/www.actecir.cat\/?s={search_term_string}"},"query-input":{"@type":"PropertyValueSpecification","valueRequired":true,"valueName":"search_term_string"}}],"inLanguage":"es"},{"@type":"Organization","@id":"https:\/\/www.actecir.cat\/#organization","name":"Actecir","url":"https:\/\/www.actecir.cat\/","logo":{"@type":"ImageObject","inLanguage":"es","@id":"https:\/\/www.actecir.cat\/#\/schema\/logo\/image\/","url":"https:\/\/www.actecir.cat\/wp-content\/uploads\/2023\/04\/cropped-logo_actecir_60_alto.png","contentUrl":"https:\/\/www.actecir.cat\/wp-content\/uploads\/2023\/04\/cropped-logo_actecir_60_alto.png","width":283,"height":80,"caption":"Actecir"},"image":{"@id":"https:\/\/www.actecir.cat\/#\/schema\/logo\/image\/"},"sameAs":["https:\/\/x.com\/actecir","https:\/\/www.linkedin.com\/company\/actecir"]},{"@type":"Person","@id":"https:\/\/www.actecir.cat\/#\/schema\/person\/42edd02f0b1d55e19444428c5d321413","name":"Soporte web","sameAs":["https:\/\/www.actecir.cat"],"url":"https:\/\/www.actecir.cat\/es\/author\/maensystems\/"}]}},"_links":{"self":[{"href":"https:\/\/www.actecir.cat\/es\/wp-json\/wp\/v2\/posts\/3915","targetHints":{"allow":["GET"]}}],"collection":[{"href":"https:\/\/www.actecir.cat\/es\/wp-json\/wp\/v2\/posts"}],"about":[{"href":"https:\/\/www.actecir.cat\/es\/wp-json\/wp\/v2\/types\/post"}],"author":[{"embeddable":true,"href":"https:\/\/www.actecir.cat\/es\/wp-json\/wp\/v2\/users\/1"}],"replies":[{"embeddable":true,"href":"https:\/\/www.actecir.cat\/es\/wp-json\/wp\/v2\/comments?post=3915"}],"version-history":[{"count":1,"href":"https:\/\/www.actecir.cat\/es\/wp-json\/wp\/v2\/posts\/3915\/revisions"}],"predecessor-version":[{"id":3918,"href":"https:\/\/www.actecir.cat\/es\/wp-json\/wp\/v2\/posts\/3915\/revisions\/3918"}],"wp:featuredmedia":[{"embeddable":true,"href":"https:\/\/www.actecir.cat\/es\/wp-json\/wp\/v2\/media\/3913"}],"wp:attachment":[{"href":"https:\/\/www.actecir.cat\/es\/wp-json\/wp\/v2\/media?parent=3915"}],"wp:term":[{"taxonomy":"category","embeddable":true,"href":"https:\/\/www.actecir.cat\/es\/wp-json\/wp\/v2\/categories?post=3915"},{"taxonomy":"post_tag","embeddable":true,"href":"https:\/\/www.actecir.cat\/es\/wp-json\/wp\/v2\/tags?post=3915"}],"curies":[{"name":"wp","href":"https:\/\/api.w.org\/{rel}","templated":true}]}}