{"id":3929,"date":"2020-05-11T11:19:00","date_gmt":"2020-05-11T09:19:00","guid":{"rendered":"https:\/\/www.actecir.cat\/?p=3929"},"modified":"2023-07-07T16:00:14","modified_gmt":"2023-07-07T14:00:14","slug":"ciclo-de-entrevistas-locos-por-la-fotovoltaica-salvador-escoda","status":"publish","type":"post","link":"https:\/\/www.actecir.cat\/es\/ciclo-de-entrevistas-locos-por-la-fotovoltaica-salvador-escoda\/","title":{"rendered":"Ciclo de Entrevistas: &#8220;Locos por la fotovoltaica: Salvador Escoda&#8221;"},"content":{"rendered":"\n<p>Mi\u00e9., 13 de May. de 2020 16:30 &#8211; 18:30 CEST<\/p>\n\n\n\n<p>CICLO DE&nbsp;<a href=\"https:\/\/www.facebook.com\/hashtag\/entrevistas?__eep__=6&amp;source=feed_text&amp;epa=HASHTAG&amp;__xts__%5B0%5D=68.ARAc2LHrcmBOi-d8JB02_Of1uvvIou1697RQ0Id1Iz4JDc5r3zDHB7oq-72RFcNdrfZ_2IKEbh5nMpeS64F_6xoKUEaC9qkpStsqlh3HQqmHr6Lv1vIoRE1mM6XO4REHTK3UeHYtFOaWcF5w_uzzzXjiMnbrpkRB8_mxzsvxjEQzJqckA2EdbEvmjV70gXEiqhJhJ_9bXHiU2d07aD9SkQE2_s8UeA6UdGuxXfiSKhnod048kJ-Yf82eZ57DmOqvc-ET5I8Sw8wHjH7sHKx8zTOmEYQq3R4lupmidXFQoh4atkru3InRISsbvQU7njrOUIm3YEHAxL7H3lUw4A7GgV0Mx-2E&amp;__tn__=%2ANK-R\">ENTREVISTAS<\/a>:&nbsp;<strong>\u00a1LOCOS POR LA&nbsp;<a href=\"https:\/\/www.facebook.com\/hashtag\/fotovoltaica?__eep__=6&amp;source=feed_text&amp;epa=HASHTAG&amp;__xts__%5B0%5D=68.ARAc2LHrcmBOi-d8JB02_Of1uvvIou1697RQ0Id1Iz4JDc5r3zDHB7oq-72RFcNdrfZ_2IKEbh5nMpeS64F_6xoKUEaC9qkpStsqlh3HQqmHr6Lv1vIoRE1mM6XO4REHTK3UeHYtFOaWcF5w_uzzzXjiMnbrpkRB8_mxzsvxjEQzJqckA2EdbEvmjV70gXEiqhJhJ_9bXHiU2d07aD9SkQE2_s8UeA6UdGuxXfiSKhnod048kJ-Yf82eZ57DmOqvc-ET5I8Sw8wHjH7sHKx8zTOmEYQq3R4lupmidXFQoh4atkru3InRISsbvQU7njrOUIm3YEHAxL7H3lUw4A7GgV0Mx-2E&amp;__tn__=%2ANK-R\">FOTOVOLTAICA<\/a>!&nbsp;<\/strong><br>Este mi\u00e9rcoles 13 de mayo, desde las 16:30 h,&nbsp;<strong>Pedro Garc\u00eda G\u00f3mez<\/strong>, Jefe de la Divisi\u00f3n de&nbsp;<a href=\"https:\/\/www.facebook.com\/hashtag\/energ%C3%ADas?__eep__=6&amp;source=feed_text&amp;epa=HASHTAG&amp;__xts__%5B0%5D=68.ARAc2LHrcmBOi-d8JB02_Of1uvvIou1697RQ0Id1Iz4JDc5r3zDHB7oq-72RFcNdrfZ_2IKEbh5nMpeS64F_6xoKUEaC9qkpStsqlh3HQqmHr6Lv1vIoRE1mM6XO4REHTK3UeHYtFOaWcF5w_uzzzXjiMnbrpkRB8_mxzsvxjEQzJqckA2EdbEvmjV70gXEiqhJhJ_9bXHiU2d07aD9SkQE2_s8UeA6UdGuxXfiSKhnod048kJ-Yf82eZ57DmOqvc-ET5I8Sw8wHjH7sHKx8zTOmEYQq3R4lupmidXFQoh4atkru3InRISsbvQU7njrOUIm3YEHAxL7H3lUw4A7GgV0Mx-2E&amp;__tn__=%2ANK-R\">Energ\u00edas<\/a>&nbsp;<a href=\"https:\/\/www.facebook.com\/hashtag\/renovables?__eep__=6&amp;source=feed_text&amp;epa=HASHTAG&amp;__xts__%5B0%5D=68.ARAc2LHrcmBOi-d8JB02_Of1uvvIou1697RQ0Id1Iz4JDc5r3zDHB7oq-72RFcNdrfZ_2IKEbh5nMpeS64F_6xoKUEaC9qkpStsqlh3HQqmHr6Lv1vIoRE1mM6XO4REHTK3UeHYtFOaWcF5w_uzzzXjiMnbrpkRB8_mxzsvxjEQzJqckA2EdbEvmjV70gXEiqhJhJ_9bXHiU2d07aD9SkQE2_s8UeA6UdGuxXfiSKhnod048kJ-Yf82eZ57DmOqvc-ET5I8Sw8wHjH7sHKx8zTOmEYQq3R4lupmidXFQoh4atkru3InRISsbvQU7njrOUIm3YEHAxL7H3lUw4A7GgV0Mx-2E&amp;__tn__=%2ANK-R\">Renovables<\/a>, Calderas &amp; ACS de&nbsp;<strong><a href=\"https:\/\/www.facebook.com\/SalvadorEscoda\/?__xts__%5B0%5D=68.ARDcQLeZz1-bFG1RdXLxQfrZBjqXhqKe6okf1xY6AV-PTzzceWveDGGaQIMshWMNfHpHufR73NGKdNHM6gcotRGoG8NaRFvEb9jL6OY8M7faz_bgF8rqcmwYQH4zrdmhbEM5hQ5wpYm5Dguj84i_PXZt5Yqa0kI3KEZUUjryo3Oae5kiIxyHaB9n5V0Zqed0ueUZhWB8YE20-aMcm5onHr1UYLRMQq-z6BeZKZVHSqLFzi7_u_R72Fz7xxeNKSKSSgSRWFmp91uQpWmtdTMLcivWuaSRRtRjbPC_L9nPdTgjpKSz1i8VWuzag5WL806LRR7r0SycYqnLscH3Yc6PiJsm1GW0&amp;__xts__%5B1%5D=68.ARAc2LHrcmBOi-d8JB02_Of1uvvIou1697RQ0Id1Iz4JDc5r3zDHB7oq-72RFcNdrfZ_2IKEbh5nMpeS64F_6xoKUEaC9qkpStsqlh3HQqmHr6Lv1vIoRE1mM6XO4REHTK3UeHYtFOaWcF5w_uzzzXjiMnbrpkRB8_mxzsvxjEQzJqckA2EdbEvmjV70gXEiqhJhJ_9bXHiU2d07aD9SkQE2_s8UeA6UdGuxXfiSKhnod048kJ-Yf82eZ57DmOqvc-ET5I8Sw8wHjH7sHKx8zTOmEYQq3R4lupmidXFQoh4atkru3InRISsbvQU7njrOUIm3YEHAxL7H3lUw4A7GgV0Mx-2E&amp;__tn__=K-R&amp;eid=ARC6R3euF416_p2_YJoBLMgNzl4VBxoGep6GXnNUwbt3i-HkaoXv0myfv0opVKhw45xFL8c_bp01efTX&amp;fref=mentions\">Salvador Escoda S.A.<\/a><\/strong>, ser\u00e1 entrevistado por Sergio L\u00f3pez de Castro, Director Comercial de&nbsp;<a href=\"https:\/\/www.facebook.com\/hashtag\/fronius?__eep__=6&amp;source=feed_text&amp;epa=HASHTAG&amp;__xts__%5B0%5D=68.ARAc2LHrcmBOi-d8JB02_Of1uvvIou1697RQ0Id1Iz4JDc5r3zDHB7oq-72RFcNdrfZ_2IKEbh5nMpeS64F_6xoKUEaC9qkpStsqlh3HQqmHr6Lv1vIoRE1mM6XO4REHTK3UeHYtFOaWcF5w_uzzzXjiMnbrpkRB8_mxzsvxjEQzJqckA2EdbEvmjV70gXEiqhJhJ_9bXHiU2d07aD9SkQE2_s8UeA6UdGuxXfiSKhnod048kJ-Yf82eZ57DmOqvc-ET5I8Sw8wHjH7sHKx8zTOmEYQq3R4lupmidXFQoh4atkru3InRISsbvQU7njrOUIm3YEHAxL7H3lUw4A7GgV0Mx-2E&amp;__tn__=%2ANK-R\">Fronius<\/a>&nbsp;Espa\u00f1a Solar Energy \u00a1Una entrevista que seguro, no defraudar\u00e1!<br>\ud83d\udc49&nbsp;<a href=\"https:\/\/register.gotowebinar.com\/register\/8395105936350360847?source=Facebook\" target=\"_blank\" rel=\"noreferrer noopener\"><\/a><a href=\"https:\/\/register.gotowebinar.com\/register\/8395105936350360847?source=Facebook\" target=\"_blank\" rel=\"noreferrer noopener\">Reg\u00edstrate aqu\u00ed<\/a><\/p>\n","protected":false},"excerpt":{"rendered":"<p>Mi\u00e9., 13 de May. de 2020 16:30 &#8211; 18:30 CEST<\/p>\n","protected":false},"author":1,"featured_media":3927,"comment_status":"open","ping_status":"open","sticky":false,"template":"","format":"standard","meta":{"footnotes":""},"categories":[23],"tags":[],"class_list":["post-3929","post","type-post","status-publish","format-standard","has-post-thumbnail","hentry","category-destacamos"],"yoast_head":"<!-- This site is optimized with the Yoast SEO plugin v27.2 - https:\/\/yoast.com\/product\/yoast-seo-wordpress\/ -->\n<title>Ciclo de Entrevistas: &quot;Locos por la fotovoltaica: Salvador Escoda&quot; - Actecir<\/title>\n<meta name=\"robots\" content=\"index, follow, max-snippet:-1, max-image-preview:large, max-video-preview:-1\" \/>\n<link rel=\"canonical\" href=\"https:\/\/www.actecir.cat\/es\/ciclo-de-entrevistas-locos-por-la-fotovoltaica-salvador-escoda\/\" \/>\n<meta property=\"og:locale\" content=\"es_ES\" \/>\n<meta property=\"og:type\" content=\"article\" \/>\n<meta property=\"og:title\" content=\"Ciclo de Entrevistas: &quot;Locos por la fotovoltaica: Salvador Escoda&quot; - Actecir\" \/>\n<meta property=\"og:description\" content=\"Mi\u00e9., 13 de May. de 2020 16:30 - 18:30 CEST\" \/>\n<meta property=\"og:url\" content=\"https:\/\/www.actecir.cat\/es\/ciclo-de-entrevistas-locos-por-la-fotovoltaica-salvador-escoda\/\" \/>\n<meta property=\"og:site_name\" content=\"Actecir\" \/>\n<meta property=\"article:published_time\" content=\"2020-05-11T09:19:00+00:00\" \/>\n<meta property=\"article:modified_time\" content=\"2023-07-07T14:00:14+00:00\" \/>\n<meta property=\"og:image\" content=\"https:\/\/www.actecir.cat\/wp-content\/uploads\/2023\/04\/descarga.jpeg\" \/>\n\t<meta property=\"og:image:width\" content=\"275\" \/>\n\t<meta property=\"og:image:height\" content=\"183\" \/>\n\t<meta property=\"og:image:type\" content=\"image\/jpeg\" \/>\n<meta name=\"author\" content=\"Soporte web\" \/>\n<meta name=\"twitter:card\" content=\"summary_large_image\" \/>\n<meta name=\"twitter:creator\" content=\"@actecir\" \/>\n<meta name=\"twitter:site\" content=\"@actecir\" \/>\n<meta name=\"twitter:label1\" content=\"Escrito por\" \/>\n\t<meta name=\"twitter:data1\" content=\"Soporte web\" \/>\n<script type=\"application\/ld+json\" class=\"yoast-schema-graph\">{\"@context\":\"https:\/\/schema.org\",\"@graph\":[{\"@type\":\"Article\",\"@id\":\"https:\/\/www.actecir.cat\/es\/ciclo-de-entrevistas-locos-por-la-fotovoltaica-salvador-escoda\/#article\",\"isPartOf\":{\"@id\":\"https:\/\/www.actecir.cat\/es\/ciclo-de-entrevistas-locos-por-la-fotovoltaica-salvador-escoda\/\"},\"author\":{\"name\":\"Soporte web\",\"@id\":\"https:\/\/www.actecir.cat\/#\/schema\/person\/42edd02f0b1d55e19444428c5d321413\"},\"headline\":\"Ciclo de Entrevistas: &#8220;Locos por la fotovoltaica: Salvador Escoda&#8221;\",\"datePublished\":\"2020-05-11T09:19:00+00:00\",\"dateModified\":\"2023-07-07T14:00:14+00:00\",\"mainEntityOfPage\":{\"@id\":\"https:\/\/www.actecir.cat\/es\/ciclo-de-entrevistas-locos-por-la-fotovoltaica-salvador-escoda\/\"},\"wordCount\":88,\"commentCount\":0,\"publisher\":{\"@id\":\"https:\/\/www.actecir.cat\/#organization\"},\"image\":{\"@id\":\"https:\/\/www.actecir.cat\/es\/ciclo-de-entrevistas-locos-por-la-fotovoltaica-salvador-escoda\/#primaryimage\"},\"thumbnailUrl\":\"https:\/\/www.actecir.cat\/wp-content\/uploads\/2023\/04\/descarga.jpeg\",\"articleSection\":[\"Destacamos\"],\"inLanguage\":\"es\",\"potentialAction\":[{\"@type\":\"CommentAction\",\"name\":\"Comment\",\"target\":[\"https:\/\/www.actecir.cat\/es\/ciclo-de-entrevistas-locos-por-la-fotovoltaica-salvador-escoda\/#respond\"]}]},{\"@type\":\"WebPage\",\"@id\":\"https:\/\/www.actecir.cat\/es\/ciclo-de-entrevistas-locos-por-la-fotovoltaica-salvador-escoda\/\",\"url\":\"https:\/\/www.actecir.cat\/es\/ciclo-de-entrevistas-locos-por-la-fotovoltaica-salvador-escoda\/\",\"name\":\"Ciclo de Entrevistas: \\\"Locos por la fotovoltaica: Salvador Escoda\\\" - Actecir\",\"isPartOf\":{\"@id\":\"https:\/\/www.actecir.cat\/#website\"},\"primaryImageOfPage\":{\"@id\":\"https:\/\/www.actecir.cat\/es\/ciclo-de-entrevistas-locos-por-la-fotovoltaica-salvador-escoda\/#primaryimage\"},\"image\":{\"@id\":\"https:\/\/www.actecir.cat\/es\/ciclo-de-entrevistas-locos-por-la-fotovoltaica-salvador-escoda\/#primaryimage\"},\"thumbnailUrl\":\"https:\/\/www.actecir.cat\/wp-content\/uploads\/2023\/04\/descarga.jpeg\",\"datePublished\":\"2020-05-11T09:19:00+00:00\",\"dateModified\":\"2023-07-07T14:00:14+00:00\",\"breadcrumb\":{\"@id\":\"https:\/\/www.actecir.cat\/es\/ciclo-de-entrevistas-locos-por-la-fotovoltaica-salvador-escoda\/#breadcrumb\"},\"inLanguage\":\"es\",\"potentialAction\":[{\"@type\":\"ReadAction\",\"target\":[\"https:\/\/www.actecir.cat\/es\/ciclo-de-entrevistas-locos-por-la-fotovoltaica-salvador-escoda\/\"]}]},{\"@type\":\"ImageObject\",\"inLanguage\":\"es\",\"@id\":\"https:\/\/www.actecir.cat\/es\/ciclo-de-entrevistas-locos-por-la-fotovoltaica-salvador-escoda\/#primaryimage\",\"url\":\"https:\/\/www.actecir.cat\/wp-content\/uploads\/2023\/04\/descarga.jpeg\",\"contentUrl\":\"https:\/\/www.actecir.cat\/wp-content\/uploads\/2023\/04\/descarga.jpeg\",\"width\":275,\"height\":183},{\"@type\":\"BreadcrumbList\",\"@id\":\"https:\/\/www.actecir.cat\/es\/ciclo-de-entrevistas-locos-por-la-fotovoltaica-salvador-escoda\/#breadcrumb\",\"itemListElement\":[{\"@type\":\"ListItem\",\"position\":1,\"name\":\"Inici\",\"item\":\"https:\/\/www.actecir.cat\/es\/\"},{\"@type\":\"ListItem\",\"position\":2,\"name\":\"Ciclo de Entrevistas: &#8220;Locos por la fotovoltaica: Salvador Escoda&#8221;\"}]},{\"@type\":\"WebSite\",\"@id\":\"https:\/\/www.actecir.cat\/#website\",\"url\":\"https:\/\/www.actecir.cat\/\",\"name\":\"Actecir\",\"description\":\"Associaci\u00f3 Catalana de T\u00e8cnics en Energia, Climatitzaci\u00f3 i Refrigeraci\u00f3\",\"publisher\":{\"@id\":\"https:\/\/www.actecir.cat\/#organization\"},\"potentialAction\":[{\"@type\":\"SearchAction\",\"target\":{\"@type\":\"EntryPoint\",\"urlTemplate\":\"https:\/\/www.actecir.cat\/?s={search_term_string}\"},\"query-input\":{\"@type\":\"PropertyValueSpecification\",\"valueRequired\":true,\"valueName\":\"search_term_string\"}}],\"inLanguage\":\"es\"},{\"@type\":\"Organization\",\"@id\":\"https:\/\/www.actecir.cat\/#organization\",\"name\":\"Actecir\",\"url\":\"https:\/\/www.actecir.cat\/\",\"logo\":{\"@type\":\"ImageObject\",\"inLanguage\":\"es\",\"@id\":\"https:\/\/www.actecir.cat\/#\/schema\/logo\/image\/\",\"url\":\"https:\/\/www.actecir.cat\/wp-content\/uploads\/2023\/04\/cropped-logo_actecir_60_alto.png\",\"contentUrl\":\"https:\/\/www.actecir.cat\/wp-content\/uploads\/2023\/04\/cropped-logo_actecir_60_alto.png\",\"width\":283,\"height\":80,\"caption\":\"Actecir\"},\"image\":{\"@id\":\"https:\/\/www.actecir.cat\/#\/schema\/logo\/image\/\"},\"sameAs\":[\"https:\/\/x.com\/actecir\",\"https:\/\/www.linkedin.com\/company\/actecir\"]},{\"@type\":\"Person\",\"@id\":\"https:\/\/www.actecir.cat\/#\/schema\/person\/42edd02f0b1d55e19444428c5d321413\",\"name\":\"Soporte web\",\"sameAs\":[\"https:\/\/www.actecir.cat\"],\"url\":\"https:\/\/www.actecir.cat\/es\/author\/maensystems\/\"}]}<\/script>\n<!-- \/ Yoast SEO plugin. -->","yoast_head_json":{"title":"Ciclo de Entrevistas: \"Locos por la fotovoltaica: Salvador Escoda\" - Actecir","robots":{"index":"index","follow":"follow","max-snippet":"max-snippet:-1","max-image-preview":"max-image-preview:large","max-video-preview":"max-video-preview:-1"},"canonical":"https:\/\/www.actecir.cat\/es\/ciclo-de-entrevistas-locos-por-la-fotovoltaica-salvador-escoda\/","og_locale":"es_ES","og_type":"article","og_title":"Ciclo de Entrevistas: \"Locos por la fotovoltaica: Salvador Escoda\" - Actecir","og_description":"Mi\u00e9., 13 de May. de 2020 16:30 - 18:30 CEST","og_url":"https:\/\/www.actecir.cat\/es\/ciclo-de-entrevistas-locos-por-la-fotovoltaica-salvador-escoda\/","og_site_name":"Actecir","article_published_time":"2020-05-11T09:19:00+00:00","article_modified_time":"2023-07-07T14:00:14+00:00","og_image":[{"width":275,"height":183,"url":"https:\/\/www.actecir.cat\/wp-content\/uploads\/2023\/04\/descarga.jpeg","type":"image\/jpeg"}],"author":"Soporte web","twitter_card":"summary_large_image","twitter_creator":"@actecir","twitter_site":"@actecir","twitter_misc":{"Escrito por":"Soporte web"},"schema":{"@context":"https:\/\/schema.org","@graph":[{"@type":"Article","@id":"https:\/\/www.actecir.cat\/es\/ciclo-de-entrevistas-locos-por-la-fotovoltaica-salvador-escoda\/#article","isPartOf":{"@id":"https:\/\/www.actecir.cat\/es\/ciclo-de-entrevistas-locos-por-la-fotovoltaica-salvador-escoda\/"},"author":{"name":"Soporte web","@id":"https:\/\/www.actecir.cat\/#\/schema\/person\/42edd02f0b1d55e19444428c5d321413"},"headline":"Ciclo de Entrevistas: &#8220;Locos por la fotovoltaica: Salvador Escoda&#8221;","datePublished":"2020-05-11T09:19:00+00:00","dateModified":"2023-07-07T14:00:14+00:00","mainEntityOfPage":{"@id":"https:\/\/www.actecir.cat\/es\/ciclo-de-entrevistas-locos-por-la-fotovoltaica-salvador-escoda\/"},"wordCount":88,"commentCount":0,"publisher":{"@id":"https:\/\/www.actecir.cat\/#organization"},"image":{"@id":"https:\/\/www.actecir.cat\/es\/ciclo-de-entrevistas-locos-por-la-fotovoltaica-salvador-escoda\/#primaryimage"},"thumbnailUrl":"https:\/\/www.actecir.cat\/wp-content\/uploads\/2023\/04\/descarga.jpeg","articleSection":["Destacamos"],"inLanguage":"es","potentialAction":[{"@type":"CommentAction","name":"Comment","target":["https:\/\/www.actecir.cat\/es\/ciclo-de-entrevistas-locos-por-la-fotovoltaica-salvador-escoda\/#respond"]}]},{"@type":"WebPage","@id":"https:\/\/www.actecir.cat\/es\/ciclo-de-entrevistas-locos-por-la-fotovoltaica-salvador-escoda\/","url":"https:\/\/www.actecir.cat\/es\/ciclo-de-entrevistas-locos-por-la-fotovoltaica-salvador-escoda\/","name":"Ciclo de Entrevistas: \"Locos por la fotovoltaica: Salvador Escoda\" - Actecir","isPartOf":{"@id":"https:\/\/www.actecir.cat\/#website"},"primaryImageOfPage":{"@id":"https:\/\/www.actecir.cat\/es\/ciclo-de-entrevistas-locos-por-la-fotovoltaica-salvador-escoda\/#primaryimage"},"image":{"@id":"https:\/\/www.actecir.cat\/es\/ciclo-de-entrevistas-locos-por-la-fotovoltaica-salvador-escoda\/#primaryimage"},"thumbnailUrl":"https:\/\/www.actecir.cat\/wp-content\/uploads\/2023\/04\/descarga.jpeg","datePublished":"2020-05-11T09:19:00+00:00","dateModified":"2023-07-07T14:00:14+00:00","breadcrumb":{"@id":"https:\/\/www.actecir.cat\/es\/ciclo-de-entrevistas-locos-por-la-fotovoltaica-salvador-escoda\/#breadcrumb"},"inLanguage":"es","potentialAction":[{"@type":"ReadAction","target":["https:\/\/www.actecir.cat\/es\/ciclo-de-entrevistas-locos-por-la-fotovoltaica-salvador-escoda\/"]}]},{"@type":"ImageObject","inLanguage":"es","@id":"https:\/\/www.actecir.cat\/es\/ciclo-de-entrevistas-locos-por-la-fotovoltaica-salvador-escoda\/#primaryimage","url":"https:\/\/www.actecir.cat\/wp-content\/uploads\/2023\/04\/descarga.jpeg","contentUrl":"https:\/\/www.actecir.cat\/wp-content\/uploads\/2023\/04\/descarga.jpeg","width":275,"height":183},{"@type":"BreadcrumbList","@id":"https:\/\/www.actecir.cat\/es\/ciclo-de-entrevistas-locos-por-la-fotovoltaica-salvador-escoda\/#breadcrumb","itemListElement":[{"@type":"ListItem","position":1,"name":"Inici","item":"https:\/\/www.actecir.cat\/es\/"},{"@type":"ListItem","position":2,"name":"Ciclo de Entrevistas: &#8220;Locos por la fotovoltaica: Salvador Escoda&#8221;"}]},{"@type":"WebSite","@id":"https:\/\/www.actecir.cat\/#website","url":"https:\/\/www.actecir.cat\/","name":"Actecir","description":"Associaci\u00f3 Catalana de T\u00e8cnics en Energia, Climatitzaci\u00f3 i Refrigeraci\u00f3","publisher":{"@id":"https:\/\/www.actecir.cat\/#organization"},"potentialAction":[{"@type":"SearchAction","target":{"@type":"EntryPoint","urlTemplate":"https:\/\/www.actecir.cat\/?s={search_term_string}"},"query-input":{"@type":"PropertyValueSpecification","valueRequired":true,"valueName":"search_term_string"}}],"inLanguage":"es"},{"@type":"Organization","@id":"https:\/\/www.actecir.cat\/#organization","name":"Actecir","url":"https:\/\/www.actecir.cat\/","logo":{"@type":"ImageObject","inLanguage":"es","@id":"https:\/\/www.actecir.cat\/#\/schema\/logo\/image\/","url":"https:\/\/www.actecir.cat\/wp-content\/uploads\/2023\/04\/cropped-logo_actecir_60_alto.png","contentUrl":"https:\/\/www.actecir.cat\/wp-content\/uploads\/2023\/04\/cropped-logo_actecir_60_alto.png","width":283,"height":80,"caption":"Actecir"},"image":{"@id":"https:\/\/www.actecir.cat\/#\/schema\/logo\/image\/"},"sameAs":["https:\/\/x.com\/actecir","https:\/\/www.linkedin.com\/company\/actecir"]},{"@type":"Person","@id":"https:\/\/www.actecir.cat\/#\/schema\/person\/42edd02f0b1d55e19444428c5d321413","name":"Soporte web","sameAs":["https:\/\/www.actecir.cat"],"url":"https:\/\/www.actecir.cat\/es\/author\/maensystems\/"}]}},"_links":{"self":[{"href":"https:\/\/www.actecir.cat\/es\/wp-json\/wp\/v2\/posts\/3929","targetHints":{"allow":["GET"]}}],"collection":[{"href":"https:\/\/www.actecir.cat\/es\/wp-json\/wp\/v2\/posts"}],"about":[{"href":"https:\/\/www.actecir.cat\/es\/wp-json\/wp\/v2\/types\/post"}],"author":[{"embeddable":true,"href":"https:\/\/www.actecir.cat\/es\/wp-json\/wp\/v2\/users\/1"}],"replies":[{"embeddable":true,"href":"https:\/\/www.actecir.cat\/es\/wp-json\/wp\/v2\/comments?post=3929"}],"version-history":[{"count":2,"href":"https:\/\/www.actecir.cat\/es\/wp-json\/wp\/v2\/posts\/3929\/revisions"}],"predecessor-version":[{"id":11460,"href":"https:\/\/www.actecir.cat\/es\/wp-json\/wp\/v2\/posts\/3929\/revisions\/11460"}],"wp:featuredmedia":[{"embeddable":true,"href":"https:\/\/www.actecir.cat\/es\/wp-json\/wp\/v2\/media\/3927"}],"wp:attachment":[{"href":"https:\/\/www.actecir.cat\/es\/wp-json\/wp\/v2\/media?parent=3929"}],"wp:term":[{"taxonomy":"category","embeddable":true,"href":"https:\/\/www.actecir.cat\/es\/wp-json\/wp\/v2\/categories?post=3929"},{"taxonomy":"post_tag","embeddable":true,"href":"https:\/\/www.actecir.cat\/es\/wp-json\/wp\/v2\/tags?post=3929"}],"curies":[{"name":"wp","href":"https:\/\/api.w.org\/{rel}","templated":true}]}}