{"id":3977,"date":"2020-02-27T11:42:00","date_gmt":"2020-02-27T11:42:00","guid":{"rendered":"https:\/\/www.actecir.cat\/?p=3977"},"modified":"2023-04-28T11:44:50","modified_gmt":"2023-04-28T11:44:50","slug":"jornada-daikin-aspectos-legales-del-nuevo-rsif-y-su-repercusion-en-las-instalaciones-termicas-de-climatizacion","status":"publish","type":"post","link":"https:\/\/www.actecir.cat\/es\/jornada-daikin-aspectos-legales-del-nuevo-rsif-y-su-repercusion-en-las-instalaciones-termicas-de-climatizacion\/","title":{"rendered":"Jornada Daikin: Aspectos legales del Nuevo RSIF y su repercusi\u00f3n en las instalaciones T\u00e9rmicas de Climatizaci\u00f3n"},"content":{"rendered":"\n<p>Tendr\u00e1 lugar el 18 de marzo al ICAEN<\/p>\n\n\n\n<p><strong>PROGRAMA<\/strong><\/p>\n\n\n\n<p>Con motivo de la aprobaci\u00f3n del RSIF del pasado 21 de noviembre de 2019, Daikin organiza una jornada para comentar, entre otros temas, los aspectos m\u00e1s significativos que implican el mismo reglamento, respecto a las instalaciones de climatizaci\u00f3n, desde un punto de vista jur\u00eddico-t\u00e9cnico:<\/p>\n\n\n\n<ul class=\"wp-block-list\">\n<li>Requisitos legales de una instalaci\u00f3n realizada con A2L<\/li>\n\n\n\n<li>Clasificaci\u00f3n de los locales en funci\u00f3n del uso y l\u00edmites de carga permitidos<\/li>\n\n\n\n<li>Bases de c\u00e1lculo de volumen de espacios ocupados<\/li>\n\n\n\n<li>Mantenimiento, revisiones e inspecciones seg\u00fan IF-14 e IF-17. Coordinaci\u00f3n con RITE.<\/li>\n\n\n\n<li>Reglamento F-gas: perspectiva futura de los refrigerantes<\/li>\n<\/ul>\n\n\n\n<p><strong>FECHA Y HORARIO<\/strong><\/p>\n\n\n\n<p>La jornada tendr\u00e1 lugar el mi\u00e9rcoles 18 de marzo de 18:00 a 20:00 horas en el ICAEN (Instituto Catal\u00e1n de Energia),&nbsp;Carrer de Pamplona, 113, 08018 Barcelona.<\/p>\n\n\n\n<p><strong>INSCRIPCI\u00d3N<\/strong><\/p>\n\n\n\n<p>Enviar correo a&nbsp;<a href=\"mailto:administracio@actecir.cat\">administracio@actecir.cat<\/a>&nbsp;con el nombre y apellidos, DNI, email, empresa y tel\u00e9fono.<\/p>\n","protected":false},"excerpt":{"rendered":"<p>Tendr\u00e1 lugar el 18 de marzo al ICAEN<\/p>\n","protected":false},"author":1,"featured_media":3975,"comment_status":"open","ping_status":"open","sticky":false,"template":"","format":"standard","meta":{"footnotes":""},"categories":[23],"tags":[],"class_list":["post-3977","post","type-post","status-publish","format-standard","has-post-thumbnail","hentry","category-destacamos"],"yoast_head":"<!-- This site is optimized with the Yoast SEO plugin v27.2 - https:\/\/yoast.com\/product\/yoast-seo-wordpress\/ -->\n<title>Jornada Daikin: Aspectos legales del Nuevo RSIF y su repercusi\u00f3n en las instalaciones T\u00e9rmicas de Climatizaci\u00f3n - Actecir<\/title>\n<meta name=\"robots\" content=\"index, follow, max-snippet:-1, max-image-preview:large, max-video-preview:-1\" \/>\n<link rel=\"canonical\" href=\"https:\/\/www.actecir.cat\/es\/jornada-daikin-aspectos-legales-del-nuevo-rsif-y-su-repercusion-en-las-instalaciones-termicas-de-climatizacion\/\" \/>\n<meta property=\"og:locale\" content=\"es_ES\" \/>\n<meta property=\"og:type\" content=\"article\" \/>\n<meta property=\"og:title\" content=\"Jornada Daikin: Aspectos legales del Nuevo RSIF y su repercusi\u00f3n en las instalaciones T\u00e9rmicas de Climatizaci\u00f3n - Actecir\" \/>\n<meta property=\"og:description\" content=\"Tendr\u00e1 lugar el 18 de marzo al ICAEN\" \/>\n<meta property=\"og:url\" content=\"https:\/\/www.actecir.cat\/es\/jornada-daikin-aspectos-legales-del-nuevo-rsif-y-su-repercusion-en-las-instalaciones-termicas-de-climatizacion\/\" \/>\n<meta property=\"og:site_name\" content=\"Actecir\" \/>\n<meta property=\"article:published_time\" content=\"2020-02-27T11:42:00+00:00\" \/>\n<meta property=\"article:modified_time\" content=\"2023-04-28T11:44:50+00:00\" \/>\n<meta property=\"og:image\" content=\"https:\/\/www.actecir.cat\/wp-content\/uploads\/2023\/04\/AspectosLegalesRSIF_3_ajornat.png\" \/>\n\t<meta property=\"og:image:width\" content=\"600\" \/>\n\t<meta property=\"og:image:height\" content=\"400\" \/>\n\t<meta property=\"og:image:type\" content=\"image\/png\" \/>\n<meta name=\"author\" content=\"Soporte web\" \/>\n<meta name=\"twitter:card\" content=\"summary_large_image\" \/>\n<meta name=\"twitter:creator\" content=\"@actecir\" \/>\n<meta name=\"twitter:site\" content=\"@actecir\" \/>\n<meta name=\"twitter:label1\" content=\"Escrito por\" \/>\n\t<meta name=\"twitter:data1\" content=\"Soporte web\" \/>\n\t<meta name=\"twitter:label2\" content=\"Tiempo de lectura\" \/>\n\t<meta name=\"twitter:data2\" content=\"1 minuto\" \/>\n<script type=\"application\/ld+json\" class=\"yoast-schema-graph\">{\"@context\":\"https:\/\/schema.org\",\"@graph\":[{\"@type\":\"Article\",\"@id\":\"https:\/\/www.actecir.cat\/es\/jornada-daikin-aspectos-legales-del-nuevo-rsif-y-su-repercusion-en-las-instalaciones-termicas-de-climatizacion\/#article\",\"isPartOf\":{\"@id\":\"https:\/\/www.actecir.cat\/es\/jornada-daikin-aspectos-legales-del-nuevo-rsif-y-su-repercusion-en-las-instalaciones-termicas-de-climatizacion\/\"},\"author\":{\"name\":\"Soporte web\",\"@id\":\"https:\/\/www.actecir.cat\/#\/schema\/person\/42edd02f0b1d55e19444428c5d321413\"},\"headline\":\"Jornada Daikin: Aspectos legales del Nuevo RSIF y su repercusi\u00f3n en las instalaciones T\u00e9rmicas de Climatizaci\u00f3n\",\"datePublished\":\"2020-02-27T11:42:00+00:00\",\"dateModified\":\"2023-04-28T11:44:50+00:00\",\"mainEntityOfPage\":{\"@id\":\"https:\/\/www.actecir.cat\/es\/jornada-daikin-aspectos-legales-del-nuevo-rsif-y-su-repercusion-en-las-instalaciones-termicas-de-climatizacion\/\"},\"wordCount\":178,\"commentCount\":0,\"publisher\":{\"@id\":\"https:\/\/www.actecir.cat\/#organization\"},\"image\":{\"@id\":\"https:\/\/www.actecir.cat\/es\/jornada-daikin-aspectos-legales-del-nuevo-rsif-y-su-repercusion-en-las-instalaciones-termicas-de-climatizacion\/#primaryimage\"},\"thumbnailUrl\":\"https:\/\/www.actecir.cat\/wp-content\/uploads\/2023\/04\/AspectosLegalesRSIF_3_ajornat.png\",\"articleSection\":[\"Destacamos\"],\"inLanguage\":\"es\",\"potentialAction\":[{\"@type\":\"CommentAction\",\"name\":\"Comment\",\"target\":[\"https:\/\/www.actecir.cat\/es\/jornada-daikin-aspectos-legales-del-nuevo-rsif-y-su-repercusion-en-las-instalaciones-termicas-de-climatizacion\/#respond\"]}]},{\"@type\":\"WebPage\",\"@id\":\"https:\/\/www.actecir.cat\/es\/jornada-daikin-aspectos-legales-del-nuevo-rsif-y-su-repercusion-en-las-instalaciones-termicas-de-climatizacion\/\",\"url\":\"https:\/\/www.actecir.cat\/es\/jornada-daikin-aspectos-legales-del-nuevo-rsif-y-su-repercusion-en-las-instalaciones-termicas-de-climatizacion\/\",\"name\":\"Jornada Daikin: Aspectos legales del Nuevo RSIF y su repercusi\u00f3n en las instalaciones T\u00e9rmicas de Climatizaci\u00f3n - Actecir\",\"isPartOf\":{\"@id\":\"https:\/\/www.actecir.cat\/#website\"},\"primaryImageOfPage\":{\"@id\":\"https:\/\/www.actecir.cat\/es\/jornada-daikin-aspectos-legales-del-nuevo-rsif-y-su-repercusion-en-las-instalaciones-termicas-de-climatizacion\/#primaryimage\"},\"image\":{\"@id\":\"https:\/\/www.actecir.cat\/es\/jornada-daikin-aspectos-legales-del-nuevo-rsif-y-su-repercusion-en-las-instalaciones-termicas-de-climatizacion\/#primaryimage\"},\"thumbnailUrl\":\"https:\/\/www.actecir.cat\/wp-content\/uploads\/2023\/04\/AspectosLegalesRSIF_3_ajornat.png\",\"datePublished\":\"2020-02-27T11:42:00+00:00\",\"dateModified\":\"2023-04-28T11:44:50+00:00\",\"breadcrumb\":{\"@id\":\"https:\/\/www.actecir.cat\/es\/jornada-daikin-aspectos-legales-del-nuevo-rsif-y-su-repercusion-en-las-instalaciones-termicas-de-climatizacion\/#breadcrumb\"},\"inLanguage\":\"es\",\"potentialAction\":[{\"@type\":\"ReadAction\",\"target\":[\"https:\/\/www.actecir.cat\/es\/jornada-daikin-aspectos-legales-del-nuevo-rsif-y-su-repercusion-en-las-instalaciones-termicas-de-climatizacion\/\"]}]},{\"@type\":\"ImageObject\",\"inLanguage\":\"es\",\"@id\":\"https:\/\/www.actecir.cat\/es\/jornada-daikin-aspectos-legales-del-nuevo-rsif-y-su-repercusion-en-las-instalaciones-termicas-de-climatizacion\/#primaryimage\",\"url\":\"https:\/\/www.actecir.cat\/wp-content\/uploads\/2023\/04\/AspectosLegalesRSIF_3_ajornat.png\",\"contentUrl\":\"https:\/\/www.actecir.cat\/wp-content\/uploads\/2023\/04\/AspectosLegalesRSIF_3_ajornat.png\",\"width\":600,\"height\":400},{\"@type\":\"BreadcrumbList\",\"@id\":\"https:\/\/www.actecir.cat\/es\/jornada-daikin-aspectos-legales-del-nuevo-rsif-y-su-repercusion-en-las-instalaciones-termicas-de-climatizacion\/#breadcrumb\",\"itemListElement\":[{\"@type\":\"ListItem\",\"position\":1,\"name\":\"Inici\",\"item\":\"https:\/\/www.actecir.cat\/es\/\"},{\"@type\":\"ListItem\",\"position\":2,\"name\":\"Jornada Daikin: Aspectos legales del Nuevo RSIF y su repercusi\u00f3n en las instalaciones T\u00e9rmicas de Climatizaci\u00f3n\"}]},{\"@type\":\"WebSite\",\"@id\":\"https:\/\/www.actecir.cat\/#website\",\"url\":\"https:\/\/www.actecir.cat\/\",\"name\":\"Actecir\",\"description\":\"Associaci\u00f3 Catalana de T\u00e8cnics en Energia, Climatitzaci\u00f3 i Refrigeraci\u00f3\",\"publisher\":{\"@id\":\"https:\/\/www.actecir.cat\/#organization\"},\"potentialAction\":[{\"@type\":\"SearchAction\",\"target\":{\"@type\":\"EntryPoint\",\"urlTemplate\":\"https:\/\/www.actecir.cat\/?s={search_term_string}\"},\"query-input\":{\"@type\":\"PropertyValueSpecification\",\"valueRequired\":true,\"valueName\":\"search_term_string\"}}],\"inLanguage\":\"es\"},{\"@type\":\"Organization\",\"@id\":\"https:\/\/www.actecir.cat\/#organization\",\"name\":\"Actecir\",\"url\":\"https:\/\/www.actecir.cat\/\",\"logo\":{\"@type\":\"ImageObject\",\"inLanguage\":\"es\",\"@id\":\"https:\/\/www.actecir.cat\/#\/schema\/logo\/image\/\",\"url\":\"https:\/\/www.actecir.cat\/wp-content\/uploads\/2023\/04\/cropped-logo_actecir_60_alto.png\",\"contentUrl\":\"https:\/\/www.actecir.cat\/wp-content\/uploads\/2023\/04\/cropped-logo_actecir_60_alto.png\",\"width\":283,\"height\":80,\"caption\":\"Actecir\"},\"image\":{\"@id\":\"https:\/\/www.actecir.cat\/#\/schema\/logo\/image\/\"},\"sameAs\":[\"https:\/\/x.com\/actecir\",\"https:\/\/www.linkedin.com\/company\/actecir\"]},{\"@type\":\"Person\",\"@id\":\"https:\/\/www.actecir.cat\/#\/schema\/person\/42edd02f0b1d55e19444428c5d321413\",\"name\":\"Soporte web\",\"sameAs\":[\"https:\/\/www.actecir.cat\"],\"url\":\"https:\/\/www.actecir.cat\/es\/author\/maensystems\/\"}]}<\/script>\n<!-- \/ Yoast SEO plugin. -->","yoast_head_json":{"title":"Jornada Daikin: Aspectos legales del Nuevo RSIF y su repercusi\u00f3n en las instalaciones T\u00e9rmicas de Climatizaci\u00f3n - Actecir","robots":{"index":"index","follow":"follow","max-snippet":"max-snippet:-1","max-image-preview":"max-image-preview:large","max-video-preview":"max-video-preview:-1"},"canonical":"https:\/\/www.actecir.cat\/es\/jornada-daikin-aspectos-legales-del-nuevo-rsif-y-su-repercusion-en-las-instalaciones-termicas-de-climatizacion\/","og_locale":"es_ES","og_type":"article","og_title":"Jornada Daikin: Aspectos legales del Nuevo RSIF y su repercusi\u00f3n en las instalaciones T\u00e9rmicas de Climatizaci\u00f3n - Actecir","og_description":"Tendr\u00e1 lugar el 18 de marzo al ICAEN","og_url":"https:\/\/www.actecir.cat\/es\/jornada-daikin-aspectos-legales-del-nuevo-rsif-y-su-repercusion-en-las-instalaciones-termicas-de-climatizacion\/","og_site_name":"Actecir","article_published_time":"2020-02-27T11:42:00+00:00","article_modified_time":"2023-04-28T11:44:50+00:00","og_image":[{"width":600,"height":400,"url":"https:\/\/www.actecir.cat\/wp-content\/uploads\/2023\/04\/AspectosLegalesRSIF_3_ajornat.png","type":"image\/png"}],"author":"Soporte web","twitter_card":"summary_large_image","twitter_creator":"@actecir","twitter_site":"@actecir","twitter_misc":{"Escrito por":"Soporte web","Tiempo de lectura":"1 minuto"},"schema":{"@context":"https:\/\/schema.org","@graph":[{"@type":"Article","@id":"https:\/\/www.actecir.cat\/es\/jornada-daikin-aspectos-legales-del-nuevo-rsif-y-su-repercusion-en-las-instalaciones-termicas-de-climatizacion\/#article","isPartOf":{"@id":"https:\/\/www.actecir.cat\/es\/jornada-daikin-aspectos-legales-del-nuevo-rsif-y-su-repercusion-en-las-instalaciones-termicas-de-climatizacion\/"},"author":{"name":"Soporte web","@id":"https:\/\/www.actecir.cat\/#\/schema\/person\/42edd02f0b1d55e19444428c5d321413"},"headline":"Jornada Daikin: Aspectos legales del Nuevo RSIF y su repercusi\u00f3n en las instalaciones T\u00e9rmicas de Climatizaci\u00f3n","datePublished":"2020-02-27T11:42:00+00:00","dateModified":"2023-04-28T11:44:50+00:00","mainEntityOfPage":{"@id":"https:\/\/www.actecir.cat\/es\/jornada-daikin-aspectos-legales-del-nuevo-rsif-y-su-repercusion-en-las-instalaciones-termicas-de-climatizacion\/"},"wordCount":178,"commentCount":0,"publisher":{"@id":"https:\/\/www.actecir.cat\/#organization"},"image":{"@id":"https:\/\/www.actecir.cat\/es\/jornada-daikin-aspectos-legales-del-nuevo-rsif-y-su-repercusion-en-las-instalaciones-termicas-de-climatizacion\/#primaryimage"},"thumbnailUrl":"https:\/\/www.actecir.cat\/wp-content\/uploads\/2023\/04\/AspectosLegalesRSIF_3_ajornat.png","articleSection":["Destacamos"],"inLanguage":"es","potentialAction":[{"@type":"CommentAction","name":"Comment","target":["https:\/\/www.actecir.cat\/es\/jornada-daikin-aspectos-legales-del-nuevo-rsif-y-su-repercusion-en-las-instalaciones-termicas-de-climatizacion\/#respond"]}]},{"@type":"WebPage","@id":"https:\/\/www.actecir.cat\/es\/jornada-daikin-aspectos-legales-del-nuevo-rsif-y-su-repercusion-en-las-instalaciones-termicas-de-climatizacion\/","url":"https:\/\/www.actecir.cat\/es\/jornada-daikin-aspectos-legales-del-nuevo-rsif-y-su-repercusion-en-las-instalaciones-termicas-de-climatizacion\/","name":"Jornada Daikin: Aspectos legales del Nuevo RSIF y su repercusi\u00f3n en las instalaciones T\u00e9rmicas de Climatizaci\u00f3n - Actecir","isPartOf":{"@id":"https:\/\/www.actecir.cat\/#website"},"primaryImageOfPage":{"@id":"https:\/\/www.actecir.cat\/es\/jornada-daikin-aspectos-legales-del-nuevo-rsif-y-su-repercusion-en-las-instalaciones-termicas-de-climatizacion\/#primaryimage"},"image":{"@id":"https:\/\/www.actecir.cat\/es\/jornada-daikin-aspectos-legales-del-nuevo-rsif-y-su-repercusion-en-las-instalaciones-termicas-de-climatizacion\/#primaryimage"},"thumbnailUrl":"https:\/\/www.actecir.cat\/wp-content\/uploads\/2023\/04\/AspectosLegalesRSIF_3_ajornat.png","datePublished":"2020-02-27T11:42:00+00:00","dateModified":"2023-04-28T11:44:50+00:00","breadcrumb":{"@id":"https:\/\/www.actecir.cat\/es\/jornada-daikin-aspectos-legales-del-nuevo-rsif-y-su-repercusion-en-las-instalaciones-termicas-de-climatizacion\/#breadcrumb"},"inLanguage":"es","potentialAction":[{"@type":"ReadAction","target":["https:\/\/www.actecir.cat\/es\/jornada-daikin-aspectos-legales-del-nuevo-rsif-y-su-repercusion-en-las-instalaciones-termicas-de-climatizacion\/"]}]},{"@type":"ImageObject","inLanguage":"es","@id":"https:\/\/www.actecir.cat\/es\/jornada-daikin-aspectos-legales-del-nuevo-rsif-y-su-repercusion-en-las-instalaciones-termicas-de-climatizacion\/#primaryimage","url":"https:\/\/www.actecir.cat\/wp-content\/uploads\/2023\/04\/AspectosLegalesRSIF_3_ajornat.png","contentUrl":"https:\/\/www.actecir.cat\/wp-content\/uploads\/2023\/04\/AspectosLegalesRSIF_3_ajornat.png","width":600,"height":400},{"@type":"BreadcrumbList","@id":"https:\/\/www.actecir.cat\/es\/jornada-daikin-aspectos-legales-del-nuevo-rsif-y-su-repercusion-en-las-instalaciones-termicas-de-climatizacion\/#breadcrumb","itemListElement":[{"@type":"ListItem","position":1,"name":"Inici","item":"https:\/\/www.actecir.cat\/es\/"},{"@type":"ListItem","position":2,"name":"Jornada Daikin: Aspectos legales del Nuevo RSIF y su repercusi\u00f3n en las instalaciones T\u00e9rmicas de Climatizaci\u00f3n"}]},{"@type":"WebSite","@id":"https:\/\/www.actecir.cat\/#website","url":"https:\/\/www.actecir.cat\/","name":"Actecir","description":"Associaci\u00f3 Catalana de T\u00e8cnics en Energia, Climatitzaci\u00f3 i Refrigeraci\u00f3","publisher":{"@id":"https:\/\/www.actecir.cat\/#organization"},"potentialAction":[{"@type":"SearchAction","target":{"@type":"EntryPoint","urlTemplate":"https:\/\/www.actecir.cat\/?s={search_term_string}"},"query-input":{"@type":"PropertyValueSpecification","valueRequired":true,"valueName":"search_term_string"}}],"inLanguage":"es"},{"@type":"Organization","@id":"https:\/\/www.actecir.cat\/#organization","name":"Actecir","url":"https:\/\/www.actecir.cat\/","logo":{"@type":"ImageObject","inLanguage":"es","@id":"https:\/\/www.actecir.cat\/#\/schema\/logo\/image\/","url":"https:\/\/www.actecir.cat\/wp-content\/uploads\/2023\/04\/cropped-logo_actecir_60_alto.png","contentUrl":"https:\/\/www.actecir.cat\/wp-content\/uploads\/2023\/04\/cropped-logo_actecir_60_alto.png","width":283,"height":80,"caption":"Actecir"},"image":{"@id":"https:\/\/www.actecir.cat\/#\/schema\/logo\/image\/"},"sameAs":["https:\/\/x.com\/actecir","https:\/\/www.linkedin.com\/company\/actecir"]},{"@type":"Person","@id":"https:\/\/www.actecir.cat\/#\/schema\/person\/42edd02f0b1d55e19444428c5d321413","name":"Soporte web","sameAs":["https:\/\/www.actecir.cat"],"url":"https:\/\/www.actecir.cat\/es\/author\/maensystems\/"}]}},"_links":{"self":[{"href":"https:\/\/www.actecir.cat\/es\/wp-json\/wp\/v2\/posts\/3977","targetHints":{"allow":["GET"]}}],"collection":[{"href":"https:\/\/www.actecir.cat\/es\/wp-json\/wp\/v2\/posts"}],"about":[{"href":"https:\/\/www.actecir.cat\/es\/wp-json\/wp\/v2\/types\/post"}],"author":[{"embeddable":true,"href":"https:\/\/www.actecir.cat\/es\/wp-json\/wp\/v2\/users\/1"}],"replies":[{"embeddable":true,"href":"https:\/\/www.actecir.cat\/es\/wp-json\/wp\/v2\/comments?post=3977"}],"version-history":[{"count":1,"href":"https:\/\/www.actecir.cat\/es\/wp-json\/wp\/v2\/posts\/3977\/revisions"}],"predecessor-version":[{"id":3978,"href":"https:\/\/www.actecir.cat\/es\/wp-json\/wp\/v2\/posts\/3977\/revisions\/3978"}],"wp:featuredmedia":[{"embeddable":true,"href":"https:\/\/www.actecir.cat\/es\/wp-json\/wp\/v2\/media\/3975"}],"wp:attachment":[{"href":"https:\/\/www.actecir.cat\/es\/wp-json\/wp\/v2\/media?parent=3977"}],"wp:term":[{"taxonomy":"category","embeddable":true,"href":"https:\/\/www.actecir.cat\/es\/wp-json\/wp\/v2\/categories?post=3977"},{"taxonomy":"post_tag","embeddable":true,"href":"https:\/\/www.actecir.cat\/es\/wp-json\/wp\/v2\/tags?post=3977"}],"curies":[{"name":"wp","href":"https:\/\/api.w.org\/{rel}","templated":true}]}}