{"id":3983,"date":"2020-02-24T11:45:00","date_gmt":"2020-02-24T11:45:00","guid":{"rendered":"https:\/\/www.actecir.cat\/?p=3983"},"modified":"2023-04-28T11:47:49","modified_gmt":"2023-04-28T11:47:49","slug":"visita-tecnica-supercomputador-marenostrum-4","status":"publish","type":"post","link":"https:\/\/www.actecir.cat\/es\/visita-tecnica-supercomputador-marenostrum-4\/","title":{"rendered":"Visita t\u00e9cnica Supercomputador MARENOSTRUM 4"},"content":{"rendered":"\n<p>Tendra lugar el 16 de marzo y las plazas son limitadas!<\/p>\n\n\n\n<figure class=\"wp-block-image size-full is-resized\"><img fetchpriority=\"high\" decoding=\"async\" src=\"https:\/\/www.actecir.cat\/wp-content\/uploads\/2023\/04\/mn4-icts-feder.jpg\" alt=\"\" class=\"wp-image-3981\" width=\"591\" height=\"223\" srcset=\"https:\/\/www.actecir.cat\/wp-content\/uploads\/2023\/04\/mn4-icts-feder.jpg 846w, https:\/\/www.actecir.cat\/wp-content\/uploads\/2023\/04\/mn4-icts-feder-300x113.jpg 300w, https:\/\/www.actecir.cat\/wp-content\/uploads\/2023\/04\/mn4-icts-feder-768x290.jpg 768w\" sizes=\"(max-width: 591px) 100vw, 591px\" \/><\/figure>\n","protected":false},"excerpt":{"rendered":"<p>Tendra lugar el 16 de marzo y las plazas son limitadas!<\/p>\n","protected":false},"author":1,"featured_media":3981,"comment_status":"open","ping_status":"open","sticky":false,"template":"","format":"standard","meta":{"footnotes":""},"categories":[23],"tags":[],"class_list":["post-3983","post","type-post","status-publish","format-standard","has-post-thumbnail","hentry","category-destacamos"],"yoast_head":"<!-- This site is optimized with the Yoast SEO plugin v27.2 - https:\/\/yoast.com\/product\/yoast-seo-wordpress\/ -->\n<title>Visita t\u00e9cnica Supercomputador MARENOSTRUM 4 - Actecir<\/title>\n<meta name=\"robots\" content=\"index, follow, max-snippet:-1, max-image-preview:large, max-video-preview:-1\" \/>\n<link rel=\"canonical\" href=\"https:\/\/www.actecir.cat\/es\/visita-tecnica-supercomputador-marenostrum-4\/\" \/>\n<meta property=\"og:locale\" content=\"es_ES\" \/>\n<meta property=\"og:type\" content=\"article\" \/>\n<meta property=\"og:title\" content=\"Visita t\u00e9cnica Supercomputador MARENOSTRUM 4 - Actecir\" \/>\n<meta property=\"og:description\" content=\"Tendra lugar el 16 de marzo y las plazas son limitadas!\" \/>\n<meta property=\"og:url\" content=\"https:\/\/www.actecir.cat\/es\/visita-tecnica-supercomputador-marenostrum-4\/\" \/>\n<meta property=\"og:site_name\" content=\"Actecir\" \/>\n<meta property=\"article:published_time\" content=\"2020-02-24T11:45:00+00:00\" \/>\n<meta property=\"article:modified_time\" content=\"2023-04-28T11:47:49+00:00\" \/>\n<meta property=\"og:image\" content=\"https:\/\/www.actecir.cat\/wp-content\/uploads\/2023\/04\/mn4-icts-feder.jpg\" \/>\n\t<meta property=\"og:image:width\" content=\"846\" \/>\n\t<meta property=\"og:image:height\" content=\"320\" \/>\n\t<meta property=\"og:image:type\" content=\"image\/jpeg\" \/>\n<meta name=\"author\" content=\"Soporte web\" \/>\n<meta name=\"twitter:card\" content=\"summary_large_image\" \/>\n<meta name=\"twitter:creator\" content=\"@actecir\" \/>\n<meta name=\"twitter:site\" content=\"@actecir\" \/>\n<meta name=\"twitter:label1\" content=\"Escrito por\" \/>\n\t<meta name=\"twitter:data1\" content=\"Soporte web\" \/>\n<script type=\"application\/ld+json\" class=\"yoast-schema-graph\">{\"@context\":\"https:\/\/schema.org\",\"@graph\":[{\"@type\":\"Article\",\"@id\":\"https:\/\/www.actecir.cat\/es\/visita-tecnica-supercomputador-marenostrum-4\/#article\",\"isPartOf\":{\"@id\":\"https:\/\/www.actecir.cat\/es\/visita-tecnica-supercomputador-marenostrum-4\/\"},\"author\":{\"name\":\"Soporte web\",\"@id\":\"https:\/\/www.actecir.cat\/#\/schema\/person\/42edd02f0b1d55e19444428c5d321413\"},\"headline\":\"Visita t\u00e9cnica Supercomputador MARENOSTRUM 4\",\"datePublished\":\"2020-02-24T11:45:00+00:00\",\"dateModified\":\"2023-04-28T11:47:49+00:00\",\"mainEntityOfPage\":{\"@id\":\"https:\/\/www.actecir.cat\/es\/visita-tecnica-supercomputador-marenostrum-4\/\"},\"wordCount\":15,\"commentCount\":0,\"publisher\":{\"@id\":\"https:\/\/www.actecir.cat\/#organization\"},\"image\":{\"@id\":\"https:\/\/www.actecir.cat\/es\/visita-tecnica-supercomputador-marenostrum-4\/#primaryimage\"},\"thumbnailUrl\":\"https:\/\/www.actecir.cat\/wp-content\/uploads\/2023\/04\/mn4-icts-feder.jpg\",\"articleSection\":[\"Destacamos\"],\"inLanguage\":\"es\",\"potentialAction\":[{\"@type\":\"CommentAction\",\"name\":\"Comment\",\"target\":[\"https:\/\/www.actecir.cat\/es\/visita-tecnica-supercomputador-marenostrum-4\/#respond\"]}]},{\"@type\":\"WebPage\",\"@id\":\"https:\/\/www.actecir.cat\/es\/visita-tecnica-supercomputador-marenostrum-4\/\",\"url\":\"https:\/\/www.actecir.cat\/es\/visita-tecnica-supercomputador-marenostrum-4\/\",\"name\":\"Visita t\u00e9cnica Supercomputador MARENOSTRUM 4 - Actecir\",\"isPartOf\":{\"@id\":\"https:\/\/www.actecir.cat\/#website\"},\"primaryImageOfPage\":{\"@id\":\"https:\/\/www.actecir.cat\/es\/visita-tecnica-supercomputador-marenostrum-4\/#primaryimage\"},\"image\":{\"@id\":\"https:\/\/www.actecir.cat\/es\/visita-tecnica-supercomputador-marenostrum-4\/#primaryimage\"},\"thumbnailUrl\":\"https:\/\/www.actecir.cat\/wp-content\/uploads\/2023\/04\/mn4-icts-feder.jpg\",\"datePublished\":\"2020-02-24T11:45:00+00:00\",\"dateModified\":\"2023-04-28T11:47:49+00:00\",\"breadcrumb\":{\"@id\":\"https:\/\/www.actecir.cat\/es\/visita-tecnica-supercomputador-marenostrum-4\/#breadcrumb\"},\"inLanguage\":\"es\",\"potentialAction\":[{\"@type\":\"ReadAction\",\"target\":[\"https:\/\/www.actecir.cat\/es\/visita-tecnica-supercomputador-marenostrum-4\/\"]}]},{\"@type\":\"ImageObject\",\"inLanguage\":\"es\",\"@id\":\"https:\/\/www.actecir.cat\/es\/visita-tecnica-supercomputador-marenostrum-4\/#primaryimage\",\"url\":\"https:\/\/www.actecir.cat\/wp-content\/uploads\/2023\/04\/mn4-icts-feder.jpg\",\"contentUrl\":\"https:\/\/www.actecir.cat\/wp-content\/uploads\/2023\/04\/mn4-icts-feder.jpg\",\"width\":846,\"height\":320},{\"@type\":\"BreadcrumbList\",\"@id\":\"https:\/\/www.actecir.cat\/es\/visita-tecnica-supercomputador-marenostrum-4\/#breadcrumb\",\"itemListElement\":[{\"@type\":\"ListItem\",\"position\":1,\"name\":\"Inici\",\"item\":\"https:\/\/www.actecir.cat\/es\/\"},{\"@type\":\"ListItem\",\"position\":2,\"name\":\"Visita t\u00e9cnica Supercomputador MARENOSTRUM 4\"}]},{\"@type\":\"WebSite\",\"@id\":\"https:\/\/www.actecir.cat\/#website\",\"url\":\"https:\/\/www.actecir.cat\/\",\"name\":\"Actecir\",\"description\":\"Associaci\u00f3 Catalana de T\u00e8cnics en Energia, Climatitzaci\u00f3 i Refrigeraci\u00f3\",\"publisher\":{\"@id\":\"https:\/\/www.actecir.cat\/#organization\"},\"potentialAction\":[{\"@type\":\"SearchAction\",\"target\":{\"@type\":\"EntryPoint\",\"urlTemplate\":\"https:\/\/www.actecir.cat\/?s={search_term_string}\"},\"query-input\":{\"@type\":\"PropertyValueSpecification\",\"valueRequired\":true,\"valueName\":\"search_term_string\"}}],\"inLanguage\":\"es\"},{\"@type\":\"Organization\",\"@id\":\"https:\/\/www.actecir.cat\/#organization\",\"name\":\"Actecir\",\"url\":\"https:\/\/www.actecir.cat\/\",\"logo\":{\"@type\":\"ImageObject\",\"inLanguage\":\"es\",\"@id\":\"https:\/\/www.actecir.cat\/#\/schema\/logo\/image\/\",\"url\":\"https:\/\/www.actecir.cat\/wp-content\/uploads\/2023\/04\/cropped-logo_actecir_60_alto.png\",\"contentUrl\":\"https:\/\/www.actecir.cat\/wp-content\/uploads\/2023\/04\/cropped-logo_actecir_60_alto.png\",\"width\":283,\"height\":80,\"caption\":\"Actecir\"},\"image\":{\"@id\":\"https:\/\/www.actecir.cat\/#\/schema\/logo\/image\/\"},\"sameAs\":[\"https:\/\/x.com\/actecir\",\"https:\/\/www.linkedin.com\/company\/actecir\"]},{\"@type\":\"Person\",\"@id\":\"https:\/\/www.actecir.cat\/#\/schema\/person\/42edd02f0b1d55e19444428c5d321413\",\"name\":\"Soporte web\",\"sameAs\":[\"https:\/\/www.actecir.cat\"],\"url\":\"https:\/\/www.actecir.cat\/es\/author\/maensystems\/\"}]}<\/script>\n<!-- \/ Yoast SEO plugin. -->","yoast_head_json":{"title":"Visita t\u00e9cnica Supercomputador MARENOSTRUM 4 - Actecir","robots":{"index":"index","follow":"follow","max-snippet":"max-snippet:-1","max-image-preview":"max-image-preview:large","max-video-preview":"max-video-preview:-1"},"canonical":"https:\/\/www.actecir.cat\/es\/visita-tecnica-supercomputador-marenostrum-4\/","og_locale":"es_ES","og_type":"article","og_title":"Visita t\u00e9cnica Supercomputador MARENOSTRUM 4 - Actecir","og_description":"Tendra lugar el 16 de marzo y las plazas son limitadas!","og_url":"https:\/\/www.actecir.cat\/es\/visita-tecnica-supercomputador-marenostrum-4\/","og_site_name":"Actecir","article_published_time":"2020-02-24T11:45:00+00:00","article_modified_time":"2023-04-28T11:47:49+00:00","og_image":[{"width":846,"height":320,"url":"https:\/\/www.actecir.cat\/wp-content\/uploads\/2023\/04\/mn4-icts-feder.jpg","type":"image\/jpeg"}],"author":"Soporte web","twitter_card":"summary_large_image","twitter_creator":"@actecir","twitter_site":"@actecir","twitter_misc":{"Escrito por":"Soporte web"},"schema":{"@context":"https:\/\/schema.org","@graph":[{"@type":"Article","@id":"https:\/\/www.actecir.cat\/es\/visita-tecnica-supercomputador-marenostrum-4\/#article","isPartOf":{"@id":"https:\/\/www.actecir.cat\/es\/visita-tecnica-supercomputador-marenostrum-4\/"},"author":{"name":"Soporte web","@id":"https:\/\/www.actecir.cat\/#\/schema\/person\/42edd02f0b1d55e19444428c5d321413"},"headline":"Visita t\u00e9cnica Supercomputador MARENOSTRUM 4","datePublished":"2020-02-24T11:45:00+00:00","dateModified":"2023-04-28T11:47:49+00:00","mainEntityOfPage":{"@id":"https:\/\/www.actecir.cat\/es\/visita-tecnica-supercomputador-marenostrum-4\/"},"wordCount":15,"commentCount":0,"publisher":{"@id":"https:\/\/www.actecir.cat\/#organization"},"image":{"@id":"https:\/\/www.actecir.cat\/es\/visita-tecnica-supercomputador-marenostrum-4\/#primaryimage"},"thumbnailUrl":"https:\/\/www.actecir.cat\/wp-content\/uploads\/2023\/04\/mn4-icts-feder.jpg","articleSection":["Destacamos"],"inLanguage":"es","potentialAction":[{"@type":"CommentAction","name":"Comment","target":["https:\/\/www.actecir.cat\/es\/visita-tecnica-supercomputador-marenostrum-4\/#respond"]}]},{"@type":"WebPage","@id":"https:\/\/www.actecir.cat\/es\/visita-tecnica-supercomputador-marenostrum-4\/","url":"https:\/\/www.actecir.cat\/es\/visita-tecnica-supercomputador-marenostrum-4\/","name":"Visita t\u00e9cnica Supercomputador MARENOSTRUM 4 - Actecir","isPartOf":{"@id":"https:\/\/www.actecir.cat\/#website"},"primaryImageOfPage":{"@id":"https:\/\/www.actecir.cat\/es\/visita-tecnica-supercomputador-marenostrum-4\/#primaryimage"},"image":{"@id":"https:\/\/www.actecir.cat\/es\/visita-tecnica-supercomputador-marenostrum-4\/#primaryimage"},"thumbnailUrl":"https:\/\/www.actecir.cat\/wp-content\/uploads\/2023\/04\/mn4-icts-feder.jpg","datePublished":"2020-02-24T11:45:00+00:00","dateModified":"2023-04-28T11:47:49+00:00","breadcrumb":{"@id":"https:\/\/www.actecir.cat\/es\/visita-tecnica-supercomputador-marenostrum-4\/#breadcrumb"},"inLanguage":"es","potentialAction":[{"@type":"ReadAction","target":["https:\/\/www.actecir.cat\/es\/visita-tecnica-supercomputador-marenostrum-4\/"]}]},{"@type":"ImageObject","inLanguage":"es","@id":"https:\/\/www.actecir.cat\/es\/visita-tecnica-supercomputador-marenostrum-4\/#primaryimage","url":"https:\/\/www.actecir.cat\/wp-content\/uploads\/2023\/04\/mn4-icts-feder.jpg","contentUrl":"https:\/\/www.actecir.cat\/wp-content\/uploads\/2023\/04\/mn4-icts-feder.jpg","width":846,"height":320},{"@type":"BreadcrumbList","@id":"https:\/\/www.actecir.cat\/es\/visita-tecnica-supercomputador-marenostrum-4\/#breadcrumb","itemListElement":[{"@type":"ListItem","position":1,"name":"Inici","item":"https:\/\/www.actecir.cat\/es\/"},{"@type":"ListItem","position":2,"name":"Visita t\u00e9cnica Supercomputador MARENOSTRUM 4"}]},{"@type":"WebSite","@id":"https:\/\/www.actecir.cat\/#website","url":"https:\/\/www.actecir.cat\/","name":"Actecir","description":"Associaci\u00f3 Catalana de T\u00e8cnics en Energia, Climatitzaci\u00f3 i Refrigeraci\u00f3","publisher":{"@id":"https:\/\/www.actecir.cat\/#organization"},"potentialAction":[{"@type":"SearchAction","target":{"@type":"EntryPoint","urlTemplate":"https:\/\/www.actecir.cat\/?s={search_term_string}"},"query-input":{"@type":"PropertyValueSpecification","valueRequired":true,"valueName":"search_term_string"}}],"inLanguage":"es"},{"@type":"Organization","@id":"https:\/\/www.actecir.cat\/#organization","name":"Actecir","url":"https:\/\/www.actecir.cat\/","logo":{"@type":"ImageObject","inLanguage":"es","@id":"https:\/\/www.actecir.cat\/#\/schema\/logo\/image\/","url":"https:\/\/www.actecir.cat\/wp-content\/uploads\/2023\/04\/cropped-logo_actecir_60_alto.png","contentUrl":"https:\/\/www.actecir.cat\/wp-content\/uploads\/2023\/04\/cropped-logo_actecir_60_alto.png","width":283,"height":80,"caption":"Actecir"},"image":{"@id":"https:\/\/www.actecir.cat\/#\/schema\/logo\/image\/"},"sameAs":["https:\/\/x.com\/actecir","https:\/\/www.linkedin.com\/company\/actecir"]},{"@type":"Person","@id":"https:\/\/www.actecir.cat\/#\/schema\/person\/42edd02f0b1d55e19444428c5d321413","name":"Soporte web","sameAs":["https:\/\/www.actecir.cat"],"url":"https:\/\/www.actecir.cat\/es\/author\/maensystems\/"}]}},"_links":{"self":[{"href":"https:\/\/www.actecir.cat\/es\/wp-json\/wp\/v2\/posts\/3983","targetHints":{"allow":["GET"]}}],"collection":[{"href":"https:\/\/www.actecir.cat\/es\/wp-json\/wp\/v2\/posts"}],"about":[{"href":"https:\/\/www.actecir.cat\/es\/wp-json\/wp\/v2\/types\/post"}],"author":[{"embeddable":true,"href":"https:\/\/www.actecir.cat\/es\/wp-json\/wp\/v2\/users\/1"}],"replies":[{"embeddable":true,"href":"https:\/\/www.actecir.cat\/es\/wp-json\/wp\/v2\/comments?post=3983"}],"version-history":[{"count":1,"href":"https:\/\/www.actecir.cat\/es\/wp-json\/wp\/v2\/posts\/3983\/revisions"}],"predecessor-version":[{"id":3984,"href":"https:\/\/www.actecir.cat\/es\/wp-json\/wp\/v2\/posts\/3983\/revisions\/3984"}],"wp:featuredmedia":[{"embeddable":true,"href":"https:\/\/www.actecir.cat\/es\/wp-json\/wp\/v2\/media\/3981"}],"wp:attachment":[{"href":"https:\/\/www.actecir.cat\/es\/wp-json\/wp\/v2\/media?parent=3983"}],"wp:term":[{"taxonomy":"category","embeddable":true,"href":"https:\/\/www.actecir.cat\/es\/wp-json\/wp\/v2\/categories?post=3983"},{"taxonomy":"post_tag","embeddable":true,"href":"https:\/\/www.actecir.cat\/es\/wp-json\/wp\/v2\/tags?post=3983"}],"curies":[{"name":"wp","href":"https:\/\/api.w.org\/{rel}","templated":true}]}}