{"id":4068,"date":"2019-10-24T13:50:00","date_gmt":"2019-10-24T11:50:00","guid":{"rendered":"https:\/\/www.actecir.cat\/?p=4068"},"modified":"2023-07-07T13:14:18","modified_gmt":"2023-07-07T11:14:18","slug":"jornada-actecir-y-ashrae-centro-de-proceso-de-datos","status":"publish","type":"post","link":"https:\/\/www.actecir.cat\/es\/jornada-actecir-y-ashrae-centro-de-proceso-de-datos\/","title":{"rendered":"Jornada Actecir y Ashrae: Centro de Proceso de Datos"},"content":{"rendered":"\n<p>Tendencias, Fiabilidad y Disponibilidad<\/p>\n\n\n\n<p><strong>&nbsp;INFORMACI\u00d3N DE LA JORNADA<\/strong><\/p>\n\n\n\n<p><strong>&nbsp;PROGRAMA<\/strong><\/p>\n\n\n\n<figure class=\"wp-block-table\"><table><tbody><tr><td><strong>9:30<\/strong><\/td><td>Acreditaci\u00f3n y Recepci\u00f3n de Asistentes<\/td><\/tr><tr><td><strong>10:00<\/strong><\/td><td>Bienvenida y Presentaci\u00f3n de Actecir y Ashrae<\/td><\/tr><tr><td><strong>10:10<\/strong><\/td><td>Estrategias CPD para Proveedores de Servicios IT<\/td><\/tr><tr><td><strong>10:40<\/strong><\/td><td>Climatizaci\u00f3n y Eficiencia Energ\u00e9tica en los CPD&#8217;s<\/td><\/tr><tr><td><strong>11:15<\/strong><\/td><td>Coffee Break<\/td><\/tr><tr><td><strong>11:45<\/strong><\/td><td>Los Cinco Niveles del Proceso de Commissioning aplicado a Entornos de Misi\u00f3n Cr\u00edtica<\/td><\/tr><tr><td><strong>12:05<\/strong><\/td><td>Tendencias Actuales de Data Centers<\/td><\/tr><tr><td><strong>12:25<\/strong><\/td><td>Cortes Registrados en 2016-2018. Causas, Impactos y Lecciones<\/td><\/tr><tr><td><strong>12.45<\/strong><\/td><td>Evoluci\u00f3n en las Infraestructuras de los Centros de C\u00e1lculo<\/td><\/tr><tr><td><strong>13:15<\/strong><\/td><td>Mesa Debate<\/td><\/tr><tr><td><strong>13:45<\/strong><\/td><td>C\u00f3ctel Networking<\/td><\/tr><\/tbody><\/table><\/figure>\n\n\n\n<p><strong>&nbsp;FECHA Y HORARIO:<\/strong><\/p>\n\n\n\n<p>Se realizar\u00e1 el d\u00eda<strong>&nbsp;22 de noviembre<\/strong>&nbsp;de&nbsp;<strong>9:30<\/strong>&nbsp;a<strong>&nbsp;14:30 horas.<\/strong><\/p>\n\n\n\n<p><strong>&nbsp;LUGAR<\/strong><\/p>\n\n\n\n<p>COL\u00b7LEGI D&#8217;ENGINYERS GRADUATS I ENGINYERS T\u00c8CNICS INDUSTRIALS DE BARCELONA<\/p>\n\n\n\n<p>Consell de Cent, 365, 08009 Barcelona<\/p>\n\n\n\n<figure class=\"wp-block-embed\"><div class=\"wp-block-embed__wrapper\">\nhttps:\/\/www.google.com\/maps\/embed?pb=!1m18!1m12!1m3!1d2993.1354873526507!2d2.165592615561596!3d41.392863903618284!2m3!1f0!2f0!3f0!3m2!1i1024!2i768!4f13.1!3m3!1m2!1s0x12a4a2edab9505a9%3A0xd686c600afd3c2eb!2sCalle%20del%20Consejo%20de%20Ciento%2C%20365%2C%2008009%20Barcelona!5e0!3m2!1ses!2ses!4v1568106614058!5m2!1ses!2ses\n<\/div><\/figure>\n\n\n\n<p><strong>&nbsp;PRECIO<\/strong><\/p>\n\n\n\n<p>Socios de ACTECIR, ASHRAE Y ASOCIACIONES \/ ENTIDADES COLABORADORAS:<strong>&nbsp;60,00 euros<\/strong><\/p>\n\n\n\n<p>Otros interesados:&nbsp;<strong>75,00 euros<\/strong><\/p>\n\n\n\n<p><strong>&nbsp;INSCRIPCI\u00d3N<\/strong><\/p>\n\n\n\n<p>El aforo de la Jornada es limitado y las inscripciones son personales e intransferibles, asign\u00e1ndose por riguroso orden de solicitud y recepci\u00f3n del justificante de ingreso de la cuota de inscripci\u00f3n.<\/p>\n\n\n\n<p>Realiza tu inscripci\u00f3n, enviando un correo electr\u00f3nico a&nbsp;<a href=\"mailto:administracio@actecir.cat\">actecir@actecir.cat<\/a>&nbsp;confirmando asistencia e indicando el nombre, apellidos, empresa, correo electr\u00f3nico, tel\u00e9fono, y si es el caso, si eres socio de alguna associaci\u00f3n o entidad colaboradora como hemos mencionado anteriormente.&nbsp;<\/p>\n\n\n\n<p><strong>PARA M\u00c1S INFORMACI\u00d3N:<\/strong><\/p>\n\n\n\n<p><a rel=\"noreferrer noopener\" href=\"https:\/\/www.actecir.cat\/wp-content\/uploads\/2023\/04\/Programa_JT_Data_Centers_BCN.pdf\" target=\"_blank\">\u00a0<\/a><a href=\"https:\/\/www.actecir.cat\/wp-content\/uploads\/2023\/04\/Programa_JT_Data_Centers_BCN.pdf\" target=\"_blank\" rel=\"noreferrer noopener\">PROGRAMA JT DATA CENTERS BCN<\/a><\/p>\n","protected":false},"excerpt":{"rendered":"<p>Se realizar\u00e1 el d\u00eda\u00a022 de noviembre\u00a0de\u00a09:30\u00a0a\u00a014:30 horas.<\/p>\n","protected":false},"author":1,"featured_media":4064,"comment_status":"open","ping_status":"open","sticky":false,"template":"","format":"standard","meta":{"footnotes":""},"categories":[23],"tags":[],"class_list":["post-4068","post","type-post","status-publish","format-standard","has-post-thumbnail","hentry","category-destacamos"],"yoast_head":"<!-- This site is optimized with the Yoast SEO plugin v27.2 - https:\/\/yoast.com\/product\/yoast-seo-wordpress\/ -->\n<title>Jornada Actecir y Ashrae: Centro de Proceso de Datos - Actecir<\/title>\n<meta name=\"robots\" content=\"index, follow, max-snippet:-1, max-image-preview:large, max-video-preview:-1\" \/>\n<link rel=\"canonical\" href=\"https:\/\/www.actecir.cat\/es\/jornada-actecir-y-ashrae-centro-de-proceso-de-datos\/\" \/>\n<meta property=\"og:locale\" content=\"es_ES\" \/>\n<meta property=\"og:type\" content=\"article\" \/>\n<meta property=\"og:title\" content=\"Jornada Actecir y Ashrae: Centro de Proceso de Datos - Actecir\" \/>\n<meta property=\"og:description\" content=\"Se realizar\u00e1 el d\u00eda\u00a022 de noviembre\u00a0de\u00a09:30\u00a0a\u00a014:30 horas.\" \/>\n<meta property=\"og:url\" content=\"https:\/\/www.actecir.cat\/es\/jornada-actecir-y-ashrae-centro-de-proceso-de-datos\/\" \/>\n<meta property=\"og:site_name\" content=\"Actecir\" \/>\n<meta property=\"article:published_time\" content=\"2019-10-24T11:50:00+00:00\" \/>\n<meta property=\"article:modified_time\" content=\"2023-07-07T11:14:18+00:00\" \/>\n<meta property=\"og:image\" content=\"https:\/\/www.actecir.cat\/wp-content\/uploads\/2023\/04\/Cartel_Jornada_final_600_400.jpg\" \/>\n\t<meta property=\"og:image:width\" content=\"577\" \/>\n\t<meta property=\"og:image:height\" content=\"400\" \/>\n\t<meta property=\"og:image:type\" content=\"image\/jpeg\" \/>\n<meta name=\"author\" content=\"Soporte web\" \/>\n<meta name=\"twitter:card\" content=\"summary_large_image\" \/>\n<meta name=\"twitter:creator\" content=\"@actecir\" \/>\n<meta name=\"twitter:site\" content=\"@actecir\" \/>\n<meta name=\"twitter:label1\" content=\"Escrito por\" \/>\n\t<meta name=\"twitter:data1\" content=\"Soporte web\" \/>\n\t<meta name=\"twitter:label2\" content=\"Tiempo de lectura\" \/>\n\t<meta name=\"twitter:data2\" content=\"1 minuto\" \/>\n<script type=\"application\/ld+json\" class=\"yoast-schema-graph\">{\"@context\":\"https:\/\/schema.org\",\"@graph\":[{\"@type\":\"Article\",\"@id\":\"https:\/\/www.actecir.cat\/es\/jornada-actecir-y-ashrae-centro-de-proceso-de-datos\/#article\",\"isPartOf\":{\"@id\":\"https:\/\/www.actecir.cat\/es\/jornada-actecir-y-ashrae-centro-de-proceso-de-datos\/\"},\"author\":{\"name\":\"Soporte web\",\"@id\":\"https:\/\/www.actecir.cat\/#\/schema\/person\/42edd02f0b1d55e19444428c5d321413\"},\"headline\":\"Jornada Actecir y Ashrae: Centro de Proceso de Datos\",\"datePublished\":\"2019-10-24T11:50:00+00:00\",\"dateModified\":\"2023-07-07T11:14:18+00:00\",\"mainEntityOfPage\":{\"@id\":\"https:\/\/www.actecir.cat\/es\/jornada-actecir-y-ashrae-centro-de-proceso-de-datos\/\"},\"wordCount\":298,\"commentCount\":0,\"publisher\":{\"@id\":\"https:\/\/www.actecir.cat\/#organization\"},\"image\":{\"@id\":\"https:\/\/www.actecir.cat\/es\/jornada-actecir-y-ashrae-centro-de-proceso-de-datos\/#primaryimage\"},\"thumbnailUrl\":\"https:\/\/www.actecir.cat\/wp-content\/uploads\/2023\/04\/Cartel_Jornada_final_600_400.jpg\",\"articleSection\":[\"Destacamos\"],\"inLanguage\":\"es\",\"potentialAction\":[{\"@type\":\"CommentAction\",\"name\":\"Comment\",\"target\":[\"https:\/\/www.actecir.cat\/es\/jornada-actecir-y-ashrae-centro-de-proceso-de-datos\/#respond\"]}]},{\"@type\":\"WebPage\",\"@id\":\"https:\/\/www.actecir.cat\/es\/jornada-actecir-y-ashrae-centro-de-proceso-de-datos\/\",\"url\":\"https:\/\/www.actecir.cat\/es\/jornada-actecir-y-ashrae-centro-de-proceso-de-datos\/\",\"name\":\"Jornada Actecir y Ashrae: Centro de Proceso de Datos - Actecir\",\"isPartOf\":{\"@id\":\"https:\/\/www.actecir.cat\/#website\"},\"primaryImageOfPage\":{\"@id\":\"https:\/\/www.actecir.cat\/es\/jornada-actecir-y-ashrae-centro-de-proceso-de-datos\/#primaryimage\"},\"image\":{\"@id\":\"https:\/\/www.actecir.cat\/es\/jornada-actecir-y-ashrae-centro-de-proceso-de-datos\/#primaryimage\"},\"thumbnailUrl\":\"https:\/\/www.actecir.cat\/wp-content\/uploads\/2023\/04\/Cartel_Jornada_final_600_400.jpg\",\"datePublished\":\"2019-10-24T11:50:00+00:00\",\"dateModified\":\"2023-07-07T11:14:18+00:00\",\"breadcrumb\":{\"@id\":\"https:\/\/www.actecir.cat\/es\/jornada-actecir-y-ashrae-centro-de-proceso-de-datos\/#breadcrumb\"},\"inLanguage\":\"es\",\"potentialAction\":[{\"@type\":\"ReadAction\",\"target\":[\"https:\/\/www.actecir.cat\/es\/jornada-actecir-y-ashrae-centro-de-proceso-de-datos\/\"]}]},{\"@type\":\"ImageObject\",\"inLanguage\":\"es\",\"@id\":\"https:\/\/www.actecir.cat\/es\/jornada-actecir-y-ashrae-centro-de-proceso-de-datos\/#primaryimage\",\"url\":\"https:\/\/www.actecir.cat\/wp-content\/uploads\/2023\/04\/Cartel_Jornada_final_600_400.jpg\",\"contentUrl\":\"https:\/\/www.actecir.cat\/wp-content\/uploads\/2023\/04\/Cartel_Jornada_final_600_400.jpg\",\"width\":577,\"height\":400},{\"@type\":\"BreadcrumbList\",\"@id\":\"https:\/\/www.actecir.cat\/es\/jornada-actecir-y-ashrae-centro-de-proceso-de-datos\/#breadcrumb\",\"itemListElement\":[{\"@type\":\"ListItem\",\"position\":1,\"name\":\"Inici\",\"item\":\"https:\/\/www.actecir.cat\/es\/\"},{\"@type\":\"ListItem\",\"position\":2,\"name\":\"Jornada Actecir y Ashrae: Centro de Proceso de Datos\"}]},{\"@type\":\"WebSite\",\"@id\":\"https:\/\/www.actecir.cat\/#website\",\"url\":\"https:\/\/www.actecir.cat\/\",\"name\":\"Actecir\",\"description\":\"Associaci\u00f3 Catalana de T\u00e8cnics en Energia, Climatitzaci\u00f3 i Refrigeraci\u00f3\",\"publisher\":{\"@id\":\"https:\/\/www.actecir.cat\/#organization\"},\"potentialAction\":[{\"@type\":\"SearchAction\",\"target\":{\"@type\":\"EntryPoint\",\"urlTemplate\":\"https:\/\/www.actecir.cat\/?s={search_term_string}\"},\"query-input\":{\"@type\":\"PropertyValueSpecification\",\"valueRequired\":true,\"valueName\":\"search_term_string\"}}],\"inLanguage\":\"es\"},{\"@type\":\"Organization\",\"@id\":\"https:\/\/www.actecir.cat\/#organization\",\"name\":\"Actecir\",\"url\":\"https:\/\/www.actecir.cat\/\",\"logo\":{\"@type\":\"ImageObject\",\"inLanguage\":\"es\",\"@id\":\"https:\/\/www.actecir.cat\/#\/schema\/logo\/image\/\",\"url\":\"https:\/\/www.actecir.cat\/wp-content\/uploads\/2023\/04\/cropped-logo_actecir_60_alto.png\",\"contentUrl\":\"https:\/\/www.actecir.cat\/wp-content\/uploads\/2023\/04\/cropped-logo_actecir_60_alto.png\",\"width\":283,\"height\":80,\"caption\":\"Actecir\"},\"image\":{\"@id\":\"https:\/\/www.actecir.cat\/#\/schema\/logo\/image\/\"},\"sameAs\":[\"https:\/\/x.com\/actecir\",\"https:\/\/www.linkedin.com\/company\/actecir\"]},{\"@type\":\"Person\",\"@id\":\"https:\/\/www.actecir.cat\/#\/schema\/person\/42edd02f0b1d55e19444428c5d321413\",\"name\":\"Soporte web\",\"sameAs\":[\"https:\/\/www.actecir.cat\"],\"url\":\"https:\/\/www.actecir.cat\/es\/author\/maensystems\/\"}]}<\/script>\n<!-- \/ Yoast SEO plugin. -->","yoast_head_json":{"title":"Jornada Actecir y Ashrae: Centro de Proceso de Datos - Actecir","robots":{"index":"index","follow":"follow","max-snippet":"max-snippet:-1","max-image-preview":"max-image-preview:large","max-video-preview":"max-video-preview:-1"},"canonical":"https:\/\/www.actecir.cat\/es\/jornada-actecir-y-ashrae-centro-de-proceso-de-datos\/","og_locale":"es_ES","og_type":"article","og_title":"Jornada Actecir y Ashrae: Centro de Proceso de Datos - Actecir","og_description":"Se realizar\u00e1 el d\u00eda\u00a022 de noviembre\u00a0de\u00a09:30\u00a0a\u00a014:30 horas.","og_url":"https:\/\/www.actecir.cat\/es\/jornada-actecir-y-ashrae-centro-de-proceso-de-datos\/","og_site_name":"Actecir","article_published_time":"2019-10-24T11:50:00+00:00","article_modified_time":"2023-07-07T11:14:18+00:00","og_image":[{"width":577,"height":400,"url":"https:\/\/www.actecir.cat\/wp-content\/uploads\/2023\/04\/Cartel_Jornada_final_600_400.jpg","type":"image\/jpeg"}],"author":"Soporte web","twitter_card":"summary_large_image","twitter_creator":"@actecir","twitter_site":"@actecir","twitter_misc":{"Escrito por":"Soporte web","Tiempo de lectura":"1 minuto"},"schema":{"@context":"https:\/\/schema.org","@graph":[{"@type":"Article","@id":"https:\/\/www.actecir.cat\/es\/jornada-actecir-y-ashrae-centro-de-proceso-de-datos\/#article","isPartOf":{"@id":"https:\/\/www.actecir.cat\/es\/jornada-actecir-y-ashrae-centro-de-proceso-de-datos\/"},"author":{"name":"Soporte web","@id":"https:\/\/www.actecir.cat\/#\/schema\/person\/42edd02f0b1d55e19444428c5d321413"},"headline":"Jornada Actecir y Ashrae: Centro de Proceso de Datos","datePublished":"2019-10-24T11:50:00+00:00","dateModified":"2023-07-07T11:14:18+00:00","mainEntityOfPage":{"@id":"https:\/\/www.actecir.cat\/es\/jornada-actecir-y-ashrae-centro-de-proceso-de-datos\/"},"wordCount":298,"commentCount":0,"publisher":{"@id":"https:\/\/www.actecir.cat\/#organization"},"image":{"@id":"https:\/\/www.actecir.cat\/es\/jornada-actecir-y-ashrae-centro-de-proceso-de-datos\/#primaryimage"},"thumbnailUrl":"https:\/\/www.actecir.cat\/wp-content\/uploads\/2023\/04\/Cartel_Jornada_final_600_400.jpg","articleSection":["Destacamos"],"inLanguage":"es","potentialAction":[{"@type":"CommentAction","name":"Comment","target":["https:\/\/www.actecir.cat\/es\/jornada-actecir-y-ashrae-centro-de-proceso-de-datos\/#respond"]}]},{"@type":"WebPage","@id":"https:\/\/www.actecir.cat\/es\/jornada-actecir-y-ashrae-centro-de-proceso-de-datos\/","url":"https:\/\/www.actecir.cat\/es\/jornada-actecir-y-ashrae-centro-de-proceso-de-datos\/","name":"Jornada Actecir y Ashrae: Centro de Proceso de Datos - Actecir","isPartOf":{"@id":"https:\/\/www.actecir.cat\/#website"},"primaryImageOfPage":{"@id":"https:\/\/www.actecir.cat\/es\/jornada-actecir-y-ashrae-centro-de-proceso-de-datos\/#primaryimage"},"image":{"@id":"https:\/\/www.actecir.cat\/es\/jornada-actecir-y-ashrae-centro-de-proceso-de-datos\/#primaryimage"},"thumbnailUrl":"https:\/\/www.actecir.cat\/wp-content\/uploads\/2023\/04\/Cartel_Jornada_final_600_400.jpg","datePublished":"2019-10-24T11:50:00+00:00","dateModified":"2023-07-07T11:14:18+00:00","breadcrumb":{"@id":"https:\/\/www.actecir.cat\/es\/jornada-actecir-y-ashrae-centro-de-proceso-de-datos\/#breadcrumb"},"inLanguage":"es","potentialAction":[{"@type":"ReadAction","target":["https:\/\/www.actecir.cat\/es\/jornada-actecir-y-ashrae-centro-de-proceso-de-datos\/"]}]},{"@type":"ImageObject","inLanguage":"es","@id":"https:\/\/www.actecir.cat\/es\/jornada-actecir-y-ashrae-centro-de-proceso-de-datos\/#primaryimage","url":"https:\/\/www.actecir.cat\/wp-content\/uploads\/2023\/04\/Cartel_Jornada_final_600_400.jpg","contentUrl":"https:\/\/www.actecir.cat\/wp-content\/uploads\/2023\/04\/Cartel_Jornada_final_600_400.jpg","width":577,"height":400},{"@type":"BreadcrumbList","@id":"https:\/\/www.actecir.cat\/es\/jornada-actecir-y-ashrae-centro-de-proceso-de-datos\/#breadcrumb","itemListElement":[{"@type":"ListItem","position":1,"name":"Inici","item":"https:\/\/www.actecir.cat\/es\/"},{"@type":"ListItem","position":2,"name":"Jornada Actecir y Ashrae: Centro de Proceso de Datos"}]},{"@type":"WebSite","@id":"https:\/\/www.actecir.cat\/#website","url":"https:\/\/www.actecir.cat\/","name":"Actecir","description":"Associaci\u00f3 Catalana de T\u00e8cnics en Energia, Climatitzaci\u00f3 i Refrigeraci\u00f3","publisher":{"@id":"https:\/\/www.actecir.cat\/#organization"},"potentialAction":[{"@type":"SearchAction","target":{"@type":"EntryPoint","urlTemplate":"https:\/\/www.actecir.cat\/?s={search_term_string}"},"query-input":{"@type":"PropertyValueSpecification","valueRequired":true,"valueName":"search_term_string"}}],"inLanguage":"es"},{"@type":"Organization","@id":"https:\/\/www.actecir.cat\/#organization","name":"Actecir","url":"https:\/\/www.actecir.cat\/","logo":{"@type":"ImageObject","inLanguage":"es","@id":"https:\/\/www.actecir.cat\/#\/schema\/logo\/image\/","url":"https:\/\/www.actecir.cat\/wp-content\/uploads\/2023\/04\/cropped-logo_actecir_60_alto.png","contentUrl":"https:\/\/www.actecir.cat\/wp-content\/uploads\/2023\/04\/cropped-logo_actecir_60_alto.png","width":283,"height":80,"caption":"Actecir"},"image":{"@id":"https:\/\/www.actecir.cat\/#\/schema\/logo\/image\/"},"sameAs":["https:\/\/x.com\/actecir","https:\/\/www.linkedin.com\/company\/actecir"]},{"@type":"Person","@id":"https:\/\/www.actecir.cat\/#\/schema\/person\/42edd02f0b1d55e19444428c5d321413","name":"Soporte web","sameAs":["https:\/\/www.actecir.cat"],"url":"https:\/\/www.actecir.cat\/es\/author\/maensystems\/"}]}},"_links":{"self":[{"href":"https:\/\/www.actecir.cat\/es\/wp-json\/wp\/v2\/posts\/4068","targetHints":{"allow":["GET"]}}],"collection":[{"href":"https:\/\/www.actecir.cat\/es\/wp-json\/wp\/v2\/posts"}],"about":[{"href":"https:\/\/www.actecir.cat\/es\/wp-json\/wp\/v2\/types\/post"}],"author":[{"embeddable":true,"href":"https:\/\/www.actecir.cat\/es\/wp-json\/wp\/v2\/users\/1"}],"replies":[{"embeddable":true,"href":"https:\/\/www.actecir.cat\/es\/wp-json\/wp\/v2\/comments?post=4068"}],"version-history":[{"count":2,"href":"https:\/\/www.actecir.cat\/es\/wp-json\/wp\/v2\/posts\/4068\/revisions"}],"predecessor-version":[{"id":10957,"href":"https:\/\/www.actecir.cat\/es\/wp-json\/wp\/v2\/posts\/4068\/revisions\/10957"}],"wp:featuredmedia":[{"embeddable":true,"href":"https:\/\/www.actecir.cat\/es\/wp-json\/wp\/v2\/media\/4064"}],"wp:attachment":[{"href":"https:\/\/www.actecir.cat\/es\/wp-json\/wp\/v2\/media?parent=4068"}],"wp:term":[{"taxonomy":"category","embeddable":true,"href":"https:\/\/www.actecir.cat\/es\/wp-json\/wp\/v2\/categories?post=4068"},{"taxonomy":"post_tag","embeddable":true,"href":"https:\/\/www.actecir.cat\/es\/wp-json\/wp\/v2\/tags?post=4068"}],"curies":[{"name":"wp","href":"https:\/\/api.w.org\/{rel}","templated":true}]}}