{"id":4088,"date":"2019-08-01T14:08:00","date_gmt":"2019-08-01T12:08:00","guid":{"rendered":"https:\/\/www.actecir.cat\/?p=4088"},"modified":"2023-07-07T13:16:21","modified_gmt":"2023-07-07T11:16:21","slug":"instalaciones-frigorificas-con-amoniaco-como-refrigerante","status":"publish","type":"post","link":"https:\/\/www.actecir.cat\/es\/instalaciones-frigorificas-con-amoniaco-como-refrigerante\/","title":{"rendered":"Instalaciones frigor\u00edficas con amon\u00edaco como refrigerante"},"content":{"rendered":"\n<p>11\u00aa Edici\u00f3n del CURSO ESPEC\u00cdFICO<\/p>\n\n\n\n<p>Este curso consiste en analizar el funcionamiento de las instalaciones frigor\u00edficas estableciendo las bases para el c\u00e1lculo de los componentes, dise\u00f1o y construcci\u00f3n de instalaciones frigor\u00edficas de amon\u00edaco; haciendo especial hincapi\u00e9 en las caracter\u00edsticas particulares que deben reunir respecto de la seguridad, facilidad de mantenimiento y eficiencia energ\u00e9tica.<\/p>\n\n\n\n<p>\u00a0<a href=\"https:\/\/www.actecir.cat\/wp-content\/uploads\/2023\/04\/DIPTICO_CURSO_AMONIACO_-_Octubre19.pdf\" target=\"_blank\" rel=\"noreferrer noopener\">Acceso a programa<\/a><\/p>\n\n\n\n<p>&nbsp;<a href=\"https:\/\/www.actecir.cat\/wp-content\/uploads\/2023\/07\/Inscripcion_CURSO_amoniac_2019.docx\" target=\"_blank\" rel=\"noreferrer noopener\">Inscripci\u00f3n<\/a><\/p>\n","protected":false},"excerpt":{"rendered":"<p>11\u00aa Edici\u00f3n del CURSO ESPEC\u00cdFICO<\/p>\n","protected":false},"author":1,"featured_media":4086,"comment_status":"open","ping_status":"open","sticky":false,"template":"","format":"standard","meta":{"footnotes":""},"categories":[23],"tags":[],"class_list":["post-4088","post","type-post","status-publish","format-standard","has-post-thumbnail","hentry","category-destacamos"],"yoast_head":"<!-- This site is optimized with the Yoast SEO plugin v27.2 - https:\/\/yoast.com\/product\/yoast-seo-wordpress\/ -->\n<title>Instalaciones frigor\u00edficas con amon\u00edaco como refrigerante - Actecir<\/title>\n<meta name=\"robots\" content=\"index, follow, max-snippet:-1, max-image-preview:large, max-video-preview:-1\" \/>\n<link rel=\"canonical\" href=\"https:\/\/www.actecir.cat\/es\/instalaciones-frigorificas-con-amoniaco-como-refrigerante\/\" \/>\n<meta property=\"og:locale\" content=\"es_ES\" \/>\n<meta property=\"og:type\" content=\"article\" \/>\n<meta property=\"og:title\" content=\"Instalaciones frigor\u00edficas con amon\u00edaco como refrigerante - Actecir\" \/>\n<meta property=\"og:description\" content=\"11\u00aa Edici\u00f3n del CURSO ESPEC\u00cdFICO\" \/>\n<meta property=\"og:url\" content=\"https:\/\/www.actecir.cat\/es\/instalaciones-frigorificas-con-amoniaco-como-refrigerante\/\" \/>\n<meta property=\"og:site_name\" content=\"Actecir\" \/>\n<meta property=\"article:published_time\" content=\"2019-08-01T12:08:00+00:00\" \/>\n<meta property=\"article:modified_time\" content=\"2023-07-07T11:16:21+00:00\" \/>\n<meta property=\"og:image\" content=\"https:\/\/www.actecir.cat\/wp-content\/uploads\/2023\/04\/2019-instalacions.jpg\" \/>\n\t<meta property=\"og:image:width\" content=\"788\" \/>\n\t<meta property=\"og:image:height\" content=\"598\" \/>\n\t<meta property=\"og:image:type\" content=\"image\/jpeg\" \/>\n<meta name=\"author\" content=\"Soporte web\" \/>\n<meta name=\"twitter:card\" content=\"summary_large_image\" \/>\n<meta name=\"twitter:creator\" content=\"@actecir\" \/>\n<meta name=\"twitter:site\" content=\"@actecir\" \/>\n<meta name=\"twitter:label1\" content=\"Escrito por\" \/>\n\t<meta name=\"twitter:data1\" content=\"Soporte web\" \/>\n<script type=\"application\/ld+json\" class=\"yoast-schema-graph\">{\"@context\":\"https:\/\/schema.org\",\"@graph\":[{\"@type\":\"Article\",\"@id\":\"https:\/\/www.actecir.cat\/es\/instalaciones-frigorificas-con-amoniaco-como-refrigerante\/#article\",\"isPartOf\":{\"@id\":\"https:\/\/www.actecir.cat\/es\/instalaciones-frigorificas-con-amoniaco-como-refrigerante\/\"},\"author\":{\"name\":\"Soporte web\",\"@id\":\"https:\/\/www.actecir.cat\/#\/schema\/person\/42edd02f0b1d55e19444428c5d321413\"},\"headline\":\"Instalaciones frigor\u00edficas con amon\u00edaco como refrigerante\",\"datePublished\":\"2019-08-01T12:08:00+00:00\",\"dateModified\":\"2023-07-07T11:16:21+00:00\",\"mainEntityOfPage\":{\"@id\":\"https:\/\/www.actecir.cat\/es\/instalaciones-frigorificas-con-amoniaco-como-refrigerante\/\"},\"wordCount\":76,\"commentCount\":0,\"publisher\":{\"@id\":\"https:\/\/www.actecir.cat\/#organization\"},\"image\":{\"@id\":\"https:\/\/www.actecir.cat\/es\/instalaciones-frigorificas-con-amoniaco-como-refrigerante\/#primaryimage\"},\"thumbnailUrl\":\"https:\/\/www.actecir.cat\/wp-content\/uploads\/2023\/04\/2019-instalacions.jpg\",\"articleSection\":[\"Destacamos\"],\"inLanguage\":\"es\",\"potentialAction\":[{\"@type\":\"CommentAction\",\"name\":\"Comment\",\"target\":[\"https:\/\/www.actecir.cat\/es\/instalaciones-frigorificas-con-amoniaco-como-refrigerante\/#respond\"]}]},{\"@type\":\"WebPage\",\"@id\":\"https:\/\/www.actecir.cat\/es\/instalaciones-frigorificas-con-amoniaco-como-refrigerante\/\",\"url\":\"https:\/\/www.actecir.cat\/es\/instalaciones-frigorificas-con-amoniaco-como-refrigerante\/\",\"name\":\"Instalaciones frigor\u00edficas con amon\u00edaco como refrigerante - Actecir\",\"isPartOf\":{\"@id\":\"https:\/\/www.actecir.cat\/#website\"},\"primaryImageOfPage\":{\"@id\":\"https:\/\/www.actecir.cat\/es\/instalaciones-frigorificas-con-amoniaco-como-refrigerante\/#primaryimage\"},\"image\":{\"@id\":\"https:\/\/www.actecir.cat\/es\/instalaciones-frigorificas-con-amoniaco-como-refrigerante\/#primaryimage\"},\"thumbnailUrl\":\"https:\/\/www.actecir.cat\/wp-content\/uploads\/2023\/04\/2019-instalacions.jpg\",\"datePublished\":\"2019-08-01T12:08:00+00:00\",\"dateModified\":\"2023-07-07T11:16:21+00:00\",\"breadcrumb\":{\"@id\":\"https:\/\/www.actecir.cat\/es\/instalaciones-frigorificas-con-amoniaco-como-refrigerante\/#breadcrumb\"},\"inLanguage\":\"es\",\"potentialAction\":[{\"@type\":\"ReadAction\",\"target\":[\"https:\/\/www.actecir.cat\/es\/instalaciones-frigorificas-con-amoniaco-como-refrigerante\/\"]}]},{\"@type\":\"ImageObject\",\"inLanguage\":\"es\",\"@id\":\"https:\/\/www.actecir.cat\/es\/instalaciones-frigorificas-con-amoniaco-como-refrigerante\/#primaryimage\",\"url\":\"https:\/\/www.actecir.cat\/wp-content\/uploads\/2023\/04\/2019-instalacions.jpg\",\"contentUrl\":\"https:\/\/www.actecir.cat\/wp-content\/uploads\/2023\/04\/2019-instalacions.jpg\",\"width\":788,\"height\":598},{\"@type\":\"BreadcrumbList\",\"@id\":\"https:\/\/www.actecir.cat\/es\/instalaciones-frigorificas-con-amoniaco-como-refrigerante\/#breadcrumb\",\"itemListElement\":[{\"@type\":\"ListItem\",\"position\":1,\"name\":\"Inici\",\"item\":\"https:\/\/www.actecir.cat\/es\/\"},{\"@type\":\"ListItem\",\"position\":2,\"name\":\"Instalaciones frigor\u00edficas con amon\u00edaco como refrigerante\"}]},{\"@type\":\"WebSite\",\"@id\":\"https:\/\/www.actecir.cat\/#website\",\"url\":\"https:\/\/www.actecir.cat\/\",\"name\":\"Actecir\",\"description\":\"Associaci\u00f3 Catalana de T\u00e8cnics en Energia, Climatitzaci\u00f3 i Refrigeraci\u00f3\",\"publisher\":{\"@id\":\"https:\/\/www.actecir.cat\/#organization\"},\"potentialAction\":[{\"@type\":\"SearchAction\",\"target\":{\"@type\":\"EntryPoint\",\"urlTemplate\":\"https:\/\/www.actecir.cat\/?s={search_term_string}\"},\"query-input\":{\"@type\":\"PropertyValueSpecification\",\"valueRequired\":true,\"valueName\":\"search_term_string\"}}],\"inLanguage\":\"es\"},{\"@type\":\"Organization\",\"@id\":\"https:\/\/www.actecir.cat\/#organization\",\"name\":\"Actecir\",\"url\":\"https:\/\/www.actecir.cat\/\",\"logo\":{\"@type\":\"ImageObject\",\"inLanguage\":\"es\",\"@id\":\"https:\/\/www.actecir.cat\/#\/schema\/logo\/image\/\",\"url\":\"https:\/\/www.actecir.cat\/wp-content\/uploads\/2023\/04\/cropped-logo_actecir_60_alto.png\",\"contentUrl\":\"https:\/\/www.actecir.cat\/wp-content\/uploads\/2023\/04\/cropped-logo_actecir_60_alto.png\",\"width\":283,\"height\":80,\"caption\":\"Actecir\"},\"image\":{\"@id\":\"https:\/\/www.actecir.cat\/#\/schema\/logo\/image\/\"},\"sameAs\":[\"https:\/\/x.com\/actecir\",\"https:\/\/www.linkedin.com\/company\/actecir\"]},{\"@type\":\"Person\",\"@id\":\"https:\/\/www.actecir.cat\/#\/schema\/person\/42edd02f0b1d55e19444428c5d321413\",\"name\":\"Soporte web\",\"sameAs\":[\"https:\/\/www.actecir.cat\"],\"url\":\"https:\/\/www.actecir.cat\/es\/author\/maensystems\/\"}]}<\/script>\n<!-- \/ Yoast SEO plugin. -->","yoast_head_json":{"title":"Instalaciones frigor\u00edficas con amon\u00edaco como refrigerante - Actecir","robots":{"index":"index","follow":"follow","max-snippet":"max-snippet:-1","max-image-preview":"max-image-preview:large","max-video-preview":"max-video-preview:-1"},"canonical":"https:\/\/www.actecir.cat\/es\/instalaciones-frigorificas-con-amoniaco-como-refrigerante\/","og_locale":"es_ES","og_type":"article","og_title":"Instalaciones frigor\u00edficas con amon\u00edaco como refrigerante - Actecir","og_description":"11\u00aa Edici\u00f3n del CURSO ESPEC\u00cdFICO","og_url":"https:\/\/www.actecir.cat\/es\/instalaciones-frigorificas-con-amoniaco-como-refrigerante\/","og_site_name":"Actecir","article_published_time":"2019-08-01T12:08:00+00:00","article_modified_time":"2023-07-07T11:16:21+00:00","og_image":[{"width":788,"height":598,"url":"https:\/\/www.actecir.cat\/wp-content\/uploads\/2023\/04\/2019-instalacions.jpg","type":"image\/jpeg"}],"author":"Soporte web","twitter_card":"summary_large_image","twitter_creator":"@actecir","twitter_site":"@actecir","twitter_misc":{"Escrito por":"Soporte web"},"schema":{"@context":"https:\/\/schema.org","@graph":[{"@type":"Article","@id":"https:\/\/www.actecir.cat\/es\/instalaciones-frigorificas-con-amoniaco-como-refrigerante\/#article","isPartOf":{"@id":"https:\/\/www.actecir.cat\/es\/instalaciones-frigorificas-con-amoniaco-como-refrigerante\/"},"author":{"name":"Soporte web","@id":"https:\/\/www.actecir.cat\/#\/schema\/person\/42edd02f0b1d55e19444428c5d321413"},"headline":"Instalaciones frigor\u00edficas con amon\u00edaco como refrigerante","datePublished":"2019-08-01T12:08:00+00:00","dateModified":"2023-07-07T11:16:21+00:00","mainEntityOfPage":{"@id":"https:\/\/www.actecir.cat\/es\/instalaciones-frigorificas-con-amoniaco-como-refrigerante\/"},"wordCount":76,"commentCount":0,"publisher":{"@id":"https:\/\/www.actecir.cat\/#organization"},"image":{"@id":"https:\/\/www.actecir.cat\/es\/instalaciones-frigorificas-con-amoniaco-como-refrigerante\/#primaryimage"},"thumbnailUrl":"https:\/\/www.actecir.cat\/wp-content\/uploads\/2023\/04\/2019-instalacions.jpg","articleSection":["Destacamos"],"inLanguage":"es","potentialAction":[{"@type":"CommentAction","name":"Comment","target":["https:\/\/www.actecir.cat\/es\/instalaciones-frigorificas-con-amoniaco-como-refrigerante\/#respond"]}]},{"@type":"WebPage","@id":"https:\/\/www.actecir.cat\/es\/instalaciones-frigorificas-con-amoniaco-como-refrigerante\/","url":"https:\/\/www.actecir.cat\/es\/instalaciones-frigorificas-con-amoniaco-como-refrigerante\/","name":"Instalaciones frigor\u00edficas con amon\u00edaco como refrigerante - Actecir","isPartOf":{"@id":"https:\/\/www.actecir.cat\/#website"},"primaryImageOfPage":{"@id":"https:\/\/www.actecir.cat\/es\/instalaciones-frigorificas-con-amoniaco-como-refrigerante\/#primaryimage"},"image":{"@id":"https:\/\/www.actecir.cat\/es\/instalaciones-frigorificas-con-amoniaco-como-refrigerante\/#primaryimage"},"thumbnailUrl":"https:\/\/www.actecir.cat\/wp-content\/uploads\/2023\/04\/2019-instalacions.jpg","datePublished":"2019-08-01T12:08:00+00:00","dateModified":"2023-07-07T11:16:21+00:00","breadcrumb":{"@id":"https:\/\/www.actecir.cat\/es\/instalaciones-frigorificas-con-amoniaco-como-refrigerante\/#breadcrumb"},"inLanguage":"es","potentialAction":[{"@type":"ReadAction","target":["https:\/\/www.actecir.cat\/es\/instalaciones-frigorificas-con-amoniaco-como-refrigerante\/"]}]},{"@type":"ImageObject","inLanguage":"es","@id":"https:\/\/www.actecir.cat\/es\/instalaciones-frigorificas-con-amoniaco-como-refrigerante\/#primaryimage","url":"https:\/\/www.actecir.cat\/wp-content\/uploads\/2023\/04\/2019-instalacions.jpg","contentUrl":"https:\/\/www.actecir.cat\/wp-content\/uploads\/2023\/04\/2019-instalacions.jpg","width":788,"height":598},{"@type":"BreadcrumbList","@id":"https:\/\/www.actecir.cat\/es\/instalaciones-frigorificas-con-amoniaco-como-refrigerante\/#breadcrumb","itemListElement":[{"@type":"ListItem","position":1,"name":"Inici","item":"https:\/\/www.actecir.cat\/es\/"},{"@type":"ListItem","position":2,"name":"Instalaciones frigor\u00edficas con amon\u00edaco como refrigerante"}]},{"@type":"WebSite","@id":"https:\/\/www.actecir.cat\/#website","url":"https:\/\/www.actecir.cat\/","name":"Actecir","description":"Associaci\u00f3 Catalana de T\u00e8cnics en Energia, Climatitzaci\u00f3 i Refrigeraci\u00f3","publisher":{"@id":"https:\/\/www.actecir.cat\/#organization"},"potentialAction":[{"@type":"SearchAction","target":{"@type":"EntryPoint","urlTemplate":"https:\/\/www.actecir.cat\/?s={search_term_string}"},"query-input":{"@type":"PropertyValueSpecification","valueRequired":true,"valueName":"search_term_string"}}],"inLanguage":"es"},{"@type":"Organization","@id":"https:\/\/www.actecir.cat\/#organization","name":"Actecir","url":"https:\/\/www.actecir.cat\/","logo":{"@type":"ImageObject","inLanguage":"es","@id":"https:\/\/www.actecir.cat\/#\/schema\/logo\/image\/","url":"https:\/\/www.actecir.cat\/wp-content\/uploads\/2023\/04\/cropped-logo_actecir_60_alto.png","contentUrl":"https:\/\/www.actecir.cat\/wp-content\/uploads\/2023\/04\/cropped-logo_actecir_60_alto.png","width":283,"height":80,"caption":"Actecir"},"image":{"@id":"https:\/\/www.actecir.cat\/#\/schema\/logo\/image\/"},"sameAs":["https:\/\/x.com\/actecir","https:\/\/www.linkedin.com\/company\/actecir"]},{"@type":"Person","@id":"https:\/\/www.actecir.cat\/#\/schema\/person\/42edd02f0b1d55e19444428c5d321413","name":"Soporte web","sameAs":["https:\/\/www.actecir.cat"],"url":"https:\/\/www.actecir.cat\/es\/author\/maensystems\/"}]}},"_links":{"self":[{"href":"https:\/\/www.actecir.cat\/es\/wp-json\/wp\/v2\/posts\/4088","targetHints":{"allow":["GET"]}}],"collection":[{"href":"https:\/\/www.actecir.cat\/es\/wp-json\/wp\/v2\/posts"}],"about":[{"href":"https:\/\/www.actecir.cat\/es\/wp-json\/wp\/v2\/types\/post"}],"author":[{"embeddable":true,"href":"https:\/\/www.actecir.cat\/es\/wp-json\/wp\/v2\/users\/1"}],"replies":[{"embeddable":true,"href":"https:\/\/www.actecir.cat\/es\/wp-json\/wp\/v2\/comments?post=4088"}],"version-history":[{"count":2,"href":"https:\/\/www.actecir.cat\/es\/wp-json\/wp\/v2\/posts\/4088\/revisions"}],"predecessor-version":[{"id":10963,"href":"https:\/\/www.actecir.cat\/es\/wp-json\/wp\/v2\/posts\/4088\/revisions\/10963"}],"wp:featuredmedia":[{"embeddable":true,"href":"https:\/\/www.actecir.cat\/es\/wp-json\/wp\/v2\/media\/4086"}],"wp:attachment":[{"href":"https:\/\/www.actecir.cat\/es\/wp-json\/wp\/v2\/media?parent=4088"}],"wp:term":[{"taxonomy":"category","embeddable":true,"href":"https:\/\/www.actecir.cat\/es\/wp-json\/wp\/v2\/categories?post=4088"},{"taxonomy":"post_tag","embeddable":true,"href":"https:\/\/www.actecir.cat\/es\/wp-json\/wp\/v2\/tags?post=4088"}],"curies":[{"name":"wp","href":"https:\/\/api.w.org\/{rel}","templated":true}]}}