{"id":4128,"date":"2019-07-02T14:32:00","date_gmt":"2019-07-02T12:32:00","guid":{"rendered":"https:\/\/www.actecir.cat\/?p=4128"},"modified":"2023-07-07T16:00:15","modified_gmt":"2023-07-07T14:00:15","slug":"rebuild-2019","status":"publish","type":"post","link":"https:\/\/www.actecir.cat\/es\/rebuild-2019\/","title":{"rendered":"REBUILD 2019"},"content":{"rendered":"&#13;\n<p>Es celebrar\u00e0 els dies 17, 18 i 19 de setembre a IFEMA (Madrid).<\/p>&#13;\n&#13;\n<p>En REBUILD proporcionen una plataforma \u00fanica d&#8217;innovaci\u00f3 per dinamitzar el sector d&#8217;edificaci\u00f3. Un lloc en el que el professional del sector disposa d&#8217;un entorn especialitzat on trobar els \u00faltims productes, materials, solucions i serveis.<\/p>&#13;\n&#13;\n<p>REBUILD \u00e9s la plataforma perqu\u00e8 els fabricants i distribu\u00efdors:<\/p>&#13;\n&#13;\n<p>&gt; Identifiquin els nous constructors, promotors, empreses de rehabilitaci\u00f3, arquitectes, aparelladors i instal\u00b7ladors.<\/p>&#13;\n&#13;\n<p>&gt; Trobin els projectes i parcs d&#8217;habitatge per reformar o que van a posar-se en marxa pr\u00f2ximament.<\/p>&#13;\n&#13;\n<p>&gt; Presentin les seves novetats, productes i innovacions.<\/p>&#13;\n&#13;\n<p>&gt; Comuniquin i s&#8217;associ\u00efn com un partner en el marc de la rehabilitaci\u00f3.<\/p>&#13;\n&#13;\n<p><strong>REBUILD acull el Congr\u00e9s Nacional d&#8217;Arquitectura Avan\u00e7ada i Construcci\u00f3 4.0<\/strong>. Un espai on\u00a0<strong>descobrir nous materials, les \u00faltimes tecnologies emergents i els sistemes constructius<\/strong>\u00a0m\u00e9s innovadors. Una cita ineludible per al professional que vol impulsar la seva activitat al major nivell de competitivitat i innovaci\u00f3. Com dissenyar i construir nous espais amb realitat virtual; el nou codi t\u00e8cnic d&#8217;edificaci\u00f3; 3D i fabricaci\u00f3 additiva aplicada a la rehabilitaci\u00f3; El Iot en la gesti\u00f3 d&#8217;edifici; BIM, aplicacions i plataformes cloud; Efici\u00e8ncia Energ\u00e8tica en Habitatges i Edificis o nous perfils i capacitaci\u00f3 professional per a un renovat sector.<\/p>&#13;\n&#13;\n<p>A m\u00e9s de la Fira-ShowRoom i el Congr\u00e9s Nacional d&#8217;Arquitectura Avan\u00e7ada i Construcci\u00f3 4.0, REBUILD suma altres esdeveniments que el converteixen en una cita ineludible per a qualsevol empresari o professional del sector de la construcci\u00f3, l&#8217;interiorisme i la rehabilitaci\u00f3.<\/p>&#13;\n&#13;\n<p><strong>\u00a0HORARI<\/strong><\/p>&#13;\n&#13;\n<h2 class=\"wp-block-heading\">Rebuild | 17-19 setembre 2019| Madrid \u2013 IFEMA<\/h2>&#13;\n&#13;\n<p><strong>Obertura registre visitants<\/strong>: 09:00 a 18:00 h<\/p>&#13;\n&#13;\n<p><strong>Acc\u00e9s Expositors<\/strong>: 09:00 a 19:30 h<\/p>&#13;\n&#13;\n<p><strong>Acc\u00e9s Visitants \u00e0rea Exposici\u00f3\u00a0<\/strong>: 09:30 a 18:30 h<\/p>&#13;\n&#13;\n<p><strong>\u00a0AGENDA<\/strong><\/p>&#13;\n&#13;\n<figure class=\"wp-block-image\"><img decoding=\"async\" src=\"https:\/\/www.actecir.cat\/wp-content\/uploads\/2023\/07\/agenda-17-2-1024x742-2.png\" alt=\"agenda 17 2 1024x742\"\/><\/figure>&#13;\n&#13;\n<figure class=\"wp-block-image\"><img decoding=\"async\" src=\"https:\/\/www.actecir.cat\/wp-content\/uploads\/2023\/07\/agenda-18-1024x742-1.png\" alt=\"agenda 18 1024x742\"\/><\/figure>&#13;\n&#13;\n<figure class=\"wp-block-image\"><img decoding=\"async\" src=\"https:\/\/www.actecir.cat\/wp-content\/uploads\/2023\/07\/agenda-19-1024x742-1.png\" alt=\"agenda 19 1024x742\"\/><\/figure>&#13;\n&#13;\n<p><strong>\u00a0ENTRADES<\/strong><\/p>&#13;\n&#13;\n<p>Per ser soci o s\u00f2cia d&#8217;ACTECIR tens uns codis de descompte (entrades limitades per ordre d&#8217;inscripci\u00f3) que podr\u00e0s descarregar-te en l&#8217;apartat de SOCIS en la carpeta de FIRES.<\/p>&#13;\n&#13;\n<p><a href=\"https:\/\/www.actecir.cat\/fira-rebuild-2021-del-21-al-23-de-setembre-2021\/\" target=\"_blank\" rel=\"noreferrer noopener\" class=\"\">FES CLICK AQUI PER ACONSEGUIR EL TEU DESCOMPTE<\/a><\/p>&#13;\n&#13;\n<p><a href=\"https:\/\/www.actecir.cat\/es\/rebuild-2019\/\" target=\"_blank\" rel=\"noreferrer noopener\"><\/a><\/p>&#13;\n","protected":false},"excerpt":{"rendered":"<p>Se celebrar\u00e1 los d\u00edas 17, 18 y 19 de septiembre en IFEMA (Madrid).<\/p>\n","protected":false},"author":1,"featured_media":4126,"comment_status":"open","ping_status":"open","sticky":false,"template":"","format":"standard","meta":{"footnotes":""},"categories":[23],"tags":[],"class_list":["post-4128","post","type-post","status-publish","format-standard","has-post-thumbnail","hentry","category-destacamos"],"yoast_head":"<!-- This site is optimized with the Yoast SEO plugin v27.2 - https:\/\/yoast.com\/product\/yoast-seo-wordpress\/ -->\n<title>REBUILD 2019 - Actecir<\/title>\n<meta name=\"robots\" content=\"index, follow, max-snippet:-1, max-image-preview:large, max-video-preview:-1\" \/>\n<link rel=\"canonical\" href=\"https:\/\/www.actecir.cat\/es\/rebuild-2019\/\" \/>\n<meta property=\"og:locale\" content=\"es_ES\" \/>\n<meta property=\"og:type\" content=\"article\" \/>\n<meta property=\"og:title\" content=\"REBUILD 2019 - Actecir\" \/>\n<meta property=\"og:description\" content=\"Se celebrar\u00e1 los d\u00edas 17, 18 y 19 de septiembre en IFEMA (Madrid).\" \/>\n<meta property=\"og:url\" content=\"https:\/\/www.actecir.cat\/es\/rebuild-2019\/\" \/>\n<meta property=\"og:site_name\" content=\"Actecir\" \/>\n<meta property=\"article:published_time\" content=\"2019-07-02T12:32:00+00:00\" \/>\n<meta property=\"article:modified_time\" content=\"2023-07-07T14:00:15+00:00\" \/>\n<meta property=\"og:image\" content=\"https:\/\/www.actecir.cat\/wp-content\/uploads\/2023\/04\/rebuild-2019.jpeg\" \/>\n\t<meta property=\"og:image:width\" content=\"275\" \/>\n\t<meta property=\"og:image:height\" content=\"183\" \/>\n\t<meta property=\"og:image:type\" content=\"image\/jpeg\" \/>\n<meta name=\"author\" content=\"Soporte web\" \/>\n<meta name=\"twitter:card\" content=\"summary_large_image\" \/>\n<meta name=\"twitter:creator\" content=\"@actecir\" \/>\n<meta name=\"twitter:site\" content=\"@actecir\" \/>\n<meta name=\"twitter:label1\" content=\"Escrito por\" \/>\n\t<meta name=\"twitter:data1\" content=\"Soporte web\" \/>\n\t<meta name=\"twitter:label2\" content=\"Tiempo de lectura\" \/>\n\t<meta name=\"twitter:data2\" content=\"2 minutos\" \/>\n<script type=\"application\/ld+json\" class=\"yoast-schema-graph\">{\"@context\":\"https:\/\/schema.org\",\"@graph\":[{\"@type\":\"Article\",\"@id\":\"https:\/\/www.actecir.cat\/es\/rebuild-2019\/#article\",\"isPartOf\":{\"@id\":\"https:\/\/www.actecir.cat\/es\/rebuild-2019\/\"},\"author\":{\"name\":\"Soporte web\",\"@id\":\"https:\/\/www.actecir.cat\/#\/schema\/person\/42edd02f0b1d55e19444428c5d321413\"},\"headline\":\"REBUILD 2019\",\"datePublished\":\"2019-07-02T12:32:00+00:00\",\"dateModified\":\"2023-07-07T14:00:15+00:00\",\"mainEntityOfPage\":{\"@id\":\"https:\/\/www.actecir.cat\/es\/rebuild-2019\/\"},\"wordCount\":327,\"commentCount\":0,\"publisher\":{\"@id\":\"https:\/\/www.actecir.cat\/#organization\"},\"image\":{\"@id\":\"https:\/\/www.actecir.cat\/es\/rebuild-2019\/#primaryimage\"},\"thumbnailUrl\":\"https:\/\/www.actecir.cat\/wp-content\/uploads\/2023\/04\/rebuild-2019.jpeg\",\"articleSection\":[\"Destacamos\"],\"inLanguage\":\"es\",\"potentialAction\":[{\"@type\":\"CommentAction\",\"name\":\"Comment\",\"target\":[\"https:\/\/www.actecir.cat\/es\/rebuild-2019\/#respond\"]}]},{\"@type\":\"WebPage\",\"@id\":\"https:\/\/www.actecir.cat\/es\/rebuild-2019\/\",\"url\":\"https:\/\/www.actecir.cat\/es\/rebuild-2019\/\",\"name\":\"REBUILD 2019 - Actecir\",\"isPartOf\":{\"@id\":\"https:\/\/www.actecir.cat\/#website\"},\"primaryImageOfPage\":{\"@id\":\"https:\/\/www.actecir.cat\/es\/rebuild-2019\/#primaryimage\"},\"image\":{\"@id\":\"https:\/\/www.actecir.cat\/es\/rebuild-2019\/#primaryimage\"},\"thumbnailUrl\":\"https:\/\/www.actecir.cat\/wp-content\/uploads\/2023\/04\/rebuild-2019.jpeg\",\"datePublished\":\"2019-07-02T12:32:00+00:00\",\"dateModified\":\"2023-07-07T14:00:15+00:00\",\"breadcrumb\":{\"@id\":\"https:\/\/www.actecir.cat\/es\/rebuild-2019\/#breadcrumb\"},\"inLanguage\":\"es\",\"potentialAction\":[{\"@type\":\"ReadAction\",\"target\":[\"https:\/\/www.actecir.cat\/es\/rebuild-2019\/\"]}]},{\"@type\":\"ImageObject\",\"inLanguage\":\"es\",\"@id\":\"https:\/\/www.actecir.cat\/es\/rebuild-2019\/#primaryimage\",\"url\":\"https:\/\/www.actecir.cat\/wp-content\/uploads\/2023\/04\/rebuild-2019.jpeg\",\"contentUrl\":\"https:\/\/www.actecir.cat\/wp-content\/uploads\/2023\/04\/rebuild-2019.jpeg\",\"width\":275,\"height\":183},{\"@type\":\"BreadcrumbList\",\"@id\":\"https:\/\/www.actecir.cat\/es\/rebuild-2019\/#breadcrumb\",\"itemListElement\":[{\"@type\":\"ListItem\",\"position\":1,\"name\":\"Inici\",\"item\":\"https:\/\/www.actecir.cat\/es\/\"},{\"@type\":\"ListItem\",\"position\":2,\"name\":\"REBUILD 2019\"}]},{\"@type\":\"WebSite\",\"@id\":\"https:\/\/www.actecir.cat\/#website\",\"url\":\"https:\/\/www.actecir.cat\/\",\"name\":\"Actecir\",\"description\":\"Associaci\u00f3 Catalana de T\u00e8cnics en Energia, Climatitzaci\u00f3 i Refrigeraci\u00f3\",\"publisher\":{\"@id\":\"https:\/\/www.actecir.cat\/#organization\"},\"potentialAction\":[{\"@type\":\"SearchAction\",\"target\":{\"@type\":\"EntryPoint\",\"urlTemplate\":\"https:\/\/www.actecir.cat\/?s={search_term_string}\"},\"query-input\":{\"@type\":\"PropertyValueSpecification\",\"valueRequired\":true,\"valueName\":\"search_term_string\"}}],\"inLanguage\":\"es\"},{\"@type\":\"Organization\",\"@id\":\"https:\/\/www.actecir.cat\/#organization\",\"name\":\"Actecir\",\"url\":\"https:\/\/www.actecir.cat\/\",\"logo\":{\"@type\":\"ImageObject\",\"inLanguage\":\"es\",\"@id\":\"https:\/\/www.actecir.cat\/#\/schema\/logo\/image\/\",\"url\":\"https:\/\/www.actecir.cat\/wp-content\/uploads\/2023\/04\/cropped-logo_actecir_60_alto.png\",\"contentUrl\":\"https:\/\/www.actecir.cat\/wp-content\/uploads\/2023\/04\/cropped-logo_actecir_60_alto.png\",\"width\":283,\"height\":80,\"caption\":\"Actecir\"},\"image\":{\"@id\":\"https:\/\/www.actecir.cat\/#\/schema\/logo\/image\/\"},\"sameAs\":[\"https:\/\/x.com\/actecir\",\"https:\/\/www.linkedin.com\/company\/actecir\"]},{\"@type\":\"Person\",\"@id\":\"https:\/\/www.actecir.cat\/#\/schema\/person\/42edd02f0b1d55e19444428c5d321413\",\"name\":\"Soporte web\",\"sameAs\":[\"https:\/\/www.actecir.cat\"],\"url\":\"https:\/\/www.actecir.cat\/es\/author\/maensystems\/\"}]}<\/script>\n<!-- \/ Yoast SEO plugin. -->","yoast_head_json":{"title":"REBUILD 2019 - Actecir","robots":{"index":"index","follow":"follow","max-snippet":"max-snippet:-1","max-image-preview":"max-image-preview:large","max-video-preview":"max-video-preview:-1"},"canonical":"https:\/\/www.actecir.cat\/es\/rebuild-2019\/","og_locale":"es_ES","og_type":"article","og_title":"REBUILD 2019 - Actecir","og_description":"Se celebrar\u00e1 los d\u00edas 17, 18 y 19 de septiembre en IFEMA (Madrid).","og_url":"https:\/\/www.actecir.cat\/es\/rebuild-2019\/","og_site_name":"Actecir","article_published_time":"2019-07-02T12:32:00+00:00","article_modified_time":"2023-07-07T14:00:15+00:00","og_image":[{"width":275,"height":183,"url":"https:\/\/www.actecir.cat\/wp-content\/uploads\/2023\/04\/rebuild-2019.jpeg","type":"image\/jpeg"}],"author":"Soporte web","twitter_card":"summary_large_image","twitter_creator":"@actecir","twitter_site":"@actecir","twitter_misc":{"Escrito por":"Soporte web","Tiempo de lectura":"2 minutos"},"schema":{"@context":"https:\/\/schema.org","@graph":[{"@type":"Article","@id":"https:\/\/www.actecir.cat\/es\/rebuild-2019\/#article","isPartOf":{"@id":"https:\/\/www.actecir.cat\/es\/rebuild-2019\/"},"author":{"name":"Soporte web","@id":"https:\/\/www.actecir.cat\/#\/schema\/person\/42edd02f0b1d55e19444428c5d321413"},"headline":"REBUILD 2019","datePublished":"2019-07-02T12:32:00+00:00","dateModified":"2023-07-07T14:00:15+00:00","mainEntityOfPage":{"@id":"https:\/\/www.actecir.cat\/es\/rebuild-2019\/"},"wordCount":327,"commentCount":0,"publisher":{"@id":"https:\/\/www.actecir.cat\/#organization"},"image":{"@id":"https:\/\/www.actecir.cat\/es\/rebuild-2019\/#primaryimage"},"thumbnailUrl":"https:\/\/www.actecir.cat\/wp-content\/uploads\/2023\/04\/rebuild-2019.jpeg","articleSection":["Destacamos"],"inLanguage":"es","potentialAction":[{"@type":"CommentAction","name":"Comment","target":["https:\/\/www.actecir.cat\/es\/rebuild-2019\/#respond"]}]},{"@type":"WebPage","@id":"https:\/\/www.actecir.cat\/es\/rebuild-2019\/","url":"https:\/\/www.actecir.cat\/es\/rebuild-2019\/","name":"REBUILD 2019 - Actecir","isPartOf":{"@id":"https:\/\/www.actecir.cat\/#website"},"primaryImageOfPage":{"@id":"https:\/\/www.actecir.cat\/es\/rebuild-2019\/#primaryimage"},"image":{"@id":"https:\/\/www.actecir.cat\/es\/rebuild-2019\/#primaryimage"},"thumbnailUrl":"https:\/\/www.actecir.cat\/wp-content\/uploads\/2023\/04\/rebuild-2019.jpeg","datePublished":"2019-07-02T12:32:00+00:00","dateModified":"2023-07-07T14:00:15+00:00","breadcrumb":{"@id":"https:\/\/www.actecir.cat\/es\/rebuild-2019\/#breadcrumb"},"inLanguage":"es","potentialAction":[{"@type":"ReadAction","target":["https:\/\/www.actecir.cat\/es\/rebuild-2019\/"]}]},{"@type":"ImageObject","inLanguage":"es","@id":"https:\/\/www.actecir.cat\/es\/rebuild-2019\/#primaryimage","url":"https:\/\/www.actecir.cat\/wp-content\/uploads\/2023\/04\/rebuild-2019.jpeg","contentUrl":"https:\/\/www.actecir.cat\/wp-content\/uploads\/2023\/04\/rebuild-2019.jpeg","width":275,"height":183},{"@type":"BreadcrumbList","@id":"https:\/\/www.actecir.cat\/es\/rebuild-2019\/#breadcrumb","itemListElement":[{"@type":"ListItem","position":1,"name":"Inici","item":"https:\/\/www.actecir.cat\/es\/"},{"@type":"ListItem","position":2,"name":"REBUILD 2019"}]},{"@type":"WebSite","@id":"https:\/\/www.actecir.cat\/#website","url":"https:\/\/www.actecir.cat\/","name":"Actecir","description":"Associaci\u00f3 Catalana de T\u00e8cnics en Energia, Climatitzaci\u00f3 i Refrigeraci\u00f3","publisher":{"@id":"https:\/\/www.actecir.cat\/#organization"},"potentialAction":[{"@type":"SearchAction","target":{"@type":"EntryPoint","urlTemplate":"https:\/\/www.actecir.cat\/?s={search_term_string}"},"query-input":{"@type":"PropertyValueSpecification","valueRequired":true,"valueName":"search_term_string"}}],"inLanguage":"es"},{"@type":"Organization","@id":"https:\/\/www.actecir.cat\/#organization","name":"Actecir","url":"https:\/\/www.actecir.cat\/","logo":{"@type":"ImageObject","inLanguage":"es","@id":"https:\/\/www.actecir.cat\/#\/schema\/logo\/image\/","url":"https:\/\/www.actecir.cat\/wp-content\/uploads\/2023\/04\/cropped-logo_actecir_60_alto.png","contentUrl":"https:\/\/www.actecir.cat\/wp-content\/uploads\/2023\/04\/cropped-logo_actecir_60_alto.png","width":283,"height":80,"caption":"Actecir"},"image":{"@id":"https:\/\/www.actecir.cat\/#\/schema\/logo\/image\/"},"sameAs":["https:\/\/x.com\/actecir","https:\/\/www.linkedin.com\/company\/actecir"]},{"@type":"Person","@id":"https:\/\/www.actecir.cat\/#\/schema\/person\/42edd02f0b1d55e19444428c5d321413","name":"Soporte web","sameAs":["https:\/\/www.actecir.cat"],"url":"https:\/\/www.actecir.cat\/es\/author\/maensystems\/"}]}},"_links":{"self":[{"href":"https:\/\/www.actecir.cat\/es\/wp-json\/wp\/v2\/posts\/4128","targetHints":{"allow":["GET"]}}],"collection":[{"href":"https:\/\/www.actecir.cat\/es\/wp-json\/wp\/v2\/posts"}],"about":[{"href":"https:\/\/www.actecir.cat\/es\/wp-json\/wp\/v2\/types\/post"}],"author":[{"embeddable":true,"href":"https:\/\/www.actecir.cat\/es\/wp-json\/wp\/v2\/users\/1"}],"replies":[{"embeddable":true,"href":"https:\/\/www.actecir.cat\/es\/wp-json\/wp\/v2\/comments?post=4128"}],"version-history":[{"count":6,"href":"https:\/\/www.actecir.cat\/es\/wp-json\/wp\/v2\/posts\/4128\/revisions"}],"predecessor-version":[{"id":11464,"href":"https:\/\/www.actecir.cat\/es\/wp-json\/wp\/v2\/posts\/4128\/revisions\/11464"}],"wp:featuredmedia":[{"embeddable":true,"href":"https:\/\/www.actecir.cat\/es\/wp-json\/wp\/v2\/media\/4126"}],"wp:attachment":[{"href":"https:\/\/www.actecir.cat\/es\/wp-json\/wp\/v2\/media?parent=4128"}],"wp:term":[{"taxonomy":"category","embeddable":true,"href":"https:\/\/www.actecir.cat\/es\/wp-json\/wp\/v2\/categories?post=4128"},{"taxonomy":"post_tag","embeddable":true,"href":"https:\/\/www.actecir.cat\/es\/wp-json\/wp\/v2\/tags?post=4128"}],"curies":[{"name":"wp","href":"https:\/\/api.w.org\/{rel}","templated":true}]}}