{"id":4132,"date":"2019-06-28T14:47:00","date_gmt":"2019-06-28T12:47:00","guid":{"rendered":"https:\/\/www.actecir.cat\/?p=4132"},"modified":"2023-07-07T15:33:06","modified_gmt":"2023-07-07T13:33:06","slug":"asamblea-anual-de-socios-y-socias-de-actecir-2019","status":"publish","type":"post","link":"https:\/\/www.actecir.cat\/es\/asamblea-anual-de-socios-y-socias-de-actecir-2019\/","title":{"rendered":"Asamblea Anual de socios y socias de Actecir 2019"},"content":{"rendered":"\r\n<p>Tuvo lugar en la Nissan Brand Center<\/p>\r\n\r\n\r\n\r\n<p>Ayer, d\u00eda 27 de junio de 2019, se celebr\u00f3 la Asamblea Anual de socios y socias de Actecir 2019 en la Nissan Brand Center. En la Asamblea se coment\u00f3 como se cerraron los n\u00fameros del a\u00f1o pasado, 2018. Tambi\u00e9n, en el estado que se encuentra actualmente Actecir y hasta d\u00f3nde se quiere llegar.<\/p>\r\n\r\n\r\n\r\n<p>Desde hace tres a\u00f1os Actecir, sobre todo el pasado a\u00f1o 2018 y el a\u00f1o actual 2019, la asociaci\u00f3n ha hecho muchos cambios, la mayor parte positivos para seguir mejorando y creciendo en el sector.<\/p>\r\n\r\n\r\n\r\n<p>Los objetivos principales es hacer m\u00e1s visible la Asociaci\u00f3n, aumentar la masa social (socios, entidades y micro-entidades), aumentar el alquiler de equipos de medida y potenciar la formaci\u00f3n, etc. De ah\u00ed que la primera actuaci\u00f3n fue sanear la estructura administrativa interna, a fin de hacerla m\u00e1s rentable y efectiva.<\/p>\r\n\r\n\r\n\r\n<figure class=\"wp-block-image\"><img decoding=\"async\" src=\"https:\/\/www.actecir.cat\/wp-content\/uploads\/2019\/06\/actecir.png\" alt=\"actecir\"\/><\/figure>\r\n\r\n\r\n\r\n<p>Para dar m\u00e1s visibilidad a Actecir se hizo una nueva WEB, que se estren\u00f3 en julio de 2018. Y para hacer m\u00e1s efectivo el trabajo, el 2018, se renov\u00f3 los equipos inform\u00e1ticos. Este a\u00f1o 2019 optamos por la creaci\u00f3n de un v\u00eddeo llamado &#8220;10 razones para hacerse socio&#8221;.<\/p>\r\n\r\n\r\n\r\n<p>Tambi\u00e9n, y para poder abarcar m\u00e1s \u00e1mbitos de actuaci\u00f3n, se crearon 3 nuevas \u00e1reas t\u00e9cnicas, como: Calefacci\u00f3n y ACS, Energ\u00edas Renovables, y Ventilaci\u00f3n y Tratamiento de aire, que se a\u00f1ad\u00edan a las existentes de energ\u00eda, Climatizaci\u00f3n, y Refrigeraci\u00f3n. Tambi\u00e9n se aprovech\u00f3 para reestructurar la Junta Directiva, con la incorporaci\u00f3n de nuevas personas, personas con mucho empuje e iniciativa.<\/p>\r\n\r\n\r\n\r\n<figure class=\"wp-block-image\"><img decoding=\"async\" src=\"https:\/\/www.actecir.cat\/wp-content\/uploads\/2023\/07\/actecir_2.png\" alt=\"actecir 2\" \/><\/figure>\r\n\r\n\r\n\r\n<p>Y la \u00faltima, y \u200b\u200bcon el fin de poder aumentar los ingresos, se potenciaron, y mucho, los cursos de formaci\u00f3n, ya desde finales de 2017, durante todo el 2018, y tambi\u00e9n en el 2019. Cursos realizados en colaboraci\u00f3n con AEFYT , con quien nos une una magn\u00edfica relaci\u00f3n.<\/p>\r\n\r\n\r\n\r\n<p>Todo esto y mucho m\u00e1s se coment\u00f3 ayer en las instalaciones de la Nissan donde nos dejaron probar sus coches el\u00e9ctricos. Fue toda una experiencia!<\/p>\r\n\r\n\r\n\r\n<figure class=\"wp-block-image is-resized\"><img fetchpriority=\"high\" decoding=\"async\" src=\"https:\/\/www.actecir.cat\/wp-content\/uploads\/2023\/07\/Nissan_2.jpg\" alt=\"Nissan 2\" width=\"600\" height=\"450\" \/><\/figure>\r\n\r\n\r\n\r\n<figure class=\"wp-block-image is-resized\"><img decoding=\"async\" src=\"https:\/\/www.actecir.cat\/wp-content\/uploads\/2023\/07\/Nissan_3.jpg\" alt=\"Nissan 3\" width=\"609\" height=\"457\" \/><\/figure>\r\n\r\n\r\n\r\n<figure class=\"wp-block-image is-resized\"><img decoding=\"async\" src=\"https:\/\/www.actecir.cat\/wp-content\/uploads\/2023\/07\/Nissan_4.jpg\" alt=\"Nissan 4\" width=\"633\" height=\"475\" \/><\/figure>\r\n","protected":false},"excerpt":{"rendered":"<p>27 de junio de 2019<\/p>\n","protected":false},"author":1,"featured_media":3865,"comment_status":"open","ping_status":"open","sticky":false,"template":"","format":"standard","meta":{"footnotes":""},"categories":[23],"tags":[],"class_list":["post-4132","post","type-post","status-publish","format-standard","has-post-thumbnail","hentry","category-destacamos"],"yoast_head":"<!-- This site is optimized with the Yoast SEO plugin v27.2 - https:\/\/yoast.com\/product\/yoast-seo-wordpress\/ -->\n<title>Asamblea Anual de socios y socias de Actecir 2019 - Actecir<\/title>\n<meta name=\"robots\" content=\"index, follow, max-snippet:-1, max-image-preview:large, max-video-preview:-1\" \/>\n<link rel=\"canonical\" href=\"https:\/\/www.actecir.cat\/es\/asamblea-anual-de-socios-y-socias-de-actecir-2019\/\" \/>\n<meta property=\"og:locale\" content=\"es_ES\" \/>\n<meta property=\"og:type\" content=\"article\" \/>\n<meta property=\"og:title\" content=\"Asamblea Anual de socios y socias de Actecir 2019 - Actecir\" \/>\n<meta property=\"og:description\" content=\"27 de junio de 2019\" \/>\n<meta property=\"og:url\" content=\"https:\/\/www.actecir.cat\/es\/asamblea-anual-de-socios-y-socias-de-actecir-2019\/\" \/>\n<meta property=\"og:site_name\" content=\"Actecir\" \/>\n<meta property=\"article:published_time\" content=\"2019-06-28T12:47:00+00:00\" \/>\n<meta property=\"article:modified_time\" content=\"2023-07-07T13:33:06+00:00\" \/>\n<meta property=\"og:image\" content=\"https:\/\/www.actecir.cat\/wp-content\/uploads\/2023\/04\/portada.jpg\" \/>\n\t<meta property=\"og:image:width\" content=\"600\" \/>\n\t<meta property=\"og:image:height\" content=\"400\" \/>\n\t<meta property=\"og:image:type\" content=\"image\/jpeg\" \/>\n<meta name=\"author\" content=\"Soporte web\" \/>\n<meta name=\"twitter:card\" content=\"summary_large_image\" \/>\n<meta name=\"twitter:creator\" content=\"@actecir\" \/>\n<meta name=\"twitter:site\" content=\"@actecir\" \/>\n<meta name=\"twitter:label1\" content=\"Escrito por\" \/>\n\t<meta name=\"twitter:data1\" content=\"Soporte web\" \/>\n\t<meta name=\"twitter:label2\" content=\"Tiempo de lectura\" \/>\n\t<meta name=\"twitter:data2\" content=\"2 minutos\" \/>\n<script type=\"application\/ld+json\" class=\"yoast-schema-graph\">{\"@context\":\"https:\/\/schema.org\",\"@graph\":[{\"@type\":\"Article\",\"@id\":\"https:\/\/www.actecir.cat\/es\/asamblea-anual-de-socios-y-socias-de-actecir-2019\/#article\",\"isPartOf\":{\"@id\":\"https:\/\/www.actecir.cat\/es\/asamblea-anual-de-socios-y-socias-de-actecir-2019\/\"},\"author\":{\"name\":\"Soporte web\",\"@id\":\"https:\/\/www.actecir.cat\/#\/schema\/person\/42edd02f0b1d55e19444428c5d321413\"},\"headline\":\"Asamblea Anual de socios y socias de Actecir 2019\",\"datePublished\":\"2019-06-28T12:47:00+00:00\",\"dateModified\":\"2023-07-07T13:33:06+00:00\",\"mainEntityOfPage\":{\"@id\":\"https:\/\/www.actecir.cat\/es\/asamblea-anual-de-socios-y-socias-de-actecir-2019\/\"},\"wordCount\":356,\"commentCount\":0,\"publisher\":{\"@id\":\"https:\/\/www.actecir.cat\/#organization\"},\"image\":{\"@id\":\"https:\/\/www.actecir.cat\/es\/asamblea-anual-de-socios-y-socias-de-actecir-2019\/#primaryimage\"},\"thumbnailUrl\":\"https:\/\/www.actecir.cat\/wp-content\/uploads\/2023\/04\/portada.jpg\",\"articleSection\":[\"Destacamos\"],\"inLanguage\":\"es\",\"potentialAction\":[{\"@type\":\"CommentAction\",\"name\":\"Comment\",\"target\":[\"https:\/\/www.actecir.cat\/es\/asamblea-anual-de-socios-y-socias-de-actecir-2019\/#respond\"]}]},{\"@type\":\"WebPage\",\"@id\":\"https:\/\/www.actecir.cat\/es\/asamblea-anual-de-socios-y-socias-de-actecir-2019\/\",\"url\":\"https:\/\/www.actecir.cat\/es\/asamblea-anual-de-socios-y-socias-de-actecir-2019\/\",\"name\":\"Asamblea Anual de socios y socias de Actecir 2019 - Actecir\",\"isPartOf\":{\"@id\":\"https:\/\/www.actecir.cat\/#website\"},\"primaryImageOfPage\":{\"@id\":\"https:\/\/www.actecir.cat\/es\/asamblea-anual-de-socios-y-socias-de-actecir-2019\/#primaryimage\"},\"image\":{\"@id\":\"https:\/\/www.actecir.cat\/es\/asamblea-anual-de-socios-y-socias-de-actecir-2019\/#primaryimage\"},\"thumbnailUrl\":\"https:\/\/www.actecir.cat\/wp-content\/uploads\/2023\/04\/portada.jpg\",\"datePublished\":\"2019-06-28T12:47:00+00:00\",\"dateModified\":\"2023-07-07T13:33:06+00:00\",\"breadcrumb\":{\"@id\":\"https:\/\/www.actecir.cat\/es\/asamblea-anual-de-socios-y-socias-de-actecir-2019\/#breadcrumb\"},\"inLanguage\":\"es\",\"potentialAction\":[{\"@type\":\"ReadAction\",\"target\":[\"https:\/\/www.actecir.cat\/es\/asamblea-anual-de-socios-y-socias-de-actecir-2019\/\"]}]},{\"@type\":\"ImageObject\",\"inLanguage\":\"es\",\"@id\":\"https:\/\/www.actecir.cat\/es\/asamblea-anual-de-socios-y-socias-de-actecir-2019\/#primaryimage\",\"url\":\"https:\/\/www.actecir.cat\/wp-content\/uploads\/2023\/04\/portada.jpg\",\"contentUrl\":\"https:\/\/www.actecir.cat\/wp-content\/uploads\/2023\/04\/portada.jpg\",\"width\":600,\"height\":400},{\"@type\":\"BreadcrumbList\",\"@id\":\"https:\/\/www.actecir.cat\/es\/asamblea-anual-de-socios-y-socias-de-actecir-2019\/#breadcrumb\",\"itemListElement\":[{\"@type\":\"ListItem\",\"position\":1,\"name\":\"Inici\",\"item\":\"https:\/\/www.actecir.cat\/es\/\"},{\"@type\":\"ListItem\",\"position\":2,\"name\":\"Asamblea Anual de socios y socias de Actecir 2019\"}]},{\"@type\":\"WebSite\",\"@id\":\"https:\/\/www.actecir.cat\/#website\",\"url\":\"https:\/\/www.actecir.cat\/\",\"name\":\"Actecir\",\"description\":\"Associaci\u00f3 Catalana de T\u00e8cnics en Energia, Climatitzaci\u00f3 i Refrigeraci\u00f3\",\"publisher\":{\"@id\":\"https:\/\/www.actecir.cat\/#organization\"},\"potentialAction\":[{\"@type\":\"SearchAction\",\"target\":{\"@type\":\"EntryPoint\",\"urlTemplate\":\"https:\/\/www.actecir.cat\/?s={search_term_string}\"},\"query-input\":{\"@type\":\"PropertyValueSpecification\",\"valueRequired\":true,\"valueName\":\"search_term_string\"}}],\"inLanguage\":\"es\"},{\"@type\":\"Organization\",\"@id\":\"https:\/\/www.actecir.cat\/#organization\",\"name\":\"Actecir\",\"url\":\"https:\/\/www.actecir.cat\/\",\"logo\":{\"@type\":\"ImageObject\",\"inLanguage\":\"es\",\"@id\":\"https:\/\/www.actecir.cat\/#\/schema\/logo\/image\/\",\"url\":\"https:\/\/www.actecir.cat\/wp-content\/uploads\/2023\/04\/cropped-logo_actecir_60_alto.png\",\"contentUrl\":\"https:\/\/www.actecir.cat\/wp-content\/uploads\/2023\/04\/cropped-logo_actecir_60_alto.png\",\"width\":283,\"height\":80,\"caption\":\"Actecir\"},\"image\":{\"@id\":\"https:\/\/www.actecir.cat\/#\/schema\/logo\/image\/\"},\"sameAs\":[\"https:\/\/x.com\/actecir\",\"https:\/\/www.linkedin.com\/company\/actecir\"]},{\"@type\":\"Person\",\"@id\":\"https:\/\/www.actecir.cat\/#\/schema\/person\/42edd02f0b1d55e19444428c5d321413\",\"name\":\"Soporte web\",\"sameAs\":[\"https:\/\/www.actecir.cat\"],\"url\":\"https:\/\/www.actecir.cat\/es\/author\/maensystems\/\"}]}<\/script>\n<!-- \/ Yoast SEO plugin. -->","yoast_head_json":{"title":"Asamblea Anual de socios y socias de Actecir 2019 - Actecir","robots":{"index":"index","follow":"follow","max-snippet":"max-snippet:-1","max-image-preview":"max-image-preview:large","max-video-preview":"max-video-preview:-1"},"canonical":"https:\/\/www.actecir.cat\/es\/asamblea-anual-de-socios-y-socias-de-actecir-2019\/","og_locale":"es_ES","og_type":"article","og_title":"Asamblea Anual de socios y socias de Actecir 2019 - Actecir","og_description":"27 de junio de 2019","og_url":"https:\/\/www.actecir.cat\/es\/asamblea-anual-de-socios-y-socias-de-actecir-2019\/","og_site_name":"Actecir","article_published_time":"2019-06-28T12:47:00+00:00","article_modified_time":"2023-07-07T13:33:06+00:00","og_image":[{"width":600,"height":400,"url":"https:\/\/www.actecir.cat\/wp-content\/uploads\/2023\/04\/portada.jpg","type":"image\/jpeg"}],"author":"Soporte web","twitter_card":"summary_large_image","twitter_creator":"@actecir","twitter_site":"@actecir","twitter_misc":{"Escrito por":"Soporte web","Tiempo de lectura":"2 minutos"},"schema":{"@context":"https:\/\/schema.org","@graph":[{"@type":"Article","@id":"https:\/\/www.actecir.cat\/es\/asamblea-anual-de-socios-y-socias-de-actecir-2019\/#article","isPartOf":{"@id":"https:\/\/www.actecir.cat\/es\/asamblea-anual-de-socios-y-socias-de-actecir-2019\/"},"author":{"name":"Soporte web","@id":"https:\/\/www.actecir.cat\/#\/schema\/person\/42edd02f0b1d55e19444428c5d321413"},"headline":"Asamblea Anual de socios y socias de Actecir 2019","datePublished":"2019-06-28T12:47:00+00:00","dateModified":"2023-07-07T13:33:06+00:00","mainEntityOfPage":{"@id":"https:\/\/www.actecir.cat\/es\/asamblea-anual-de-socios-y-socias-de-actecir-2019\/"},"wordCount":356,"commentCount":0,"publisher":{"@id":"https:\/\/www.actecir.cat\/#organization"},"image":{"@id":"https:\/\/www.actecir.cat\/es\/asamblea-anual-de-socios-y-socias-de-actecir-2019\/#primaryimage"},"thumbnailUrl":"https:\/\/www.actecir.cat\/wp-content\/uploads\/2023\/04\/portada.jpg","articleSection":["Destacamos"],"inLanguage":"es","potentialAction":[{"@type":"CommentAction","name":"Comment","target":["https:\/\/www.actecir.cat\/es\/asamblea-anual-de-socios-y-socias-de-actecir-2019\/#respond"]}]},{"@type":"WebPage","@id":"https:\/\/www.actecir.cat\/es\/asamblea-anual-de-socios-y-socias-de-actecir-2019\/","url":"https:\/\/www.actecir.cat\/es\/asamblea-anual-de-socios-y-socias-de-actecir-2019\/","name":"Asamblea Anual de socios y socias de Actecir 2019 - Actecir","isPartOf":{"@id":"https:\/\/www.actecir.cat\/#website"},"primaryImageOfPage":{"@id":"https:\/\/www.actecir.cat\/es\/asamblea-anual-de-socios-y-socias-de-actecir-2019\/#primaryimage"},"image":{"@id":"https:\/\/www.actecir.cat\/es\/asamblea-anual-de-socios-y-socias-de-actecir-2019\/#primaryimage"},"thumbnailUrl":"https:\/\/www.actecir.cat\/wp-content\/uploads\/2023\/04\/portada.jpg","datePublished":"2019-06-28T12:47:00+00:00","dateModified":"2023-07-07T13:33:06+00:00","breadcrumb":{"@id":"https:\/\/www.actecir.cat\/es\/asamblea-anual-de-socios-y-socias-de-actecir-2019\/#breadcrumb"},"inLanguage":"es","potentialAction":[{"@type":"ReadAction","target":["https:\/\/www.actecir.cat\/es\/asamblea-anual-de-socios-y-socias-de-actecir-2019\/"]}]},{"@type":"ImageObject","inLanguage":"es","@id":"https:\/\/www.actecir.cat\/es\/asamblea-anual-de-socios-y-socias-de-actecir-2019\/#primaryimage","url":"https:\/\/www.actecir.cat\/wp-content\/uploads\/2023\/04\/portada.jpg","contentUrl":"https:\/\/www.actecir.cat\/wp-content\/uploads\/2023\/04\/portada.jpg","width":600,"height":400},{"@type":"BreadcrumbList","@id":"https:\/\/www.actecir.cat\/es\/asamblea-anual-de-socios-y-socias-de-actecir-2019\/#breadcrumb","itemListElement":[{"@type":"ListItem","position":1,"name":"Inici","item":"https:\/\/www.actecir.cat\/es\/"},{"@type":"ListItem","position":2,"name":"Asamblea Anual de socios y socias de Actecir 2019"}]},{"@type":"WebSite","@id":"https:\/\/www.actecir.cat\/#website","url":"https:\/\/www.actecir.cat\/","name":"Actecir","description":"Associaci\u00f3 Catalana de T\u00e8cnics en Energia, Climatitzaci\u00f3 i Refrigeraci\u00f3","publisher":{"@id":"https:\/\/www.actecir.cat\/#organization"},"potentialAction":[{"@type":"SearchAction","target":{"@type":"EntryPoint","urlTemplate":"https:\/\/www.actecir.cat\/?s={search_term_string}"},"query-input":{"@type":"PropertyValueSpecification","valueRequired":true,"valueName":"search_term_string"}}],"inLanguage":"es"},{"@type":"Organization","@id":"https:\/\/www.actecir.cat\/#organization","name":"Actecir","url":"https:\/\/www.actecir.cat\/","logo":{"@type":"ImageObject","inLanguage":"es","@id":"https:\/\/www.actecir.cat\/#\/schema\/logo\/image\/","url":"https:\/\/www.actecir.cat\/wp-content\/uploads\/2023\/04\/cropped-logo_actecir_60_alto.png","contentUrl":"https:\/\/www.actecir.cat\/wp-content\/uploads\/2023\/04\/cropped-logo_actecir_60_alto.png","width":283,"height":80,"caption":"Actecir"},"image":{"@id":"https:\/\/www.actecir.cat\/#\/schema\/logo\/image\/"},"sameAs":["https:\/\/x.com\/actecir","https:\/\/www.linkedin.com\/company\/actecir"]},{"@type":"Person","@id":"https:\/\/www.actecir.cat\/#\/schema\/person\/42edd02f0b1d55e19444428c5d321413","name":"Soporte web","sameAs":["https:\/\/www.actecir.cat"],"url":"https:\/\/www.actecir.cat\/es\/author\/maensystems\/"}]}},"_links":{"self":[{"href":"https:\/\/www.actecir.cat\/es\/wp-json\/wp\/v2\/posts\/4132","targetHints":{"allow":["GET"]}}],"collection":[{"href":"https:\/\/www.actecir.cat\/es\/wp-json\/wp\/v2\/posts"}],"about":[{"href":"https:\/\/www.actecir.cat\/es\/wp-json\/wp\/v2\/types\/post"}],"author":[{"embeddable":true,"href":"https:\/\/www.actecir.cat\/es\/wp-json\/wp\/v2\/users\/1"}],"replies":[{"embeddable":true,"href":"https:\/\/www.actecir.cat\/es\/wp-json\/wp\/v2\/comments?post=4132"}],"version-history":[{"count":4,"href":"https:\/\/www.actecir.cat\/es\/wp-json\/wp\/v2\/posts\/4132\/revisions"}],"predecessor-version":[{"id":11094,"href":"https:\/\/www.actecir.cat\/es\/wp-json\/wp\/v2\/posts\/4132\/revisions\/11094"}],"wp:featuredmedia":[{"embeddable":true,"href":"https:\/\/www.actecir.cat\/es\/wp-json\/wp\/v2\/media\/3865"}],"wp:attachment":[{"href":"https:\/\/www.actecir.cat\/es\/wp-json\/wp\/v2\/media?parent=4132"}],"wp:term":[{"taxonomy":"category","embeddable":true,"href":"https:\/\/www.actecir.cat\/es\/wp-json\/wp\/v2\/categories?post=4132"},{"taxonomy":"post_tag","embeddable":true,"href":"https:\/\/www.actecir.cat\/es\/wp-json\/wp\/v2\/tags?post=4132"}],"curies":[{"name":"wp","href":"https:\/\/api.w.org\/{rel}","templated":true}]}}