{"id":4152,"date":"2019-06-07T14:53:00","date_gmt":"2019-06-07T14:53:00","guid":{"rendered":"https:\/\/www.actecir.cat\/?p=4152"},"modified":"2023-04-28T14:58:27","modified_gmt":"2023-04-28T14:58:27","slug":"4152","status":"publish","type":"post","link":"https:\/\/www.actecir.cat\/es\/4152\/","title":{"rendered":""},"content":{"rendered":"\n<p>Junta General Ordinaria de socios y socias de ACTECIR<\/p>\n\n\n\n<figure class=\"wp-block-image size-large\"><img fetchpriority=\"high\" decoding=\"async\" width=\"1024\" height=\"506\" src=\"https:\/\/www.actecir.cat\/wp-content\/uploads\/2023\/04\/PRESENTACIO_ASSEMBLEA-NISSAN_sensetitol-1024x506.jpg\" alt=\"\" class=\"wp-image-4148\" srcset=\"https:\/\/www.actecir.cat\/wp-content\/uploads\/2023\/04\/PRESENTACIO_ASSEMBLEA-NISSAN_sensetitol-1024x506.jpg 1024w, https:\/\/www.actecir.cat\/wp-content\/uploads\/2023\/04\/PRESENTACIO_ASSEMBLEA-NISSAN_sensetitol-300x148.jpg 300w, https:\/\/www.actecir.cat\/wp-content\/uploads\/2023\/04\/PRESENTACIO_ASSEMBLEA-NISSAN_sensetitol-768x380.jpg 768w, https:\/\/www.actecir.cat\/wp-content\/uploads\/2023\/04\/PRESENTACIO_ASSEMBLEA-NISSAN_sensetitol.jpg 1056w\" sizes=\"(max-width: 1024px) 100vw, 1024px\" \/><\/figure>\n\n\n\n<p>La vida de una Associaci\u00f3n depende de la participaci\u00f3n activa de sus socios y socias<\/p>\n\n\n\n<p>El pr\u00f3xima d\u00eda 27 de junio, celebramos la Assamblea General Ordinaria de socios y socias de ACTECIR d\u00f3nde estos podr\u00e1n expressar su opini\u00f3n, conocer el estado de la asociaci\u00f3n, pr\u00f3ximos actos organizados por ACTECIR, etc. El futuro de la Asociaci\u00f3n es responsabilidad de todos nosotros.<\/p>\n\n\n\n<p>El lugar de celebraci\u00f3n ser\u00e1 en las instalaciones de&nbsp;<strong>NISSAN BRAND CENTRE<\/strong>&nbsp;de Barcelona a las 17:30h.&nbsp;<\/p>\n\n\n\n<p>En el centro podremos visitar brevemente las instalaciones t\u00e9cnicas existentes (placas solares y sistema de bater\u00edas de almacenamiento). Como cierrer de la JUNTA, Nissan nos ofrece la posibilidad de poder conducir un veh\u00edculo el\u00e9ctrico.<\/p>\n\n\n\n<p><strong>\u00a1\u00a1\u00a1No te pierdas la oportunidad y aprovecha la experiencia de conducir un veh\u00edculo el\u00e9ctrico!!!<\/strong><\/p>\n\n\n\n<p><strong>Inscripciones:<\/strong><br><strong><a href=\"mailto:actecir@actecir.cat\">actecir@actecir.cat<\/a><\/strong><\/p>\n\n\n\n<p>Es MUY IMPORTANTE vuestra INSCRIPCI\u00d3N, dadas las plazas limitadas para poder conducir veh\u00edculos el\u00e9ctricos. Apuntaros lo antes posible, ya que respetaremos las plazas seg\u00fan orden de inscripci\u00f3n. Rogamos que si alg\u00fan inscrito no pudiera assistir, nos lo notifique enseguida.<\/p>\n\n\n\n<p>\u00a0<a href=\"https:\/\/www.actecir.cat\/wp-content\/uploads\/2023\/04\/Mapa_Nissan_Brand_Centre.pdf\" target=\"_blank\" rel=\"noreferrer noopener\">Indicaciones para llegar (mapa d\u00f3nde pod\u00e9is aparcar vuestro coche y d\u00f3nde se celebrar\u00e1 la Junta)<\/a><\/p>\n\n\n\n<p><\/p>\n\n\n\n<figure class=\"wp-block-video\"><video controls src=\"https:\/\/videos.nissan-cdn.net\/nissan\/en-US\/videos\/etw-hero-smart-city-autoplay_1080p.mp4\"><\/video><\/figure>\n","protected":false},"excerpt":{"rendered":"<p>27 de junio<\/p>\n","protected":false},"author":1,"featured_media":4146,"comment_status":"open","ping_status":"open","sticky":false,"template":"","format":"standard","meta":{"footnotes":""},"categories":[23],"tags":[],"class_list":["post-4152","post","type-post","status-publish","format-standard","has-post-thumbnail","hentry","category-destacamos"],"yoast_head":"<!-- This site is optimized with the Yoast SEO plugin v27.2 - https:\/\/yoast.com\/product\/yoast-seo-wordpress\/ -->\n<title>- Actecir<\/title>\n<meta name=\"robots\" content=\"index, follow, max-snippet:-1, max-image-preview:large, max-video-preview:-1\" \/>\n<link rel=\"canonical\" href=\"https:\/\/www.actecir.cat\/es\/4152\/\" \/>\n<meta property=\"og:locale\" content=\"es_ES\" \/>\n<meta property=\"og:type\" content=\"article\" \/>\n<meta property=\"og:title\" content=\"- Actecir\" \/>\n<meta property=\"og:description\" content=\"27 de junio\" \/>\n<meta property=\"og:url\" content=\"https:\/\/www.actecir.cat\/es\/4152\/\" \/>\n<meta property=\"og:site_name\" content=\"Actecir\" \/>\n<meta property=\"article:published_time\" content=\"2019-06-07T14:53:00+00:00\" \/>\n<meta property=\"article:modified_time\" content=\"2023-04-28T14:58:27+00:00\" \/>\n<meta property=\"og:image\" content=\"https:\/\/www.actecir.cat\/wp-content\/uploads\/2023\/04\/PRESENTACION2NISSAN600_400.jpg\" \/>\n\t<meta property=\"og:image:width\" content=\"600\" \/>\n\t<meta property=\"og:image:height\" content=\"400\" \/>\n\t<meta property=\"og:image:type\" content=\"image\/jpeg\" \/>\n<meta name=\"author\" content=\"Soporte web\" \/>\n<meta name=\"twitter:card\" content=\"summary_large_image\" \/>\n<meta name=\"twitter:creator\" content=\"@actecir\" \/>\n<meta name=\"twitter:site\" content=\"@actecir\" \/>\n<meta name=\"twitter:label1\" content=\"Escrito por\" \/>\n\t<meta name=\"twitter:data1\" content=\"Soporte web\" \/>\n\t<meta name=\"twitter:label2\" content=\"Tiempo de lectura\" \/>\n\t<meta name=\"twitter:data2\" content=\"1 minuto\" \/>\n<script type=\"application\/ld+json\" class=\"yoast-schema-graph\">{\"@context\":\"https:\/\/schema.org\",\"@graph\":[{\"@type\":\"Article\",\"@id\":\"https:\/\/www.actecir.cat\/es\/4152\/#article\",\"isPartOf\":{\"@id\":\"https:\/\/www.actecir.cat\/es\/4152\/\"},\"author\":{\"name\":\"Soporte web\",\"@id\":\"https:\/\/www.actecir.cat\/#\/schema\/person\/42edd02f0b1d55e19444428c5d321413\"},\"headline\":\"Sin t\u00edtulo\",\"datePublished\":\"2019-06-07T14:53:00+00:00\",\"dateModified\":\"2023-04-28T14:58:27+00:00\",\"mainEntityOfPage\":{\"@id\":\"https:\/\/www.actecir.cat\/es\/4152\/\"},\"wordCount\":220,\"commentCount\":0,\"publisher\":{\"@id\":\"https:\/\/www.actecir.cat\/#organization\"},\"image\":{\"@id\":\"https:\/\/www.actecir.cat\/es\/4152\/#primaryimage\"},\"thumbnailUrl\":\"https:\/\/www.actecir.cat\/wp-content\/uploads\/2023\/04\/PRESENTACION2NISSAN600_400.jpg\",\"articleSection\":[\"Destacamos\"],\"inLanguage\":\"es\",\"potentialAction\":[{\"@type\":\"CommentAction\",\"name\":\"Comment\",\"target\":[\"https:\/\/www.actecir.cat\/es\/4152\/#respond\"]}]},{\"@type\":\"WebPage\",\"@id\":\"https:\/\/www.actecir.cat\/es\/4152\/\",\"url\":\"https:\/\/www.actecir.cat\/es\/4152\/\",\"name\":\"- Actecir\",\"isPartOf\":{\"@id\":\"https:\/\/www.actecir.cat\/#website\"},\"primaryImageOfPage\":{\"@id\":\"https:\/\/www.actecir.cat\/es\/4152\/#primaryimage\"},\"image\":{\"@id\":\"https:\/\/www.actecir.cat\/es\/4152\/#primaryimage\"},\"thumbnailUrl\":\"https:\/\/www.actecir.cat\/wp-content\/uploads\/2023\/04\/PRESENTACION2NISSAN600_400.jpg\",\"datePublished\":\"2019-06-07T14:53:00+00:00\",\"dateModified\":\"2023-04-28T14:58:27+00:00\",\"inLanguage\":\"es\",\"potentialAction\":[{\"@type\":\"ReadAction\",\"target\":[\"https:\/\/www.actecir.cat\/es\/4152\/\"]}]},{\"@type\":\"ImageObject\",\"inLanguage\":\"es\",\"@id\":\"https:\/\/www.actecir.cat\/es\/4152\/#primaryimage\",\"url\":\"https:\/\/www.actecir.cat\/wp-content\/uploads\/2023\/04\/PRESENTACION2NISSAN600_400.jpg\",\"contentUrl\":\"https:\/\/www.actecir.cat\/wp-content\/uploads\/2023\/04\/PRESENTACION2NISSAN600_400.jpg\",\"width\":600,\"height\":400},{\"@type\":\"WebSite\",\"@id\":\"https:\/\/www.actecir.cat\/#website\",\"url\":\"https:\/\/www.actecir.cat\/\",\"name\":\"Actecir\",\"description\":\"Associaci\u00f3 Catalana de T\u00e8cnics en Energia, Climatitzaci\u00f3 i Refrigeraci\u00f3\",\"publisher\":{\"@id\":\"https:\/\/www.actecir.cat\/#organization\"},\"potentialAction\":[{\"@type\":\"SearchAction\",\"target\":{\"@type\":\"EntryPoint\",\"urlTemplate\":\"https:\/\/www.actecir.cat\/?s={search_term_string}\"},\"query-input\":{\"@type\":\"PropertyValueSpecification\",\"valueRequired\":true,\"valueName\":\"search_term_string\"}}],\"inLanguage\":\"es\"},{\"@type\":\"Organization\",\"@id\":\"https:\/\/www.actecir.cat\/#organization\",\"name\":\"Actecir\",\"url\":\"https:\/\/www.actecir.cat\/\",\"logo\":{\"@type\":\"ImageObject\",\"inLanguage\":\"es\",\"@id\":\"https:\/\/www.actecir.cat\/#\/schema\/logo\/image\/\",\"url\":\"https:\/\/www.actecir.cat\/wp-content\/uploads\/2023\/04\/cropped-logo_actecir_60_alto.png\",\"contentUrl\":\"https:\/\/www.actecir.cat\/wp-content\/uploads\/2023\/04\/cropped-logo_actecir_60_alto.png\",\"width\":283,\"height\":80,\"caption\":\"Actecir\"},\"image\":{\"@id\":\"https:\/\/www.actecir.cat\/#\/schema\/logo\/image\/\"},\"sameAs\":[\"https:\/\/x.com\/actecir\",\"https:\/\/www.linkedin.com\/company\/actecir\"]},{\"@type\":\"Person\",\"@id\":\"https:\/\/www.actecir.cat\/#\/schema\/person\/42edd02f0b1d55e19444428c5d321413\",\"name\":\"Soporte web\",\"sameAs\":[\"https:\/\/www.actecir.cat\"],\"url\":\"https:\/\/www.actecir.cat\/es\/author\/maensystems\/\"}]}<\/script>\n<!-- \/ Yoast SEO plugin. -->","yoast_head_json":{"title":"- Actecir","robots":{"index":"index","follow":"follow","max-snippet":"max-snippet:-1","max-image-preview":"max-image-preview:large","max-video-preview":"max-video-preview:-1"},"canonical":"https:\/\/www.actecir.cat\/es\/4152\/","og_locale":"es_ES","og_type":"article","og_title":"- Actecir","og_description":"27 de junio","og_url":"https:\/\/www.actecir.cat\/es\/4152\/","og_site_name":"Actecir","article_published_time":"2019-06-07T14:53:00+00:00","article_modified_time":"2023-04-28T14:58:27+00:00","og_image":[{"width":600,"height":400,"url":"https:\/\/www.actecir.cat\/wp-content\/uploads\/2023\/04\/PRESENTACION2NISSAN600_400.jpg","type":"image\/jpeg"}],"author":"Soporte web","twitter_card":"summary_large_image","twitter_creator":"@actecir","twitter_site":"@actecir","twitter_misc":{"Escrito por":"Soporte web","Tiempo de lectura":"1 minuto"},"schema":{"@context":"https:\/\/schema.org","@graph":[{"@type":"Article","@id":"https:\/\/www.actecir.cat\/es\/4152\/#article","isPartOf":{"@id":"https:\/\/www.actecir.cat\/es\/4152\/"},"author":{"name":"Soporte web","@id":"https:\/\/www.actecir.cat\/#\/schema\/person\/42edd02f0b1d55e19444428c5d321413"},"headline":"Sin t\u00edtulo","datePublished":"2019-06-07T14:53:00+00:00","dateModified":"2023-04-28T14:58:27+00:00","mainEntityOfPage":{"@id":"https:\/\/www.actecir.cat\/es\/4152\/"},"wordCount":220,"commentCount":0,"publisher":{"@id":"https:\/\/www.actecir.cat\/#organization"},"image":{"@id":"https:\/\/www.actecir.cat\/es\/4152\/#primaryimage"},"thumbnailUrl":"https:\/\/www.actecir.cat\/wp-content\/uploads\/2023\/04\/PRESENTACION2NISSAN600_400.jpg","articleSection":["Destacamos"],"inLanguage":"es","potentialAction":[{"@type":"CommentAction","name":"Comment","target":["https:\/\/www.actecir.cat\/es\/4152\/#respond"]}]},{"@type":"WebPage","@id":"https:\/\/www.actecir.cat\/es\/4152\/","url":"https:\/\/www.actecir.cat\/es\/4152\/","name":"- Actecir","isPartOf":{"@id":"https:\/\/www.actecir.cat\/#website"},"primaryImageOfPage":{"@id":"https:\/\/www.actecir.cat\/es\/4152\/#primaryimage"},"image":{"@id":"https:\/\/www.actecir.cat\/es\/4152\/#primaryimage"},"thumbnailUrl":"https:\/\/www.actecir.cat\/wp-content\/uploads\/2023\/04\/PRESENTACION2NISSAN600_400.jpg","datePublished":"2019-06-07T14:53:00+00:00","dateModified":"2023-04-28T14:58:27+00:00","inLanguage":"es","potentialAction":[{"@type":"ReadAction","target":["https:\/\/www.actecir.cat\/es\/4152\/"]}]},{"@type":"ImageObject","inLanguage":"es","@id":"https:\/\/www.actecir.cat\/es\/4152\/#primaryimage","url":"https:\/\/www.actecir.cat\/wp-content\/uploads\/2023\/04\/PRESENTACION2NISSAN600_400.jpg","contentUrl":"https:\/\/www.actecir.cat\/wp-content\/uploads\/2023\/04\/PRESENTACION2NISSAN600_400.jpg","width":600,"height":400},{"@type":"WebSite","@id":"https:\/\/www.actecir.cat\/#website","url":"https:\/\/www.actecir.cat\/","name":"Actecir","description":"Associaci\u00f3 Catalana de T\u00e8cnics en Energia, Climatitzaci\u00f3 i Refrigeraci\u00f3","publisher":{"@id":"https:\/\/www.actecir.cat\/#organization"},"potentialAction":[{"@type":"SearchAction","target":{"@type":"EntryPoint","urlTemplate":"https:\/\/www.actecir.cat\/?s={search_term_string}"},"query-input":{"@type":"PropertyValueSpecification","valueRequired":true,"valueName":"search_term_string"}}],"inLanguage":"es"},{"@type":"Organization","@id":"https:\/\/www.actecir.cat\/#organization","name":"Actecir","url":"https:\/\/www.actecir.cat\/","logo":{"@type":"ImageObject","inLanguage":"es","@id":"https:\/\/www.actecir.cat\/#\/schema\/logo\/image\/","url":"https:\/\/www.actecir.cat\/wp-content\/uploads\/2023\/04\/cropped-logo_actecir_60_alto.png","contentUrl":"https:\/\/www.actecir.cat\/wp-content\/uploads\/2023\/04\/cropped-logo_actecir_60_alto.png","width":283,"height":80,"caption":"Actecir"},"image":{"@id":"https:\/\/www.actecir.cat\/#\/schema\/logo\/image\/"},"sameAs":["https:\/\/x.com\/actecir","https:\/\/www.linkedin.com\/company\/actecir"]},{"@type":"Person","@id":"https:\/\/www.actecir.cat\/#\/schema\/person\/42edd02f0b1d55e19444428c5d321413","name":"Soporte web","sameAs":["https:\/\/www.actecir.cat"],"url":"https:\/\/www.actecir.cat\/es\/author\/maensystems\/"}]}},"_links":{"self":[{"href":"https:\/\/www.actecir.cat\/es\/wp-json\/wp\/v2\/posts\/4152","targetHints":{"allow":["GET"]}}],"collection":[{"href":"https:\/\/www.actecir.cat\/es\/wp-json\/wp\/v2\/posts"}],"about":[{"href":"https:\/\/www.actecir.cat\/es\/wp-json\/wp\/v2\/types\/post"}],"author":[{"embeddable":true,"href":"https:\/\/www.actecir.cat\/es\/wp-json\/wp\/v2\/users\/1"}],"replies":[{"embeddable":true,"href":"https:\/\/www.actecir.cat\/es\/wp-json\/wp\/v2\/comments?post=4152"}],"version-history":[{"count":1,"href":"https:\/\/www.actecir.cat\/es\/wp-json\/wp\/v2\/posts\/4152\/revisions"}],"predecessor-version":[{"id":4153,"href":"https:\/\/www.actecir.cat\/es\/wp-json\/wp\/v2\/posts\/4152\/revisions\/4153"}],"wp:featuredmedia":[{"embeddable":true,"href":"https:\/\/www.actecir.cat\/es\/wp-json\/wp\/v2\/media\/4146"}],"wp:attachment":[{"href":"https:\/\/www.actecir.cat\/es\/wp-json\/wp\/v2\/media?parent=4152"}],"wp:term":[{"taxonomy":"category","embeddable":true,"href":"https:\/\/www.actecir.cat\/es\/wp-json\/wp\/v2\/categories?post=4152"},{"taxonomy":"post_tag","embeddable":true,"href":"https:\/\/www.actecir.cat\/es\/wp-json\/wp\/v2\/tags?post=4152"}],"curies":[{"name":"wp","href":"https:\/\/api.w.org\/{rel}","templated":true}]}}