{"id":4156,"date":"2019-06-05T14:59:00","date_gmt":"2019-06-05T14:59:00","guid":{"rendered":"https:\/\/www.actecir.cat\/?p=4156"},"modified":"2023-04-28T15:01:53","modified_gmt":"2023-04-28T15:01:53","slug":"gran-exito-de-la-cena-de-actecir","status":"publish","type":"post","link":"https:\/\/www.actecir.cat\/es\/gran-exito-de-la-cena-de-actecir\/","title":{"rendered":"Gran \u00e9xito de la Cena de ACTECIR"},"content":{"rendered":"\n<p>El pasado jueves 30 de mayo, ACTECIR organiz\u00f3 el tradicional encuentro con toda la gente del sector del clima, encuentro que se celebra cada 2 a\u00f1os.<\/p>\n\n\n\n<p>Acceso a las fotograf\u00edas del evento<\/p>\n\n\n\n<p>El acto tuvo lugar en el HOTEL GATES de Barcelona, y congreg\u00f3 &nbsp;a m\u00e1s de 150 personas del sector, entre prescriptores, ingenier\u00edas, instaladores, docentes, fabricantes de equipos y asociaciones afines del sector. El encuentro llevava el lema ENERG\u00cdA y TECNOLOG\u00cdA EFICIENTES.<\/p>\n\n\n\n<p>El acto tuvo dos partes diferenciadas, una l\u00fadica en una sala del hotel, y la cena-cocktail en la terraza del hotel, lugar emblem\u00e1tico con unas impresionantes vistes de Barcelona ciudad, donde en un ambiente familiar y distendido se aprovech\u00f3 para hacer relaciones sociales y networking.<\/p>\n\n\n\n<p>La parte inicial constaba de una sesi\u00f3n a cargo de DALE CARNEGIE, de la mano de su CEO en Espa\u00f1a, Jaime Llad\u00f3. La tem\u00e1tica versava sobre inteligencia emocional y como esta afecta directamente a les relaciones sociales humanas, aspectos muy a tener en cuenta tanto en las relaciones profesionales como personals. Fue una sesi\u00f3n muy amena y participativa por parte de todos los assistentes.<\/p>\n\n\n\n<p>Dentro de esta sesi\u00f3n, el Presidente de ACTECIR, Manel Mayoral hizo un breve discurso de bienvenida y agradecimiento a todos los asistentes, habl\u00f3 sobre los or\u00edgenes de ACTECIR, y de cual es la actual situaci\u00f3n de la asociaci\u00f3n, as\u00ed de como han de ser les l\u00edneas actuales y futuras de trabajo.<\/p>\n\n\n\n<p>Durante esta parte, se tributo un homenaje a la trayectoria profesional de 3 personas, ya jubiladas, y que han sido todo un referente en el sector. Estas fueron PERE CUSC\u00d3, JOSEP ISERN y PERE ESQUERRA. Los galardones fueron entregados por los 3 patrocinadores principales del evento, de la mano de H\u00e9ctor Noguera (Solutions Manager de BAXI), Jose Jambert (Director Divisi\u00f3n Industrial de EUROFRED) i M\u00f3nica Morte (Directora General de SERVOCLIMA). Como colof\u00f3n se tributo un reconocimiento a todos los ex-Presidentes de ACTECIR.<\/p>\n\n\n\n<p>Durante la cena-cocktail posterior, celebrada en la terraza del hotel, y dentro del distendido ambiente existente, se aprovech\u00f3 para celebrar el 35\u00ba aniversario de ACTECIR, en forma de un pastel conmemorativo con el correspondiente brindis con copa de cava.<\/p>\n","protected":false},"excerpt":{"rendered":"<p>jueves 30 de mayo<\/p>\n","protected":false},"author":1,"featured_media":3865,"comment_status":"open","ping_status":"open","sticky":false,"template":"","format":"standard","meta":{"footnotes":""},"categories":[23],"tags":[],"class_list":["post-4156","post","type-post","status-publish","format-standard","has-post-thumbnail","hentry","category-destacamos"],"yoast_head":"<!-- This site is optimized with the Yoast SEO plugin v27.2 - https:\/\/yoast.com\/product\/yoast-seo-wordpress\/ -->\n<title>Gran \u00e9xito de la Cena de ACTECIR - Actecir<\/title>\n<meta name=\"robots\" content=\"index, follow, max-snippet:-1, max-image-preview:large, max-video-preview:-1\" \/>\n<link rel=\"canonical\" href=\"https:\/\/www.actecir.cat\/es\/gran-exito-de-la-cena-de-actecir\/\" \/>\n<meta property=\"og:locale\" content=\"es_ES\" \/>\n<meta property=\"og:type\" content=\"article\" \/>\n<meta property=\"og:title\" content=\"Gran \u00e9xito de la Cena de ACTECIR - Actecir\" \/>\n<meta property=\"og:description\" content=\"jueves 30 de mayo\" \/>\n<meta property=\"og:url\" content=\"https:\/\/www.actecir.cat\/es\/gran-exito-de-la-cena-de-actecir\/\" \/>\n<meta property=\"og:site_name\" content=\"Actecir\" \/>\n<meta property=\"article:published_time\" content=\"2019-06-05T14:59:00+00:00\" \/>\n<meta property=\"article:modified_time\" content=\"2023-04-28T15:01:53+00:00\" \/>\n<meta property=\"og:image\" content=\"https:\/\/www.actecir.cat\/wp-content\/uploads\/2023\/04\/portada.jpg\" \/>\n\t<meta property=\"og:image:width\" content=\"600\" \/>\n\t<meta property=\"og:image:height\" content=\"400\" \/>\n\t<meta property=\"og:image:type\" content=\"image\/jpeg\" \/>\n<meta name=\"author\" content=\"Soporte web\" \/>\n<meta name=\"twitter:card\" content=\"summary_large_image\" \/>\n<meta name=\"twitter:creator\" content=\"@actecir\" \/>\n<meta name=\"twitter:site\" content=\"@actecir\" \/>\n<meta name=\"twitter:label1\" content=\"Escrito por\" \/>\n\t<meta name=\"twitter:data1\" content=\"Soporte web\" \/>\n\t<meta name=\"twitter:label2\" content=\"Tiempo de lectura\" \/>\n\t<meta name=\"twitter:data2\" content=\"2 minutos\" \/>\n<script type=\"application\/ld+json\" class=\"yoast-schema-graph\">{\"@context\":\"https:\/\/schema.org\",\"@graph\":[{\"@type\":\"Article\",\"@id\":\"https:\/\/www.actecir.cat\/es\/gran-exito-de-la-cena-de-actecir\/#article\",\"isPartOf\":{\"@id\":\"https:\/\/www.actecir.cat\/es\/gran-exito-de-la-cena-de-actecir\/\"},\"author\":{\"name\":\"Soporte web\",\"@id\":\"https:\/\/www.actecir.cat\/#\/schema\/person\/42edd02f0b1d55e19444428c5d321413\"},\"headline\":\"Gran \u00e9xito de la Cena de ACTECIR\",\"datePublished\":\"2019-06-05T14:59:00+00:00\",\"dateModified\":\"2023-04-28T15:01:53+00:00\",\"mainEntityOfPage\":{\"@id\":\"https:\/\/www.actecir.cat\/es\/gran-exito-de-la-cena-de-actecir\/\"},\"wordCount\":377,\"commentCount\":0,\"publisher\":{\"@id\":\"https:\/\/www.actecir.cat\/#organization\"},\"image\":{\"@id\":\"https:\/\/www.actecir.cat\/es\/gran-exito-de-la-cena-de-actecir\/#primaryimage\"},\"thumbnailUrl\":\"https:\/\/www.actecir.cat\/wp-content\/uploads\/2023\/04\/portada.jpg\",\"articleSection\":[\"Destacamos\"],\"inLanguage\":\"es\",\"potentialAction\":[{\"@type\":\"CommentAction\",\"name\":\"Comment\",\"target\":[\"https:\/\/www.actecir.cat\/es\/gran-exito-de-la-cena-de-actecir\/#respond\"]}]},{\"@type\":\"WebPage\",\"@id\":\"https:\/\/www.actecir.cat\/es\/gran-exito-de-la-cena-de-actecir\/\",\"url\":\"https:\/\/www.actecir.cat\/es\/gran-exito-de-la-cena-de-actecir\/\",\"name\":\"Gran \u00e9xito de la Cena de ACTECIR - Actecir\",\"isPartOf\":{\"@id\":\"https:\/\/www.actecir.cat\/#website\"},\"primaryImageOfPage\":{\"@id\":\"https:\/\/www.actecir.cat\/es\/gran-exito-de-la-cena-de-actecir\/#primaryimage\"},\"image\":{\"@id\":\"https:\/\/www.actecir.cat\/es\/gran-exito-de-la-cena-de-actecir\/#primaryimage\"},\"thumbnailUrl\":\"https:\/\/www.actecir.cat\/wp-content\/uploads\/2023\/04\/portada.jpg\",\"datePublished\":\"2019-06-05T14:59:00+00:00\",\"dateModified\":\"2023-04-28T15:01:53+00:00\",\"breadcrumb\":{\"@id\":\"https:\/\/www.actecir.cat\/es\/gran-exito-de-la-cena-de-actecir\/#breadcrumb\"},\"inLanguage\":\"es\",\"potentialAction\":[{\"@type\":\"ReadAction\",\"target\":[\"https:\/\/www.actecir.cat\/es\/gran-exito-de-la-cena-de-actecir\/\"]}]},{\"@type\":\"ImageObject\",\"inLanguage\":\"es\",\"@id\":\"https:\/\/www.actecir.cat\/es\/gran-exito-de-la-cena-de-actecir\/#primaryimage\",\"url\":\"https:\/\/www.actecir.cat\/wp-content\/uploads\/2023\/04\/portada.jpg\",\"contentUrl\":\"https:\/\/www.actecir.cat\/wp-content\/uploads\/2023\/04\/portada.jpg\",\"width\":600,\"height\":400},{\"@type\":\"BreadcrumbList\",\"@id\":\"https:\/\/www.actecir.cat\/es\/gran-exito-de-la-cena-de-actecir\/#breadcrumb\",\"itemListElement\":[{\"@type\":\"ListItem\",\"position\":1,\"name\":\"Inici\",\"item\":\"https:\/\/www.actecir.cat\/es\/\"},{\"@type\":\"ListItem\",\"position\":2,\"name\":\"Gran \u00e9xito de la Cena de ACTECIR\"}]},{\"@type\":\"WebSite\",\"@id\":\"https:\/\/www.actecir.cat\/#website\",\"url\":\"https:\/\/www.actecir.cat\/\",\"name\":\"Actecir\",\"description\":\"Associaci\u00f3 Catalana de T\u00e8cnics en Energia, Climatitzaci\u00f3 i Refrigeraci\u00f3\",\"publisher\":{\"@id\":\"https:\/\/www.actecir.cat\/#organization\"},\"potentialAction\":[{\"@type\":\"SearchAction\",\"target\":{\"@type\":\"EntryPoint\",\"urlTemplate\":\"https:\/\/www.actecir.cat\/?s={search_term_string}\"},\"query-input\":{\"@type\":\"PropertyValueSpecification\",\"valueRequired\":true,\"valueName\":\"search_term_string\"}}],\"inLanguage\":\"es\"},{\"@type\":\"Organization\",\"@id\":\"https:\/\/www.actecir.cat\/#organization\",\"name\":\"Actecir\",\"url\":\"https:\/\/www.actecir.cat\/\",\"logo\":{\"@type\":\"ImageObject\",\"inLanguage\":\"es\",\"@id\":\"https:\/\/www.actecir.cat\/#\/schema\/logo\/image\/\",\"url\":\"https:\/\/www.actecir.cat\/wp-content\/uploads\/2023\/04\/cropped-logo_actecir_60_alto.png\",\"contentUrl\":\"https:\/\/www.actecir.cat\/wp-content\/uploads\/2023\/04\/cropped-logo_actecir_60_alto.png\",\"width\":283,\"height\":80,\"caption\":\"Actecir\"},\"image\":{\"@id\":\"https:\/\/www.actecir.cat\/#\/schema\/logo\/image\/\"},\"sameAs\":[\"https:\/\/x.com\/actecir\",\"https:\/\/www.linkedin.com\/company\/actecir\"]},{\"@type\":\"Person\",\"@id\":\"https:\/\/www.actecir.cat\/#\/schema\/person\/42edd02f0b1d55e19444428c5d321413\",\"name\":\"Soporte web\",\"sameAs\":[\"https:\/\/www.actecir.cat\"],\"url\":\"https:\/\/www.actecir.cat\/es\/author\/maensystems\/\"}]}<\/script>\n<!-- \/ Yoast SEO plugin. -->","yoast_head_json":{"title":"Gran \u00e9xito de la Cena de ACTECIR - Actecir","robots":{"index":"index","follow":"follow","max-snippet":"max-snippet:-1","max-image-preview":"max-image-preview:large","max-video-preview":"max-video-preview:-1"},"canonical":"https:\/\/www.actecir.cat\/es\/gran-exito-de-la-cena-de-actecir\/","og_locale":"es_ES","og_type":"article","og_title":"Gran \u00e9xito de la Cena de ACTECIR - Actecir","og_description":"jueves 30 de mayo","og_url":"https:\/\/www.actecir.cat\/es\/gran-exito-de-la-cena-de-actecir\/","og_site_name":"Actecir","article_published_time":"2019-06-05T14:59:00+00:00","article_modified_time":"2023-04-28T15:01:53+00:00","og_image":[{"width":600,"height":400,"url":"https:\/\/www.actecir.cat\/wp-content\/uploads\/2023\/04\/portada.jpg","type":"image\/jpeg"}],"author":"Soporte web","twitter_card":"summary_large_image","twitter_creator":"@actecir","twitter_site":"@actecir","twitter_misc":{"Escrito por":"Soporte web","Tiempo de lectura":"2 minutos"},"schema":{"@context":"https:\/\/schema.org","@graph":[{"@type":"Article","@id":"https:\/\/www.actecir.cat\/es\/gran-exito-de-la-cena-de-actecir\/#article","isPartOf":{"@id":"https:\/\/www.actecir.cat\/es\/gran-exito-de-la-cena-de-actecir\/"},"author":{"name":"Soporte web","@id":"https:\/\/www.actecir.cat\/#\/schema\/person\/42edd02f0b1d55e19444428c5d321413"},"headline":"Gran \u00e9xito de la Cena de ACTECIR","datePublished":"2019-06-05T14:59:00+00:00","dateModified":"2023-04-28T15:01:53+00:00","mainEntityOfPage":{"@id":"https:\/\/www.actecir.cat\/es\/gran-exito-de-la-cena-de-actecir\/"},"wordCount":377,"commentCount":0,"publisher":{"@id":"https:\/\/www.actecir.cat\/#organization"},"image":{"@id":"https:\/\/www.actecir.cat\/es\/gran-exito-de-la-cena-de-actecir\/#primaryimage"},"thumbnailUrl":"https:\/\/www.actecir.cat\/wp-content\/uploads\/2023\/04\/portada.jpg","articleSection":["Destacamos"],"inLanguage":"es","potentialAction":[{"@type":"CommentAction","name":"Comment","target":["https:\/\/www.actecir.cat\/es\/gran-exito-de-la-cena-de-actecir\/#respond"]}]},{"@type":"WebPage","@id":"https:\/\/www.actecir.cat\/es\/gran-exito-de-la-cena-de-actecir\/","url":"https:\/\/www.actecir.cat\/es\/gran-exito-de-la-cena-de-actecir\/","name":"Gran \u00e9xito de la Cena de ACTECIR - Actecir","isPartOf":{"@id":"https:\/\/www.actecir.cat\/#website"},"primaryImageOfPage":{"@id":"https:\/\/www.actecir.cat\/es\/gran-exito-de-la-cena-de-actecir\/#primaryimage"},"image":{"@id":"https:\/\/www.actecir.cat\/es\/gran-exito-de-la-cena-de-actecir\/#primaryimage"},"thumbnailUrl":"https:\/\/www.actecir.cat\/wp-content\/uploads\/2023\/04\/portada.jpg","datePublished":"2019-06-05T14:59:00+00:00","dateModified":"2023-04-28T15:01:53+00:00","breadcrumb":{"@id":"https:\/\/www.actecir.cat\/es\/gran-exito-de-la-cena-de-actecir\/#breadcrumb"},"inLanguage":"es","potentialAction":[{"@type":"ReadAction","target":["https:\/\/www.actecir.cat\/es\/gran-exito-de-la-cena-de-actecir\/"]}]},{"@type":"ImageObject","inLanguage":"es","@id":"https:\/\/www.actecir.cat\/es\/gran-exito-de-la-cena-de-actecir\/#primaryimage","url":"https:\/\/www.actecir.cat\/wp-content\/uploads\/2023\/04\/portada.jpg","contentUrl":"https:\/\/www.actecir.cat\/wp-content\/uploads\/2023\/04\/portada.jpg","width":600,"height":400},{"@type":"BreadcrumbList","@id":"https:\/\/www.actecir.cat\/es\/gran-exito-de-la-cena-de-actecir\/#breadcrumb","itemListElement":[{"@type":"ListItem","position":1,"name":"Inici","item":"https:\/\/www.actecir.cat\/es\/"},{"@type":"ListItem","position":2,"name":"Gran \u00e9xito de la Cena de ACTECIR"}]},{"@type":"WebSite","@id":"https:\/\/www.actecir.cat\/#website","url":"https:\/\/www.actecir.cat\/","name":"Actecir","description":"Associaci\u00f3 Catalana de T\u00e8cnics en Energia, Climatitzaci\u00f3 i Refrigeraci\u00f3","publisher":{"@id":"https:\/\/www.actecir.cat\/#organization"},"potentialAction":[{"@type":"SearchAction","target":{"@type":"EntryPoint","urlTemplate":"https:\/\/www.actecir.cat\/?s={search_term_string}"},"query-input":{"@type":"PropertyValueSpecification","valueRequired":true,"valueName":"search_term_string"}}],"inLanguage":"es"},{"@type":"Organization","@id":"https:\/\/www.actecir.cat\/#organization","name":"Actecir","url":"https:\/\/www.actecir.cat\/","logo":{"@type":"ImageObject","inLanguage":"es","@id":"https:\/\/www.actecir.cat\/#\/schema\/logo\/image\/","url":"https:\/\/www.actecir.cat\/wp-content\/uploads\/2023\/04\/cropped-logo_actecir_60_alto.png","contentUrl":"https:\/\/www.actecir.cat\/wp-content\/uploads\/2023\/04\/cropped-logo_actecir_60_alto.png","width":283,"height":80,"caption":"Actecir"},"image":{"@id":"https:\/\/www.actecir.cat\/#\/schema\/logo\/image\/"},"sameAs":["https:\/\/x.com\/actecir","https:\/\/www.linkedin.com\/company\/actecir"]},{"@type":"Person","@id":"https:\/\/www.actecir.cat\/#\/schema\/person\/42edd02f0b1d55e19444428c5d321413","name":"Soporte web","sameAs":["https:\/\/www.actecir.cat"],"url":"https:\/\/www.actecir.cat\/es\/author\/maensystems\/"}]}},"_links":{"self":[{"href":"https:\/\/www.actecir.cat\/es\/wp-json\/wp\/v2\/posts\/4156","targetHints":{"allow":["GET"]}}],"collection":[{"href":"https:\/\/www.actecir.cat\/es\/wp-json\/wp\/v2\/posts"}],"about":[{"href":"https:\/\/www.actecir.cat\/es\/wp-json\/wp\/v2\/types\/post"}],"author":[{"embeddable":true,"href":"https:\/\/www.actecir.cat\/es\/wp-json\/wp\/v2\/users\/1"}],"replies":[{"embeddable":true,"href":"https:\/\/www.actecir.cat\/es\/wp-json\/wp\/v2\/comments?post=4156"}],"version-history":[{"count":1,"href":"https:\/\/www.actecir.cat\/es\/wp-json\/wp\/v2\/posts\/4156\/revisions"}],"predecessor-version":[{"id":4157,"href":"https:\/\/www.actecir.cat\/es\/wp-json\/wp\/v2\/posts\/4156\/revisions\/4157"}],"wp:featuredmedia":[{"embeddable":true,"href":"https:\/\/www.actecir.cat\/es\/wp-json\/wp\/v2\/media\/3865"}],"wp:attachment":[{"href":"https:\/\/www.actecir.cat\/es\/wp-json\/wp\/v2\/media?parent=4156"}],"wp:term":[{"taxonomy":"category","embeddable":true,"href":"https:\/\/www.actecir.cat\/es\/wp-json\/wp\/v2\/categories?post=4156"},{"taxonomy":"post_tag","embeddable":true,"href":"https:\/\/www.actecir.cat\/es\/wp-json\/wp\/v2\/tags?post=4156"}],"curies":[{"name":"wp","href":"https:\/\/api.w.org\/{rel}","templated":true}]}}