{"id":4164,"date":"2019-05-15T15:02:00","date_gmt":"2019-05-15T15:02:00","guid":{"rendered":"https:\/\/www.actecir.cat\/?p=4164"},"modified":"2023-04-28T15:04:55","modified_gmt":"2023-04-28T15:04:55","slug":"5a-edicion-de-los-premios-3-diamantes","status":"publish","type":"post","link":"https:\/\/www.actecir.cat\/es\/5a-edicion-de-los-premios-3-diamantes\/","title":{"rendered":"5\u00aa EDICI\u00d3N DE LOS PREMIOS 3 DIAMANTES"},"content":{"rendered":"\n<p>La villa Sa Ferradura, la Torre Gl\u00f3ries y la Casa de Cultura Blanca d\u2019Anjou reciben el t\u00edtulo de \u201cLos edificios m\u00e1s eficientes de Espa\u00f1a\u201d<\/p>\n\n\n\n<p><strong>Madrid, 10 de mayo de 2019.<\/strong><\/p>\n\n\n\n<p>Ayer tuvo lugar en Madrid, en la Real Academia de Bellas Artes de San Fernando, la celebraci\u00f3n de la<strong>&nbsp;5\u00aa Edici\u00f3n de los Premios 3 Diamantes, una cita imprescindible en materia energ\u00e9tica y de eficiencia que cada a\u00f1o organiza Mitsubishi Electric<\/strong>, este a\u00f1o en colaboraci\u00f3n con Grupo V\u00eda, en reconocimiento de las mejores pr\u00e1cticas del sector de \u00e1mbito nacional en materia de eficiencia energ\u00e9tica, dise\u00f1o y m\u00e1xima innovaci\u00f3n incorporadas por los profesionales de la climatizaci\u00f3n en sus proyectos, en particular en las instalaciones de climatizaci\u00f3n.<\/p>\n\n\n\n<p>El Jurado constituido por los representantes de las principales Asociaciones y entidades vinculadas a nuestro sector de todo el territorio estatal, y en el que nuestra asociaci\u00f3n&nbsp;<strong>ACTECIR<\/strong>&nbsp;estuvo debidamente representada , en sus deliberaciones tuvo en cuenta: las mejores pr\u00e1cticas en cuanto a eficiencia energ\u00e9tica, rentabilidad, innovaci\u00f3n y reconocimiento del buen hacer de los ingenieros de nuestras especialidades.<\/p>\n\n\n\n<p>Tal como se inform\u00f3 en su d\u00eda, el equipo t\u00e9cnico de&nbsp;<strong>ACTECIR<\/strong>&nbsp;estuvo compuesto por los Ingenieros Pere Esquerra (l\u00edder del grupo), Javier Perez, y Ramon Pons, siendo este \u00faltimo, en su calidad de Presidente de&nbsp;<strong>ACTECIR<\/strong>&nbsp;en el per\u00edodo 1990-93, nuestro representante en el Jurado.<\/p>\n\n\n\n<p>El Jurado, despu\u00e9s de las deliberaciones que tuvieron lugar el 26 del pasado mes de Marzo de 2019, decidi\u00f3 y determin\u00f3 la entrega de premios.&nbsp;El gran protagonista de este a\u00f1o, entre los 42 proyectos presentados, y que se ha alzado con el&nbsp;<strong>Premio 3 Diamantes, con una dotaci\u00f3n de 20.000 euros<\/strong>&nbsp;por su excelente nivel de eficiencia, dise\u00f1o e innovaci\u00f3n, ha sido la villa<strong>&nbsp;\u201cSa Ferradura\u201d, en Ibiza, de AIA Instalaciones Arquitect\u00f3nicas.<\/strong><\/p>\n\n\n\n<figure class=\"wp-block-image size-full\"><img fetchpriority=\"high\" decoding=\"async\" width=\"600\" height=\"400\" src=\"https:\/\/www.actecir.cat\/wp-content\/uploads\/2023\/04\/Sa_Ferradura_AIA_InstalacionesArquitectonicas.GANADOR.jpg\" alt=\"\" class=\"wp-image-4160\" srcset=\"https:\/\/www.actecir.cat\/wp-content\/uploads\/2023\/04\/Sa_Ferradura_AIA_InstalacionesArquitectonicas.GANADOR.jpg 600w, https:\/\/www.actecir.cat\/wp-content\/uploads\/2023\/04\/Sa_Ferradura_AIA_InstalacionesArquitectonicas.GANADOR-300x200.jpg 300w\" sizes=\"(max-width: 600px) 100vw, 600px\" \/><\/figure>\n\n\n\n<p>En segundo lugar, clasificado como<strong>&nbsp;finalista ORO, con una dotaci\u00f3n de 10.000 euros, se encuentra la Torre Gl\u00f3ries<\/strong>, uno de los edificios m\u00e1s emblem\u00e1ticos de Barcelona anteriormente conocido como Torre Agbar,&nbsp;<strong>del grupo Ingenibo<\/strong>\u200e; y seguida en tercera posici\u00f3n,&nbsp;<strong>como finalista PLATA y 5.000 euros, la Casa de Cultura Blanca d\u2019Anjou de Tarragona, realizado por Quadrifoli.<\/strong><\/p>\n\n\n\n<p><br>Adem\u00e1s de los tres ganadores, el concurso ha valorado la labor de otros dos edificios, reconocidos&nbsp;<strong>con el cuarto y quinto puesto respectivamente: el Edificio NZEB Mendillori de Navarra, a manos de Naven Ingenieros, y la Vivienda Unifamiliar Son Vida en Mallorca, realizado por Proyectos Illes.<\/strong><\/p>\n\n\n\n<p><br>Entre los m\u00e1s de 250 asistentes, se encontraban&nbsp;<strong>Atsushi Kayamoto<\/strong>, Managing Director Head of Spain &amp; Portugal, The Bank of Mitsubishi UFJ,&nbsp;<strong>Makoto Hattori<\/strong>, Presidente de Mitsubishi Corporation Espa\u00f1a;<strong>&nbsp;Masami Kusano<\/strong>, Presidente de Mitsubishi Electric Europe Sucursal Espa\u00f1a y Portugal, y el&nbsp;<strong>Director General de Mitsubishi Electric Living Environment System, Pedro Ruiz<\/strong>.&nbsp;<br><br><strong>Durante su intervenci\u00f3n, el Sr. Ruiz afirm\u00f3:<\/strong>&nbsp;\u201cLa Responsabilidad Social Corporativa forma parte del ADN de Mitsubishi Electric como tambi\u00e9n forma parte de nuestro ADN la innovaci\u00f3n en el desarrollo de producto con el objetivo fundamental de m\u00e1xima eficiencia y ahorro energ\u00e9tico. Los premios 3 Diamantes surgen como resultado de la combinaci\u00f3n de ambos valores: RSC e innovaci\u00f3n. En Mitsubishi Electric somos muy ambiciosos en lo que a eficacia energ\u00e9tica se refiere, y por ello queremos reconocer a la labor que llevan a cabo los profesionales del sector de la climatizaci\u00f3n a la hora de dise\u00f1ar proyectos de refrigeraci\u00f3n, climatizaci\u00f3n y aire acondicionado en a la m\u00e1xima eficiencia y sostenibilidad\u201d.&nbsp;<\/p>\n\n\n\n<p><br><strong>El sector de la climatizaci\u00f3n es una de las \u00e1reas de mayor potencial de ahorro energ\u00e9tico del pa\u00eds<\/strong><\/p>\n\n\n\n<p><br><strong>El nuevo plan energ\u00e9tico de la Comisi\u00f3n Europea que marca como objetivo crecer un 40% en los niveles de eficiencia energ\u00e9tica en 2030.<\/strong>&nbsp;De hecho, la apuesta de Bruselas implica tambi\u00e9n aumentar los esfuerzos en la modernizaci\u00f3n de los edificios, que representan el 40% del consumo total de energ\u00eda en Europa. En Espa\u00f1a destaca la Ley de Cambio Clim\u00e1tico y Transici\u00f3n Energ\u00e9tica, puesta sobre la mesa y que deber\u00e1 ir de la mano de esta nueva normativa comunitaria.&nbsp;<\/p>\n\n\n\n<p><br><strong>En este contexto, resulta vital la promoci\u00f3n de la eficiencia energ\u00e9tica en este sector,<\/strong>&nbsp;y es por ello que el objetivo espec\u00edfico del presente concurso es impulsar y reconocer el trabajo de los profesionales en su labor en el dise\u00f1o, redacci\u00f3n y especificaci\u00f3n de proyectos de refrigeraci\u00f3n, climatizaci\u00f3n, aire acondicionado y producci\u00f3n de ACS en Espa\u00f1a que favorezcan el ahorro energ\u00e9tico, un desarrollo sostenible, la reducci\u00f3n del impacto medioambiental en sus proyectos y todas aquellas inversiones dirigidas a una disminuci\u00f3n de los costes energ\u00e9ticos.<\/p>\n","protected":false},"excerpt":{"rendered":"<p>Madrid, 10 de mayo de 2019.<\/p>\n","protected":false},"author":1,"featured_media":4162,"comment_status":"open","ping_status":"open","sticky":false,"template":"","format":"standard","meta":{"footnotes":""},"categories":[23],"tags":[],"class_list":["post-4164","post","type-post","status-publish","format-standard","has-post-thumbnail","hentry","category-destacamos"],"yoast_head":"<!-- This site is optimized with the Yoast SEO plugin v27.2 - https:\/\/yoast.com\/product\/yoast-seo-wordpress\/ -->\n<title>5\u00aa EDICI\u00d3N DE LOS PREMIOS 3 DIAMANTES - Actecir<\/title>\n<meta name=\"robots\" content=\"index, follow, max-snippet:-1, max-image-preview:large, max-video-preview:-1\" \/>\n<link rel=\"canonical\" href=\"https:\/\/www.actecir.cat\/es\/5a-edicion-de-los-premios-3-diamantes\/\" \/>\n<meta property=\"og:locale\" content=\"es_ES\" \/>\n<meta property=\"og:type\" content=\"article\" \/>\n<meta property=\"og:title\" content=\"5\u00aa EDICI\u00d3N DE LOS PREMIOS 3 DIAMANTES - Actecir\" \/>\n<meta property=\"og:description\" content=\"Madrid, 10 de mayo de 2019.\" \/>\n<meta property=\"og:url\" content=\"https:\/\/www.actecir.cat\/es\/5a-edicion-de-los-premios-3-diamantes\/\" \/>\n<meta property=\"og:site_name\" content=\"Actecir\" \/>\n<meta property=\"article:published_time\" content=\"2019-05-15T15:02:00+00:00\" \/>\n<meta property=\"article:modified_time\" content=\"2023-04-28T15:04:55+00:00\" \/>\n<meta property=\"og:image\" content=\"https:\/\/www.actecir.cat\/wp-content\/uploads\/2023\/04\/Logo_Tres_Diamantes_5_ed_600x400.jpg\" \/>\n\t<meta property=\"og:image:width\" content=\"600\" \/>\n\t<meta property=\"og:image:height\" content=\"400\" \/>\n\t<meta property=\"og:image:type\" content=\"image\/jpeg\" \/>\n<meta name=\"author\" content=\"Soporte web\" \/>\n<meta name=\"twitter:card\" content=\"summary_large_image\" \/>\n<meta name=\"twitter:creator\" content=\"@actecir\" \/>\n<meta name=\"twitter:site\" content=\"@actecir\" \/>\n<meta name=\"twitter:label1\" content=\"Escrito por\" \/>\n\t<meta name=\"twitter:data1\" content=\"Soporte web\" \/>\n\t<meta name=\"twitter:label2\" content=\"Tiempo de lectura\" \/>\n\t<meta name=\"twitter:data2\" content=\"4 minutos\" \/>\n<script type=\"application\/ld+json\" class=\"yoast-schema-graph\">{\"@context\":\"https:\/\/schema.org\",\"@graph\":[{\"@type\":\"Article\",\"@id\":\"https:\/\/www.actecir.cat\/es\/5a-edicion-de-los-premios-3-diamantes\/#article\",\"isPartOf\":{\"@id\":\"https:\/\/www.actecir.cat\/es\/5a-edicion-de-los-premios-3-diamantes\/\"},\"author\":{\"name\":\"Soporte web\",\"@id\":\"https:\/\/www.actecir.cat\/#\/schema\/person\/42edd02f0b1d55e19444428c5d321413\"},\"headline\":\"5\u00aa EDICI\u00d3N DE LOS PREMIOS 3 DIAMANTES\",\"datePublished\":\"2019-05-15T15:02:00+00:00\",\"dateModified\":\"2023-04-28T15:04:55+00:00\",\"mainEntityOfPage\":{\"@id\":\"https:\/\/www.actecir.cat\/es\/5a-edicion-de-los-premios-3-diamantes\/\"},\"wordCount\":834,\"commentCount\":0,\"publisher\":{\"@id\":\"https:\/\/www.actecir.cat\/#organization\"},\"image\":{\"@id\":\"https:\/\/www.actecir.cat\/es\/5a-edicion-de-los-premios-3-diamantes\/#primaryimage\"},\"thumbnailUrl\":\"https:\/\/www.actecir.cat\/wp-content\/uploads\/2023\/04\/Logo_Tres_Diamantes_5_ed_600x400.jpg\",\"articleSection\":[\"Destacamos\"],\"inLanguage\":\"es\",\"potentialAction\":[{\"@type\":\"CommentAction\",\"name\":\"Comment\",\"target\":[\"https:\/\/www.actecir.cat\/es\/5a-edicion-de-los-premios-3-diamantes\/#respond\"]}]},{\"@type\":\"WebPage\",\"@id\":\"https:\/\/www.actecir.cat\/es\/5a-edicion-de-los-premios-3-diamantes\/\",\"url\":\"https:\/\/www.actecir.cat\/es\/5a-edicion-de-los-premios-3-diamantes\/\",\"name\":\"5\u00aa EDICI\u00d3N DE LOS PREMIOS 3 DIAMANTES - Actecir\",\"isPartOf\":{\"@id\":\"https:\/\/www.actecir.cat\/#website\"},\"primaryImageOfPage\":{\"@id\":\"https:\/\/www.actecir.cat\/es\/5a-edicion-de-los-premios-3-diamantes\/#primaryimage\"},\"image\":{\"@id\":\"https:\/\/www.actecir.cat\/es\/5a-edicion-de-los-premios-3-diamantes\/#primaryimage\"},\"thumbnailUrl\":\"https:\/\/www.actecir.cat\/wp-content\/uploads\/2023\/04\/Logo_Tres_Diamantes_5_ed_600x400.jpg\",\"datePublished\":\"2019-05-15T15:02:00+00:00\",\"dateModified\":\"2023-04-28T15:04:55+00:00\",\"breadcrumb\":{\"@id\":\"https:\/\/www.actecir.cat\/es\/5a-edicion-de-los-premios-3-diamantes\/#breadcrumb\"},\"inLanguage\":\"es\",\"potentialAction\":[{\"@type\":\"ReadAction\",\"target\":[\"https:\/\/www.actecir.cat\/es\/5a-edicion-de-los-premios-3-diamantes\/\"]}]},{\"@type\":\"ImageObject\",\"inLanguage\":\"es\",\"@id\":\"https:\/\/www.actecir.cat\/es\/5a-edicion-de-los-premios-3-diamantes\/#primaryimage\",\"url\":\"https:\/\/www.actecir.cat\/wp-content\/uploads\/2023\/04\/Logo_Tres_Diamantes_5_ed_600x400.jpg\",\"contentUrl\":\"https:\/\/www.actecir.cat\/wp-content\/uploads\/2023\/04\/Logo_Tres_Diamantes_5_ed_600x400.jpg\",\"width\":600,\"height\":400},{\"@type\":\"BreadcrumbList\",\"@id\":\"https:\/\/www.actecir.cat\/es\/5a-edicion-de-los-premios-3-diamantes\/#breadcrumb\",\"itemListElement\":[{\"@type\":\"ListItem\",\"position\":1,\"name\":\"Inici\",\"item\":\"https:\/\/www.actecir.cat\/es\/\"},{\"@type\":\"ListItem\",\"position\":2,\"name\":\"5\u00aa EDICI\u00d3N DE LOS PREMIOS 3 DIAMANTES\"}]},{\"@type\":\"WebSite\",\"@id\":\"https:\/\/www.actecir.cat\/#website\",\"url\":\"https:\/\/www.actecir.cat\/\",\"name\":\"Actecir\",\"description\":\"Associaci\u00f3 Catalana de T\u00e8cnics en Energia, Climatitzaci\u00f3 i Refrigeraci\u00f3\",\"publisher\":{\"@id\":\"https:\/\/www.actecir.cat\/#organization\"},\"potentialAction\":[{\"@type\":\"SearchAction\",\"target\":{\"@type\":\"EntryPoint\",\"urlTemplate\":\"https:\/\/www.actecir.cat\/?s={search_term_string}\"},\"query-input\":{\"@type\":\"PropertyValueSpecification\",\"valueRequired\":true,\"valueName\":\"search_term_string\"}}],\"inLanguage\":\"es\"},{\"@type\":\"Organization\",\"@id\":\"https:\/\/www.actecir.cat\/#organization\",\"name\":\"Actecir\",\"url\":\"https:\/\/www.actecir.cat\/\",\"logo\":{\"@type\":\"ImageObject\",\"inLanguage\":\"es\",\"@id\":\"https:\/\/www.actecir.cat\/#\/schema\/logo\/image\/\",\"url\":\"https:\/\/www.actecir.cat\/wp-content\/uploads\/2023\/04\/cropped-logo_actecir_60_alto.png\",\"contentUrl\":\"https:\/\/www.actecir.cat\/wp-content\/uploads\/2023\/04\/cropped-logo_actecir_60_alto.png\",\"width\":283,\"height\":80,\"caption\":\"Actecir\"},\"image\":{\"@id\":\"https:\/\/www.actecir.cat\/#\/schema\/logo\/image\/\"},\"sameAs\":[\"https:\/\/x.com\/actecir\",\"https:\/\/www.linkedin.com\/company\/actecir\"]},{\"@type\":\"Person\",\"@id\":\"https:\/\/www.actecir.cat\/#\/schema\/person\/42edd02f0b1d55e19444428c5d321413\",\"name\":\"Soporte web\",\"sameAs\":[\"https:\/\/www.actecir.cat\"],\"url\":\"https:\/\/www.actecir.cat\/es\/author\/maensystems\/\"}]}<\/script>\n<!-- \/ Yoast SEO plugin. -->","yoast_head_json":{"title":"5\u00aa EDICI\u00d3N DE LOS PREMIOS 3 DIAMANTES - Actecir","robots":{"index":"index","follow":"follow","max-snippet":"max-snippet:-1","max-image-preview":"max-image-preview:large","max-video-preview":"max-video-preview:-1"},"canonical":"https:\/\/www.actecir.cat\/es\/5a-edicion-de-los-premios-3-diamantes\/","og_locale":"es_ES","og_type":"article","og_title":"5\u00aa EDICI\u00d3N DE LOS PREMIOS 3 DIAMANTES - Actecir","og_description":"Madrid, 10 de mayo de 2019.","og_url":"https:\/\/www.actecir.cat\/es\/5a-edicion-de-los-premios-3-diamantes\/","og_site_name":"Actecir","article_published_time":"2019-05-15T15:02:00+00:00","article_modified_time":"2023-04-28T15:04:55+00:00","og_image":[{"width":600,"height":400,"url":"https:\/\/www.actecir.cat\/wp-content\/uploads\/2023\/04\/Logo_Tres_Diamantes_5_ed_600x400.jpg","type":"image\/jpeg"}],"author":"Soporte web","twitter_card":"summary_large_image","twitter_creator":"@actecir","twitter_site":"@actecir","twitter_misc":{"Escrito por":"Soporte web","Tiempo de lectura":"4 minutos"},"schema":{"@context":"https:\/\/schema.org","@graph":[{"@type":"Article","@id":"https:\/\/www.actecir.cat\/es\/5a-edicion-de-los-premios-3-diamantes\/#article","isPartOf":{"@id":"https:\/\/www.actecir.cat\/es\/5a-edicion-de-los-premios-3-diamantes\/"},"author":{"name":"Soporte web","@id":"https:\/\/www.actecir.cat\/#\/schema\/person\/42edd02f0b1d55e19444428c5d321413"},"headline":"5\u00aa EDICI\u00d3N DE LOS PREMIOS 3 DIAMANTES","datePublished":"2019-05-15T15:02:00+00:00","dateModified":"2023-04-28T15:04:55+00:00","mainEntityOfPage":{"@id":"https:\/\/www.actecir.cat\/es\/5a-edicion-de-los-premios-3-diamantes\/"},"wordCount":834,"commentCount":0,"publisher":{"@id":"https:\/\/www.actecir.cat\/#organization"},"image":{"@id":"https:\/\/www.actecir.cat\/es\/5a-edicion-de-los-premios-3-diamantes\/#primaryimage"},"thumbnailUrl":"https:\/\/www.actecir.cat\/wp-content\/uploads\/2023\/04\/Logo_Tres_Diamantes_5_ed_600x400.jpg","articleSection":["Destacamos"],"inLanguage":"es","potentialAction":[{"@type":"CommentAction","name":"Comment","target":["https:\/\/www.actecir.cat\/es\/5a-edicion-de-los-premios-3-diamantes\/#respond"]}]},{"@type":"WebPage","@id":"https:\/\/www.actecir.cat\/es\/5a-edicion-de-los-premios-3-diamantes\/","url":"https:\/\/www.actecir.cat\/es\/5a-edicion-de-los-premios-3-diamantes\/","name":"5\u00aa EDICI\u00d3N DE LOS PREMIOS 3 DIAMANTES - Actecir","isPartOf":{"@id":"https:\/\/www.actecir.cat\/#website"},"primaryImageOfPage":{"@id":"https:\/\/www.actecir.cat\/es\/5a-edicion-de-los-premios-3-diamantes\/#primaryimage"},"image":{"@id":"https:\/\/www.actecir.cat\/es\/5a-edicion-de-los-premios-3-diamantes\/#primaryimage"},"thumbnailUrl":"https:\/\/www.actecir.cat\/wp-content\/uploads\/2023\/04\/Logo_Tres_Diamantes_5_ed_600x400.jpg","datePublished":"2019-05-15T15:02:00+00:00","dateModified":"2023-04-28T15:04:55+00:00","breadcrumb":{"@id":"https:\/\/www.actecir.cat\/es\/5a-edicion-de-los-premios-3-diamantes\/#breadcrumb"},"inLanguage":"es","potentialAction":[{"@type":"ReadAction","target":["https:\/\/www.actecir.cat\/es\/5a-edicion-de-los-premios-3-diamantes\/"]}]},{"@type":"ImageObject","inLanguage":"es","@id":"https:\/\/www.actecir.cat\/es\/5a-edicion-de-los-premios-3-diamantes\/#primaryimage","url":"https:\/\/www.actecir.cat\/wp-content\/uploads\/2023\/04\/Logo_Tres_Diamantes_5_ed_600x400.jpg","contentUrl":"https:\/\/www.actecir.cat\/wp-content\/uploads\/2023\/04\/Logo_Tres_Diamantes_5_ed_600x400.jpg","width":600,"height":400},{"@type":"BreadcrumbList","@id":"https:\/\/www.actecir.cat\/es\/5a-edicion-de-los-premios-3-diamantes\/#breadcrumb","itemListElement":[{"@type":"ListItem","position":1,"name":"Inici","item":"https:\/\/www.actecir.cat\/es\/"},{"@type":"ListItem","position":2,"name":"5\u00aa EDICI\u00d3N DE LOS PREMIOS 3 DIAMANTES"}]},{"@type":"WebSite","@id":"https:\/\/www.actecir.cat\/#website","url":"https:\/\/www.actecir.cat\/","name":"Actecir","description":"Associaci\u00f3 Catalana de T\u00e8cnics en Energia, Climatitzaci\u00f3 i Refrigeraci\u00f3","publisher":{"@id":"https:\/\/www.actecir.cat\/#organization"},"potentialAction":[{"@type":"SearchAction","target":{"@type":"EntryPoint","urlTemplate":"https:\/\/www.actecir.cat\/?s={search_term_string}"},"query-input":{"@type":"PropertyValueSpecification","valueRequired":true,"valueName":"search_term_string"}}],"inLanguage":"es"},{"@type":"Organization","@id":"https:\/\/www.actecir.cat\/#organization","name":"Actecir","url":"https:\/\/www.actecir.cat\/","logo":{"@type":"ImageObject","inLanguage":"es","@id":"https:\/\/www.actecir.cat\/#\/schema\/logo\/image\/","url":"https:\/\/www.actecir.cat\/wp-content\/uploads\/2023\/04\/cropped-logo_actecir_60_alto.png","contentUrl":"https:\/\/www.actecir.cat\/wp-content\/uploads\/2023\/04\/cropped-logo_actecir_60_alto.png","width":283,"height":80,"caption":"Actecir"},"image":{"@id":"https:\/\/www.actecir.cat\/#\/schema\/logo\/image\/"},"sameAs":["https:\/\/x.com\/actecir","https:\/\/www.linkedin.com\/company\/actecir"]},{"@type":"Person","@id":"https:\/\/www.actecir.cat\/#\/schema\/person\/42edd02f0b1d55e19444428c5d321413","name":"Soporte web","sameAs":["https:\/\/www.actecir.cat"],"url":"https:\/\/www.actecir.cat\/es\/author\/maensystems\/"}]}},"_links":{"self":[{"href":"https:\/\/www.actecir.cat\/es\/wp-json\/wp\/v2\/posts\/4164","targetHints":{"allow":["GET"]}}],"collection":[{"href":"https:\/\/www.actecir.cat\/es\/wp-json\/wp\/v2\/posts"}],"about":[{"href":"https:\/\/www.actecir.cat\/es\/wp-json\/wp\/v2\/types\/post"}],"author":[{"embeddable":true,"href":"https:\/\/www.actecir.cat\/es\/wp-json\/wp\/v2\/users\/1"}],"replies":[{"embeddable":true,"href":"https:\/\/www.actecir.cat\/es\/wp-json\/wp\/v2\/comments?post=4164"}],"version-history":[{"count":1,"href":"https:\/\/www.actecir.cat\/es\/wp-json\/wp\/v2\/posts\/4164\/revisions"}],"predecessor-version":[{"id":4165,"href":"https:\/\/www.actecir.cat\/es\/wp-json\/wp\/v2\/posts\/4164\/revisions\/4165"}],"wp:featuredmedia":[{"embeddable":true,"href":"https:\/\/www.actecir.cat\/es\/wp-json\/wp\/v2\/media\/4162"}],"wp:attachment":[{"href":"https:\/\/www.actecir.cat\/es\/wp-json\/wp\/v2\/media?parent=4164"}],"wp:term":[{"taxonomy":"category","embeddable":true,"href":"https:\/\/www.actecir.cat\/es\/wp-json\/wp\/v2\/categories?post=4164"},{"taxonomy":"post_tag","embeddable":true,"href":"https:\/\/www.actecir.cat\/es\/wp-json\/wp\/v2\/tags?post=4164"}],"curies":[{"name":"wp","href":"https:\/\/api.w.org\/{rel}","templated":true}]}}