{"id":4172,"date":"2019-04-09T15:05:00","date_gmt":"2019-04-09T15:05:00","guid":{"rendered":"https:\/\/www.actecir.cat\/?p=4172"},"modified":"2023-04-28T15:08:18","modified_gmt":"2023-04-28T15:08:18","slug":"climatizacion-y-produccion-de-acs-en-las-nuevas-tendencias-de-la-edificacion","status":"publish","type":"post","link":"https:\/\/www.actecir.cat\/es\/climatizacion-y-produccion-de-acs-en-las-nuevas-tendencias-de-la-edificacion\/","title":{"rendered":"Climatizaci\u00f3n y producci\u00f3n de ACS en las nuevas tendencias de la edificaci\u00f3n"},"content":{"rendered":"\n<p>Informaci\u00f3n de la jornada t\u00e9cnica:<\/p>\n\n\n\n<p>&nbsp;<strong>FECHA Y HORARIO:<\/strong><\/p>\n\n\n\n<p>Se realizar\u00e1 el&nbsp;<strong>21 de maig<\/strong>&nbsp;a las&nbsp;<strong>18:00h<\/strong>.<\/p>\n\n\n\n<p>&nbsp;<strong>LUGAR:<\/strong><\/p>\n\n\n\n<p>ICAEN &#8211; Insitut Catal\u00e0 d&#8217;Energia<\/p>\n\n\n\n<p>C\/ Pamplona, 113, 08018 Barcelona<\/p>\n\n\n\n<p>\u00a0<a href=\"https:\/\/www.actecir.cat\/wp-content\/uploads\/2023\/04\/Jornada_tecnica_ACTECIR_21_Maig_003.pdf\" target=\"_blank\" rel=\"noreferrer noopener\"><strong>Programa e informaci\u00f3n de la jornada<\/strong><\/a><\/p>\n\n\n\n<p>&nbsp;<strong>INSCRIPCI\u00d3N:<\/strong><\/p>\n\n\n\n<p>Enviar petici\u00f3n de inscripci\u00f3n a&nbsp;<a href=\"mailto:actecir@actecir.cat\">actecir@actecir.cat<\/a><\/p>\n","protected":false},"excerpt":{"rendered":"<p>Se realizar\u00e1 el\u00a021 de maig\u00a0a las\u00a018:00h.<\/p>\n","protected":false},"author":1,"featured_media":4170,"comment_status":"open","ping_status":"open","sticky":false,"template":"","format":"standard","meta":{"footnotes":""},"categories":[23],"tags":[],"class_list":["post-4172","post","type-post","status-publish","format-standard","has-post-thumbnail","hentry","category-destacamos"],"yoast_head":"<!-- This site is optimized with the Yoast SEO plugin v27.2 - https:\/\/yoast.com\/product\/yoast-seo-wordpress\/ -->\n<title>Climatizaci\u00f3n y producci\u00f3n de ACS en las nuevas tendencias de la edificaci\u00f3n - Actecir<\/title>\n<meta name=\"robots\" content=\"index, follow, max-snippet:-1, max-image-preview:large, max-video-preview:-1\" \/>\n<link rel=\"canonical\" href=\"https:\/\/www.actecir.cat\/es\/climatizacion-y-produccion-de-acs-en-las-nuevas-tendencias-de-la-edificacion\/\" \/>\n<meta property=\"og:locale\" content=\"es_ES\" \/>\n<meta property=\"og:type\" content=\"article\" \/>\n<meta property=\"og:title\" content=\"Climatizaci\u00f3n y producci\u00f3n de ACS en las nuevas tendencias de la edificaci\u00f3n - Actecir\" \/>\n<meta property=\"og:description\" content=\"Se realizar\u00e1 el\u00a021 de maig\u00a0a las\u00a018:00h.\" \/>\n<meta property=\"og:url\" content=\"https:\/\/www.actecir.cat\/es\/climatizacion-y-produccion-de-acs-en-las-nuevas-tendencias-de-la-edificacion\/\" \/>\n<meta property=\"og:site_name\" content=\"Actecir\" \/>\n<meta property=\"article:published_time\" content=\"2019-04-09T15:05:00+00:00\" \/>\n<meta property=\"article:modified_time\" content=\"2023-04-28T15:08:18+00:00\" \/>\n<meta property=\"og:image\" content=\"https:\/\/www.actecir.cat\/wp-content\/uploads\/2023\/04\/Portada_JornadaORKLI2019.png\" \/>\n\t<meta property=\"og:image:width\" content=\"600\" \/>\n\t<meta property=\"og:image:height\" content=\"400\" \/>\n\t<meta property=\"og:image:type\" content=\"image\/png\" \/>\n<meta name=\"author\" content=\"Soporte web\" \/>\n<meta name=\"twitter:card\" content=\"summary_large_image\" \/>\n<meta name=\"twitter:creator\" content=\"@actecir\" \/>\n<meta name=\"twitter:site\" content=\"@actecir\" \/>\n<meta name=\"twitter:label1\" content=\"Escrito por\" \/>\n\t<meta name=\"twitter:data1\" content=\"Soporte web\" \/>\n<script type=\"application\/ld+json\" class=\"yoast-schema-graph\">{\"@context\":\"https:\/\/schema.org\",\"@graph\":[{\"@type\":\"Article\",\"@id\":\"https:\/\/www.actecir.cat\/es\/climatizacion-y-produccion-de-acs-en-las-nuevas-tendencias-de-la-edificacion\/#article\",\"isPartOf\":{\"@id\":\"https:\/\/www.actecir.cat\/es\/climatizacion-y-produccion-de-acs-en-las-nuevas-tendencias-de-la-edificacion\/\"},\"author\":{\"name\":\"Soporte web\",\"@id\":\"https:\/\/www.actecir.cat\/#\/schema\/person\/42edd02f0b1d55e19444428c5d321413\"},\"headline\":\"Climatizaci\u00f3n y producci\u00f3n de ACS en las nuevas tendencias de la edificaci\u00f3n\",\"datePublished\":\"2019-04-09T15:05:00+00:00\",\"dateModified\":\"2023-04-28T15:08:18+00:00\",\"mainEntityOfPage\":{\"@id\":\"https:\/\/www.actecir.cat\/es\/climatizacion-y-produccion-de-acs-en-las-nuevas-tendencias-de-la-edificacion\/\"},\"wordCount\":69,\"commentCount\":0,\"publisher\":{\"@id\":\"https:\/\/www.actecir.cat\/#organization\"},\"image\":{\"@id\":\"https:\/\/www.actecir.cat\/es\/climatizacion-y-produccion-de-acs-en-las-nuevas-tendencias-de-la-edificacion\/#primaryimage\"},\"thumbnailUrl\":\"https:\/\/www.actecir.cat\/wp-content\/uploads\/2023\/04\/Portada_JornadaORKLI2019.png\",\"articleSection\":[\"Destacamos\"],\"inLanguage\":\"es\",\"potentialAction\":[{\"@type\":\"CommentAction\",\"name\":\"Comment\",\"target\":[\"https:\/\/www.actecir.cat\/es\/climatizacion-y-produccion-de-acs-en-las-nuevas-tendencias-de-la-edificacion\/#respond\"]}]},{\"@type\":\"WebPage\",\"@id\":\"https:\/\/www.actecir.cat\/es\/climatizacion-y-produccion-de-acs-en-las-nuevas-tendencias-de-la-edificacion\/\",\"url\":\"https:\/\/www.actecir.cat\/es\/climatizacion-y-produccion-de-acs-en-las-nuevas-tendencias-de-la-edificacion\/\",\"name\":\"Climatizaci\u00f3n y producci\u00f3n de ACS en las nuevas tendencias de la edificaci\u00f3n - Actecir\",\"isPartOf\":{\"@id\":\"https:\/\/www.actecir.cat\/#website\"},\"primaryImageOfPage\":{\"@id\":\"https:\/\/www.actecir.cat\/es\/climatizacion-y-produccion-de-acs-en-las-nuevas-tendencias-de-la-edificacion\/#primaryimage\"},\"image\":{\"@id\":\"https:\/\/www.actecir.cat\/es\/climatizacion-y-produccion-de-acs-en-las-nuevas-tendencias-de-la-edificacion\/#primaryimage\"},\"thumbnailUrl\":\"https:\/\/www.actecir.cat\/wp-content\/uploads\/2023\/04\/Portada_JornadaORKLI2019.png\",\"datePublished\":\"2019-04-09T15:05:00+00:00\",\"dateModified\":\"2023-04-28T15:08:18+00:00\",\"breadcrumb\":{\"@id\":\"https:\/\/www.actecir.cat\/es\/climatizacion-y-produccion-de-acs-en-las-nuevas-tendencias-de-la-edificacion\/#breadcrumb\"},\"inLanguage\":\"es\",\"potentialAction\":[{\"@type\":\"ReadAction\",\"target\":[\"https:\/\/www.actecir.cat\/es\/climatizacion-y-produccion-de-acs-en-las-nuevas-tendencias-de-la-edificacion\/\"]}]},{\"@type\":\"ImageObject\",\"inLanguage\":\"es\",\"@id\":\"https:\/\/www.actecir.cat\/es\/climatizacion-y-produccion-de-acs-en-las-nuevas-tendencias-de-la-edificacion\/#primaryimage\",\"url\":\"https:\/\/www.actecir.cat\/wp-content\/uploads\/2023\/04\/Portada_JornadaORKLI2019.png\",\"contentUrl\":\"https:\/\/www.actecir.cat\/wp-content\/uploads\/2023\/04\/Portada_JornadaORKLI2019.png\",\"width\":600,\"height\":400},{\"@type\":\"BreadcrumbList\",\"@id\":\"https:\/\/www.actecir.cat\/es\/climatizacion-y-produccion-de-acs-en-las-nuevas-tendencias-de-la-edificacion\/#breadcrumb\",\"itemListElement\":[{\"@type\":\"ListItem\",\"position\":1,\"name\":\"Inici\",\"item\":\"https:\/\/www.actecir.cat\/es\/\"},{\"@type\":\"ListItem\",\"position\":2,\"name\":\"Climatizaci\u00f3n y producci\u00f3n de ACS en las nuevas tendencias de la edificaci\u00f3n\"}]},{\"@type\":\"WebSite\",\"@id\":\"https:\/\/www.actecir.cat\/#website\",\"url\":\"https:\/\/www.actecir.cat\/\",\"name\":\"Actecir\",\"description\":\"Associaci\u00f3 Catalana de T\u00e8cnics en Energia, Climatitzaci\u00f3 i Refrigeraci\u00f3\",\"publisher\":{\"@id\":\"https:\/\/www.actecir.cat\/#organization\"},\"potentialAction\":[{\"@type\":\"SearchAction\",\"target\":{\"@type\":\"EntryPoint\",\"urlTemplate\":\"https:\/\/www.actecir.cat\/?s={search_term_string}\"},\"query-input\":{\"@type\":\"PropertyValueSpecification\",\"valueRequired\":true,\"valueName\":\"search_term_string\"}}],\"inLanguage\":\"es\"},{\"@type\":\"Organization\",\"@id\":\"https:\/\/www.actecir.cat\/#organization\",\"name\":\"Actecir\",\"url\":\"https:\/\/www.actecir.cat\/\",\"logo\":{\"@type\":\"ImageObject\",\"inLanguage\":\"es\",\"@id\":\"https:\/\/www.actecir.cat\/#\/schema\/logo\/image\/\",\"url\":\"https:\/\/www.actecir.cat\/wp-content\/uploads\/2023\/04\/cropped-logo_actecir_60_alto.png\",\"contentUrl\":\"https:\/\/www.actecir.cat\/wp-content\/uploads\/2023\/04\/cropped-logo_actecir_60_alto.png\",\"width\":283,\"height\":80,\"caption\":\"Actecir\"},\"image\":{\"@id\":\"https:\/\/www.actecir.cat\/#\/schema\/logo\/image\/\"},\"sameAs\":[\"https:\/\/x.com\/actecir\",\"https:\/\/www.linkedin.com\/company\/actecir\"]},{\"@type\":\"Person\",\"@id\":\"https:\/\/www.actecir.cat\/#\/schema\/person\/42edd02f0b1d55e19444428c5d321413\",\"name\":\"Soporte web\",\"sameAs\":[\"https:\/\/www.actecir.cat\"],\"url\":\"https:\/\/www.actecir.cat\/es\/author\/maensystems\/\"}]}<\/script>\n<!-- \/ Yoast SEO plugin. -->","yoast_head_json":{"title":"Climatizaci\u00f3n y producci\u00f3n de ACS en las nuevas tendencias de la edificaci\u00f3n - Actecir","robots":{"index":"index","follow":"follow","max-snippet":"max-snippet:-1","max-image-preview":"max-image-preview:large","max-video-preview":"max-video-preview:-1"},"canonical":"https:\/\/www.actecir.cat\/es\/climatizacion-y-produccion-de-acs-en-las-nuevas-tendencias-de-la-edificacion\/","og_locale":"es_ES","og_type":"article","og_title":"Climatizaci\u00f3n y producci\u00f3n de ACS en las nuevas tendencias de la edificaci\u00f3n - Actecir","og_description":"Se realizar\u00e1 el\u00a021 de maig\u00a0a las\u00a018:00h.","og_url":"https:\/\/www.actecir.cat\/es\/climatizacion-y-produccion-de-acs-en-las-nuevas-tendencias-de-la-edificacion\/","og_site_name":"Actecir","article_published_time":"2019-04-09T15:05:00+00:00","article_modified_time":"2023-04-28T15:08:18+00:00","og_image":[{"width":600,"height":400,"url":"https:\/\/www.actecir.cat\/wp-content\/uploads\/2023\/04\/Portada_JornadaORKLI2019.png","type":"image\/png"}],"author":"Soporte web","twitter_card":"summary_large_image","twitter_creator":"@actecir","twitter_site":"@actecir","twitter_misc":{"Escrito por":"Soporte web"},"schema":{"@context":"https:\/\/schema.org","@graph":[{"@type":"Article","@id":"https:\/\/www.actecir.cat\/es\/climatizacion-y-produccion-de-acs-en-las-nuevas-tendencias-de-la-edificacion\/#article","isPartOf":{"@id":"https:\/\/www.actecir.cat\/es\/climatizacion-y-produccion-de-acs-en-las-nuevas-tendencias-de-la-edificacion\/"},"author":{"name":"Soporte web","@id":"https:\/\/www.actecir.cat\/#\/schema\/person\/42edd02f0b1d55e19444428c5d321413"},"headline":"Climatizaci\u00f3n y producci\u00f3n de ACS en las nuevas tendencias de la edificaci\u00f3n","datePublished":"2019-04-09T15:05:00+00:00","dateModified":"2023-04-28T15:08:18+00:00","mainEntityOfPage":{"@id":"https:\/\/www.actecir.cat\/es\/climatizacion-y-produccion-de-acs-en-las-nuevas-tendencias-de-la-edificacion\/"},"wordCount":69,"commentCount":0,"publisher":{"@id":"https:\/\/www.actecir.cat\/#organization"},"image":{"@id":"https:\/\/www.actecir.cat\/es\/climatizacion-y-produccion-de-acs-en-las-nuevas-tendencias-de-la-edificacion\/#primaryimage"},"thumbnailUrl":"https:\/\/www.actecir.cat\/wp-content\/uploads\/2023\/04\/Portada_JornadaORKLI2019.png","articleSection":["Destacamos"],"inLanguage":"es","potentialAction":[{"@type":"CommentAction","name":"Comment","target":["https:\/\/www.actecir.cat\/es\/climatizacion-y-produccion-de-acs-en-las-nuevas-tendencias-de-la-edificacion\/#respond"]}]},{"@type":"WebPage","@id":"https:\/\/www.actecir.cat\/es\/climatizacion-y-produccion-de-acs-en-las-nuevas-tendencias-de-la-edificacion\/","url":"https:\/\/www.actecir.cat\/es\/climatizacion-y-produccion-de-acs-en-las-nuevas-tendencias-de-la-edificacion\/","name":"Climatizaci\u00f3n y producci\u00f3n de ACS en las nuevas tendencias de la edificaci\u00f3n - Actecir","isPartOf":{"@id":"https:\/\/www.actecir.cat\/#website"},"primaryImageOfPage":{"@id":"https:\/\/www.actecir.cat\/es\/climatizacion-y-produccion-de-acs-en-las-nuevas-tendencias-de-la-edificacion\/#primaryimage"},"image":{"@id":"https:\/\/www.actecir.cat\/es\/climatizacion-y-produccion-de-acs-en-las-nuevas-tendencias-de-la-edificacion\/#primaryimage"},"thumbnailUrl":"https:\/\/www.actecir.cat\/wp-content\/uploads\/2023\/04\/Portada_JornadaORKLI2019.png","datePublished":"2019-04-09T15:05:00+00:00","dateModified":"2023-04-28T15:08:18+00:00","breadcrumb":{"@id":"https:\/\/www.actecir.cat\/es\/climatizacion-y-produccion-de-acs-en-las-nuevas-tendencias-de-la-edificacion\/#breadcrumb"},"inLanguage":"es","potentialAction":[{"@type":"ReadAction","target":["https:\/\/www.actecir.cat\/es\/climatizacion-y-produccion-de-acs-en-las-nuevas-tendencias-de-la-edificacion\/"]}]},{"@type":"ImageObject","inLanguage":"es","@id":"https:\/\/www.actecir.cat\/es\/climatizacion-y-produccion-de-acs-en-las-nuevas-tendencias-de-la-edificacion\/#primaryimage","url":"https:\/\/www.actecir.cat\/wp-content\/uploads\/2023\/04\/Portada_JornadaORKLI2019.png","contentUrl":"https:\/\/www.actecir.cat\/wp-content\/uploads\/2023\/04\/Portada_JornadaORKLI2019.png","width":600,"height":400},{"@type":"BreadcrumbList","@id":"https:\/\/www.actecir.cat\/es\/climatizacion-y-produccion-de-acs-en-las-nuevas-tendencias-de-la-edificacion\/#breadcrumb","itemListElement":[{"@type":"ListItem","position":1,"name":"Inici","item":"https:\/\/www.actecir.cat\/es\/"},{"@type":"ListItem","position":2,"name":"Climatizaci\u00f3n y producci\u00f3n de ACS en las nuevas tendencias de la edificaci\u00f3n"}]},{"@type":"WebSite","@id":"https:\/\/www.actecir.cat\/#website","url":"https:\/\/www.actecir.cat\/","name":"Actecir","description":"Associaci\u00f3 Catalana de T\u00e8cnics en Energia, Climatitzaci\u00f3 i Refrigeraci\u00f3","publisher":{"@id":"https:\/\/www.actecir.cat\/#organization"},"potentialAction":[{"@type":"SearchAction","target":{"@type":"EntryPoint","urlTemplate":"https:\/\/www.actecir.cat\/?s={search_term_string}"},"query-input":{"@type":"PropertyValueSpecification","valueRequired":true,"valueName":"search_term_string"}}],"inLanguage":"es"},{"@type":"Organization","@id":"https:\/\/www.actecir.cat\/#organization","name":"Actecir","url":"https:\/\/www.actecir.cat\/","logo":{"@type":"ImageObject","inLanguage":"es","@id":"https:\/\/www.actecir.cat\/#\/schema\/logo\/image\/","url":"https:\/\/www.actecir.cat\/wp-content\/uploads\/2023\/04\/cropped-logo_actecir_60_alto.png","contentUrl":"https:\/\/www.actecir.cat\/wp-content\/uploads\/2023\/04\/cropped-logo_actecir_60_alto.png","width":283,"height":80,"caption":"Actecir"},"image":{"@id":"https:\/\/www.actecir.cat\/#\/schema\/logo\/image\/"},"sameAs":["https:\/\/x.com\/actecir","https:\/\/www.linkedin.com\/company\/actecir"]},{"@type":"Person","@id":"https:\/\/www.actecir.cat\/#\/schema\/person\/42edd02f0b1d55e19444428c5d321413","name":"Soporte web","sameAs":["https:\/\/www.actecir.cat"],"url":"https:\/\/www.actecir.cat\/es\/author\/maensystems\/"}]}},"_links":{"self":[{"href":"https:\/\/www.actecir.cat\/es\/wp-json\/wp\/v2\/posts\/4172","targetHints":{"allow":["GET"]}}],"collection":[{"href":"https:\/\/www.actecir.cat\/es\/wp-json\/wp\/v2\/posts"}],"about":[{"href":"https:\/\/www.actecir.cat\/es\/wp-json\/wp\/v2\/types\/post"}],"author":[{"embeddable":true,"href":"https:\/\/www.actecir.cat\/es\/wp-json\/wp\/v2\/users\/1"}],"replies":[{"embeddable":true,"href":"https:\/\/www.actecir.cat\/es\/wp-json\/wp\/v2\/comments?post=4172"}],"version-history":[{"count":1,"href":"https:\/\/www.actecir.cat\/es\/wp-json\/wp\/v2\/posts\/4172\/revisions"}],"predecessor-version":[{"id":4173,"href":"https:\/\/www.actecir.cat\/es\/wp-json\/wp\/v2\/posts\/4172\/revisions\/4173"}],"wp:featuredmedia":[{"embeddable":true,"href":"https:\/\/www.actecir.cat\/es\/wp-json\/wp\/v2\/media\/4170"}],"wp:attachment":[{"href":"https:\/\/www.actecir.cat\/es\/wp-json\/wp\/v2\/media?parent=4172"}],"wp:term":[{"taxonomy":"category","embeddable":true,"href":"https:\/\/www.actecir.cat\/es\/wp-json\/wp\/v2\/categories?post=4172"},{"taxonomy":"post_tag","embeddable":true,"href":"https:\/\/www.actecir.cat\/es\/wp-json\/wp\/v2\/tags?post=4172"}],"curies":[{"name":"wp","href":"https:\/\/api.w.org\/{rel}","templated":true}]}}