{"id":4216,"date":"2019-02-20T15:28:00","date_gmt":"2019-02-20T14:28:00","guid":{"rendered":"https:\/\/www.actecir.cat\/?p=4216"},"modified":"2023-07-07T13:34:29","modified_gmt":"2023-07-07T11:34:29","slug":"autoconsumo-fotovoltaico-cr","status":"publish","type":"post","link":"https:\/\/www.actecir.cat\/es\/autoconsumo-fotovoltaico-cr\/","title":{"rendered":"Autoconsumo fotovoltaico C&amp;R"},"content":{"rendered":"\n<p>El responsable del \u00e1rea de Energ\u00edas Renovables de ACTECIR, Pedro Garc\u00eda, ponente en C&amp;R<\/p>\n\n\n\n<p>Pedro Garc\u00eda, responsable del \u00e1rea de Energ\u00edas Renovables de ACTECIR, y Jefe Divisi\u00f3n Energ\u00edas Renovables y Calderas en Salvador Escoda S.A., realiza una ponencia el pr\u00f3ximo d\u00eda 26 de febrero en C&amp;R de Madrid.<\/p>\n\n\n\n<p><a href=\"https:\/\/www.ifema.es\/\" target=\"_blank\" rel=\"noreferrer noopener\">M\u00e1s informaci\u00f3n<\/a><\/p>\n\n\n\n<figure class=\"wp-block-image\"><img decoding=\"async\" src=\"https:\/\/www.actecir.cat\/wp-content\/uploads\/2023\/07\/Pedro_Garcia.png\" alt=\"Pedro Garcia\"\/><\/figure>\n","protected":false},"excerpt":{"rendered":"<p>pr\u00f3ximo d\u00eda 26 de febrer<\/p>\n","protected":false},"author":1,"featured_media":4214,"comment_status":"open","ping_status":"open","sticky":false,"template":"","format":"standard","meta":{"footnotes":""},"categories":[23],"tags":[],"class_list":["post-4216","post","type-post","status-publish","format-standard","has-post-thumbnail","hentry","category-destacamos"],"yoast_head":"<!-- This site is optimized with the Yoast SEO plugin v27.2 - https:\/\/yoast.com\/product\/yoast-seo-wordpress\/ -->\n<title>Autoconsumo fotovoltaico C&amp;R - Actecir<\/title>\n<meta name=\"robots\" content=\"index, follow, max-snippet:-1, max-image-preview:large, max-video-preview:-1\" \/>\n<link rel=\"canonical\" href=\"https:\/\/www.actecir.cat\/es\/autoconsumo-fotovoltaico-cr\/\" \/>\n<meta property=\"og:locale\" content=\"es_ES\" \/>\n<meta property=\"og:type\" content=\"article\" \/>\n<meta property=\"og:title\" content=\"Autoconsumo fotovoltaico C&amp;R - Actecir\" \/>\n<meta property=\"og:description\" content=\"pr\u00f3ximo d\u00eda 26 de febrer\" \/>\n<meta property=\"og:url\" content=\"https:\/\/www.actecir.cat\/es\/autoconsumo-fotovoltaico-cr\/\" \/>\n<meta property=\"og:site_name\" content=\"Actecir\" \/>\n<meta property=\"article:published_time\" content=\"2019-02-20T14:28:00+00:00\" \/>\n<meta property=\"article:modified_time\" content=\"2023-07-07T11:34:29+00:00\" \/>\n<meta property=\"og:image\" content=\"https:\/\/www.actecir.cat\/wp-content\/uploads\/2023\/04\/JORNADA_IFEM_PEDRO.jpg\" \/>\n\t<meta property=\"og:image:width\" content=\"600\" \/>\n\t<meta property=\"og:image:height\" content=\"400\" \/>\n\t<meta property=\"og:image:type\" content=\"image\/jpeg\" \/>\n<meta name=\"author\" content=\"Soporte web\" \/>\n<meta name=\"twitter:card\" content=\"summary_large_image\" \/>\n<meta name=\"twitter:creator\" content=\"@actecir\" \/>\n<meta name=\"twitter:site\" content=\"@actecir\" \/>\n<meta name=\"twitter:label1\" content=\"Escrito por\" \/>\n\t<meta name=\"twitter:data1\" content=\"Soporte web\" \/>\n<script type=\"application\/ld+json\" class=\"yoast-schema-graph\">{\"@context\":\"https:\/\/schema.org\",\"@graph\":[{\"@type\":\"Article\",\"@id\":\"https:\/\/www.actecir.cat\/es\/autoconsumo-fotovoltaico-cr\/#article\",\"isPartOf\":{\"@id\":\"https:\/\/www.actecir.cat\/es\/autoconsumo-fotovoltaico-cr\/\"},\"author\":{\"name\":\"Soporte web\",\"@id\":\"https:\/\/www.actecir.cat\/#\/schema\/person\/42edd02f0b1d55e19444428c5d321413\"},\"headline\":\"Autoconsumo fotovoltaico C&amp;R\",\"datePublished\":\"2019-02-20T14:28:00+00:00\",\"dateModified\":\"2023-07-07T11:34:29+00:00\",\"mainEntityOfPage\":{\"@id\":\"https:\/\/www.actecir.cat\/es\/autoconsumo-fotovoltaico-cr\/\"},\"wordCount\":69,\"commentCount\":0,\"publisher\":{\"@id\":\"https:\/\/www.actecir.cat\/#organization\"},\"image\":{\"@id\":\"https:\/\/www.actecir.cat\/es\/autoconsumo-fotovoltaico-cr\/#primaryimage\"},\"thumbnailUrl\":\"https:\/\/www.actecir.cat\/wp-content\/uploads\/2023\/04\/JORNADA_IFEM_PEDRO.jpg\",\"articleSection\":[\"Destacamos\"],\"inLanguage\":\"es\",\"potentialAction\":[{\"@type\":\"CommentAction\",\"name\":\"Comment\",\"target\":[\"https:\/\/www.actecir.cat\/es\/autoconsumo-fotovoltaico-cr\/#respond\"]}]},{\"@type\":\"WebPage\",\"@id\":\"https:\/\/www.actecir.cat\/es\/autoconsumo-fotovoltaico-cr\/\",\"url\":\"https:\/\/www.actecir.cat\/es\/autoconsumo-fotovoltaico-cr\/\",\"name\":\"Autoconsumo fotovoltaico C&amp;R - Actecir\",\"isPartOf\":{\"@id\":\"https:\/\/www.actecir.cat\/#website\"},\"primaryImageOfPage\":{\"@id\":\"https:\/\/www.actecir.cat\/es\/autoconsumo-fotovoltaico-cr\/#primaryimage\"},\"image\":{\"@id\":\"https:\/\/www.actecir.cat\/es\/autoconsumo-fotovoltaico-cr\/#primaryimage\"},\"thumbnailUrl\":\"https:\/\/www.actecir.cat\/wp-content\/uploads\/2023\/04\/JORNADA_IFEM_PEDRO.jpg\",\"datePublished\":\"2019-02-20T14:28:00+00:00\",\"dateModified\":\"2023-07-07T11:34:29+00:00\",\"breadcrumb\":{\"@id\":\"https:\/\/www.actecir.cat\/es\/autoconsumo-fotovoltaico-cr\/#breadcrumb\"},\"inLanguage\":\"es\",\"potentialAction\":[{\"@type\":\"ReadAction\",\"target\":[\"https:\/\/www.actecir.cat\/es\/autoconsumo-fotovoltaico-cr\/\"]}]},{\"@type\":\"ImageObject\",\"inLanguage\":\"es\",\"@id\":\"https:\/\/www.actecir.cat\/es\/autoconsumo-fotovoltaico-cr\/#primaryimage\",\"url\":\"https:\/\/www.actecir.cat\/wp-content\/uploads\/2023\/04\/JORNADA_IFEM_PEDRO.jpg\",\"contentUrl\":\"https:\/\/www.actecir.cat\/wp-content\/uploads\/2023\/04\/JORNADA_IFEM_PEDRO.jpg\",\"width\":600,\"height\":400},{\"@type\":\"BreadcrumbList\",\"@id\":\"https:\/\/www.actecir.cat\/es\/autoconsumo-fotovoltaico-cr\/#breadcrumb\",\"itemListElement\":[{\"@type\":\"ListItem\",\"position\":1,\"name\":\"Inici\",\"item\":\"https:\/\/www.actecir.cat\/es\/\"},{\"@type\":\"ListItem\",\"position\":2,\"name\":\"Autoconsumo fotovoltaico C&amp;R\"}]},{\"@type\":\"WebSite\",\"@id\":\"https:\/\/www.actecir.cat\/#website\",\"url\":\"https:\/\/www.actecir.cat\/\",\"name\":\"Actecir\",\"description\":\"Associaci\u00f3 Catalana de T\u00e8cnics en Energia, Climatitzaci\u00f3 i Refrigeraci\u00f3\",\"publisher\":{\"@id\":\"https:\/\/www.actecir.cat\/#organization\"},\"potentialAction\":[{\"@type\":\"SearchAction\",\"target\":{\"@type\":\"EntryPoint\",\"urlTemplate\":\"https:\/\/www.actecir.cat\/?s={search_term_string}\"},\"query-input\":{\"@type\":\"PropertyValueSpecification\",\"valueRequired\":true,\"valueName\":\"search_term_string\"}}],\"inLanguage\":\"es\"},{\"@type\":\"Organization\",\"@id\":\"https:\/\/www.actecir.cat\/#organization\",\"name\":\"Actecir\",\"url\":\"https:\/\/www.actecir.cat\/\",\"logo\":{\"@type\":\"ImageObject\",\"inLanguage\":\"es\",\"@id\":\"https:\/\/www.actecir.cat\/#\/schema\/logo\/image\/\",\"url\":\"https:\/\/www.actecir.cat\/wp-content\/uploads\/2023\/04\/cropped-logo_actecir_60_alto.png\",\"contentUrl\":\"https:\/\/www.actecir.cat\/wp-content\/uploads\/2023\/04\/cropped-logo_actecir_60_alto.png\",\"width\":283,\"height\":80,\"caption\":\"Actecir\"},\"image\":{\"@id\":\"https:\/\/www.actecir.cat\/#\/schema\/logo\/image\/\"},\"sameAs\":[\"https:\/\/x.com\/actecir\",\"https:\/\/www.linkedin.com\/company\/actecir\"]},{\"@type\":\"Person\",\"@id\":\"https:\/\/www.actecir.cat\/#\/schema\/person\/42edd02f0b1d55e19444428c5d321413\",\"name\":\"Soporte web\",\"sameAs\":[\"https:\/\/www.actecir.cat\"],\"url\":\"https:\/\/www.actecir.cat\/es\/author\/maensystems\/\"}]}<\/script>\n<!-- \/ Yoast SEO plugin. -->","yoast_head_json":{"title":"Autoconsumo fotovoltaico C&amp;R - Actecir","robots":{"index":"index","follow":"follow","max-snippet":"max-snippet:-1","max-image-preview":"max-image-preview:large","max-video-preview":"max-video-preview:-1"},"canonical":"https:\/\/www.actecir.cat\/es\/autoconsumo-fotovoltaico-cr\/","og_locale":"es_ES","og_type":"article","og_title":"Autoconsumo fotovoltaico C&amp;R - Actecir","og_description":"pr\u00f3ximo d\u00eda 26 de febrer","og_url":"https:\/\/www.actecir.cat\/es\/autoconsumo-fotovoltaico-cr\/","og_site_name":"Actecir","article_published_time":"2019-02-20T14:28:00+00:00","article_modified_time":"2023-07-07T11:34:29+00:00","og_image":[{"width":600,"height":400,"url":"https:\/\/www.actecir.cat\/wp-content\/uploads\/2023\/04\/JORNADA_IFEM_PEDRO.jpg","type":"image\/jpeg"}],"author":"Soporte web","twitter_card":"summary_large_image","twitter_creator":"@actecir","twitter_site":"@actecir","twitter_misc":{"Escrito por":"Soporte web"},"schema":{"@context":"https:\/\/schema.org","@graph":[{"@type":"Article","@id":"https:\/\/www.actecir.cat\/es\/autoconsumo-fotovoltaico-cr\/#article","isPartOf":{"@id":"https:\/\/www.actecir.cat\/es\/autoconsumo-fotovoltaico-cr\/"},"author":{"name":"Soporte web","@id":"https:\/\/www.actecir.cat\/#\/schema\/person\/42edd02f0b1d55e19444428c5d321413"},"headline":"Autoconsumo fotovoltaico C&amp;R","datePublished":"2019-02-20T14:28:00+00:00","dateModified":"2023-07-07T11:34:29+00:00","mainEntityOfPage":{"@id":"https:\/\/www.actecir.cat\/es\/autoconsumo-fotovoltaico-cr\/"},"wordCount":69,"commentCount":0,"publisher":{"@id":"https:\/\/www.actecir.cat\/#organization"},"image":{"@id":"https:\/\/www.actecir.cat\/es\/autoconsumo-fotovoltaico-cr\/#primaryimage"},"thumbnailUrl":"https:\/\/www.actecir.cat\/wp-content\/uploads\/2023\/04\/JORNADA_IFEM_PEDRO.jpg","articleSection":["Destacamos"],"inLanguage":"es","potentialAction":[{"@type":"CommentAction","name":"Comment","target":["https:\/\/www.actecir.cat\/es\/autoconsumo-fotovoltaico-cr\/#respond"]}]},{"@type":"WebPage","@id":"https:\/\/www.actecir.cat\/es\/autoconsumo-fotovoltaico-cr\/","url":"https:\/\/www.actecir.cat\/es\/autoconsumo-fotovoltaico-cr\/","name":"Autoconsumo fotovoltaico C&amp;R - Actecir","isPartOf":{"@id":"https:\/\/www.actecir.cat\/#website"},"primaryImageOfPage":{"@id":"https:\/\/www.actecir.cat\/es\/autoconsumo-fotovoltaico-cr\/#primaryimage"},"image":{"@id":"https:\/\/www.actecir.cat\/es\/autoconsumo-fotovoltaico-cr\/#primaryimage"},"thumbnailUrl":"https:\/\/www.actecir.cat\/wp-content\/uploads\/2023\/04\/JORNADA_IFEM_PEDRO.jpg","datePublished":"2019-02-20T14:28:00+00:00","dateModified":"2023-07-07T11:34:29+00:00","breadcrumb":{"@id":"https:\/\/www.actecir.cat\/es\/autoconsumo-fotovoltaico-cr\/#breadcrumb"},"inLanguage":"es","potentialAction":[{"@type":"ReadAction","target":["https:\/\/www.actecir.cat\/es\/autoconsumo-fotovoltaico-cr\/"]}]},{"@type":"ImageObject","inLanguage":"es","@id":"https:\/\/www.actecir.cat\/es\/autoconsumo-fotovoltaico-cr\/#primaryimage","url":"https:\/\/www.actecir.cat\/wp-content\/uploads\/2023\/04\/JORNADA_IFEM_PEDRO.jpg","contentUrl":"https:\/\/www.actecir.cat\/wp-content\/uploads\/2023\/04\/JORNADA_IFEM_PEDRO.jpg","width":600,"height":400},{"@type":"BreadcrumbList","@id":"https:\/\/www.actecir.cat\/es\/autoconsumo-fotovoltaico-cr\/#breadcrumb","itemListElement":[{"@type":"ListItem","position":1,"name":"Inici","item":"https:\/\/www.actecir.cat\/es\/"},{"@type":"ListItem","position":2,"name":"Autoconsumo fotovoltaico C&amp;R"}]},{"@type":"WebSite","@id":"https:\/\/www.actecir.cat\/#website","url":"https:\/\/www.actecir.cat\/","name":"Actecir","description":"Associaci\u00f3 Catalana de T\u00e8cnics en Energia, Climatitzaci\u00f3 i Refrigeraci\u00f3","publisher":{"@id":"https:\/\/www.actecir.cat\/#organization"},"potentialAction":[{"@type":"SearchAction","target":{"@type":"EntryPoint","urlTemplate":"https:\/\/www.actecir.cat\/?s={search_term_string}"},"query-input":{"@type":"PropertyValueSpecification","valueRequired":true,"valueName":"search_term_string"}}],"inLanguage":"es"},{"@type":"Organization","@id":"https:\/\/www.actecir.cat\/#organization","name":"Actecir","url":"https:\/\/www.actecir.cat\/","logo":{"@type":"ImageObject","inLanguage":"es","@id":"https:\/\/www.actecir.cat\/#\/schema\/logo\/image\/","url":"https:\/\/www.actecir.cat\/wp-content\/uploads\/2023\/04\/cropped-logo_actecir_60_alto.png","contentUrl":"https:\/\/www.actecir.cat\/wp-content\/uploads\/2023\/04\/cropped-logo_actecir_60_alto.png","width":283,"height":80,"caption":"Actecir"},"image":{"@id":"https:\/\/www.actecir.cat\/#\/schema\/logo\/image\/"},"sameAs":["https:\/\/x.com\/actecir","https:\/\/www.linkedin.com\/company\/actecir"]},{"@type":"Person","@id":"https:\/\/www.actecir.cat\/#\/schema\/person\/42edd02f0b1d55e19444428c5d321413","name":"Soporte web","sameAs":["https:\/\/www.actecir.cat"],"url":"https:\/\/www.actecir.cat\/es\/author\/maensystems\/"}]}},"_links":{"self":[{"href":"https:\/\/www.actecir.cat\/es\/wp-json\/wp\/v2\/posts\/4216","targetHints":{"allow":["GET"]}}],"collection":[{"href":"https:\/\/www.actecir.cat\/es\/wp-json\/wp\/v2\/posts"}],"about":[{"href":"https:\/\/www.actecir.cat\/es\/wp-json\/wp\/v2\/types\/post"}],"author":[{"embeddable":true,"href":"https:\/\/www.actecir.cat\/es\/wp-json\/wp\/v2\/users\/1"}],"replies":[{"embeddable":true,"href":"https:\/\/www.actecir.cat\/es\/wp-json\/wp\/v2\/comments?post=4216"}],"version-history":[{"count":3,"href":"https:\/\/www.actecir.cat\/es\/wp-json\/wp\/v2\/posts\/4216\/revisions"}],"predecessor-version":[{"id":11006,"href":"https:\/\/www.actecir.cat\/es\/wp-json\/wp\/v2\/posts\/4216\/revisions\/11006"}],"wp:featuredmedia":[{"embeddable":true,"href":"https:\/\/www.actecir.cat\/es\/wp-json\/wp\/v2\/media\/4214"}],"wp:attachment":[{"href":"https:\/\/www.actecir.cat\/es\/wp-json\/wp\/v2\/media?parent=4216"}],"wp:term":[{"taxonomy":"category","embeddable":true,"href":"https:\/\/www.actecir.cat\/es\/wp-json\/wp\/v2\/categories?post=4216"},{"taxonomy":"post_tag","embeddable":true,"href":"https:\/\/www.actecir.cat\/es\/wp-json\/wp\/v2\/tags?post=4216"}],"curies":[{"name":"wp","href":"https:\/\/api.w.org\/{rel}","templated":true}]}}