{"id":4271,"date":"2018-12-19T16:03:00","date_gmt":"2018-12-19T16:03:00","guid":{"rendered":"https:\/\/www.actecir.cat\/?p=4271"},"modified":"2023-04-28T16:05:37","modified_gmt":"2023-04-28T16:05:37","slug":"resolucion-emc-2935-2018-de-11-de-diciembre","status":"publish","type":"post","link":"https:\/\/www.actecir.cat\/es\/resolucion-emc-2935-2018-de-11-de-diciembre\/","title":{"rendered":"Resoluci\u00f3n EMC\/2935\/2018, de 11 de diciembre"},"content":{"rendered":"\n<p>ICAEN: Sistemas de almacenaje de energ\u00eda el\u00e9ctrica con baterias asociadas a instalaciones fotovoltaicas de autoconsumo 2018<\/p>\n\n\n\n<p>RESOLUCI\u00d3N EMC\/2935\/2018, de 11 de diciembre, por la cual se hace p\u00fablica la convocat\u00f3ria del a\u00f1o 2018 para la concesi\u00f3n de subvenciones para sistemas de almacenaje de energ\u00eda el\u00e9ctrica con baterias asociadas a instalaciones fotovoltaicas de autoconsumo.<\/p>\n","protected":false},"excerpt":{"rendered":"<p>ICAEN: Sistemas de almacenaje de energ\u00eda el\u00e9ctrica con baterias asociadas a instalaciones fotovoltaicas de autoconsumo 2018<\/p>\n","protected":false},"author":1,"featured_media":4269,"comment_status":"open","ping_status":"open","sticky":false,"template":"","format":"standard","meta":{"footnotes":""},"categories":[23],"tags":[],"class_list":["post-4271","post","type-post","status-publish","format-standard","has-post-thumbnail","hentry","category-destacamos"],"yoast_head":"<!-- This site is optimized with the Yoast SEO plugin v27.2 - https:\/\/yoast.com\/product\/yoast-seo-wordpress\/ -->\n<title>Resoluci\u00f3n EMC\/2935\/2018, de 11 de diciembre - Actecir<\/title>\n<meta name=\"robots\" content=\"index, follow, max-snippet:-1, max-image-preview:large, max-video-preview:-1\" \/>\n<link rel=\"canonical\" href=\"https:\/\/www.actecir.cat\/es\/resolucion-emc-2935-2018-de-11-de-diciembre\/\" \/>\n<meta property=\"og:locale\" content=\"es_ES\" \/>\n<meta property=\"og:type\" content=\"article\" \/>\n<meta property=\"og:title\" content=\"Resoluci\u00f3n EMC\/2935\/2018, de 11 de diciembre - Actecir\" \/>\n<meta property=\"og:description\" content=\"ICAEN: Sistemas de almacenaje de energ\u00eda el\u00e9ctrica con baterias asociadas a instalaciones fotovoltaicas de autoconsumo 2018\" \/>\n<meta property=\"og:url\" content=\"https:\/\/www.actecir.cat\/es\/resolucion-emc-2935-2018-de-11-de-diciembre\/\" \/>\n<meta property=\"og:site_name\" content=\"Actecir\" \/>\n<meta property=\"article:published_time\" content=\"2018-12-19T16:03:00+00:00\" \/>\n<meta property=\"article:modified_time\" content=\"2023-04-28T16:05:37+00:00\" \/>\n<meta property=\"og:image\" content=\"https:\/\/www.actecir.cat\/wp-content\/uploads\/2023\/04\/icaen_c3.jpg\" \/>\n\t<meta property=\"og:image:width\" content=\"375\" \/>\n\t<meta property=\"og:image:height\" content=\"217\" \/>\n\t<meta property=\"og:image:type\" content=\"image\/jpeg\" \/>\n<meta name=\"author\" content=\"Soporte web\" \/>\n<meta name=\"twitter:card\" content=\"summary_large_image\" \/>\n<meta name=\"twitter:creator\" content=\"@actecir\" \/>\n<meta name=\"twitter:site\" content=\"@actecir\" \/>\n<meta name=\"twitter:label1\" content=\"Escrito por\" \/>\n\t<meta name=\"twitter:data1\" content=\"Soporte web\" \/>\n<script type=\"application\/ld+json\" class=\"yoast-schema-graph\">{\"@context\":\"https:\/\/schema.org\",\"@graph\":[{\"@type\":\"Article\",\"@id\":\"https:\/\/www.actecir.cat\/es\/resolucion-emc-2935-2018-de-11-de-diciembre\/#article\",\"isPartOf\":{\"@id\":\"https:\/\/www.actecir.cat\/es\/resolucion-emc-2935-2018-de-11-de-diciembre\/\"},\"author\":{\"name\":\"Soporte web\",\"@id\":\"https:\/\/www.actecir.cat\/#\/schema\/person\/42edd02f0b1d55e19444428c5d321413\"},\"headline\":\"Resoluci\u00f3n EMC\/2935\/2018, de 11 de diciembre\",\"datePublished\":\"2018-12-19T16:03:00+00:00\",\"dateModified\":\"2023-04-28T16:05:37+00:00\",\"mainEntityOfPage\":{\"@id\":\"https:\/\/www.actecir.cat\/es\/resolucion-emc-2935-2018-de-11-de-diciembre\/\"},\"wordCount\":65,\"commentCount\":0,\"publisher\":{\"@id\":\"https:\/\/www.actecir.cat\/#organization\"},\"image\":{\"@id\":\"https:\/\/www.actecir.cat\/es\/resolucion-emc-2935-2018-de-11-de-diciembre\/#primaryimage\"},\"thumbnailUrl\":\"https:\/\/www.actecir.cat\/wp-content\/uploads\/2023\/04\/icaen_c3.jpg\",\"articleSection\":[\"Destacamos\"],\"inLanguage\":\"es\",\"potentialAction\":[{\"@type\":\"CommentAction\",\"name\":\"Comment\",\"target\":[\"https:\/\/www.actecir.cat\/es\/resolucion-emc-2935-2018-de-11-de-diciembre\/#respond\"]}]},{\"@type\":\"WebPage\",\"@id\":\"https:\/\/www.actecir.cat\/es\/resolucion-emc-2935-2018-de-11-de-diciembre\/\",\"url\":\"https:\/\/www.actecir.cat\/es\/resolucion-emc-2935-2018-de-11-de-diciembre\/\",\"name\":\"Resoluci\u00f3n EMC\/2935\/2018, de 11 de diciembre - Actecir\",\"isPartOf\":{\"@id\":\"https:\/\/www.actecir.cat\/#website\"},\"primaryImageOfPage\":{\"@id\":\"https:\/\/www.actecir.cat\/es\/resolucion-emc-2935-2018-de-11-de-diciembre\/#primaryimage\"},\"image\":{\"@id\":\"https:\/\/www.actecir.cat\/es\/resolucion-emc-2935-2018-de-11-de-diciembre\/#primaryimage\"},\"thumbnailUrl\":\"https:\/\/www.actecir.cat\/wp-content\/uploads\/2023\/04\/icaen_c3.jpg\",\"datePublished\":\"2018-12-19T16:03:00+00:00\",\"dateModified\":\"2023-04-28T16:05:37+00:00\",\"breadcrumb\":{\"@id\":\"https:\/\/www.actecir.cat\/es\/resolucion-emc-2935-2018-de-11-de-diciembre\/#breadcrumb\"},\"inLanguage\":\"es\",\"potentialAction\":[{\"@type\":\"ReadAction\",\"target\":[\"https:\/\/www.actecir.cat\/es\/resolucion-emc-2935-2018-de-11-de-diciembre\/\"]}]},{\"@type\":\"ImageObject\",\"inLanguage\":\"es\",\"@id\":\"https:\/\/www.actecir.cat\/es\/resolucion-emc-2935-2018-de-11-de-diciembre\/#primaryimage\",\"url\":\"https:\/\/www.actecir.cat\/wp-content\/uploads\/2023\/04\/icaen_c3.jpg\",\"contentUrl\":\"https:\/\/www.actecir.cat\/wp-content\/uploads\/2023\/04\/icaen_c3.jpg\",\"width\":375,\"height\":217},{\"@type\":\"BreadcrumbList\",\"@id\":\"https:\/\/www.actecir.cat\/es\/resolucion-emc-2935-2018-de-11-de-diciembre\/#breadcrumb\",\"itemListElement\":[{\"@type\":\"ListItem\",\"position\":1,\"name\":\"Inici\",\"item\":\"https:\/\/www.actecir.cat\/es\/\"},{\"@type\":\"ListItem\",\"position\":2,\"name\":\"Resoluci\u00f3n EMC\/2935\/2018, de 11 de diciembre\"}]},{\"@type\":\"WebSite\",\"@id\":\"https:\/\/www.actecir.cat\/#website\",\"url\":\"https:\/\/www.actecir.cat\/\",\"name\":\"Actecir\",\"description\":\"Associaci\u00f3 Catalana de T\u00e8cnics en Energia, Climatitzaci\u00f3 i Refrigeraci\u00f3\",\"publisher\":{\"@id\":\"https:\/\/www.actecir.cat\/#organization\"},\"potentialAction\":[{\"@type\":\"SearchAction\",\"target\":{\"@type\":\"EntryPoint\",\"urlTemplate\":\"https:\/\/www.actecir.cat\/?s={search_term_string}\"},\"query-input\":{\"@type\":\"PropertyValueSpecification\",\"valueRequired\":true,\"valueName\":\"search_term_string\"}}],\"inLanguage\":\"es\"},{\"@type\":\"Organization\",\"@id\":\"https:\/\/www.actecir.cat\/#organization\",\"name\":\"Actecir\",\"url\":\"https:\/\/www.actecir.cat\/\",\"logo\":{\"@type\":\"ImageObject\",\"inLanguage\":\"es\",\"@id\":\"https:\/\/www.actecir.cat\/#\/schema\/logo\/image\/\",\"url\":\"https:\/\/www.actecir.cat\/wp-content\/uploads\/2023\/04\/cropped-logo_actecir_60_alto.png\",\"contentUrl\":\"https:\/\/www.actecir.cat\/wp-content\/uploads\/2023\/04\/cropped-logo_actecir_60_alto.png\",\"width\":283,\"height\":80,\"caption\":\"Actecir\"},\"image\":{\"@id\":\"https:\/\/www.actecir.cat\/#\/schema\/logo\/image\/\"},\"sameAs\":[\"https:\/\/x.com\/actecir\",\"https:\/\/www.linkedin.com\/company\/actecir\"]},{\"@type\":\"Person\",\"@id\":\"https:\/\/www.actecir.cat\/#\/schema\/person\/42edd02f0b1d55e19444428c5d321413\",\"name\":\"Soporte web\",\"sameAs\":[\"https:\/\/www.actecir.cat\"],\"url\":\"https:\/\/www.actecir.cat\/es\/author\/maensystems\/\"}]}<\/script>\n<!-- \/ Yoast SEO plugin. -->","yoast_head_json":{"title":"Resoluci\u00f3n EMC\/2935\/2018, de 11 de diciembre - Actecir","robots":{"index":"index","follow":"follow","max-snippet":"max-snippet:-1","max-image-preview":"max-image-preview:large","max-video-preview":"max-video-preview:-1"},"canonical":"https:\/\/www.actecir.cat\/es\/resolucion-emc-2935-2018-de-11-de-diciembre\/","og_locale":"es_ES","og_type":"article","og_title":"Resoluci\u00f3n EMC\/2935\/2018, de 11 de diciembre - Actecir","og_description":"ICAEN: Sistemas de almacenaje de energ\u00eda el\u00e9ctrica con baterias asociadas a instalaciones fotovoltaicas de autoconsumo 2018","og_url":"https:\/\/www.actecir.cat\/es\/resolucion-emc-2935-2018-de-11-de-diciembre\/","og_site_name":"Actecir","article_published_time":"2018-12-19T16:03:00+00:00","article_modified_time":"2023-04-28T16:05:37+00:00","og_image":[{"width":375,"height":217,"url":"https:\/\/www.actecir.cat\/wp-content\/uploads\/2023\/04\/icaen_c3.jpg","type":"image\/jpeg"}],"author":"Soporte web","twitter_card":"summary_large_image","twitter_creator":"@actecir","twitter_site":"@actecir","twitter_misc":{"Escrito por":"Soporte web"},"schema":{"@context":"https:\/\/schema.org","@graph":[{"@type":"Article","@id":"https:\/\/www.actecir.cat\/es\/resolucion-emc-2935-2018-de-11-de-diciembre\/#article","isPartOf":{"@id":"https:\/\/www.actecir.cat\/es\/resolucion-emc-2935-2018-de-11-de-diciembre\/"},"author":{"name":"Soporte web","@id":"https:\/\/www.actecir.cat\/#\/schema\/person\/42edd02f0b1d55e19444428c5d321413"},"headline":"Resoluci\u00f3n EMC\/2935\/2018, de 11 de diciembre","datePublished":"2018-12-19T16:03:00+00:00","dateModified":"2023-04-28T16:05:37+00:00","mainEntityOfPage":{"@id":"https:\/\/www.actecir.cat\/es\/resolucion-emc-2935-2018-de-11-de-diciembre\/"},"wordCount":65,"commentCount":0,"publisher":{"@id":"https:\/\/www.actecir.cat\/#organization"},"image":{"@id":"https:\/\/www.actecir.cat\/es\/resolucion-emc-2935-2018-de-11-de-diciembre\/#primaryimage"},"thumbnailUrl":"https:\/\/www.actecir.cat\/wp-content\/uploads\/2023\/04\/icaen_c3.jpg","articleSection":["Destacamos"],"inLanguage":"es","potentialAction":[{"@type":"CommentAction","name":"Comment","target":["https:\/\/www.actecir.cat\/es\/resolucion-emc-2935-2018-de-11-de-diciembre\/#respond"]}]},{"@type":"WebPage","@id":"https:\/\/www.actecir.cat\/es\/resolucion-emc-2935-2018-de-11-de-diciembre\/","url":"https:\/\/www.actecir.cat\/es\/resolucion-emc-2935-2018-de-11-de-diciembre\/","name":"Resoluci\u00f3n EMC\/2935\/2018, de 11 de diciembre - Actecir","isPartOf":{"@id":"https:\/\/www.actecir.cat\/#website"},"primaryImageOfPage":{"@id":"https:\/\/www.actecir.cat\/es\/resolucion-emc-2935-2018-de-11-de-diciembre\/#primaryimage"},"image":{"@id":"https:\/\/www.actecir.cat\/es\/resolucion-emc-2935-2018-de-11-de-diciembre\/#primaryimage"},"thumbnailUrl":"https:\/\/www.actecir.cat\/wp-content\/uploads\/2023\/04\/icaen_c3.jpg","datePublished":"2018-12-19T16:03:00+00:00","dateModified":"2023-04-28T16:05:37+00:00","breadcrumb":{"@id":"https:\/\/www.actecir.cat\/es\/resolucion-emc-2935-2018-de-11-de-diciembre\/#breadcrumb"},"inLanguage":"es","potentialAction":[{"@type":"ReadAction","target":["https:\/\/www.actecir.cat\/es\/resolucion-emc-2935-2018-de-11-de-diciembre\/"]}]},{"@type":"ImageObject","inLanguage":"es","@id":"https:\/\/www.actecir.cat\/es\/resolucion-emc-2935-2018-de-11-de-diciembre\/#primaryimage","url":"https:\/\/www.actecir.cat\/wp-content\/uploads\/2023\/04\/icaen_c3.jpg","contentUrl":"https:\/\/www.actecir.cat\/wp-content\/uploads\/2023\/04\/icaen_c3.jpg","width":375,"height":217},{"@type":"BreadcrumbList","@id":"https:\/\/www.actecir.cat\/es\/resolucion-emc-2935-2018-de-11-de-diciembre\/#breadcrumb","itemListElement":[{"@type":"ListItem","position":1,"name":"Inici","item":"https:\/\/www.actecir.cat\/es\/"},{"@type":"ListItem","position":2,"name":"Resoluci\u00f3n EMC\/2935\/2018, de 11 de diciembre"}]},{"@type":"WebSite","@id":"https:\/\/www.actecir.cat\/#website","url":"https:\/\/www.actecir.cat\/","name":"Actecir","description":"Associaci\u00f3 Catalana de T\u00e8cnics en Energia, Climatitzaci\u00f3 i Refrigeraci\u00f3","publisher":{"@id":"https:\/\/www.actecir.cat\/#organization"},"potentialAction":[{"@type":"SearchAction","target":{"@type":"EntryPoint","urlTemplate":"https:\/\/www.actecir.cat\/?s={search_term_string}"},"query-input":{"@type":"PropertyValueSpecification","valueRequired":true,"valueName":"search_term_string"}}],"inLanguage":"es"},{"@type":"Organization","@id":"https:\/\/www.actecir.cat\/#organization","name":"Actecir","url":"https:\/\/www.actecir.cat\/","logo":{"@type":"ImageObject","inLanguage":"es","@id":"https:\/\/www.actecir.cat\/#\/schema\/logo\/image\/","url":"https:\/\/www.actecir.cat\/wp-content\/uploads\/2023\/04\/cropped-logo_actecir_60_alto.png","contentUrl":"https:\/\/www.actecir.cat\/wp-content\/uploads\/2023\/04\/cropped-logo_actecir_60_alto.png","width":283,"height":80,"caption":"Actecir"},"image":{"@id":"https:\/\/www.actecir.cat\/#\/schema\/logo\/image\/"},"sameAs":["https:\/\/x.com\/actecir","https:\/\/www.linkedin.com\/company\/actecir"]},{"@type":"Person","@id":"https:\/\/www.actecir.cat\/#\/schema\/person\/42edd02f0b1d55e19444428c5d321413","name":"Soporte web","sameAs":["https:\/\/www.actecir.cat"],"url":"https:\/\/www.actecir.cat\/es\/author\/maensystems\/"}]}},"_links":{"self":[{"href":"https:\/\/www.actecir.cat\/es\/wp-json\/wp\/v2\/posts\/4271","targetHints":{"allow":["GET"]}}],"collection":[{"href":"https:\/\/www.actecir.cat\/es\/wp-json\/wp\/v2\/posts"}],"about":[{"href":"https:\/\/www.actecir.cat\/es\/wp-json\/wp\/v2\/types\/post"}],"author":[{"embeddable":true,"href":"https:\/\/www.actecir.cat\/es\/wp-json\/wp\/v2\/users\/1"}],"replies":[{"embeddable":true,"href":"https:\/\/www.actecir.cat\/es\/wp-json\/wp\/v2\/comments?post=4271"}],"version-history":[{"count":1,"href":"https:\/\/www.actecir.cat\/es\/wp-json\/wp\/v2\/posts\/4271\/revisions"}],"predecessor-version":[{"id":4272,"href":"https:\/\/www.actecir.cat\/es\/wp-json\/wp\/v2\/posts\/4271\/revisions\/4272"}],"wp:featuredmedia":[{"embeddable":true,"href":"https:\/\/www.actecir.cat\/es\/wp-json\/wp\/v2\/media\/4269"}],"wp:attachment":[{"href":"https:\/\/www.actecir.cat\/es\/wp-json\/wp\/v2\/media?parent=4271"}],"wp:term":[{"taxonomy":"category","embeddable":true,"href":"https:\/\/www.actecir.cat\/es\/wp-json\/wp\/v2\/categories?post=4271"},{"taxonomy":"post_tag","embeddable":true,"href":"https:\/\/www.actecir.cat\/es\/wp-json\/wp\/v2\/tags?post=4271"}],"curies":[{"name":"wp","href":"https:\/\/api.w.org\/{rel}","templated":true}]}}