{"id":4283,"date":"2018-11-07T16:06:00","date_gmt":"2018-11-07T16:06:00","guid":{"rendered":"https:\/\/www.actecir.cat\/?p=4283"},"modified":"2023-04-28T16:10:46","modified_gmt":"2023-04-28T16:10:46","slug":"nuevo-convenio-colaborador-entre-actecir-y-asit","status":"publish","type":"post","link":"https:\/\/www.actecir.cat\/es\/nuevo-convenio-colaborador-entre-actecir-y-asit\/","title":{"rendered":"Nuevo Convenio Colaborador entre ACTECIR y ASIT"},"content":{"rendered":"\n<figure class=\"wp-block-image size-large\"><img fetchpriority=\"high\" decoding=\"async\" width=\"1024\" height=\"233\" src=\"https:\/\/www.actecir.cat\/wp-content\/uploads\/2023\/04\/LOGOS_CONJUNTS-1024x233.jpg\" alt=\"\" class=\"wp-image-4275\" srcset=\"https:\/\/www.actecir.cat\/wp-content\/uploads\/2023\/04\/LOGOS_CONJUNTS-1024x233.jpg 1024w, https:\/\/www.actecir.cat\/wp-content\/uploads\/2023\/04\/LOGOS_CONJUNTS-300x68.jpg 300w, https:\/\/www.actecir.cat\/wp-content\/uploads\/2023\/04\/LOGOS_CONJUNTS-768x175.jpg 768w, https:\/\/www.actecir.cat\/wp-content\/uploads\/2023\/04\/LOGOS_CONJUNTS.jpg 1100w\" sizes=\"(max-width: 1024px) 100vw, 1024px\" \/><\/figure>\n\n\n\n<p>Convenio de colaboraci\u00f3n entre la &#8220;Asociaci\u00f3n Catalana de T\u00e9cnicos en Energ\u00eda, Climatizaci\u00f3n y Refrigeraci\u00f3n&#8221; y la &#8220;Asociaci\u00f3n Sola de la Industria T\u00e9rmica&#8221;<\/p>\n\n\n\n<p><strong>Barcelona 6 de noviembre de 2018<\/strong>. El Convenio firmado tiene por objeto establecer un marco de colaboraci\u00f3n entre ACTECIR y ASIT para ejercer actuaciones conjuntas en temas de inter\u00e9s para el sector de las instalaciones en energ\u00eda solar t\u00e9rmica, climatizaci\u00f3n y refrigeraci\u00f3n, como la innovaci\u00f3n, la internacionalizaci\u00f3n, la informaci\u00f3n y documentaci\u00f3n, estudios de las condiciones de trabajo de los profesionales de la consultor\u00eda de instalaciones, la dinamizaci\u00f3n de la bolsa de trabajo, la formaci\u00f3n y la organizaci\u00f3n de jornadas y, en general, cualquier otra actuaci\u00f3n que siendo de inter\u00e9s de los profesionales de la consultor\u00eda de las instalaciones consideren ambas partes que pueden efectuar de forma conjunta.<\/p>\n\n\n\n<p>Las dos asociaciones consideran de gran relevancia establecer estas l\u00edneas de colaboraci\u00f3n que redunden en un beneficio com\u00fan que permita la organizaci\u00f3n de actividades formativas de alto nivel: cursos, congresos, seminarios, etc. Asimismo, se contempla la posibilidad de realizar estudios y proyectos de investigaci\u00f3n en \u00e1reas de inter\u00e9s, as\u00ed como el asesoramiento en cuestiones relacionadas con cualquier tipo de actividad tanto de ACTECIR como de ASIT.<\/p>\n\n\n\n<p>ACTECIR es una asociaci\u00f3n sin \u00e1nimo de lucro, el \u00e1mbito funcional de la cual conforma como un colectivou \u00f3rgano sectorial para la coordinaci\u00f3n, representaci\u00f3n, gesti\u00f3n, fomentoy defensa delos intereses y del prestigio profesional de todos sus miembros, dedicados principalmente alos servicios relacionados con la Energ\u00eda, Climatizaci\u00f3ny Refrigeraci\u00f3n.<\/p>\n\n\n\n<p>ASIT es una asociaci\u00f3n sin \u00e1nimo de lucro, que tiene como miembros a todo tipo de empresas y personas f\u00edsicas relacionadas con la industria de la energ\u00eda solar t\u00e9rmica, que la convierten en una organizaci\u00f3n representativa de la industria espa\u00f1ola del sector de la energ\u00eda solar t\u00e9rmica de baja temperatura, capacitada para actuar en el campo t\u00e9cnico a nivel nacional e internacional, como interlocutor frente a Administraciones P\u00fablicas, entidades de normalizaci\u00f3n y certificaci\u00f3n, asociaciones profesionales y dem\u00e1s agentes del sector de la energ\u00eda solar t\u00e9rmica.<\/p>\n\n\n\n<p><strong>Informaci\u00f3n y contacto:<\/strong><\/p>\n\n\n\n<p>Por parte de ACTECIR<br>Sra. Sonia Navarro<br>Plaza Espa\u00f1a, s\/n, 1. Escalera de prensa (FIB) &#8211; 08004 Barcelona (Barcelona)<br>Tel. 934 231 175 \u2013 639 465 899<br>E.mail-&nbsp;<a href=\"mailto:actecir@actecir.cat\">actecir@actecir.cat<\/a><\/p>\n\n\n\n<p>Por parte de ASIT<br>Sr. Pascual Polo<br>Avenida Juan L\u00f3pez de Pe\u00f1alver, n\u00ba 21 CRC Consultores Parque Tecnol\u00f3gico de Andaluc\u00eda &#8211; 29590, Campanillas (M\u00e1laga)<br>Tel.- 659068128<br>E.mail-&nbsp;<a href=\"mailto:info@asit-solar.com\">info@asit-solar.com<\/a><\/p>\n\n\n\n<p>\u00a0<a href=\"https:\/\/www.actecir.cat\/wp-content\/uploads\/2023\/04\/CONVENIO_COLABORACION_ACTECIR-ASIT_pdf.pdf\" target=\"_blank\" rel=\"noreferrer noopener\">Acceso a nota de prensa<\/a><\/p>\n","protected":false},"excerpt":{"rendered":"<p>Nuevo Convenio Colaborador entre ACTECIR y ASIT<\/p>\n","protected":false},"author":1,"featured_media":4284,"comment_status":"open","ping_status":"open","sticky":false,"template":"","format":"standard","meta":{"footnotes":""},"categories":[23],"tags":[],"class_list":["post-4283","post","type-post","status-publish","format-standard","has-post-thumbnail","hentry","category-destacamos"],"yoast_head":"<!-- This site is optimized with the Yoast SEO plugin v27.2 - https:\/\/yoast.com\/product\/yoast-seo-wordpress\/ -->\n<title>Nuevo Convenio Colaborador entre ACTECIR y ASIT - Actecir<\/title>\n<meta name=\"robots\" content=\"index, follow, max-snippet:-1, max-image-preview:large, max-video-preview:-1\" \/>\n<link rel=\"canonical\" href=\"https:\/\/www.actecir.cat\/es\/nuevo-convenio-colaborador-entre-actecir-y-asit\/\" \/>\n<meta property=\"og:locale\" content=\"es_ES\" \/>\n<meta property=\"og:type\" content=\"article\" \/>\n<meta property=\"og:title\" content=\"Nuevo Convenio Colaborador entre ACTECIR y ASIT - Actecir\" \/>\n<meta property=\"og:description\" content=\"Nuevo Convenio Colaborador entre ACTECIR y ASIT\" \/>\n<meta property=\"og:url\" content=\"https:\/\/www.actecir.cat\/es\/nuevo-convenio-colaborador-entre-actecir-y-asit\/\" \/>\n<meta property=\"og:site_name\" content=\"Actecir\" \/>\n<meta property=\"article:published_time\" content=\"2018-11-07T16:06:00+00:00\" \/>\n<meta property=\"article:modified_time\" content=\"2023-04-28T16:10:46+00:00\" \/>\n<meta property=\"og:image\" content=\"https:\/\/www.actecir.cat\/wp-content\/uploads\/2023\/04\/presentacion_convenio_colaborador_ASIT.jpg\" \/>\n\t<meta property=\"og:image:width\" content=\"600\" \/>\n\t<meta property=\"og:image:height\" content=\"400\" \/>\n\t<meta property=\"og:image:type\" content=\"image\/jpeg\" \/>\n<meta name=\"author\" content=\"Soporte web\" \/>\n<meta name=\"twitter:card\" content=\"summary_large_image\" \/>\n<meta name=\"twitter:creator\" content=\"@actecir\" \/>\n<meta name=\"twitter:site\" content=\"@actecir\" \/>\n<meta name=\"twitter:label1\" content=\"Escrito por\" \/>\n\t<meta name=\"twitter:data1\" content=\"Soporte web\" \/>\n\t<meta name=\"twitter:label2\" content=\"Tiempo de lectura\" \/>\n\t<meta name=\"twitter:data2\" content=\"2 minutos\" \/>\n<script type=\"application\/ld+json\" class=\"yoast-schema-graph\">{\"@context\":\"https:\/\/schema.org\",\"@graph\":[{\"@type\":\"Article\",\"@id\":\"https:\/\/www.actecir.cat\/es\/nuevo-convenio-colaborador-entre-actecir-y-asit\/#article\",\"isPartOf\":{\"@id\":\"https:\/\/www.actecir.cat\/es\/nuevo-convenio-colaborador-entre-actecir-y-asit\/\"},\"author\":{\"name\":\"Soporte web\",\"@id\":\"https:\/\/www.actecir.cat\/#\/schema\/person\/42edd02f0b1d55e19444428c5d321413\"},\"headline\":\"Nuevo Convenio Colaborador entre ACTECIR y ASIT\",\"datePublished\":\"2018-11-07T16:06:00+00:00\",\"dateModified\":\"2023-04-28T16:10:46+00:00\",\"mainEntityOfPage\":{\"@id\":\"https:\/\/www.actecir.cat\/es\/nuevo-convenio-colaborador-entre-actecir-y-asit\/\"},\"wordCount\":451,\"commentCount\":0,\"publisher\":{\"@id\":\"https:\/\/www.actecir.cat\/#organization\"},\"image\":{\"@id\":\"https:\/\/www.actecir.cat\/es\/nuevo-convenio-colaborador-entre-actecir-y-asit\/#primaryimage\"},\"thumbnailUrl\":\"https:\/\/www.actecir.cat\/wp-content\/uploads\/2023\/04\/presentacion_convenio_colaborador_ASIT.jpg\",\"articleSection\":[\"Destacamos\"],\"inLanguage\":\"es\",\"potentialAction\":[{\"@type\":\"CommentAction\",\"name\":\"Comment\",\"target\":[\"https:\/\/www.actecir.cat\/es\/nuevo-convenio-colaborador-entre-actecir-y-asit\/#respond\"]}]},{\"@type\":\"WebPage\",\"@id\":\"https:\/\/www.actecir.cat\/es\/nuevo-convenio-colaborador-entre-actecir-y-asit\/\",\"url\":\"https:\/\/www.actecir.cat\/es\/nuevo-convenio-colaborador-entre-actecir-y-asit\/\",\"name\":\"Nuevo Convenio Colaborador entre ACTECIR y ASIT - Actecir\",\"isPartOf\":{\"@id\":\"https:\/\/www.actecir.cat\/#website\"},\"primaryImageOfPage\":{\"@id\":\"https:\/\/www.actecir.cat\/es\/nuevo-convenio-colaborador-entre-actecir-y-asit\/#primaryimage\"},\"image\":{\"@id\":\"https:\/\/www.actecir.cat\/es\/nuevo-convenio-colaborador-entre-actecir-y-asit\/#primaryimage\"},\"thumbnailUrl\":\"https:\/\/www.actecir.cat\/wp-content\/uploads\/2023\/04\/presentacion_convenio_colaborador_ASIT.jpg\",\"datePublished\":\"2018-11-07T16:06:00+00:00\",\"dateModified\":\"2023-04-28T16:10:46+00:00\",\"breadcrumb\":{\"@id\":\"https:\/\/www.actecir.cat\/es\/nuevo-convenio-colaborador-entre-actecir-y-asit\/#breadcrumb\"},\"inLanguage\":\"es\",\"potentialAction\":[{\"@type\":\"ReadAction\",\"target\":[\"https:\/\/www.actecir.cat\/es\/nuevo-convenio-colaborador-entre-actecir-y-asit\/\"]}]},{\"@type\":\"ImageObject\",\"inLanguage\":\"es\",\"@id\":\"https:\/\/www.actecir.cat\/es\/nuevo-convenio-colaborador-entre-actecir-y-asit\/#primaryimage\",\"url\":\"https:\/\/www.actecir.cat\/wp-content\/uploads\/2023\/04\/presentacion_convenio_colaborador_ASIT.jpg\",\"contentUrl\":\"https:\/\/www.actecir.cat\/wp-content\/uploads\/2023\/04\/presentacion_convenio_colaborador_ASIT.jpg\",\"width\":600,\"height\":400},{\"@type\":\"BreadcrumbList\",\"@id\":\"https:\/\/www.actecir.cat\/es\/nuevo-convenio-colaborador-entre-actecir-y-asit\/#breadcrumb\",\"itemListElement\":[{\"@type\":\"ListItem\",\"position\":1,\"name\":\"Inici\",\"item\":\"https:\/\/www.actecir.cat\/es\/\"},{\"@type\":\"ListItem\",\"position\":2,\"name\":\"Nuevo Convenio Colaborador entre ACTECIR y ASIT\"}]},{\"@type\":\"WebSite\",\"@id\":\"https:\/\/www.actecir.cat\/#website\",\"url\":\"https:\/\/www.actecir.cat\/\",\"name\":\"Actecir\",\"description\":\"Associaci\u00f3 Catalana de T\u00e8cnics en Energia, Climatitzaci\u00f3 i Refrigeraci\u00f3\",\"publisher\":{\"@id\":\"https:\/\/www.actecir.cat\/#organization\"},\"potentialAction\":[{\"@type\":\"SearchAction\",\"target\":{\"@type\":\"EntryPoint\",\"urlTemplate\":\"https:\/\/www.actecir.cat\/?s={search_term_string}\"},\"query-input\":{\"@type\":\"PropertyValueSpecification\",\"valueRequired\":true,\"valueName\":\"search_term_string\"}}],\"inLanguage\":\"es\"},{\"@type\":\"Organization\",\"@id\":\"https:\/\/www.actecir.cat\/#organization\",\"name\":\"Actecir\",\"url\":\"https:\/\/www.actecir.cat\/\",\"logo\":{\"@type\":\"ImageObject\",\"inLanguage\":\"es\",\"@id\":\"https:\/\/www.actecir.cat\/#\/schema\/logo\/image\/\",\"url\":\"https:\/\/www.actecir.cat\/wp-content\/uploads\/2023\/04\/cropped-logo_actecir_60_alto.png\",\"contentUrl\":\"https:\/\/www.actecir.cat\/wp-content\/uploads\/2023\/04\/cropped-logo_actecir_60_alto.png\",\"width\":283,\"height\":80,\"caption\":\"Actecir\"},\"image\":{\"@id\":\"https:\/\/www.actecir.cat\/#\/schema\/logo\/image\/\"},\"sameAs\":[\"https:\/\/x.com\/actecir\",\"https:\/\/www.linkedin.com\/company\/actecir\"]},{\"@type\":\"Person\",\"@id\":\"https:\/\/www.actecir.cat\/#\/schema\/person\/42edd02f0b1d55e19444428c5d321413\",\"name\":\"Soporte web\",\"sameAs\":[\"https:\/\/www.actecir.cat\"],\"url\":\"https:\/\/www.actecir.cat\/es\/author\/maensystems\/\"}]}<\/script>\n<!-- \/ Yoast SEO plugin. -->","yoast_head_json":{"title":"Nuevo Convenio Colaborador entre ACTECIR y ASIT - Actecir","robots":{"index":"index","follow":"follow","max-snippet":"max-snippet:-1","max-image-preview":"max-image-preview:large","max-video-preview":"max-video-preview:-1"},"canonical":"https:\/\/www.actecir.cat\/es\/nuevo-convenio-colaborador-entre-actecir-y-asit\/","og_locale":"es_ES","og_type":"article","og_title":"Nuevo Convenio Colaborador entre ACTECIR y ASIT - Actecir","og_description":"Nuevo Convenio Colaborador entre ACTECIR y ASIT","og_url":"https:\/\/www.actecir.cat\/es\/nuevo-convenio-colaborador-entre-actecir-y-asit\/","og_site_name":"Actecir","article_published_time":"2018-11-07T16:06:00+00:00","article_modified_time":"2023-04-28T16:10:46+00:00","og_image":[{"width":600,"height":400,"url":"https:\/\/www.actecir.cat\/wp-content\/uploads\/2023\/04\/presentacion_convenio_colaborador_ASIT.jpg","type":"image\/jpeg"}],"author":"Soporte web","twitter_card":"summary_large_image","twitter_creator":"@actecir","twitter_site":"@actecir","twitter_misc":{"Escrito por":"Soporte web","Tiempo de lectura":"2 minutos"},"schema":{"@context":"https:\/\/schema.org","@graph":[{"@type":"Article","@id":"https:\/\/www.actecir.cat\/es\/nuevo-convenio-colaborador-entre-actecir-y-asit\/#article","isPartOf":{"@id":"https:\/\/www.actecir.cat\/es\/nuevo-convenio-colaborador-entre-actecir-y-asit\/"},"author":{"name":"Soporte web","@id":"https:\/\/www.actecir.cat\/#\/schema\/person\/42edd02f0b1d55e19444428c5d321413"},"headline":"Nuevo Convenio Colaborador entre ACTECIR y ASIT","datePublished":"2018-11-07T16:06:00+00:00","dateModified":"2023-04-28T16:10:46+00:00","mainEntityOfPage":{"@id":"https:\/\/www.actecir.cat\/es\/nuevo-convenio-colaborador-entre-actecir-y-asit\/"},"wordCount":451,"commentCount":0,"publisher":{"@id":"https:\/\/www.actecir.cat\/#organization"},"image":{"@id":"https:\/\/www.actecir.cat\/es\/nuevo-convenio-colaborador-entre-actecir-y-asit\/#primaryimage"},"thumbnailUrl":"https:\/\/www.actecir.cat\/wp-content\/uploads\/2023\/04\/presentacion_convenio_colaborador_ASIT.jpg","articleSection":["Destacamos"],"inLanguage":"es","potentialAction":[{"@type":"CommentAction","name":"Comment","target":["https:\/\/www.actecir.cat\/es\/nuevo-convenio-colaborador-entre-actecir-y-asit\/#respond"]}]},{"@type":"WebPage","@id":"https:\/\/www.actecir.cat\/es\/nuevo-convenio-colaborador-entre-actecir-y-asit\/","url":"https:\/\/www.actecir.cat\/es\/nuevo-convenio-colaborador-entre-actecir-y-asit\/","name":"Nuevo Convenio Colaborador entre ACTECIR y ASIT - Actecir","isPartOf":{"@id":"https:\/\/www.actecir.cat\/#website"},"primaryImageOfPage":{"@id":"https:\/\/www.actecir.cat\/es\/nuevo-convenio-colaborador-entre-actecir-y-asit\/#primaryimage"},"image":{"@id":"https:\/\/www.actecir.cat\/es\/nuevo-convenio-colaborador-entre-actecir-y-asit\/#primaryimage"},"thumbnailUrl":"https:\/\/www.actecir.cat\/wp-content\/uploads\/2023\/04\/presentacion_convenio_colaborador_ASIT.jpg","datePublished":"2018-11-07T16:06:00+00:00","dateModified":"2023-04-28T16:10:46+00:00","breadcrumb":{"@id":"https:\/\/www.actecir.cat\/es\/nuevo-convenio-colaborador-entre-actecir-y-asit\/#breadcrumb"},"inLanguage":"es","potentialAction":[{"@type":"ReadAction","target":["https:\/\/www.actecir.cat\/es\/nuevo-convenio-colaborador-entre-actecir-y-asit\/"]}]},{"@type":"ImageObject","inLanguage":"es","@id":"https:\/\/www.actecir.cat\/es\/nuevo-convenio-colaborador-entre-actecir-y-asit\/#primaryimage","url":"https:\/\/www.actecir.cat\/wp-content\/uploads\/2023\/04\/presentacion_convenio_colaborador_ASIT.jpg","contentUrl":"https:\/\/www.actecir.cat\/wp-content\/uploads\/2023\/04\/presentacion_convenio_colaborador_ASIT.jpg","width":600,"height":400},{"@type":"BreadcrumbList","@id":"https:\/\/www.actecir.cat\/es\/nuevo-convenio-colaborador-entre-actecir-y-asit\/#breadcrumb","itemListElement":[{"@type":"ListItem","position":1,"name":"Inici","item":"https:\/\/www.actecir.cat\/es\/"},{"@type":"ListItem","position":2,"name":"Nuevo Convenio Colaborador entre ACTECIR y ASIT"}]},{"@type":"WebSite","@id":"https:\/\/www.actecir.cat\/#website","url":"https:\/\/www.actecir.cat\/","name":"Actecir","description":"Associaci\u00f3 Catalana de T\u00e8cnics en Energia, Climatitzaci\u00f3 i Refrigeraci\u00f3","publisher":{"@id":"https:\/\/www.actecir.cat\/#organization"},"potentialAction":[{"@type":"SearchAction","target":{"@type":"EntryPoint","urlTemplate":"https:\/\/www.actecir.cat\/?s={search_term_string}"},"query-input":{"@type":"PropertyValueSpecification","valueRequired":true,"valueName":"search_term_string"}}],"inLanguage":"es"},{"@type":"Organization","@id":"https:\/\/www.actecir.cat\/#organization","name":"Actecir","url":"https:\/\/www.actecir.cat\/","logo":{"@type":"ImageObject","inLanguage":"es","@id":"https:\/\/www.actecir.cat\/#\/schema\/logo\/image\/","url":"https:\/\/www.actecir.cat\/wp-content\/uploads\/2023\/04\/cropped-logo_actecir_60_alto.png","contentUrl":"https:\/\/www.actecir.cat\/wp-content\/uploads\/2023\/04\/cropped-logo_actecir_60_alto.png","width":283,"height":80,"caption":"Actecir"},"image":{"@id":"https:\/\/www.actecir.cat\/#\/schema\/logo\/image\/"},"sameAs":["https:\/\/x.com\/actecir","https:\/\/www.linkedin.com\/company\/actecir"]},{"@type":"Person","@id":"https:\/\/www.actecir.cat\/#\/schema\/person\/42edd02f0b1d55e19444428c5d321413","name":"Soporte web","sameAs":["https:\/\/www.actecir.cat"],"url":"https:\/\/www.actecir.cat\/es\/author\/maensystems\/"}]}},"_links":{"self":[{"href":"https:\/\/www.actecir.cat\/es\/wp-json\/wp\/v2\/posts\/4283","targetHints":{"allow":["GET"]}}],"collection":[{"href":"https:\/\/www.actecir.cat\/es\/wp-json\/wp\/v2\/posts"}],"about":[{"href":"https:\/\/www.actecir.cat\/es\/wp-json\/wp\/v2\/types\/post"}],"author":[{"embeddable":true,"href":"https:\/\/www.actecir.cat\/es\/wp-json\/wp\/v2\/users\/1"}],"replies":[{"embeddable":true,"href":"https:\/\/www.actecir.cat\/es\/wp-json\/wp\/v2\/comments?post=4283"}],"version-history":[{"count":1,"href":"https:\/\/www.actecir.cat\/es\/wp-json\/wp\/v2\/posts\/4283\/revisions"}],"predecessor-version":[{"id":4286,"href":"https:\/\/www.actecir.cat\/es\/wp-json\/wp\/v2\/posts\/4283\/revisions\/4286"}],"wp:featuredmedia":[{"embeddable":true,"href":"https:\/\/www.actecir.cat\/es\/wp-json\/wp\/v2\/media\/4284"}],"wp:attachment":[{"href":"https:\/\/www.actecir.cat\/es\/wp-json\/wp\/v2\/media?parent=4283"}],"wp:term":[{"taxonomy":"category","embeddable":true,"href":"https:\/\/www.actecir.cat\/es\/wp-json\/wp\/v2\/categories?post=4283"},{"taxonomy":"post_tag","embeddable":true,"href":"https:\/\/www.actecir.cat\/es\/wp-json\/wp\/v2\/tags?post=4283"}],"curies":[{"name":"wp","href":"https:\/\/api.w.org\/{rel}","templated":true}]}}