{"id":4303,"date":"2018-10-25T16:17:00","date_gmt":"2018-10-25T14:17:00","guid":{"rendered":"https:\/\/www.actecir.cat\/?p=4303"},"modified":"2023-07-07T16:04:32","modified_gmt":"2023-07-07T14:04:32","slug":"convocatoria-de-subvenciones-del-plan-pima-frio","status":"publish","type":"post","link":"https:\/\/www.actecir.cat\/es\/convocatoria-de-subvenciones-del-plan-pima-frio\/","title":{"rendered":"Convocatoria de subvenciones del Plan PIMA FR\u00cdO"},"content":{"rendered":"\n<p>Se ha publicado la Convocatoria de subvenciones del Plan PIMA FR\u00cdO, de acuerdo con las Bases publicadas el pasado 8 de septiembre por el Ministerio para la Transici\u00f3n Ecol\u00f3gica.<\/p>\n\n\n\n<p>El objeto de las subvenciones es la implantaci\u00f3n de instalaciones de refrigeraci\u00f3n basadas en tecnolog\u00edas alternativas a los gases fluorados de alto potencial de calentamiento atmosf\u00e9rico en establecimientos dedicados a la distribuci\u00f3n comercial ubicados en Catalu\u00f1a. Las actuaciones pueden realizarse en establecimientos existentes (s\u00f3lo si son renovaciones integrales que incluyan la centra frigor\u00edfica) o en establecimientos nuevos.<\/p>\n\n\n\n<p>Los beneficiarios son las personas f\u00edsicas o jur\u00eddicas dedicadas a la distribuci\u00f3n comercial de alimentos. En el caso de establecimientos gestionados bajo un contrato de franquicia, la solicitud de ayuda se realizar\u00e1 por el franquiciado.<\/p>\n\n\n\n<p>Las actuaciones objeto de subvenci\u00f3n son financiadas por el Ministerio para la Transici\u00f3n Ecol\u00f3gica.<\/p>\n\n\n\n<p>Las solicitudes ser\u00e1n atendidas por riguroso orden de presentaci\u00f3n de la documentaci\u00f3n completa hasta el agotamiento de los fondos. A efectos de prelaci\u00f3n temporal, se tendr\u00e1 en cuenta la fecha de presentaci\u00f3n de la documentaci\u00f3n completa o aquella en que el interesado complete la sol \u2022 licitud presentada inicialmente.<\/p>\n\n\n\n<p>El plazo para presentar las solicitudes es desde el 10 de octubre hasta el 16 de noviembre de 2018.<\/p>\n\n\n\n<p>Las solicitudes deben presentarse utilizando la sede electr\u00f3nica de la Generalidad de Catalu\u00f1a, mediante el formulario normalizado que se puede descargar en la p\u00e1gina web de&nbsp;<a href=\"https:\/\/web.gencat.cat\/ca\/tramits\" target=\"_blank\" rel=\"noreferrer noopener\">Tr\u00e1mites<\/a>, buscando el Tema &#8220;Medio Ambiente&#8221;, Subtema &#8220;Sostenibilidad&#8221;.<\/p>\n","protected":false},"excerpt":{"rendered":"<p>Convocatoria de subvenciones del Plan PIMA FR\u00cdO<\/p>\n","protected":false},"author":1,"featured_media":4301,"comment_status":"open","ping_status":"open","sticky":false,"template":"","format":"standard","meta":{"footnotes":""},"categories":[23],"tags":[],"class_list":["post-4303","post","type-post","status-publish","format-standard","has-post-thumbnail","hentry","category-destacamos"],"yoast_head":"<!-- This site is optimized with the Yoast SEO plugin v27.2 - https:\/\/yoast.com\/product\/yoast-seo-wordpress\/ -->\n<title>Convocatoria de subvenciones del Plan PIMA FR\u00cdO - Actecir<\/title>\n<meta name=\"robots\" content=\"index, follow, max-snippet:-1, max-image-preview:large, max-video-preview:-1\" \/>\n<link rel=\"canonical\" href=\"https:\/\/www.actecir.cat\/es\/convocatoria-de-subvenciones-del-plan-pima-frio\/\" \/>\n<meta property=\"og:locale\" content=\"es_ES\" \/>\n<meta property=\"og:type\" content=\"article\" \/>\n<meta property=\"og:title\" content=\"Convocatoria de subvenciones del Plan PIMA FR\u00cdO - Actecir\" \/>\n<meta property=\"og:description\" content=\"Convocatoria de subvenciones del Plan PIMA FR\u00cdO\" \/>\n<meta property=\"og:url\" content=\"https:\/\/www.actecir.cat\/es\/convocatoria-de-subvenciones-del-plan-pima-frio\/\" \/>\n<meta property=\"og:site_name\" content=\"Actecir\" \/>\n<meta property=\"article:published_time\" content=\"2018-10-25T14:17:00+00:00\" \/>\n<meta property=\"article:modified_time\" content=\"2023-07-07T14:04:32+00:00\" \/>\n<meta property=\"og:image\" content=\"https:\/\/www.actecir.cat\/wp-content\/uploads\/2023\/04\/RESOLUCIO_TES-2277-2018.png\" \/>\n\t<meta property=\"og:image:width\" content=\"600\" \/>\n\t<meta property=\"og:image:height\" content=\"384\" \/>\n\t<meta property=\"og:image:type\" content=\"image\/png\" \/>\n<meta name=\"author\" content=\"Soporte web\" \/>\n<meta name=\"twitter:card\" content=\"summary_large_image\" \/>\n<meta name=\"twitter:creator\" content=\"@actecir\" \/>\n<meta name=\"twitter:site\" content=\"@actecir\" \/>\n<meta name=\"twitter:label1\" content=\"Escrito por\" \/>\n\t<meta name=\"twitter:data1\" content=\"Soporte web\" \/>\n\t<meta name=\"twitter:label2\" content=\"Tiempo de lectura\" \/>\n\t<meta name=\"twitter:data2\" content=\"1 minuto\" \/>\n<script type=\"application\/ld+json\" class=\"yoast-schema-graph\">{\"@context\":\"https:\/\/schema.org\",\"@graph\":[{\"@type\":\"Article\",\"@id\":\"https:\/\/www.actecir.cat\/es\/convocatoria-de-subvenciones-del-plan-pima-frio\/#article\",\"isPartOf\":{\"@id\":\"https:\/\/www.actecir.cat\/es\/convocatoria-de-subvenciones-del-plan-pima-frio\/\"},\"author\":{\"name\":\"Soporte web\",\"@id\":\"https:\/\/www.actecir.cat\/#\/schema\/person\/42edd02f0b1d55e19444428c5d321413\"},\"headline\":\"Convocatoria de subvenciones del Plan PIMA FR\u00cdO\",\"datePublished\":\"2018-10-25T14:17:00+00:00\",\"dateModified\":\"2023-07-07T14:04:32+00:00\",\"mainEntityOfPage\":{\"@id\":\"https:\/\/www.actecir.cat\/es\/convocatoria-de-subvenciones-del-plan-pima-frio\/\"},\"wordCount\":268,\"commentCount\":0,\"publisher\":{\"@id\":\"https:\/\/www.actecir.cat\/#organization\"},\"image\":{\"@id\":\"https:\/\/www.actecir.cat\/es\/convocatoria-de-subvenciones-del-plan-pima-frio\/#primaryimage\"},\"thumbnailUrl\":\"https:\/\/www.actecir.cat\/wp-content\/uploads\/2023\/04\/RESOLUCIO_TES-2277-2018.png\",\"articleSection\":[\"Destacamos\"],\"inLanguage\":\"es\",\"potentialAction\":[{\"@type\":\"CommentAction\",\"name\":\"Comment\",\"target\":[\"https:\/\/www.actecir.cat\/es\/convocatoria-de-subvenciones-del-plan-pima-frio\/#respond\"]}]},{\"@type\":\"WebPage\",\"@id\":\"https:\/\/www.actecir.cat\/es\/convocatoria-de-subvenciones-del-plan-pima-frio\/\",\"url\":\"https:\/\/www.actecir.cat\/es\/convocatoria-de-subvenciones-del-plan-pima-frio\/\",\"name\":\"Convocatoria de subvenciones del Plan PIMA FR\u00cdO - Actecir\",\"isPartOf\":{\"@id\":\"https:\/\/www.actecir.cat\/#website\"},\"primaryImageOfPage\":{\"@id\":\"https:\/\/www.actecir.cat\/es\/convocatoria-de-subvenciones-del-plan-pima-frio\/#primaryimage\"},\"image\":{\"@id\":\"https:\/\/www.actecir.cat\/es\/convocatoria-de-subvenciones-del-plan-pima-frio\/#primaryimage\"},\"thumbnailUrl\":\"https:\/\/www.actecir.cat\/wp-content\/uploads\/2023\/04\/RESOLUCIO_TES-2277-2018.png\",\"datePublished\":\"2018-10-25T14:17:00+00:00\",\"dateModified\":\"2023-07-07T14:04:32+00:00\",\"breadcrumb\":{\"@id\":\"https:\/\/www.actecir.cat\/es\/convocatoria-de-subvenciones-del-plan-pima-frio\/#breadcrumb\"},\"inLanguage\":\"es\",\"potentialAction\":[{\"@type\":\"ReadAction\",\"target\":[\"https:\/\/www.actecir.cat\/es\/convocatoria-de-subvenciones-del-plan-pima-frio\/\"]}]},{\"@type\":\"ImageObject\",\"inLanguage\":\"es\",\"@id\":\"https:\/\/www.actecir.cat\/es\/convocatoria-de-subvenciones-del-plan-pima-frio\/#primaryimage\",\"url\":\"https:\/\/www.actecir.cat\/wp-content\/uploads\/2023\/04\/RESOLUCIO_TES-2277-2018.png\",\"contentUrl\":\"https:\/\/www.actecir.cat\/wp-content\/uploads\/2023\/04\/RESOLUCIO_TES-2277-2018.png\",\"width\":600,\"height\":384},{\"@type\":\"BreadcrumbList\",\"@id\":\"https:\/\/www.actecir.cat\/es\/convocatoria-de-subvenciones-del-plan-pima-frio\/#breadcrumb\",\"itemListElement\":[{\"@type\":\"ListItem\",\"position\":1,\"name\":\"Inici\",\"item\":\"https:\/\/www.actecir.cat\/es\/\"},{\"@type\":\"ListItem\",\"position\":2,\"name\":\"Convocatoria de subvenciones del Plan PIMA FR\u00cdO\"}]},{\"@type\":\"WebSite\",\"@id\":\"https:\/\/www.actecir.cat\/#website\",\"url\":\"https:\/\/www.actecir.cat\/\",\"name\":\"Actecir\",\"description\":\"Associaci\u00f3 Catalana de T\u00e8cnics en Energia, Climatitzaci\u00f3 i Refrigeraci\u00f3\",\"publisher\":{\"@id\":\"https:\/\/www.actecir.cat\/#organization\"},\"potentialAction\":[{\"@type\":\"SearchAction\",\"target\":{\"@type\":\"EntryPoint\",\"urlTemplate\":\"https:\/\/www.actecir.cat\/?s={search_term_string}\"},\"query-input\":{\"@type\":\"PropertyValueSpecification\",\"valueRequired\":true,\"valueName\":\"search_term_string\"}}],\"inLanguage\":\"es\"},{\"@type\":\"Organization\",\"@id\":\"https:\/\/www.actecir.cat\/#organization\",\"name\":\"Actecir\",\"url\":\"https:\/\/www.actecir.cat\/\",\"logo\":{\"@type\":\"ImageObject\",\"inLanguage\":\"es\",\"@id\":\"https:\/\/www.actecir.cat\/#\/schema\/logo\/image\/\",\"url\":\"https:\/\/www.actecir.cat\/wp-content\/uploads\/2023\/04\/cropped-logo_actecir_60_alto.png\",\"contentUrl\":\"https:\/\/www.actecir.cat\/wp-content\/uploads\/2023\/04\/cropped-logo_actecir_60_alto.png\",\"width\":283,\"height\":80,\"caption\":\"Actecir\"},\"image\":{\"@id\":\"https:\/\/www.actecir.cat\/#\/schema\/logo\/image\/\"},\"sameAs\":[\"https:\/\/x.com\/actecir\",\"https:\/\/www.linkedin.com\/company\/actecir\"]},{\"@type\":\"Person\",\"@id\":\"https:\/\/www.actecir.cat\/#\/schema\/person\/42edd02f0b1d55e19444428c5d321413\",\"name\":\"Soporte web\",\"sameAs\":[\"https:\/\/www.actecir.cat\"],\"url\":\"https:\/\/www.actecir.cat\/es\/author\/maensystems\/\"}]}<\/script>\n<!-- \/ Yoast SEO plugin. -->","yoast_head_json":{"title":"Convocatoria de subvenciones del Plan PIMA FR\u00cdO - Actecir","robots":{"index":"index","follow":"follow","max-snippet":"max-snippet:-1","max-image-preview":"max-image-preview:large","max-video-preview":"max-video-preview:-1"},"canonical":"https:\/\/www.actecir.cat\/es\/convocatoria-de-subvenciones-del-plan-pima-frio\/","og_locale":"es_ES","og_type":"article","og_title":"Convocatoria de subvenciones del Plan PIMA FR\u00cdO - Actecir","og_description":"Convocatoria de subvenciones del Plan PIMA FR\u00cdO","og_url":"https:\/\/www.actecir.cat\/es\/convocatoria-de-subvenciones-del-plan-pima-frio\/","og_site_name":"Actecir","article_published_time":"2018-10-25T14:17:00+00:00","article_modified_time":"2023-07-07T14:04:32+00:00","og_image":[{"width":600,"height":384,"url":"https:\/\/www.actecir.cat\/wp-content\/uploads\/2023\/04\/RESOLUCIO_TES-2277-2018.png","type":"image\/png"}],"author":"Soporte web","twitter_card":"summary_large_image","twitter_creator":"@actecir","twitter_site":"@actecir","twitter_misc":{"Escrito por":"Soporte web","Tiempo de lectura":"1 minuto"},"schema":{"@context":"https:\/\/schema.org","@graph":[{"@type":"Article","@id":"https:\/\/www.actecir.cat\/es\/convocatoria-de-subvenciones-del-plan-pima-frio\/#article","isPartOf":{"@id":"https:\/\/www.actecir.cat\/es\/convocatoria-de-subvenciones-del-plan-pima-frio\/"},"author":{"name":"Soporte web","@id":"https:\/\/www.actecir.cat\/#\/schema\/person\/42edd02f0b1d55e19444428c5d321413"},"headline":"Convocatoria de subvenciones del Plan PIMA FR\u00cdO","datePublished":"2018-10-25T14:17:00+00:00","dateModified":"2023-07-07T14:04:32+00:00","mainEntityOfPage":{"@id":"https:\/\/www.actecir.cat\/es\/convocatoria-de-subvenciones-del-plan-pima-frio\/"},"wordCount":268,"commentCount":0,"publisher":{"@id":"https:\/\/www.actecir.cat\/#organization"},"image":{"@id":"https:\/\/www.actecir.cat\/es\/convocatoria-de-subvenciones-del-plan-pima-frio\/#primaryimage"},"thumbnailUrl":"https:\/\/www.actecir.cat\/wp-content\/uploads\/2023\/04\/RESOLUCIO_TES-2277-2018.png","articleSection":["Destacamos"],"inLanguage":"es","potentialAction":[{"@type":"CommentAction","name":"Comment","target":["https:\/\/www.actecir.cat\/es\/convocatoria-de-subvenciones-del-plan-pima-frio\/#respond"]}]},{"@type":"WebPage","@id":"https:\/\/www.actecir.cat\/es\/convocatoria-de-subvenciones-del-plan-pima-frio\/","url":"https:\/\/www.actecir.cat\/es\/convocatoria-de-subvenciones-del-plan-pima-frio\/","name":"Convocatoria de subvenciones del Plan PIMA FR\u00cdO - Actecir","isPartOf":{"@id":"https:\/\/www.actecir.cat\/#website"},"primaryImageOfPage":{"@id":"https:\/\/www.actecir.cat\/es\/convocatoria-de-subvenciones-del-plan-pima-frio\/#primaryimage"},"image":{"@id":"https:\/\/www.actecir.cat\/es\/convocatoria-de-subvenciones-del-plan-pima-frio\/#primaryimage"},"thumbnailUrl":"https:\/\/www.actecir.cat\/wp-content\/uploads\/2023\/04\/RESOLUCIO_TES-2277-2018.png","datePublished":"2018-10-25T14:17:00+00:00","dateModified":"2023-07-07T14:04:32+00:00","breadcrumb":{"@id":"https:\/\/www.actecir.cat\/es\/convocatoria-de-subvenciones-del-plan-pima-frio\/#breadcrumb"},"inLanguage":"es","potentialAction":[{"@type":"ReadAction","target":["https:\/\/www.actecir.cat\/es\/convocatoria-de-subvenciones-del-plan-pima-frio\/"]}]},{"@type":"ImageObject","inLanguage":"es","@id":"https:\/\/www.actecir.cat\/es\/convocatoria-de-subvenciones-del-plan-pima-frio\/#primaryimage","url":"https:\/\/www.actecir.cat\/wp-content\/uploads\/2023\/04\/RESOLUCIO_TES-2277-2018.png","contentUrl":"https:\/\/www.actecir.cat\/wp-content\/uploads\/2023\/04\/RESOLUCIO_TES-2277-2018.png","width":600,"height":384},{"@type":"BreadcrumbList","@id":"https:\/\/www.actecir.cat\/es\/convocatoria-de-subvenciones-del-plan-pima-frio\/#breadcrumb","itemListElement":[{"@type":"ListItem","position":1,"name":"Inici","item":"https:\/\/www.actecir.cat\/es\/"},{"@type":"ListItem","position":2,"name":"Convocatoria de subvenciones del Plan PIMA FR\u00cdO"}]},{"@type":"WebSite","@id":"https:\/\/www.actecir.cat\/#website","url":"https:\/\/www.actecir.cat\/","name":"Actecir","description":"Associaci\u00f3 Catalana de T\u00e8cnics en Energia, Climatitzaci\u00f3 i Refrigeraci\u00f3","publisher":{"@id":"https:\/\/www.actecir.cat\/#organization"},"potentialAction":[{"@type":"SearchAction","target":{"@type":"EntryPoint","urlTemplate":"https:\/\/www.actecir.cat\/?s={search_term_string}"},"query-input":{"@type":"PropertyValueSpecification","valueRequired":true,"valueName":"search_term_string"}}],"inLanguage":"es"},{"@type":"Organization","@id":"https:\/\/www.actecir.cat\/#organization","name":"Actecir","url":"https:\/\/www.actecir.cat\/","logo":{"@type":"ImageObject","inLanguage":"es","@id":"https:\/\/www.actecir.cat\/#\/schema\/logo\/image\/","url":"https:\/\/www.actecir.cat\/wp-content\/uploads\/2023\/04\/cropped-logo_actecir_60_alto.png","contentUrl":"https:\/\/www.actecir.cat\/wp-content\/uploads\/2023\/04\/cropped-logo_actecir_60_alto.png","width":283,"height":80,"caption":"Actecir"},"image":{"@id":"https:\/\/www.actecir.cat\/#\/schema\/logo\/image\/"},"sameAs":["https:\/\/x.com\/actecir","https:\/\/www.linkedin.com\/company\/actecir"]},{"@type":"Person","@id":"https:\/\/www.actecir.cat\/#\/schema\/person\/42edd02f0b1d55e19444428c5d321413","name":"Soporte web","sameAs":["https:\/\/www.actecir.cat"],"url":"https:\/\/www.actecir.cat\/es\/author\/maensystems\/"}]}},"_links":{"self":[{"href":"https:\/\/www.actecir.cat\/es\/wp-json\/wp\/v2\/posts\/4303","targetHints":{"allow":["GET"]}}],"collection":[{"href":"https:\/\/www.actecir.cat\/es\/wp-json\/wp\/v2\/posts"}],"about":[{"href":"https:\/\/www.actecir.cat\/es\/wp-json\/wp\/v2\/types\/post"}],"author":[{"embeddable":true,"href":"https:\/\/www.actecir.cat\/es\/wp-json\/wp\/v2\/users\/1"}],"replies":[{"embeddable":true,"href":"https:\/\/www.actecir.cat\/es\/wp-json\/wp\/v2\/comments?post=4303"}],"version-history":[{"count":2,"href":"https:\/\/www.actecir.cat\/es\/wp-json\/wp\/v2\/posts\/4303\/revisions"}],"predecessor-version":[{"id":11468,"href":"https:\/\/www.actecir.cat\/es\/wp-json\/wp\/v2\/posts\/4303\/revisions\/11468"}],"wp:featuredmedia":[{"embeddable":true,"href":"https:\/\/www.actecir.cat\/es\/wp-json\/wp\/v2\/media\/4301"}],"wp:attachment":[{"href":"https:\/\/www.actecir.cat\/es\/wp-json\/wp\/v2\/media?parent=4303"}],"wp:term":[{"taxonomy":"category","embeddable":true,"href":"https:\/\/www.actecir.cat\/es\/wp-json\/wp\/v2\/categories?post=4303"},{"taxonomy":"post_tag","embeddable":true,"href":"https:\/\/www.actecir.cat\/es\/wp-json\/wp\/v2\/tags?post=4303"}],"curies":[{"name":"wp","href":"https:\/\/api.w.org\/{rel}","templated":true}]}}