{"id":4307,"date":"2018-10-25T16:19:00","date_gmt":"2018-10-25T16:19:00","guid":{"rendered":"https:\/\/www.actecir.cat\/?p=4307"},"modified":"2023-04-28T16:20:47","modified_gmt":"2023-04-28T16:20:47","slug":"el-icaen-con-el-proceso-de-transicion-energetica","status":"publish","type":"post","link":"https:\/\/www.actecir.cat\/es\/el-icaen-con-el-proceso-de-transicion-energetica\/","title":{"rendered":"El ICAEN con el proceso de transici\u00f3n energ\u00e9tica"},"content":{"rendered":"\n<p>Los Premios de Buenas Pr\u00e1cticas Regionales reconocen la labor del organismo para avanzar hacia un nuevo modelo energ\u00e9tico m\u00e1s limpio, sostenible y democr\u00e1tico<\/p>\n\n\n\n<p>El Instituto Catal\u00e1n de Energ\u00eda (ICAEN) ha recibido hoy el premio de Buenas Pr\u00e1cticas Regionales que otorgan la Organizaci\u00f3n de Regiones Unidas (ORU) y el Programa para el desarrollo de las Naciones Unidas (PNUD) por su labor de impulso de la transici\u00f3n energ\u00e9tica del pa\u00eds. El galard\u00f3n se ha entregado a Rabat (Marruecos), en el marco del Foro Mundial de Regiones.<\/p>\n\n\n\n<p>El premio pone en valor el conjunto de actuaciones que Catalu\u00f1a, a trav\u00e9s del ICAEN, ha puesto en marcha con el objetivo de avanzar hacia un nuevo modelo energ\u00e9tico m\u00e1s limpio, sostenible y democr\u00e1tico, en el que el ciudadano est\u00e9 en el centro , elimine la dependencia de los combustibles f\u00f3siles y se reduzcan las emisiones contaminantes. Esta transici\u00f3n energ\u00e9tica debe traducirse, gracias a la transformaci\u00f3n del sector y la aplicaci\u00f3n de las nuevas tecnolog\u00edas, en una mejora del bienestar de los ciudadanos y de la competitividad de las empresas.<\/p>\n\n\n\n<p>As\u00ed, el ICAEN lider\u00f3 la redacci\u00f3n y negociaci\u00f3n con los agentes econ\u00f3micos, sociales y del sector de la energ\u00eda del documento del Pacto Nacional para la Transici\u00f3n Energ\u00e9tica, aprobado despu\u00e9s por el Gobierno. El documento se fija el objetivo de alcanzar de un modelo basado en un 100% en energ\u00edas renovables deseablemente en el horizonte 2050, con la voluntad de convertir el acceso a la energ\u00eda en un derecho fundamental para los ciudadanos, de garantizar el suministro y de convertirse en una herramienta en la lucha contra el cambio clim\u00e1tico. En esta misma l\u00ednea, el Gobierno ha promovido la Ley de Cambio Clim\u00e1tico, que super\u00f3 el tr\u00e1mite parlamentario y que dota a la Generalitat de las herramientas y los recursos para luchar contra las emisiones contaminantes y favorecer e incentivar las buenas pr\u00e1cticas ambientales.<\/p>\n\n\n\n<p>Estas actuaciones legales y normativas han traducido en diferentes acciones concretas, lideradas por el ICAEN. As\u00ed, el jurado ha valorado actuaciones como el desarrollo de una red de recarga r\u00e1pida para el veh\u00edculo el\u00e9ctrico o la promoci\u00f3n del autoconsumo solar fotovoltaico. La primera ha consistido en la instalaci\u00f3n de 62 estaciones de recarga r\u00e1pida en la red viaria del pa\u00eds, el desarrollo de medidas para facilitar que los ciudadanos accedan (como su interoperabilidad o sistemas de localizaci\u00f3n en l\u00ednea) o la creaci\u00f3n de una Tabla que agrupa 102 agentes del sector para identificar barreras y encontrar soluciones para la movilidad el\u00e9ctrica.<\/p>\n\n\n\n<p>En cuanto al fomento del autoconsumo fotovoltaico, el ICAEN ha liderado la constituci\u00f3n de la Mesa de Impulso al Autoconsumo Fotovoltaico, que agrupa 70 entidades, empresas y administraciones, con el fin de trabajar en la simplificaci\u00f3n de los tr\u00e1mites (urban\u00edsticos , de conexi\u00f3n a la red, etc.) para este tipo de instalaciones, y tambi\u00e9n ha convocado una l\u00ednea de ayudas para la instalaci\u00f3n de bater\u00edas vinculadas a instalaciones de autoconsumo. En este mismo \u00e1mbito, el Gobierno ha aprobado la estrategia Solarca, que tiene por objetivo convertir la energ\u00eda solar en el pilar energ\u00e9tico de Catalu\u00f1a con medidas como el fomento de los techos fotovoltaicos, el apoyo a los equipos de almacenados o la potenciaci\u00f3n de nuevas formas de contrataci\u00f3n que incentiven la inversi\u00f3n en generaci\u00f3n fotovoltaica.<\/p>\n\n\n\n<p>El compromiso del ICAEN con la transici\u00f3n energ\u00e9tica se materializa tambi\u00e9n con el impulso y la participaci\u00f3n en otras iniciativas y proyectos, como es el caso del programa de ahorro y eficiencia energ\u00e9tica en los edificios de la Generalitat, la Estrategia para promover el aprovechamiento energ\u00e9tico de la biomasa forestal y agr\u00edcola, la aplicaci\u00f3n de la certificaci\u00f3n energ\u00e9tica en la edificaci\u00f3n o la elaboraci\u00f3n de la prospectiva energ\u00e9tica de Catalu\u00f1a a largo plazo. Adem\u00e1s, el ICAEN, participa en actuaciones para divulgar esta nuevo modelo energ\u00e9tico, como son la feria de movilidad sostenible EXPOel\u00e8ctric o la feria de rehabilitaci\u00f3n energ\u00e9tica de edificios Rehabilita, entre otros<\/p>\n\n\n\n<p>Los premios de Buenas Pr\u00e1cticas Regionales tienen como objetivo reconocer aquellas actuaciones innovadoras que mejoran la calidad de vida de los ciudadanos, mejoran la eficiencia en la gesti\u00f3n de los recursos y son sostenibles. En esta edici\u00f3n tambi\u00e9n han sido galardonadas el Gobierno de Antioquia (Colombia), el Gobierno de Trentino (Italia), la Diputaci\u00f3n de Barcelona y el Gobierno de Nari\u00f1o (Colombia).<\/p>\n","protected":false},"excerpt":{"rendered":"<p>El ICAEN con el proceso de transici\u00f3n energ\u00e9tica<\/p>\n","protected":false},"author":1,"featured_media":4269,"comment_status":"open","ping_status":"open","sticky":false,"template":"","format":"standard","meta":{"footnotes":""},"categories":[23],"tags":[],"class_list":["post-4307","post","type-post","status-publish","format-standard","has-post-thumbnail","hentry","category-destacamos"],"yoast_head":"<!-- This site is optimized with the Yoast SEO plugin v27.2 - https:\/\/yoast.com\/product\/yoast-seo-wordpress\/ -->\n<title>El ICAEN con el proceso de transici\u00f3n energ\u00e9tica - Actecir<\/title>\n<meta name=\"robots\" content=\"index, follow, max-snippet:-1, max-image-preview:large, max-video-preview:-1\" \/>\n<link rel=\"canonical\" href=\"https:\/\/www.actecir.cat\/es\/el-icaen-con-el-proceso-de-transicion-energetica\/\" \/>\n<meta property=\"og:locale\" content=\"es_ES\" \/>\n<meta property=\"og:type\" content=\"article\" \/>\n<meta property=\"og:title\" content=\"El ICAEN con el proceso de transici\u00f3n energ\u00e9tica - Actecir\" \/>\n<meta property=\"og:description\" content=\"El ICAEN con el proceso de transici\u00f3n energ\u00e9tica\" \/>\n<meta property=\"og:url\" content=\"https:\/\/www.actecir.cat\/es\/el-icaen-con-el-proceso-de-transicion-energetica\/\" \/>\n<meta property=\"og:site_name\" content=\"Actecir\" \/>\n<meta property=\"article:published_time\" content=\"2018-10-25T16:19:00+00:00\" \/>\n<meta property=\"article:modified_time\" content=\"2023-04-28T16:20:47+00:00\" \/>\n<meta property=\"og:image\" content=\"https:\/\/www.actecir.cat\/wp-content\/uploads\/2023\/04\/icaen_c3.jpg\" \/>\n\t<meta property=\"og:image:width\" content=\"375\" \/>\n\t<meta property=\"og:image:height\" content=\"217\" \/>\n\t<meta property=\"og:image:type\" content=\"image\/jpeg\" \/>\n<meta name=\"author\" content=\"Soporte web\" \/>\n<meta name=\"twitter:card\" content=\"summary_large_image\" \/>\n<meta name=\"twitter:creator\" content=\"@actecir\" \/>\n<meta name=\"twitter:site\" content=\"@actecir\" \/>\n<meta name=\"twitter:label1\" content=\"Escrito por\" \/>\n\t<meta name=\"twitter:data1\" content=\"Soporte web\" \/>\n\t<meta name=\"twitter:label2\" content=\"Tiempo de lectura\" \/>\n\t<meta name=\"twitter:data2\" content=\"4 minutos\" \/>\n<script type=\"application\/ld+json\" class=\"yoast-schema-graph\">{\"@context\":\"https:\/\/schema.org\",\"@graph\":[{\"@type\":\"Article\",\"@id\":\"https:\/\/www.actecir.cat\/es\/el-icaen-con-el-proceso-de-transicion-energetica\/#article\",\"isPartOf\":{\"@id\":\"https:\/\/www.actecir.cat\/es\/el-icaen-con-el-proceso-de-transicion-energetica\/\"},\"author\":{\"name\":\"Soporte web\",\"@id\":\"https:\/\/www.actecir.cat\/#\/schema\/person\/42edd02f0b1d55e19444428c5d321413\"},\"headline\":\"El ICAEN con el proceso de transici\u00f3n energ\u00e9tica\",\"datePublished\":\"2018-10-25T16:19:00+00:00\",\"dateModified\":\"2023-04-28T16:20:47+00:00\",\"mainEntityOfPage\":{\"@id\":\"https:\/\/www.actecir.cat\/es\/el-icaen-con-el-proceso-de-transicion-energetica\/\"},\"wordCount\":792,\"commentCount\":0,\"publisher\":{\"@id\":\"https:\/\/www.actecir.cat\/#organization\"},\"image\":{\"@id\":\"https:\/\/www.actecir.cat\/es\/el-icaen-con-el-proceso-de-transicion-energetica\/#primaryimage\"},\"thumbnailUrl\":\"https:\/\/www.actecir.cat\/wp-content\/uploads\/2023\/04\/icaen_c3.jpg\",\"articleSection\":[\"Destacamos\"],\"inLanguage\":\"es\",\"potentialAction\":[{\"@type\":\"CommentAction\",\"name\":\"Comment\",\"target\":[\"https:\/\/www.actecir.cat\/es\/el-icaen-con-el-proceso-de-transicion-energetica\/#respond\"]}]},{\"@type\":\"WebPage\",\"@id\":\"https:\/\/www.actecir.cat\/es\/el-icaen-con-el-proceso-de-transicion-energetica\/\",\"url\":\"https:\/\/www.actecir.cat\/es\/el-icaen-con-el-proceso-de-transicion-energetica\/\",\"name\":\"El ICAEN con el proceso de transici\u00f3n energ\u00e9tica - Actecir\",\"isPartOf\":{\"@id\":\"https:\/\/www.actecir.cat\/#website\"},\"primaryImageOfPage\":{\"@id\":\"https:\/\/www.actecir.cat\/es\/el-icaen-con-el-proceso-de-transicion-energetica\/#primaryimage\"},\"image\":{\"@id\":\"https:\/\/www.actecir.cat\/es\/el-icaen-con-el-proceso-de-transicion-energetica\/#primaryimage\"},\"thumbnailUrl\":\"https:\/\/www.actecir.cat\/wp-content\/uploads\/2023\/04\/icaen_c3.jpg\",\"datePublished\":\"2018-10-25T16:19:00+00:00\",\"dateModified\":\"2023-04-28T16:20:47+00:00\",\"breadcrumb\":{\"@id\":\"https:\/\/www.actecir.cat\/es\/el-icaen-con-el-proceso-de-transicion-energetica\/#breadcrumb\"},\"inLanguage\":\"es\",\"potentialAction\":[{\"@type\":\"ReadAction\",\"target\":[\"https:\/\/www.actecir.cat\/es\/el-icaen-con-el-proceso-de-transicion-energetica\/\"]}]},{\"@type\":\"ImageObject\",\"inLanguage\":\"es\",\"@id\":\"https:\/\/www.actecir.cat\/es\/el-icaen-con-el-proceso-de-transicion-energetica\/#primaryimage\",\"url\":\"https:\/\/www.actecir.cat\/wp-content\/uploads\/2023\/04\/icaen_c3.jpg\",\"contentUrl\":\"https:\/\/www.actecir.cat\/wp-content\/uploads\/2023\/04\/icaen_c3.jpg\",\"width\":375,\"height\":217},{\"@type\":\"BreadcrumbList\",\"@id\":\"https:\/\/www.actecir.cat\/es\/el-icaen-con-el-proceso-de-transicion-energetica\/#breadcrumb\",\"itemListElement\":[{\"@type\":\"ListItem\",\"position\":1,\"name\":\"Inici\",\"item\":\"https:\/\/www.actecir.cat\/es\/\"},{\"@type\":\"ListItem\",\"position\":2,\"name\":\"El ICAEN con el proceso de transici\u00f3n energ\u00e9tica\"}]},{\"@type\":\"WebSite\",\"@id\":\"https:\/\/www.actecir.cat\/#website\",\"url\":\"https:\/\/www.actecir.cat\/\",\"name\":\"Actecir\",\"description\":\"Associaci\u00f3 Catalana de T\u00e8cnics en Energia, Climatitzaci\u00f3 i Refrigeraci\u00f3\",\"publisher\":{\"@id\":\"https:\/\/www.actecir.cat\/#organization\"},\"potentialAction\":[{\"@type\":\"SearchAction\",\"target\":{\"@type\":\"EntryPoint\",\"urlTemplate\":\"https:\/\/www.actecir.cat\/?s={search_term_string}\"},\"query-input\":{\"@type\":\"PropertyValueSpecification\",\"valueRequired\":true,\"valueName\":\"search_term_string\"}}],\"inLanguage\":\"es\"},{\"@type\":\"Organization\",\"@id\":\"https:\/\/www.actecir.cat\/#organization\",\"name\":\"Actecir\",\"url\":\"https:\/\/www.actecir.cat\/\",\"logo\":{\"@type\":\"ImageObject\",\"inLanguage\":\"es\",\"@id\":\"https:\/\/www.actecir.cat\/#\/schema\/logo\/image\/\",\"url\":\"https:\/\/www.actecir.cat\/wp-content\/uploads\/2023\/04\/cropped-logo_actecir_60_alto.png\",\"contentUrl\":\"https:\/\/www.actecir.cat\/wp-content\/uploads\/2023\/04\/cropped-logo_actecir_60_alto.png\",\"width\":283,\"height\":80,\"caption\":\"Actecir\"},\"image\":{\"@id\":\"https:\/\/www.actecir.cat\/#\/schema\/logo\/image\/\"},\"sameAs\":[\"https:\/\/x.com\/actecir\",\"https:\/\/www.linkedin.com\/company\/actecir\"]},{\"@type\":\"Person\",\"@id\":\"https:\/\/www.actecir.cat\/#\/schema\/person\/42edd02f0b1d55e19444428c5d321413\",\"name\":\"Soporte web\",\"sameAs\":[\"https:\/\/www.actecir.cat\"],\"url\":\"https:\/\/www.actecir.cat\/es\/author\/maensystems\/\"}]}<\/script>\n<!-- \/ Yoast SEO plugin. -->","yoast_head_json":{"title":"El ICAEN con el proceso de transici\u00f3n energ\u00e9tica - Actecir","robots":{"index":"index","follow":"follow","max-snippet":"max-snippet:-1","max-image-preview":"max-image-preview:large","max-video-preview":"max-video-preview:-1"},"canonical":"https:\/\/www.actecir.cat\/es\/el-icaen-con-el-proceso-de-transicion-energetica\/","og_locale":"es_ES","og_type":"article","og_title":"El ICAEN con el proceso de transici\u00f3n energ\u00e9tica - Actecir","og_description":"El ICAEN con el proceso de transici\u00f3n energ\u00e9tica","og_url":"https:\/\/www.actecir.cat\/es\/el-icaen-con-el-proceso-de-transicion-energetica\/","og_site_name":"Actecir","article_published_time":"2018-10-25T16:19:00+00:00","article_modified_time":"2023-04-28T16:20:47+00:00","og_image":[{"width":375,"height":217,"url":"https:\/\/www.actecir.cat\/wp-content\/uploads\/2023\/04\/icaen_c3.jpg","type":"image\/jpeg"}],"author":"Soporte web","twitter_card":"summary_large_image","twitter_creator":"@actecir","twitter_site":"@actecir","twitter_misc":{"Escrito por":"Soporte web","Tiempo de lectura":"4 minutos"},"schema":{"@context":"https:\/\/schema.org","@graph":[{"@type":"Article","@id":"https:\/\/www.actecir.cat\/es\/el-icaen-con-el-proceso-de-transicion-energetica\/#article","isPartOf":{"@id":"https:\/\/www.actecir.cat\/es\/el-icaen-con-el-proceso-de-transicion-energetica\/"},"author":{"name":"Soporte web","@id":"https:\/\/www.actecir.cat\/#\/schema\/person\/42edd02f0b1d55e19444428c5d321413"},"headline":"El ICAEN con el proceso de transici\u00f3n energ\u00e9tica","datePublished":"2018-10-25T16:19:00+00:00","dateModified":"2023-04-28T16:20:47+00:00","mainEntityOfPage":{"@id":"https:\/\/www.actecir.cat\/es\/el-icaen-con-el-proceso-de-transicion-energetica\/"},"wordCount":792,"commentCount":0,"publisher":{"@id":"https:\/\/www.actecir.cat\/#organization"},"image":{"@id":"https:\/\/www.actecir.cat\/es\/el-icaen-con-el-proceso-de-transicion-energetica\/#primaryimage"},"thumbnailUrl":"https:\/\/www.actecir.cat\/wp-content\/uploads\/2023\/04\/icaen_c3.jpg","articleSection":["Destacamos"],"inLanguage":"es","potentialAction":[{"@type":"CommentAction","name":"Comment","target":["https:\/\/www.actecir.cat\/es\/el-icaen-con-el-proceso-de-transicion-energetica\/#respond"]}]},{"@type":"WebPage","@id":"https:\/\/www.actecir.cat\/es\/el-icaen-con-el-proceso-de-transicion-energetica\/","url":"https:\/\/www.actecir.cat\/es\/el-icaen-con-el-proceso-de-transicion-energetica\/","name":"El ICAEN con el proceso de transici\u00f3n energ\u00e9tica - Actecir","isPartOf":{"@id":"https:\/\/www.actecir.cat\/#website"},"primaryImageOfPage":{"@id":"https:\/\/www.actecir.cat\/es\/el-icaen-con-el-proceso-de-transicion-energetica\/#primaryimage"},"image":{"@id":"https:\/\/www.actecir.cat\/es\/el-icaen-con-el-proceso-de-transicion-energetica\/#primaryimage"},"thumbnailUrl":"https:\/\/www.actecir.cat\/wp-content\/uploads\/2023\/04\/icaen_c3.jpg","datePublished":"2018-10-25T16:19:00+00:00","dateModified":"2023-04-28T16:20:47+00:00","breadcrumb":{"@id":"https:\/\/www.actecir.cat\/es\/el-icaen-con-el-proceso-de-transicion-energetica\/#breadcrumb"},"inLanguage":"es","potentialAction":[{"@type":"ReadAction","target":["https:\/\/www.actecir.cat\/es\/el-icaen-con-el-proceso-de-transicion-energetica\/"]}]},{"@type":"ImageObject","inLanguage":"es","@id":"https:\/\/www.actecir.cat\/es\/el-icaen-con-el-proceso-de-transicion-energetica\/#primaryimage","url":"https:\/\/www.actecir.cat\/wp-content\/uploads\/2023\/04\/icaen_c3.jpg","contentUrl":"https:\/\/www.actecir.cat\/wp-content\/uploads\/2023\/04\/icaen_c3.jpg","width":375,"height":217},{"@type":"BreadcrumbList","@id":"https:\/\/www.actecir.cat\/es\/el-icaen-con-el-proceso-de-transicion-energetica\/#breadcrumb","itemListElement":[{"@type":"ListItem","position":1,"name":"Inici","item":"https:\/\/www.actecir.cat\/es\/"},{"@type":"ListItem","position":2,"name":"El ICAEN con el proceso de transici\u00f3n energ\u00e9tica"}]},{"@type":"WebSite","@id":"https:\/\/www.actecir.cat\/#website","url":"https:\/\/www.actecir.cat\/","name":"Actecir","description":"Associaci\u00f3 Catalana de T\u00e8cnics en Energia, Climatitzaci\u00f3 i Refrigeraci\u00f3","publisher":{"@id":"https:\/\/www.actecir.cat\/#organization"},"potentialAction":[{"@type":"SearchAction","target":{"@type":"EntryPoint","urlTemplate":"https:\/\/www.actecir.cat\/?s={search_term_string}"},"query-input":{"@type":"PropertyValueSpecification","valueRequired":true,"valueName":"search_term_string"}}],"inLanguage":"es"},{"@type":"Organization","@id":"https:\/\/www.actecir.cat\/#organization","name":"Actecir","url":"https:\/\/www.actecir.cat\/","logo":{"@type":"ImageObject","inLanguage":"es","@id":"https:\/\/www.actecir.cat\/#\/schema\/logo\/image\/","url":"https:\/\/www.actecir.cat\/wp-content\/uploads\/2023\/04\/cropped-logo_actecir_60_alto.png","contentUrl":"https:\/\/www.actecir.cat\/wp-content\/uploads\/2023\/04\/cropped-logo_actecir_60_alto.png","width":283,"height":80,"caption":"Actecir"},"image":{"@id":"https:\/\/www.actecir.cat\/#\/schema\/logo\/image\/"},"sameAs":["https:\/\/x.com\/actecir","https:\/\/www.linkedin.com\/company\/actecir"]},{"@type":"Person","@id":"https:\/\/www.actecir.cat\/#\/schema\/person\/42edd02f0b1d55e19444428c5d321413","name":"Soporte web","sameAs":["https:\/\/www.actecir.cat"],"url":"https:\/\/www.actecir.cat\/es\/author\/maensystems\/"}]}},"_links":{"self":[{"href":"https:\/\/www.actecir.cat\/es\/wp-json\/wp\/v2\/posts\/4307","targetHints":{"allow":["GET"]}}],"collection":[{"href":"https:\/\/www.actecir.cat\/es\/wp-json\/wp\/v2\/posts"}],"about":[{"href":"https:\/\/www.actecir.cat\/es\/wp-json\/wp\/v2\/types\/post"}],"author":[{"embeddable":true,"href":"https:\/\/www.actecir.cat\/es\/wp-json\/wp\/v2\/users\/1"}],"replies":[{"embeddable":true,"href":"https:\/\/www.actecir.cat\/es\/wp-json\/wp\/v2\/comments?post=4307"}],"version-history":[{"count":1,"href":"https:\/\/www.actecir.cat\/es\/wp-json\/wp\/v2\/posts\/4307\/revisions"}],"predecessor-version":[{"id":4308,"href":"https:\/\/www.actecir.cat\/es\/wp-json\/wp\/v2\/posts\/4307\/revisions\/4308"}],"wp:featuredmedia":[{"embeddable":true,"href":"https:\/\/www.actecir.cat\/es\/wp-json\/wp\/v2\/media\/4269"}],"wp:attachment":[{"href":"https:\/\/www.actecir.cat\/es\/wp-json\/wp\/v2\/media?parent=4307"}],"wp:term":[{"taxonomy":"category","embeddable":true,"href":"https:\/\/www.actecir.cat\/es\/wp-json\/wp\/v2\/categories?post=4307"},{"taxonomy":"post_tag","embeddable":true,"href":"https:\/\/www.actecir.cat\/es\/wp-json\/wp\/v2\/tags?post=4307"}],"curies":[{"name":"wp","href":"https:\/\/api.w.org\/{rel}","templated":true}]}}