{"id":4314,"date":"2018-10-14T16:22:00","date_gmt":"2018-10-14T16:22:00","guid":{"rendered":"https:\/\/www.actecir.cat\/?p=4314"},"modified":"2023-04-28T16:24:25","modified_gmt":"2023-04-28T16:24:25","slug":"csi-fiesta-del-instalador-2018","status":"publish","type":"post","link":"https:\/\/www.actecir.cat\/es\/csi-fiesta-del-instalador-2018\/","title":{"rendered":"CSI Fiesta del Instalador 2018"},"content":{"rendered":"\n<p>En La Fiesta del Instalador 2018 ON TOUR, visitaremos otro de los campos emblem\u00e1ticos de Barcelona, el RCDE STADIUM. Tras 3 ediciones consecutivas de \u00e9xito, tanto de participantes como de marcas y empresas expositoras, encaramos esta 4\u00aa edici\u00f3n con la misma ilusi\u00f3n que se respira en el sector.<\/p>\n\n\n\n<p>Por asistir conseguir\u00e1s tu incre\u00edble welcome pack de este a\u00f1o y podr\u00e1s participar en el sorteo de regalos valorados en m\u00e1s de 20.000 \u20ac. Los Instalgames 2018 son de fontaner\u00eda y est\u00e1n patrocinados en EXCLUSIVA por ROCA. El primer premio es un IN WASH por el que podr\u00e1s concursar de una forma \u00e1gil el mismo d\u00eda de la feria.<\/p>\n\n\n\n<p>Como novedades tenemos el LOUNGE VIP patrocinado por SCHNEIDER ELECTRIC para nuestros mejores clientes. Y como siempre PARKING GRATUITO en CCSPLAU con entrada directa al campo.<\/p>\n\n\n\n<p>\u00a1<a href=\"http:\/\/lafiestadelinstalador.com\/\" target=\"_blank\" rel=\"noreferrer noopener\">Ap\u00fantate ya<\/a>!&nbsp;<\/p>\n","protected":false},"excerpt":{"rendered":"<p>CSI Fiesta del Instalador 2018<\/p>\n","protected":false},"author":1,"featured_media":4311,"comment_status":"open","ping_status":"open","sticky":false,"template":"","format":"standard","meta":{"footnotes":""},"categories":[23],"tags":[],"class_list":["post-4314","post","type-post","status-publish","format-standard","has-post-thumbnail","hentry","category-destacamos"],"yoast_head":"<!-- This site is optimized with the Yoast SEO plugin v27.2 - https:\/\/yoast.com\/product\/yoast-seo-wordpress\/ -->\n<title>CSI Fiesta del Instalador 2018 - Actecir<\/title>\n<meta name=\"robots\" content=\"index, follow, max-snippet:-1, max-image-preview:large, max-video-preview:-1\" \/>\n<link rel=\"canonical\" href=\"https:\/\/www.actecir.cat\/es\/csi-fiesta-del-instalador-2018\/\" \/>\n<meta property=\"og:locale\" content=\"es_ES\" \/>\n<meta property=\"og:type\" content=\"article\" \/>\n<meta property=\"og:title\" content=\"CSI Fiesta del Instalador 2018 - Actecir\" \/>\n<meta property=\"og:description\" content=\"CSI Fiesta del Instalador 2018\" \/>\n<meta property=\"og:url\" content=\"https:\/\/www.actecir.cat\/es\/csi-fiesta-del-instalador-2018\/\" \/>\n<meta property=\"og:site_name\" content=\"Actecir\" \/>\n<meta property=\"article:published_time\" content=\"2018-10-14T16:22:00+00:00\" \/>\n<meta property=\"article:modified_time\" content=\"2023-04-28T16:24:25+00:00\" \/>\n<meta property=\"og:image\" content=\"https:\/\/www.actecir.cat\/wp-content\/uploads\/2023\/04\/instalador.png\" \/>\n\t<meta property=\"og:image:width\" content=\"304\" \/>\n\t<meta property=\"og:image:height\" content=\"158\" \/>\n\t<meta property=\"og:image:type\" content=\"image\/png\" \/>\n<meta name=\"author\" content=\"Soporte web\" \/>\n<meta name=\"twitter:card\" content=\"summary_large_image\" \/>\n<meta name=\"twitter:creator\" content=\"@actecir\" \/>\n<meta name=\"twitter:site\" content=\"@actecir\" \/>\n<meta name=\"twitter:label1\" content=\"Escrito por\" \/>\n\t<meta name=\"twitter:data1\" content=\"Soporte web\" \/>\n\t<meta name=\"twitter:label2\" content=\"Tiempo de lectura\" \/>\n\t<meta name=\"twitter:data2\" content=\"1 minuto\" \/>\n<script type=\"application\/ld+json\" class=\"yoast-schema-graph\">{\"@context\":\"https:\/\/schema.org\",\"@graph\":[{\"@type\":\"Article\",\"@id\":\"https:\/\/www.actecir.cat\/es\/csi-fiesta-del-instalador-2018\/#article\",\"isPartOf\":{\"@id\":\"https:\/\/www.actecir.cat\/es\/csi-fiesta-del-instalador-2018\/\"},\"author\":{\"name\":\"Soporte web\",\"@id\":\"https:\/\/www.actecir.cat\/#\/schema\/person\/42edd02f0b1d55e19444428c5d321413\"},\"headline\":\"CSI Fiesta del Instalador 2018\",\"datePublished\":\"2018-10-14T16:22:00+00:00\",\"dateModified\":\"2023-04-28T16:24:25+00:00\",\"mainEntityOfPage\":{\"@id\":\"https:\/\/www.actecir.cat\/es\/csi-fiesta-del-instalador-2018\/\"},\"wordCount\":147,\"commentCount\":0,\"publisher\":{\"@id\":\"https:\/\/www.actecir.cat\/#organization\"},\"image\":{\"@id\":\"https:\/\/www.actecir.cat\/es\/csi-fiesta-del-instalador-2018\/#primaryimage\"},\"thumbnailUrl\":\"https:\/\/www.actecir.cat\/wp-content\/uploads\/2023\/04\/instalador.png\",\"articleSection\":[\"Destacamos\"],\"inLanguage\":\"es\",\"potentialAction\":[{\"@type\":\"CommentAction\",\"name\":\"Comment\",\"target\":[\"https:\/\/www.actecir.cat\/es\/csi-fiesta-del-instalador-2018\/#respond\"]}]},{\"@type\":\"WebPage\",\"@id\":\"https:\/\/www.actecir.cat\/es\/csi-fiesta-del-instalador-2018\/\",\"url\":\"https:\/\/www.actecir.cat\/es\/csi-fiesta-del-instalador-2018\/\",\"name\":\"CSI Fiesta del Instalador 2018 - Actecir\",\"isPartOf\":{\"@id\":\"https:\/\/www.actecir.cat\/#website\"},\"primaryImageOfPage\":{\"@id\":\"https:\/\/www.actecir.cat\/es\/csi-fiesta-del-instalador-2018\/#primaryimage\"},\"image\":{\"@id\":\"https:\/\/www.actecir.cat\/es\/csi-fiesta-del-instalador-2018\/#primaryimage\"},\"thumbnailUrl\":\"https:\/\/www.actecir.cat\/wp-content\/uploads\/2023\/04\/instalador.png\",\"datePublished\":\"2018-10-14T16:22:00+00:00\",\"dateModified\":\"2023-04-28T16:24:25+00:00\",\"breadcrumb\":{\"@id\":\"https:\/\/www.actecir.cat\/es\/csi-fiesta-del-instalador-2018\/#breadcrumb\"},\"inLanguage\":\"es\",\"potentialAction\":[{\"@type\":\"ReadAction\",\"target\":[\"https:\/\/www.actecir.cat\/es\/csi-fiesta-del-instalador-2018\/\"]}]},{\"@type\":\"ImageObject\",\"inLanguage\":\"es\",\"@id\":\"https:\/\/www.actecir.cat\/es\/csi-fiesta-del-instalador-2018\/#primaryimage\",\"url\":\"https:\/\/www.actecir.cat\/wp-content\/uploads\/2023\/04\/instalador.png\",\"contentUrl\":\"https:\/\/www.actecir.cat\/wp-content\/uploads\/2023\/04\/instalador.png\",\"width\":304,\"height\":158},{\"@type\":\"BreadcrumbList\",\"@id\":\"https:\/\/www.actecir.cat\/es\/csi-fiesta-del-instalador-2018\/#breadcrumb\",\"itemListElement\":[{\"@type\":\"ListItem\",\"position\":1,\"name\":\"Inici\",\"item\":\"https:\/\/www.actecir.cat\/es\/\"},{\"@type\":\"ListItem\",\"position\":2,\"name\":\"CSI Fiesta del Instalador 2018\"}]},{\"@type\":\"WebSite\",\"@id\":\"https:\/\/www.actecir.cat\/#website\",\"url\":\"https:\/\/www.actecir.cat\/\",\"name\":\"Actecir\",\"description\":\"Associaci\u00f3 Catalana de T\u00e8cnics en Energia, Climatitzaci\u00f3 i Refrigeraci\u00f3\",\"publisher\":{\"@id\":\"https:\/\/www.actecir.cat\/#organization\"},\"potentialAction\":[{\"@type\":\"SearchAction\",\"target\":{\"@type\":\"EntryPoint\",\"urlTemplate\":\"https:\/\/www.actecir.cat\/?s={search_term_string}\"},\"query-input\":{\"@type\":\"PropertyValueSpecification\",\"valueRequired\":true,\"valueName\":\"search_term_string\"}}],\"inLanguage\":\"es\"},{\"@type\":\"Organization\",\"@id\":\"https:\/\/www.actecir.cat\/#organization\",\"name\":\"Actecir\",\"url\":\"https:\/\/www.actecir.cat\/\",\"logo\":{\"@type\":\"ImageObject\",\"inLanguage\":\"es\",\"@id\":\"https:\/\/www.actecir.cat\/#\/schema\/logo\/image\/\",\"url\":\"https:\/\/www.actecir.cat\/wp-content\/uploads\/2023\/04\/cropped-logo_actecir_60_alto.png\",\"contentUrl\":\"https:\/\/www.actecir.cat\/wp-content\/uploads\/2023\/04\/cropped-logo_actecir_60_alto.png\",\"width\":283,\"height\":80,\"caption\":\"Actecir\"},\"image\":{\"@id\":\"https:\/\/www.actecir.cat\/#\/schema\/logo\/image\/\"},\"sameAs\":[\"https:\/\/x.com\/actecir\",\"https:\/\/www.linkedin.com\/company\/actecir\"]},{\"@type\":\"Person\",\"@id\":\"https:\/\/www.actecir.cat\/#\/schema\/person\/42edd02f0b1d55e19444428c5d321413\",\"name\":\"Soporte web\",\"sameAs\":[\"https:\/\/www.actecir.cat\"],\"url\":\"https:\/\/www.actecir.cat\/es\/author\/maensystems\/\"}]}<\/script>\n<!-- \/ Yoast SEO plugin. -->","yoast_head_json":{"title":"CSI Fiesta del Instalador 2018 - Actecir","robots":{"index":"index","follow":"follow","max-snippet":"max-snippet:-1","max-image-preview":"max-image-preview:large","max-video-preview":"max-video-preview:-1"},"canonical":"https:\/\/www.actecir.cat\/es\/csi-fiesta-del-instalador-2018\/","og_locale":"es_ES","og_type":"article","og_title":"CSI Fiesta del Instalador 2018 - Actecir","og_description":"CSI Fiesta del Instalador 2018","og_url":"https:\/\/www.actecir.cat\/es\/csi-fiesta-del-instalador-2018\/","og_site_name":"Actecir","article_published_time":"2018-10-14T16:22:00+00:00","article_modified_time":"2023-04-28T16:24:25+00:00","og_image":[{"width":304,"height":158,"url":"https:\/\/www.actecir.cat\/wp-content\/uploads\/2023\/04\/instalador.png","type":"image\/png"}],"author":"Soporte web","twitter_card":"summary_large_image","twitter_creator":"@actecir","twitter_site":"@actecir","twitter_misc":{"Escrito por":"Soporte web","Tiempo de lectura":"1 minuto"},"schema":{"@context":"https:\/\/schema.org","@graph":[{"@type":"Article","@id":"https:\/\/www.actecir.cat\/es\/csi-fiesta-del-instalador-2018\/#article","isPartOf":{"@id":"https:\/\/www.actecir.cat\/es\/csi-fiesta-del-instalador-2018\/"},"author":{"name":"Soporte web","@id":"https:\/\/www.actecir.cat\/#\/schema\/person\/42edd02f0b1d55e19444428c5d321413"},"headline":"CSI Fiesta del Instalador 2018","datePublished":"2018-10-14T16:22:00+00:00","dateModified":"2023-04-28T16:24:25+00:00","mainEntityOfPage":{"@id":"https:\/\/www.actecir.cat\/es\/csi-fiesta-del-instalador-2018\/"},"wordCount":147,"commentCount":0,"publisher":{"@id":"https:\/\/www.actecir.cat\/#organization"},"image":{"@id":"https:\/\/www.actecir.cat\/es\/csi-fiesta-del-instalador-2018\/#primaryimage"},"thumbnailUrl":"https:\/\/www.actecir.cat\/wp-content\/uploads\/2023\/04\/instalador.png","articleSection":["Destacamos"],"inLanguage":"es","potentialAction":[{"@type":"CommentAction","name":"Comment","target":["https:\/\/www.actecir.cat\/es\/csi-fiesta-del-instalador-2018\/#respond"]}]},{"@type":"WebPage","@id":"https:\/\/www.actecir.cat\/es\/csi-fiesta-del-instalador-2018\/","url":"https:\/\/www.actecir.cat\/es\/csi-fiesta-del-instalador-2018\/","name":"CSI Fiesta del Instalador 2018 - Actecir","isPartOf":{"@id":"https:\/\/www.actecir.cat\/#website"},"primaryImageOfPage":{"@id":"https:\/\/www.actecir.cat\/es\/csi-fiesta-del-instalador-2018\/#primaryimage"},"image":{"@id":"https:\/\/www.actecir.cat\/es\/csi-fiesta-del-instalador-2018\/#primaryimage"},"thumbnailUrl":"https:\/\/www.actecir.cat\/wp-content\/uploads\/2023\/04\/instalador.png","datePublished":"2018-10-14T16:22:00+00:00","dateModified":"2023-04-28T16:24:25+00:00","breadcrumb":{"@id":"https:\/\/www.actecir.cat\/es\/csi-fiesta-del-instalador-2018\/#breadcrumb"},"inLanguage":"es","potentialAction":[{"@type":"ReadAction","target":["https:\/\/www.actecir.cat\/es\/csi-fiesta-del-instalador-2018\/"]}]},{"@type":"ImageObject","inLanguage":"es","@id":"https:\/\/www.actecir.cat\/es\/csi-fiesta-del-instalador-2018\/#primaryimage","url":"https:\/\/www.actecir.cat\/wp-content\/uploads\/2023\/04\/instalador.png","contentUrl":"https:\/\/www.actecir.cat\/wp-content\/uploads\/2023\/04\/instalador.png","width":304,"height":158},{"@type":"BreadcrumbList","@id":"https:\/\/www.actecir.cat\/es\/csi-fiesta-del-instalador-2018\/#breadcrumb","itemListElement":[{"@type":"ListItem","position":1,"name":"Inici","item":"https:\/\/www.actecir.cat\/es\/"},{"@type":"ListItem","position":2,"name":"CSI Fiesta del Instalador 2018"}]},{"@type":"WebSite","@id":"https:\/\/www.actecir.cat\/#website","url":"https:\/\/www.actecir.cat\/","name":"Actecir","description":"Associaci\u00f3 Catalana de T\u00e8cnics en Energia, Climatitzaci\u00f3 i Refrigeraci\u00f3","publisher":{"@id":"https:\/\/www.actecir.cat\/#organization"},"potentialAction":[{"@type":"SearchAction","target":{"@type":"EntryPoint","urlTemplate":"https:\/\/www.actecir.cat\/?s={search_term_string}"},"query-input":{"@type":"PropertyValueSpecification","valueRequired":true,"valueName":"search_term_string"}}],"inLanguage":"es"},{"@type":"Organization","@id":"https:\/\/www.actecir.cat\/#organization","name":"Actecir","url":"https:\/\/www.actecir.cat\/","logo":{"@type":"ImageObject","inLanguage":"es","@id":"https:\/\/www.actecir.cat\/#\/schema\/logo\/image\/","url":"https:\/\/www.actecir.cat\/wp-content\/uploads\/2023\/04\/cropped-logo_actecir_60_alto.png","contentUrl":"https:\/\/www.actecir.cat\/wp-content\/uploads\/2023\/04\/cropped-logo_actecir_60_alto.png","width":283,"height":80,"caption":"Actecir"},"image":{"@id":"https:\/\/www.actecir.cat\/#\/schema\/logo\/image\/"},"sameAs":["https:\/\/x.com\/actecir","https:\/\/www.linkedin.com\/company\/actecir"]},{"@type":"Person","@id":"https:\/\/www.actecir.cat\/#\/schema\/person\/42edd02f0b1d55e19444428c5d321413","name":"Soporte web","sameAs":["https:\/\/www.actecir.cat"],"url":"https:\/\/www.actecir.cat\/es\/author\/maensystems\/"}]}},"_links":{"self":[{"href":"https:\/\/www.actecir.cat\/es\/wp-json\/wp\/v2\/posts\/4314","targetHints":{"allow":["GET"]}}],"collection":[{"href":"https:\/\/www.actecir.cat\/es\/wp-json\/wp\/v2\/posts"}],"about":[{"href":"https:\/\/www.actecir.cat\/es\/wp-json\/wp\/v2\/types\/post"}],"author":[{"embeddable":true,"href":"https:\/\/www.actecir.cat\/es\/wp-json\/wp\/v2\/users\/1"}],"replies":[{"embeddable":true,"href":"https:\/\/www.actecir.cat\/es\/wp-json\/wp\/v2\/comments?post=4314"}],"version-history":[{"count":1,"href":"https:\/\/www.actecir.cat\/es\/wp-json\/wp\/v2\/posts\/4314\/revisions"}],"predecessor-version":[{"id":4315,"href":"https:\/\/www.actecir.cat\/es\/wp-json\/wp\/v2\/posts\/4314\/revisions\/4315"}],"wp:featuredmedia":[{"embeddable":true,"href":"https:\/\/www.actecir.cat\/es\/wp-json\/wp\/v2\/media\/4311"}],"wp:attachment":[{"href":"https:\/\/www.actecir.cat\/es\/wp-json\/wp\/v2\/media?parent=4314"}],"wp:term":[{"taxonomy":"category","embeddable":true,"href":"https:\/\/www.actecir.cat\/es\/wp-json\/wp\/v2\/categories?post=4314"},{"taxonomy":"post_tag","embeddable":true,"href":"https:\/\/www.actecir.cat\/es\/wp-json\/wp\/v2\/tags?post=4314"}],"curies":[{"name":"wp","href":"https:\/\/api.w.org\/{rel}","templated":true}]}}