{"id":4320,"date":"2018-09-27T07:19:00","date_gmt":"2018-09-27T05:19:00","guid":{"rendered":"https:\/\/www.actecir.cat\/?p=4320"},"modified":"2023-07-07T12:39:21","modified_gmt":"2023-07-07T10:39:21","slug":"nuevo-real-decreto-ley-de-autoconsumo-fotovoltaico","status":"publish","type":"post","link":"https:\/\/www.actecir.cat\/es\/nuevo-real-decreto-ley-de-autoconsumo-fotovoltaico\/","title":{"rendered":"Nuevo Real Decreto Ley de Autoconsumo Fotovoltaico"},"content":{"rendered":"\n<p>Este viernes 5 de octubre, se ha aprobado el nuevo RDL 15\/2018, que entre otros, deroga el impuesto al sol, simplifica los tr\u00e1mites administrativos y t\u00e9cnico requeridos, como la inscripci\u00f3n en el registro de productores de instalaciones &lt;100kW y reconoce el autoconsumo compartido.<\/p>\n\n\n\n<p><a href=\"https:\/\/www.actecir.cat\/zona-privada\/borsa-de-treball-ofertes\/\" target=\"_blank\" rel=\"noreferrer noopener\">Desc\u00e1rgate el texto completo en nuestra web<\/a><\/p>\n","protected":false},"excerpt":{"rendered":"<p>viernes 5 de octubre<\/p>\n","protected":false},"author":1,"featured_media":4318,"comment_status":"open","ping_status":"open","sticky":false,"template":"","format":"standard","meta":{"footnotes":""},"categories":[23],"tags":[],"class_list":["post-4320","post","type-post","status-publish","format-standard","has-post-thumbnail","hentry","category-destacamos"],"yoast_head":"<!-- This site is optimized with the Yoast SEO plugin v27.2 - https:\/\/yoast.com\/product\/yoast-seo-wordpress\/ -->\n<title>Nuevo Real Decreto Ley de Autoconsumo Fotovoltaico - Actecir<\/title>\n<meta name=\"robots\" content=\"index, follow, max-snippet:-1, max-image-preview:large, max-video-preview:-1\" \/>\n<link rel=\"canonical\" href=\"https:\/\/www.actecir.cat\/es\/nuevo-real-decreto-ley-de-autoconsumo-fotovoltaico\/\" \/>\n<meta property=\"og:locale\" content=\"es_ES\" \/>\n<meta property=\"og:type\" content=\"article\" \/>\n<meta property=\"og:title\" content=\"Nuevo Real Decreto Ley de Autoconsumo Fotovoltaico - Actecir\" \/>\n<meta property=\"og:description\" content=\"viernes 5 de octubre\" \/>\n<meta property=\"og:url\" content=\"https:\/\/www.actecir.cat\/es\/nuevo-real-decreto-ley-de-autoconsumo-fotovoltaico\/\" \/>\n<meta property=\"og:site_name\" content=\"Actecir\" \/>\n<meta property=\"article:published_time\" content=\"2018-09-27T05:19:00+00:00\" \/>\n<meta property=\"article:modified_time\" content=\"2023-07-07T10:39:21+00:00\" \/>\n<meta property=\"og:image\" content=\"https:\/\/www.actecir.cat\/wp-content\/uploads\/2023\/05\/BOE_15-2018.png\" \/>\n\t<meta property=\"og:image:width\" content=\"496\" \/>\n\t<meta property=\"og:image:height\" content=\"335\" \/>\n\t<meta property=\"og:image:type\" content=\"image\/png\" \/>\n<meta name=\"author\" content=\"Soporte web\" \/>\n<meta name=\"twitter:card\" content=\"summary_large_image\" \/>\n<meta name=\"twitter:creator\" content=\"@actecir\" \/>\n<meta name=\"twitter:site\" content=\"@actecir\" \/>\n<meta name=\"twitter:label1\" content=\"Escrito por\" \/>\n\t<meta name=\"twitter:data1\" content=\"Soporte web\" \/>\n<script type=\"application\/ld+json\" class=\"yoast-schema-graph\">{\"@context\":\"https:\/\/schema.org\",\"@graph\":[{\"@type\":\"Article\",\"@id\":\"https:\/\/www.actecir.cat\/es\/nuevo-real-decreto-ley-de-autoconsumo-fotovoltaico\/#article\",\"isPartOf\":{\"@id\":\"https:\/\/www.actecir.cat\/es\/nuevo-real-decreto-ley-de-autoconsumo-fotovoltaico\/\"},\"author\":{\"name\":\"Soporte web\",\"@id\":\"https:\/\/www.actecir.cat\/#\/schema\/person\/42edd02f0b1d55e19444428c5d321413\"},\"headline\":\"Nuevo Real Decreto Ley de Autoconsumo Fotovoltaico\",\"datePublished\":\"2018-09-27T05:19:00+00:00\",\"dateModified\":\"2023-07-07T10:39:21+00:00\",\"mainEntityOfPage\":{\"@id\":\"https:\/\/www.actecir.cat\/es\/nuevo-real-decreto-ley-de-autoconsumo-fotovoltaico\/\"},\"wordCount\":60,\"commentCount\":0,\"publisher\":{\"@id\":\"https:\/\/www.actecir.cat\/#organization\"},\"image\":{\"@id\":\"https:\/\/www.actecir.cat\/es\/nuevo-real-decreto-ley-de-autoconsumo-fotovoltaico\/#primaryimage\"},\"thumbnailUrl\":\"https:\/\/www.actecir.cat\/wp-content\/uploads\/2023\/05\/BOE_15-2018.png\",\"articleSection\":[\"Destacamos\"],\"inLanguage\":\"es\",\"potentialAction\":[{\"@type\":\"CommentAction\",\"name\":\"Comment\",\"target\":[\"https:\/\/www.actecir.cat\/es\/nuevo-real-decreto-ley-de-autoconsumo-fotovoltaico\/#respond\"]}]},{\"@type\":\"WebPage\",\"@id\":\"https:\/\/www.actecir.cat\/es\/nuevo-real-decreto-ley-de-autoconsumo-fotovoltaico\/\",\"url\":\"https:\/\/www.actecir.cat\/es\/nuevo-real-decreto-ley-de-autoconsumo-fotovoltaico\/\",\"name\":\"Nuevo Real Decreto Ley de Autoconsumo Fotovoltaico - Actecir\",\"isPartOf\":{\"@id\":\"https:\/\/www.actecir.cat\/#website\"},\"primaryImageOfPage\":{\"@id\":\"https:\/\/www.actecir.cat\/es\/nuevo-real-decreto-ley-de-autoconsumo-fotovoltaico\/#primaryimage\"},\"image\":{\"@id\":\"https:\/\/www.actecir.cat\/es\/nuevo-real-decreto-ley-de-autoconsumo-fotovoltaico\/#primaryimage\"},\"thumbnailUrl\":\"https:\/\/www.actecir.cat\/wp-content\/uploads\/2023\/05\/BOE_15-2018.png\",\"datePublished\":\"2018-09-27T05:19:00+00:00\",\"dateModified\":\"2023-07-07T10:39:21+00:00\",\"breadcrumb\":{\"@id\":\"https:\/\/www.actecir.cat\/es\/nuevo-real-decreto-ley-de-autoconsumo-fotovoltaico\/#breadcrumb\"},\"inLanguage\":\"es\",\"potentialAction\":[{\"@type\":\"ReadAction\",\"target\":[\"https:\/\/www.actecir.cat\/es\/nuevo-real-decreto-ley-de-autoconsumo-fotovoltaico\/\"]}]},{\"@type\":\"ImageObject\",\"inLanguage\":\"es\",\"@id\":\"https:\/\/www.actecir.cat\/es\/nuevo-real-decreto-ley-de-autoconsumo-fotovoltaico\/#primaryimage\",\"url\":\"https:\/\/www.actecir.cat\/wp-content\/uploads\/2023\/05\/BOE_15-2018.png\",\"contentUrl\":\"https:\/\/www.actecir.cat\/wp-content\/uploads\/2023\/05\/BOE_15-2018.png\",\"width\":496,\"height\":335},{\"@type\":\"BreadcrumbList\",\"@id\":\"https:\/\/www.actecir.cat\/es\/nuevo-real-decreto-ley-de-autoconsumo-fotovoltaico\/#breadcrumb\",\"itemListElement\":[{\"@type\":\"ListItem\",\"position\":1,\"name\":\"Inici\",\"item\":\"https:\/\/www.actecir.cat\/es\/\"},{\"@type\":\"ListItem\",\"position\":2,\"name\":\"Nuevo Real Decreto Ley de Autoconsumo Fotovoltaico\"}]},{\"@type\":\"WebSite\",\"@id\":\"https:\/\/www.actecir.cat\/#website\",\"url\":\"https:\/\/www.actecir.cat\/\",\"name\":\"Actecir\",\"description\":\"Associaci\u00f3 Catalana de T\u00e8cnics en Energia, Climatitzaci\u00f3 i Refrigeraci\u00f3\",\"publisher\":{\"@id\":\"https:\/\/www.actecir.cat\/#organization\"},\"potentialAction\":[{\"@type\":\"SearchAction\",\"target\":{\"@type\":\"EntryPoint\",\"urlTemplate\":\"https:\/\/www.actecir.cat\/?s={search_term_string}\"},\"query-input\":{\"@type\":\"PropertyValueSpecification\",\"valueRequired\":true,\"valueName\":\"search_term_string\"}}],\"inLanguage\":\"es\"},{\"@type\":\"Organization\",\"@id\":\"https:\/\/www.actecir.cat\/#organization\",\"name\":\"Actecir\",\"url\":\"https:\/\/www.actecir.cat\/\",\"logo\":{\"@type\":\"ImageObject\",\"inLanguage\":\"es\",\"@id\":\"https:\/\/www.actecir.cat\/#\/schema\/logo\/image\/\",\"url\":\"https:\/\/www.actecir.cat\/wp-content\/uploads\/2023\/04\/cropped-logo_actecir_60_alto.png\",\"contentUrl\":\"https:\/\/www.actecir.cat\/wp-content\/uploads\/2023\/04\/cropped-logo_actecir_60_alto.png\",\"width\":283,\"height\":80,\"caption\":\"Actecir\"},\"image\":{\"@id\":\"https:\/\/www.actecir.cat\/#\/schema\/logo\/image\/\"},\"sameAs\":[\"https:\/\/x.com\/actecir\",\"https:\/\/www.linkedin.com\/company\/actecir\"]},{\"@type\":\"Person\",\"@id\":\"https:\/\/www.actecir.cat\/#\/schema\/person\/42edd02f0b1d55e19444428c5d321413\",\"name\":\"Soporte web\",\"sameAs\":[\"https:\/\/www.actecir.cat\"],\"url\":\"https:\/\/www.actecir.cat\/es\/author\/maensystems\/\"}]}<\/script>\n<!-- \/ Yoast SEO plugin. -->","yoast_head_json":{"title":"Nuevo Real Decreto Ley de Autoconsumo Fotovoltaico - Actecir","robots":{"index":"index","follow":"follow","max-snippet":"max-snippet:-1","max-image-preview":"max-image-preview:large","max-video-preview":"max-video-preview:-1"},"canonical":"https:\/\/www.actecir.cat\/es\/nuevo-real-decreto-ley-de-autoconsumo-fotovoltaico\/","og_locale":"es_ES","og_type":"article","og_title":"Nuevo Real Decreto Ley de Autoconsumo Fotovoltaico - Actecir","og_description":"viernes 5 de octubre","og_url":"https:\/\/www.actecir.cat\/es\/nuevo-real-decreto-ley-de-autoconsumo-fotovoltaico\/","og_site_name":"Actecir","article_published_time":"2018-09-27T05:19:00+00:00","article_modified_time":"2023-07-07T10:39:21+00:00","og_image":[{"width":496,"height":335,"url":"https:\/\/www.actecir.cat\/wp-content\/uploads\/2023\/05\/BOE_15-2018.png","type":"image\/png"}],"author":"Soporte web","twitter_card":"summary_large_image","twitter_creator":"@actecir","twitter_site":"@actecir","twitter_misc":{"Escrito por":"Soporte web"},"schema":{"@context":"https:\/\/schema.org","@graph":[{"@type":"Article","@id":"https:\/\/www.actecir.cat\/es\/nuevo-real-decreto-ley-de-autoconsumo-fotovoltaico\/#article","isPartOf":{"@id":"https:\/\/www.actecir.cat\/es\/nuevo-real-decreto-ley-de-autoconsumo-fotovoltaico\/"},"author":{"name":"Soporte web","@id":"https:\/\/www.actecir.cat\/#\/schema\/person\/42edd02f0b1d55e19444428c5d321413"},"headline":"Nuevo Real Decreto Ley de Autoconsumo Fotovoltaico","datePublished":"2018-09-27T05:19:00+00:00","dateModified":"2023-07-07T10:39:21+00:00","mainEntityOfPage":{"@id":"https:\/\/www.actecir.cat\/es\/nuevo-real-decreto-ley-de-autoconsumo-fotovoltaico\/"},"wordCount":60,"commentCount":0,"publisher":{"@id":"https:\/\/www.actecir.cat\/#organization"},"image":{"@id":"https:\/\/www.actecir.cat\/es\/nuevo-real-decreto-ley-de-autoconsumo-fotovoltaico\/#primaryimage"},"thumbnailUrl":"https:\/\/www.actecir.cat\/wp-content\/uploads\/2023\/05\/BOE_15-2018.png","articleSection":["Destacamos"],"inLanguage":"es","potentialAction":[{"@type":"CommentAction","name":"Comment","target":["https:\/\/www.actecir.cat\/es\/nuevo-real-decreto-ley-de-autoconsumo-fotovoltaico\/#respond"]}]},{"@type":"WebPage","@id":"https:\/\/www.actecir.cat\/es\/nuevo-real-decreto-ley-de-autoconsumo-fotovoltaico\/","url":"https:\/\/www.actecir.cat\/es\/nuevo-real-decreto-ley-de-autoconsumo-fotovoltaico\/","name":"Nuevo Real Decreto Ley de Autoconsumo Fotovoltaico - Actecir","isPartOf":{"@id":"https:\/\/www.actecir.cat\/#website"},"primaryImageOfPage":{"@id":"https:\/\/www.actecir.cat\/es\/nuevo-real-decreto-ley-de-autoconsumo-fotovoltaico\/#primaryimage"},"image":{"@id":"https:\/\/www.actecir.cat\/es\/nuevo-real-decreto-ley-de-autoconsumo-fotovoltaico\/#primaryimage"},"thumbnailUrl":"https:\/\/www.actecir.cat\/wp-content\/uploads\/2023\/05\/BOE_15-2018.png","datePublished":"2018-09-27T05:19:00+00:00","dateModified":"2023-07-07T10:39:21+00:00","breadcrumb":{"@id":"https:\/\/www.actecir.cat\/es\/nuevo-real-decreto-ley-de-autoconsumo-fotovoltaico\/#breadcrumb"},"inLanguage":"es","potentialAction":[{"@type":"ReadAction","target":["https:\/\/www.actecir.cat\/es\/nuevo-real-decreto-ley-de-autoconsumo-fotovoltaico\/"]}]},{"@type":"ImageObject","inLanguage":"es","@id":"https:\/\/www.actecir.cat\/es\/nuevo-real-decreto-ley-de-autoconsumo-fotovoltaico\/#primaryimage","url":"https:\/\/www.actecir.cat\/wp-content\/uploads\/2023\/05\/BOE_15-2018.png","contentUrl":"https:\/\/www.actecir.cat\/wp-content\/uploads\/2023\/05\/BOE_15-2018.png","width":496,"height":335},{"@type":"BreadcrumbList","@id":"https:\/\/www.actecir.cat\/es\/nuevo-real-decreto-ley-de-autoconsumo-fotovoltaico\/#breadcrumb","itemListElement":[{"@type":"ListItem","position":1,"name":"Inici","item":"https:\/\/www.actecir.cat\/es\/"},{"@type":"ListItem","position":2,"name":"Nuevo Real Decreto Ley de Autoconsumo Fotovoltaico"}]},{"@type":"WebSite","@id":"https:\/\/www.actecir.cat\/#website","url":"https:\/\/www.actecir.cat\/","name":"Actecir","description":"Associaci\u00f3 Catalana de T\u00e8cnics en Energia, Climatitzaci\u00f3 i Refrigeraci\u00f3","publisher":{"@id":"https:\/\/www.actecir.cat\/#organization"},"potentialAction":[{"@type":"SearchAction","target":{"@type":"EntryPoint","urlTemplate":"https:\/\/www.actecir.cat\/?s={search_term_string}"},"query-input":{"@type":"PropertyValueSpecification","valueRequired":true,"valueName":"search_term_string"}}],"inLanguage":"es"},{"@type":"Organization","@id":"https:\/\/www.actecir.cat\/#organization","name":"Actecir","url":"https:\/\/www.actecir.cat\/","logo":{"@type":"ImageObject","inLanguage":"es","@id":"https:\/\/www.actecir.cat\/#\/schema\/logo\/image\/","url":"https:\/\/www.actecir.cat\/wp-content\/uploads\/2023\/04\/cropped-logo_actecir_60_alto.png","contentUrl":"https:\/\/www.actecir.cat\/wp-content\/uploads\/2023\/04\/cropped-logo_actecir_60_alto.png","width":283,"height":80,"caption":"Actecir"},"image":{"@id":"https:\/\/www.actecir.cat\/#\/schema\/logo\/image\/"},"sameAs":["https:\/\/x.com\/actecir","https:\/\/www.linkedin.com\/company\/actecir"]},{"@type":"Person","@id":"https:\/\/www.actecir.cat\/#\/schema\/person\/42edd02f0b1d55e19444428c5d321413","name":"Soporte web","sameAs":["https:\/\/www.actecir.cat"],"url":"https:\/\/www.actecir.cat\/es\/author\/maensystems\/"}]}},"_links":{"self":[{"href":"https:\/\/www.actecir.cat\/es\/wp-json\/wp\/v2\/posts\/4320","targetHints":{"allow":["GET"]}}],"collection":[{"href":"https:\/\/www.actecir.cat\/es\/wp-json\/wp\/v2\/posts"}],"about":[{"href":"https:\/\/www.actecir.cat\/es\/wp-json\/wp\/v2\/types\/post"}],"author":[{"embeddable":true,"href":"https:\/\/www.actecir.cat\/es\/wp-json\/wp\/v2\/users\/1"}],"replies":[{"embeddable":true,"href":"https:\/\/www.actecir.cat\/es\/wp-json\/wp\/v2\/comments?post=4320"}],"version-history":[{"count":2,"href":"https:\/\/www.actecir.cat\/es\/wp-json\/wp\/v2\/posts\/4320\/revisions"}],"predecessor-version":[{"id":10880,"href":"https:\/\/www.actecir.cat\/es\/wp-json\/wp\/v2\/posts\/4320\/revisions\/10880"}],"wp:featuredmedia":[{"embeddable":true,"href":"https:\/\/www.actecir.cat\/es\/wp-json\/wp\/v2\/media\/4318"}],"wp:attachment":[{"href":"https:\/\/www.actecir.cat\/es\/wp-json\/wp\/v2\/media?parent=4320"}],"wp:term":[{"taxonomy":"category","embeddable":true,"href":"https:\/\/www.actecir.cat\/es\/wp-json\/wp\/v2\/categories?post=4320"},{"taxonomy":"post_tag","embeddable":true,"href":"https:\/\/www.actecir.cat\/es\/wp-json\/wp\/v2\/tags?post=4320"}],"curies":[{"name":"wp","href":"https:\/\/api.w.org\/{rel}","templated":true}]}}