{"id":4344,"date":"2018-08-16T07:37:00","date_gmt":"2018-08-16T07:37:00","guid":{"rendered":"https:\/\/www.actecir.cat\/?p=4344"},"modified":"2023-05-02T07:39:24","modified_gmt":"2023-05-02T07:39:24","slug":"barcelona-acoge-el-proximo-mes-de-octubre-la-primera-edicion-de-efintec","status":"publish","type":"post","link":"https:\/\/www.actecir.cat\/es\/barcelona-acoge-el-proximo-mes-de-octubre-la-primera-edicion-de-efintec\/","title":{"rendered":"Barcelona acoge el pr\u00f3ximo mes de octubre la primera edici\u00f3n de EFINTEC"},"content":{"rendered":"\n<p>EFINTEC tiene por objetivo reunir a todos los profesionales de la instalaci\u00f3n y la distribuci\u00f3n de los sectores de la energ\u00eda, electricidad, telecomunicaciones, climatizaci\u00f3n, gas, refrigeraci\u00f3n, fontaner\u00eda y, en general, tecnolog\u00edas e instalaciones inteligentes y conectadas.<\/p>\n\n\n\n<p>La finalitad d\u2019EFINEC es la de intercambiar experiencias y novedades con sus proveedores y profesionales, ofreciendo tambi\u00e9n el soporte t\u00e9cnico necesario sobre las marcas y productos que lideran el mercado.<\/p>\n\n\n\n<p>En estos momentos de gran dinamismo para el sector, EFINTEC busca ser el referente id\u00f3neo para conectar con esas tecnolog\u00edas y tendencias tradicionales y de vanguardia, poniendo al alcance de las empresas instaladoras profesionales toda la informaci\u00f3n y documentaci\u00f3n necesaria para la satisfactoria realizaci\u00f3n de su trabajo, que ahora, m\u00e1s que nunca, conecta con una nueva realidad. Por eso, incidir\u00e1 en el dinamismo y los temas actuales que m\u00e1s afectan al sector.<\/p>\n\n\n\n<p>En esta primera edici\u00f3n, el certamen a\u00fana al mayor y m\u00e1s importante elenco de empresas del mercado, referentes todas ellas a nivel nacional e internacional, y expertos en rentabilizar, con su oferta y soluciones, la gesti\u00f3n de las empresas de instalaciones.<\/p>\n\n\n\n<p>Ante las expectativas despertadas, no cabe duda que EFINTEC \u2014exposici\u00f3n de los sectores de la ENERG\u00cdA, ELECTRICIDAD, TELECOMUNICACIONES, CLIMATIZACI\u00d3N, REFRIGERACI\u00d3N, GAS, FONTANER\u00cdA, etc.\u2014 puede desempe\u00f1ar un papel clave a la hora de ayudar a conectar a los profesionales con las soluciones m\u00e1s indicadas para el desarrollo de negocio.<\/p>\n","protected":false},"excerpt":{"rendered":"<p>ENERG\u00cdA, ELECTRICIDAD, TELECOMUNICACIONES, CLIMATIZACI\u00d3N, REFRIGERACI\u00d3N, GAS, FONTANER\u00cdA, <\/p>\n","protected":false},"author":1,"featured_media":4342,"comment_status":"open","ping_status":"open","sticky":false,"template":"","format":"standard","meta":{"footnotes":""},"categories":[23],"tags":[],"class_list":["post-4344","post","type-post","status-publish","format-standard","has-post-thumbnail","hentry","category-destacamos"],"yoast_head":"<!-- This site is optimized with the Yoast SEO plugin v27.2 - https:\/\/yoast.com\/product\/yoast-seo-wordpress\/ -->\n<title>Barcelona acoge el pr\u00f3ximo mes de octubre la primera edici\u00f3n de EFINTEC - Actecir<\/title>\n<meta name=\"robots\" content=\"index, follow, max-snippet:-1, max-image-preview:large, max-video-preview:-1\" \/>\n<link rel=\"canonical\" href=\"https:\/\/www.actecir.cat\/es\/barcelona-acoge-el-proximo-mes-de-octubre-la-primera-edicion-de-efintec\/\" \/>\n<meta property=\"og:locale\" content=\"es_ES\" \/>\n<meta property=\"og:type\" content=\"article\" \/>\n<meta property=\"og:title\" content=\"Barcelona acoge el pr\u00f3ximo mes de octubre la primera edici\u00f3n de EFINTEC - Actecir\" \/>\n<meta property=\"og:description\" content=\"ENERG\u00cdA, ELECTRICIDAD, TELECOMUNICACIONES, CLIMATIZACI\u00d3N, REFRIGERACI\u00d3N, GAS, FONTANER\u00cdA,\" \/>\n<meta property=\"og:url\" content=\"https:\/\/www.actecir.cat\/es\/barcelona-acoge-el-proximo-mes-de-octubre-la-primera-edicion-de-efintec\/\" \/>\n<meta property=\"og:site_name\" content=\"Actecir\" \/>\n<meta property=\"article:published_time\" content=\"2018-08-16T07:37:00+00:00\" \/>\n<meta property=\"article:modified_time\" content=\"2023-05-02T07:39:24+00:00\" \/>\n<meta property=\"og:image\" content=\"https:\/\/www.actecir.cat\/wp-content\/uploads\/2023\/05\/notiEfintec.jpg\" \/>\n\t<meta property=\"og:image:width\" content=\"600\" \/>\n\t<meta property=\"og:image:height\" content=\"400\" \/>\n\t<meta property=\"og:image:type\" content=\"image\/jpeg\" \/>\n<meta name=\"author\" content=\"Soporte web\" \/>\n<meta name=\"twitter:card\" content=\"summary_large_image\" \/>\n<meta name=\"twitter:creator\" content=\"@actecir\" \/>\n<meta name=\"twitter:site\" content=\"@actecir\" \/>\n<meta name=\"twitter:label1\" content=\"Escrito por\" \/>\n\t<meta name=\"twitter:data1\" content=\"Soporte web\" \/>\n\t<meta name=\"twitter:label2\" content=\"Tiempo de lectura\" \/>\n\t<meta name=\"twitter:data2\" content=\"1 minuto\" \/>\n<script type=\"application\/ld+json\" class=\"yoast-schema-graph\">{\"@context\":\"https:\/\/schema.org\",\"@graph\":[{\"@type\":\"Article\",\"@id\":\"https:\/\/www.actecir.cat\/es\/barcelona-acoge-el-proximo-mes-de-octubre-la-primera-edicion-de-efintec\/#article\",\"isPartOf\":{\"@id\":\"https:\/\/www.actecir.cat\/es\/barcelona-acoge-el-proximo-mes-de-octubre-la-primera-edicion-de-efintec\/\"},\"author\":{\"name\":\"Soporte web\",\"@id\":\"https:\/\/www.actecir.cat\/#\/schema\/person\/42edd02f0b1d55e19444428c5d321413\"},\"headline\":\"Barcelona acoge el pr\u00f3ximo mes de octubre la primera edici\u00f3n de EFINTEC\",\"datePublished\":\"2018-08-16T07:37:00+00:00\",\"dateModified\":\"2023-05-02T07:39:24+00:00\",\"mainEntityOfPage\":{\"@id\":\"https:\/\/www.actecir.cat\/es\/barcelona-acoge-el-proximo-mes-de-octubre-la-primera-edicion-de-efintec\/\"},\"wordCount\":269,\"commentCount\":0,\"publisher\":{\"@id\":\"https:\/\/www.actecir.cat\/#organization\"},\"image\":{\"@id\":\"https:\/\/www.actecir.cat\/es\/barcelona-acoge-el-proximo-mes-de-octubre-la-primera-edicion-de-efintec\/#primaryimage\"},\"thumbnailUrl\":\"https:\/\/www.actecir.cat\/wp-content\/uploads\/2023\/05\/notiEfintec.jpg\",\"articleSection\":[\"Destacamos\"],\"inLanguage\":\"es\",\"potentialAction\":[{\"@type\":\"CommentAction\",\"name\":\"Comment\",\"target\":[\"https:\/\/www.actecir.cat\/es\/barcelona-acoge-el-proximo-mes-de-octubre-la-primera-edicion-de-efintec\/#respond\"]}]},{\"@type\":\"WebPage\",\"@id\":\"https:\/\/www.actecir.cat\/es\/barcelona-acoge-el-proximo-mes-de-octubre-la-primera-edicion-de-efintec\/\",\"url\":\"https:\/\/www.actecir.cat\/es\/barcelona-acoge-el-proximo-mes-de-octubre-la-primera-edicion-de-efintec\/\",\"name\":\"Barcelona acoge el pr\u00f3ximo mes de octubre la primera edici\u00f3n de EFINTEC - Actecir\",\"isPartOf\":{\"@id\":\"https:\/\/www.actecir.cat\/#website\"},\"primaryImageOfPage\":{\"@id\":\"https:\/\/www.actecir.cat\/es\/barcelona-acoge-el-proximo-mes-de-octubre-la-primera-edicion-de-efintec\/#primaryimage\"},\"image\":{\"@id\":\"https:\/\/www.actecir.cat\/es\/barcelona-acoge-el-proximo-mes-de-octubre-la-primera-edicion-de-efintec\/#primaryimage\"},\"thumbnailUrl\":\"https:\/\/www.actecir.cat\/wp-content\/uploads\/2023\/05\/notiEfintec.jpg\",\"datePublished\":\"2018-08-16T07:37:00+00:00\",\"dateModified\":\"2023-05-02T07:39:24+00:00\",\"breadcrumb\":{\"@id\":\"https:\/\/www.actecir.cat\/es\/barcelona-acoge-el-proximo-mes-de-octubre-la-primera-edicion-de-efintec\/#breadcrumb\"},\"inLanguage\":\"es\",\"potentialAction\":[{\"@type\":\"ReadAction\",\"target\":[\"https:\/\/www.actecir.cat\/es\/barcelona-acoge-el-proximo-mes-de-octubre-la-primera-edicion-de-efintec\/\"]}]},{\"@type\":\"ImageObject\",\"inLanguage\":\"es\",\"@id\":\"https:\/\/www.actecir.cat\/es\/barcelona-acoge-el-proximo-mes-de-octubre-la-primera-edicion-de-efintec\/#primaryimage\",\"url\":\"https:\/\/www.actecir.cat\/wp-content\/uploads\/2023\/05\/notiEfintec.jpg\",\"contentUrl\":\"https:\/\/www.actecir.cat\/wp-content\/uploads\/2023\/05\/notiEfintec.jpg\",\"width\":600,\"height\":400},{\"@type\":\"BreadcrumbList\",\"@id\":\"https:\/\/www.actecir.cat\/es\/barcelona-acoge-el-proximo-mes-de-octubre-la-primera-edicion-de-efintec\/#breadcrumb\",\"itemListElement\":[{\"@type\":\"ListItem\",\"position\":1,\"name\":\"Inici\",\"item\":\"https:\/\/www.actecir.cat\/es\/\"},{\"@type\":\"ListItem\",\"position\":2,\"name\":\"Barcelona acoge el pr\u00f3ximo mes de octubre la primera edici\u00f3n de EFINTEC\"}]},{\"@type\":\"WebSite\",\"@id\":\"https:\/\/www.actecir.cat\/#website\",\"url\":\"https:\/\/www.actecir.cat\/\",\"name\":\"Actecir\",\"description\":\"Associaci\u00f3 Catalana de T\u00e8cnics en Energia, Climatitzaci\u00f3 i Refrigeraci\u00f3\",\"publisher\":{\"@id\":\"https:\/\/www.actecir.cat\/#organization\"},\"potentialAction\":[{\"@type\":\"SearchAction\",\"target\":{\"@type\":\"EntryPoint\",\"urlTemplate\":\"https:\/\/www.actecir.cat\/?s={search_term_string}\"},\"query-input\":{\"@type\":\"PropertyValueSpecification\",\"valueRequired\":true,\"valueName\":\"search_term_string\"}}],\"inLanguage\":\"es\"},{\"@type\":\"Organization\",\"@id\":\"https:\/\/www.actecir.cat\/#organization\",\"name\":\"Actecir\",\"url\":\"https:\/\/www.actecir.cat\/\",\"logo\":{\"@type\":\"ImageObject\",\"inLanguage\":\"es\",\"@id\":\"https:\/\/www.actecir.cat\/#\/schema\/logo\/image\/\",\"url\":\"https:\/\/www.actecir.cat\/wp-content\/uploads\/2023\/04\/cropped-logo_actecir_60_alto.png\",\"contentUrl\":\"https:\/\/www.actecir.cat\/wp-content\/uploads\/2023\/04\/cropped-logo_actecir_60_alto.png\",\"width\":283,\"height\":80,\"caption\":\"Actecir\"},\"image\":{\"@id\":\"https:\/\/www.actecir.cat\/#\/schema\/logo\/image\/\"},\"sameAs\":[\"https:\/\/x.com\/actecir\",\"https:\/\/www.linkedin.com\/company\/actecir\"]},{\"@type\":\"Person\",\"@id\":\"https:\/\/www.actecir.cat\/#\/schema\/person\/42edd02f0b1d55e19444428c5d321413\",\"name\":\"Soporte web\",\"sameAs\":[\"https:\/\/www.actecir.cat\"],\"url\":\"https:\/\/www.actecir.cat\/es\/author\/maensystems\/\"}]}<\/script>\n<!-- \/ Yoast SEO plugin. -->","yoast_head_json":{"title":"Barcelona acoge el pr\u00f3ximo mes de octubre la primera edici\u00f3n de EFINTEC - Actecir","robots":{"index":"index","follow":"follow","max-snippet":"max-snippet:-1","max-image-preview":"max-image-preview:large","max-video-preview":"max-video-preview:-1"},"canonical":"https:\/\/www.actecir.cat\/es\/barcelona-acoge-el-proximo-mes-de-octubre-la-primera-edicion-de-efintec\/","og_locale":"es_ES","og_type":"article","og_title":"Barcelona acoge el pr\u00f3ximo mes de octubre la primera edici\u00f3n de EFINTEC - Actecir","og_description":"ENERG\u00cdA, ELECTRICIDAD, TELECOMUNICACIONES, CLIMATIZACI\u00d3N, REFRIGERACI\u00d3N, GAS, FONTANER\u00cdA,","og_url":"https:\/\/www.actecir.cat\/es\/barcelona-acoge-el-proximo-mes-de-octubre-la-primera-edicion-de-efintec\/","og_site_name":"Actecir","article_published_time":"2018-08-16T07:37:00+00:00","article_modified_time":"2023-05-02T07:39:24+00:00","og_image":[{"width":600,"height":400,"url":"https:\/\/www.actecir.cat\/wp-content\/uploads\/2023\/05\/notiEfintec.jpg","type":"image\/jpeg"}],"author":"Soporte web","twitter_card":"summary_large_image","twitter_creator":"@actecir","twitter_site":"@actecir","twitter_misc":{"Escrito por":"Soporte web","Tiempo de lectura":"1 minuto"},"schema":{"@context":"https:\/\/schema.org","@graph":[{"@type":"Article","@id":"https:\/\/www.actecir.cat\/es\/barcelona-acoge-el-proximo-mes-de-octubre-la-primera-edicion-de-efintec\/#article","isPartOf":{"@id":"https:\/\/www.actecir.cat\/es\/barcelona-acoge-el-proximo-mes-de-octubre-la-primera-edicion-de-efintec\/"},"author":{"name":"Soporte web","@id":"https:\/\/www.actecir.cat\/#\/schema\/person\/42edd02f0b1d55e19444428c5d321413"},"headline":"Barcelona acoge el pr\u00f3ximo mes de octubre la primera edici\u00f3n de EFINTEC","datePublished":"2018-08-16T07:37:00+00:00","dateModified":"2023-05-02T07:39:24+00:00","mainEntityOfPage":{"@id":"https:\/\/www.actecir.cat\/es\/barcelona-acoge-el-proximo-mes-de-octubre-la-primera-edicion-de-efintec\/"},"wordCount":269,"commentCount":0,"publisher":{"@id":"https:\/\/www.actecir.cat\/#organization"},"image":{"@id":"https:\/\/www.actecir.cat\/es\/barcelona-acoge-el-proximo-mes-de-octubre-la-primera-edicion-de-efintec\/#primaryimage"},"thumbnailUrl":"https:\/\/www.actecir.cat\/wp-content\/uploads\/2023\/05\/notiEfintec.jpg","articleSection":["Destacamos"],"inLanguage":"es","potentialAction":[{"@type":"CommentAction","name":"Comment","target":["https:\/\/www.actecir.cat\/es\/barcelona-acoge-el-proximo-mes-de-octubre-la-primera-edicion-de-efintec\/#respond"]}]},{"@type":"WebPage","@id":"https:\/\/www.actecir.cat\/es\/barcelona-acoge-el-proximo-mes-de-octubre-la-primera-edicion-de-efintec\/","url":"https:\/\/www.actecir.cat\/es\/barcelona-acoge-el-proximo-mes-de-octubre-la-primera-edicion-de-efintec\/","name":"Barcelona acoge el pr\u00f3ximo mes de octubre la primera edici\u00f3n de EFINTEC - Actecir","isPartOf":{"@id":"https:\/\/www.actecir.cat\/#website"},"primaryImageOfPage":{"@id":"https:\/\/www.actecir.cat\/es\/barcelona-acoge-el-proximo-mes-de-octubre-la-primera-edicion-de-efintec\/#primaryimage"},"image":{"@id":"https:\/\/www.actecir.cat\/es\/barcelona-acoge-el-proximo-mes-de-octubre-la-primera-edicion-de-efintec\/#primaryimage"},"thumbnailUrl":"https:\/\/www.actecir.cat\/wp-content\/uploads\/2023\/05\/notiEfintec.jpg","datePublished":"2018-08-16T07:37:00+00:00","dateModified":"2023-05-02T07:39:24+00:00","breadcrumb":{"@id":"https:\/\/www.actecir.cat\/es\/barcelona-acoge-el-proximo-mes-de-octubre-la-primera-edicion-de-efintec\/#breadcrumb"},"inLanguage":"es","potentialAction":[{"@type":"ReadAction","target":["https:\/\/www.actecir.cat\/es\/barcelona-acoge-el-proximo-mes-de-octubre-la-primera-edicion-de-efintec\/"]}]},{"@type":"ImageObject","inLanguage":"es","@id":"https:\/\/www.actecir.cat\/es\/barcelona-acoge-el-proximo-mes-de-octubre-la-primera-edicion-de-efintec\/#primaryimage","url":"https:\/\/www.actecir.cat\/wp-content\/uploads\/2023\/05\/notiEfintec.jpg","contentUrl":"https:\/\/www.actecir.cat\/wp-content\/uploads\/2023\/05\/notiEfintec.jpg","width":600,"height":400},{"@type":"BreadcrumbList","@id":"https:\/\/www.actecir.cat\/es\/barcelona-acoge-el-proximo-mes-de-octubre-la-primera-edicion-de-efintec\/#breadcrumb","itemListElement":[{"@type":"ListItem","position":1,"name":"Inici","item":"https:\/\/www.actecir.cat\/es\/"},{"@type":"ListItem","position":2,"name":"Barcelona acoge el pr\u00f3ximo mes de octubre la primera edici\u00f3n de EFINTEC"}]},{"@type":"WebSite","@id":"https:\/\/www.actecir.cat\/#website","url":"https:\/\/www.actecir.cat\/","name":"Actecir","description":"Associaci\u00f3 Catalana de T\u00e8cnics en Energia, Climatitzaci\u00f3 i Refrigeraci\u00f3","publisher":{"@id":"https:\/\/www.actecir.cat\/#organization"},"potentialAction":[{"@type":"SearchAction","target":{"@type":"EntryPoint","urlTemplate":"https:\/\/www.actecir.cat\/?s={search_term_string}"},"query-input":{"@type":"PropertyValueSpecification","valueRequired":true,"valueName":"search_term_string"}}],"inLanguage":"es"},{"@type":"Organization","@id":"https:\/\/www.actecir.cat\/#organization","name":"Actecir","url":"https:\/\/www.actecir.cat\/","logo":{"@type":"ImageObject","inLanguage":"es","@id":"https:\/\/www.actecir.cat\/#\/schema\/logo\/image\/","url":"https:\/\/www.actecir.cat\/wp-content\/uploads\/2023\/04\/cropped-logo_actecir_60_alto.png","contentUrl":"https:\/\/www.actecir.cat\/wp-content\/uploads\/2023\/04\/cropped-logo_actecir_60_alto.png","width":283,"height":80,"caption":"Actecir"},"image":{"@id":"https:\/\/www.actecir.cat\/#\/schema\/logo\/image\/"},"sameAs":["https:\/\/x.com\/actecir","https:\/\/www.linkedin.com\/company\/actecir"]},{"@type":"Person","@id":"https:\/\/www.actecir.cat\/#\/schema\/person\/42edd02f0b1d55e19444428c5d321413","name":"Soporte web","sameAs":["https:\/\/www.actecir.cat"],"url":"https:\/\/www.actecir.cat\/es\/author\/maensystems\/"}]}},"_links":{"self":[{"href":"https:\/\/www.actecir.cat\/es\/wp-json\/wp\/v2\/posts\/4344","targetHints":{"allow":["GET"]}}],"collection":[{"href":"https:\/\/www.actecir.cat\/es\/wp-json\/wp\/v2\/posts"}],"about":[{"href":"https:\/\/www.actecir.cat\/es\/wp-json\/wp\/v2\/types\/post"}],"author":[{"embeddable":true,"href":"https:\/\/www.actecir.cat\/es\/wp-json\/wp\/v2\/users\/1"}],"replies":[{"embeddable":true,"href":"https:\/\/www.actecir.cat\/es\/wp-json\/wp\/v2\/comments?post=4344"}],"version-history":[{"count":1,"href":"https:\/\/www.actecir.cat\/es\/wp-json\/wp\/v2\/posts\/4344\/revisions"}],"predecessor-version":[{"id":4345,"href":"https:\/\/www.actecir.cat\/es\/wp-json\/wp\/v2\/posts\/4344\/revisions\/4345"}],"wp:featuredmedia":[{"embeddable":true,"href":"https:\/\/www.actecir.cat\/es\/wp-json\/wp\/v2\/media\/4342"}],"wp:attachment":[{"href":"https:\/\/www.actecir.cat\/es\/wp-json\/wp\/v2\/media?parent=4344"}],"wp:term":[{"taxonomy":"category","embeddable":true,"href":"https:\/\/www.actecir.cat\/es\/wp-json\/wp\/v2\/categories?post=4344"},{"taxonomy":"post_tag","embeddable":true,"href":"https:\/\/www.actecir.cat\/es\/wp-json\/wp\/v2\/tags?post=4344"}],"curies":[{"name":"wp","href":"https:\/\/api.w.org\/{rel}","templated":true}]}}