{"id":4350,"date":"2018-05-15T07:40:00","date_gmt":"2018-05-15T07:40:00","guid":{"rendered":"https:\/\/www.actecir.cat\/?p=4350"},"modified":"2023-05-02T07:41:58","modified_gmt":"2023-05-02T07:41:58","slug":"produce-y-consume-tu-propia-energia","status":"publish","type":"post","link":"https:\/\/www.actecir.cat\/es\/produce-y-consume-tu-propia-energia\/","title":{"rendered":"Produce y consume tu propia energia"},"content":{"rendered":"\n<figure class=\"wp-block-image size-full is-resized\"><img fetchpriority=\"high\" decoding=\"async\" src=\"https:\/\/www.actecir.cat\/wp-content\/uploads\/2023\/05\/autoconsum_energetic.png\" alt=\"\" class=\"wp-image-4348\" width=\"482\" height=\"321\" srcset=\"https:\/\/www.actecir.cat\/wp-content\/uploads\/2023\/05\/autoconsum_energetic.png 600w, https:\/\/www.actecir.cat\/wp-content\/uploads\/2023\/05\/autoconsum_energetic-300x200.png 300w\" sizes=\"(max-width: 482px) 100vw, 482px\" \/><\/figure>\n\n\n\n<p>El ICAEN inicia una campa\u00f1a para que los ciudadanos se animen a aprovechar la energ\u00eda del sol para generar electricidad en techos, tejados, azoteas y p\u00e9rgolas de casa.<\/p>\n\n\n\n<p>El Instituto Catal\u00e1n de Energ\u00eda lanza una campa\u00f1a audiovisual de difusi\u00f3n del autoconsumo fotovoltaico a trav\u00e9s de redes sociales, con el objetivo de explicar las ventajas y desmontar los falsos mitos, y animar a la ciudadan\u00eda a aprovechar la energ\u00eda del Sol para generar y consumir energ\u00eda el\u00e9ctrica en su casa. El autoconsumo fotovoltaico es legalmente y econ\u00f3micamente muy interesante a la vez que permite que Catalu\u00f1a avance hacia la soberan\u00eda energ\u00e9tica.<\/p>\n\n\n\n<p>Bajo el lema &#8220;Produce y consume tu propia energ\u00eda, el autoconsumo te lo permite!&#8221;, La campa\u00f1a consta de cinco c\u00e1psulas, que responden de manera r\u00e1pida y did\u00e1ctica las principales preguntas sobre el autoconsumo fotovoltaico: &#8220;\u00bfQu\u00e9 es el autoconsumo? &#8220;; &#8220;Todo el mundo puede tener una instalaci\u00f3n de autoconsumo el\u00e9ctrico en su casa?&#8221;; &#8220;\u00bfCu\u00e1les son las ventajas del autoconsumo?&#8221;; &#8220;Es interesante disponer de bater\u00edas en el autoconsumo el\u00e9ctrico?&#8221;, Y &#8220;El autoconsumo es viable t\u00e9cnicamente?&#8221;.<\/p>\n\n\n\n<p>Esta acci\u00f3n pretende luchar contra el desconocimiento de los ciudadanos, que es una de las barreras que dificultan la generalizaci\u00f3n de la pr\u00e1ctica del autoconsumo en Catalu\u00f1a, y que se agrava por la complejidad normativa propia del sector el\u00e9ctrico estatal.<\/p>\n\n\n\n<p><strong>El papel clave del ciudadano en la transici\u00f3n energ\u00e9tica<\/strong><\/p>\n\n\n\n<p>La transici\u00f3n energ\u00e9tica sit\u00faa la ciudadan\u00eda en el centro del nuevo modelo energ\u00e9tico limpio, renovable, distribuido, participativo y democr\u00e1tico, que propone para Catalu\u00f1a el Pacto Nacional para la Transici\u00f3n Energ\u00e9tica.<\/p>\n\n\n\n<p>En este nuevo modelo, el empoderamiento ciudadano permitir\u00e1 que los usuarios pasen de ser consumidores pasivos a producir y gestionar su propia electricidad, almacenarla y compartirla con otros usuarios a trav\u00e9s de las instalaciones de autoconsumo fotovoltaico y de la creaci\u00f3n de comunidades solares que compartan la energ\u00eda el\u00e9ctrica a trav\u00e9s de redes de distribuci\u00f3n.<\/p>\n\n\n\n<p>En esta misma l\u00ednea, la Generalitat est\u00e1 trabajando en la convocatoria de ayudas para la adquisici\u00f3n de bater\u00edas para almacenar la electricidad de instalaciones de autoconsumo fotovoltaico para hacerlas m\u00e1s eficientes e iniciar el camino para disponer de energ\u00eda km cero a compartir entre los ciudadanos.<\/p>\n","protected":false},"excerpt":{"rendered":"<p>El ICAEN inicia una campa\u00f1a para que los ciudadanos se animen a aprovechar la energ\u00eda del sol para generar electricidad en techos, tejados, azoteas y p\u00e9rgolas de casa.<\/p>\n","protected":false},"author":1,"featured_media":4348,"comment_status":"open","ping_status":"open","sticky":false,"template":"","format":"standard","meta":{"footnotes":""},"categories":[23],"tags":[],"class_list":["post-4350","post","type-post","status-publish","format-standard","has-post-thumbnail","hentry","category-destacamos"],"yoast_head":"<!-- This site is optimized with the Yoast SEO plugin v27.2 - https:\/\/yoast.com\/product\/yoast-seo-wordpress\/ -->\n<title>Produce y consume tu propia energia - Actecir<\/title>\n<meta name=\"robots\" content=\"index, follow, max-snippet:-1, max-image-preview:large, max-video-preview:-1\" \/>\n<link rel=\"canonical\" href=\"https:\/\/www.actecir.cat\/es\/produce-y-consume-tu-propia-energia\/\" \/>\n<meta property=\"og:locale\" content=\"es_ES\" \/>\n<meta property=\"og:type\" content=\"article\" \/>\n<meta property=\"og:title\" content=\"Produce y consume tu propia energia - Actecir\" \/>\n<meta property=\"og:description\" content=\"El ICAEN inicia una campa\u00f1a para que los ciudadanos se animen a aprovechar la energ\u00eda del sol para generar electricidad en techos, tejados, azoteas y p\u00e9rgolas de casa.\" \/>\n<meta property=\"og:url\" content=\"https:\/\/www.actecir.cat\/es\/produce-y-consume-tu-propia-energia\/\" \/>\n<meta property=\"og:site_name\" content=\"Actecir\" \/>\n<meta property=\"article:published_time\" content=\"2018-05-15T07:40:00+00:00\" \/>\n<meta property=\"article:modified_time\" content=\"2023-05-02T07:41:58+00:00\" \/>\n<meta property=\"og:image\" content=\"https:\/\/www.actecir.cat\/wp-content\/uploads\/2023\/05\/autoconsum_energetic.png\" \/>\n\t<meta property=\"og:image:width\" content=\"600\" \/>\n\t<meta property=\"og:image:height\" content=\"400\" \/>\n\t<meta property=\"og:image:type\" content=\"image\/png\" \/>\n<meta name=\"author\" content=\"Soporte web\" \/>\n<meta name=\"twitter:card\" content=\"summary_large_image\" \/>\n<meta name=\"twitter:creator\" content=\"@actecir\" \/>\n<meta name=\"twitter:site\" content=\"@actecir\" \/>\n<meta name=\"twitter:label1\" content=\"Escrito por\" \/>\n\t<meta name=\"twitter:data1\" content=\"Soporte web\" \/>\n\t<meta name=\"twitter:label2\" content=\"Tiempo de lectura\" \/>\n\t<meta name=\"twitter:data2\" content=\"2 minutos\" \/>\n<script type=\"application\/ld+json\" class=\"yoast-schema-graph\">{\"@context\":\"https:\/\/schema.org\",\"@graph\":[{\"@type\":\"Article\",\"@id\":\"https:\/\/www.actecir.cat\/es\/produce-y-consume-tu-propia-energia\/#article\",\"isPartOf\":{\"@id\":\"https:\/\/www.actecir.cat\/es\/produce-y-consume-tu-propia-energia\/\"},\"author\":{\"name\":\"Soporte web\",\"@id\":\"https:\/\/www.actecir.cat\/#\/schema\/person\/42edd02f0b1d55e19444428c5d321413\"},\"headline\":\"Produce y consume tu propia energia\",\"datePublished\":\"2018-05-15T07:40:00+00:00\",\"dateModified\":\"2023-05-02T07:41:58+00:00\",\"mainEntityOfPage\":{\"@id\":\"https:\/\/www.actecir.cat\/es\/produce-y-consume-tu-propia-energia\/\"},\"wordCount\":412,\"commentCount\":0,\"publisher\":{\"@id\":\"https:\/\/www.actecir.cat\/#organization\"},\"image\":{\"@id\":\"https:\/\/www.actecir.cat\/es\/produce-y-consume-tu-propia-energia\/#primaryimage\"},\"thumbnailUrl\":\"https:\/\/www.actecir.cat\/wp-content\/uploads\/2023\/05\/autoconsum_energetic.png\",\"articleSection\":[\"Destacamos\"],\"inLanguage\":\"es\",\"potentialAction\":[{\"@type\":\"CommentAction\",\"name\":\"Comment\",\"target\":[\"https:\/\/www.actecir.cat\/es\/produce-y-consume-tu-propia-energia\/#respond\"]}]},{\"@type\":\"WebPage\",\"@id\":\"https:\/\/www.actecir.cat\/es\/produce-y-consume-tu-propia-energia\/\",\"url\":\"https:\/\/www.actecir.cat\/es\/produce-y-consume-tu-propia-energia\/\",\"name\":\"Produce y consume tu propia energia - Actecir\",\"isPartOf\":{\"@id\":\"https:\/\/www.actecir.cat\/#website\"},\"primaryImageOfPage\":{\"@id\":\"https:\/\/www.actecir.cat\/es\/produce-y-consume-tu-propia-energia\/#primaryimage\"},\"image\":{\"@id\":\"https:\/\/www.actecir.cat\/es\/produce-y-consume-tu-propia-energia\/#primaryimage\"},\"thumbnailUrl\":\"https:\/\/www.actecir.cat\/wp-content\/uploads\/2023\/05\/autoconsum_energetic.png\",\"datePublished\":\"2018-05-15T07:40:00+00:00\",\"dateModified\":\"2023-05-02T07:41:58+00:00\",\"breadcrumb\":{\"@id\":\"https:\/\/www.actecir.cat\/es\/produce-y-consume-tu-propia-energia\/#breadcrumb\"},\"inLanguage\":\"es\",\"potentialAction\":[{\"@type\":\"ReadAction\",\"target\":[\"https:\/\/www.actecir.cat\/es\/produce-y-consume-tu-propia-energia\/\"]}]},{\"@type\":\"ImageObject\",\"inLanguage\":\"es\",\"@id\":\"https:\/\/www.actecir.cat\/es\/produce-y-consume-tu-propia-energia\/#primaryimage\",\"url\":\"https:\/\/www.actecir.cat\/wp-content\/uploads\/2023\/05\/autoconsum_energetic.png\",\"contentUrl\":\"https:\/\/www.actecir.cat\/wp-content\/uploads\/2023\/05\/autoconsum_energetic.png\",\"width\":600,\"height\":400},{\"@type\":\"BreadcrumbList\",\"@id\":\"https:\/\/www.actecir.cat\/es\/produce-y-consume-tu-propia-energia\/#breadcrumb\",\"itemListElement\":[{\"@type\":\"ListItem\",\"position\":1,\"name\":\"Inici\",\"item\":\"https:\/\/www.actecir.cat\/es\/\"},{\"@type\":\"ListItem\",\"position\":2,\"name\":\"Produce y consume tu propia energia\"}]},{\"@type\":\"WebSite\",\"@id\":\"https:\/\/www.actecir.cat\/#website\",\"url\":\"https:\/\/www.actecir.cat\/\",\"name\":\"Actecir\",\"description\":\"Associaci\u00f3 Catalana de T\u00e8cnics en Energia, Climatitzaci\u00f3 i Refrigeraci\u00f3\",\"publisher\":{\"@id\":\"https:\/\/www.actecir.cat\/#organization\"},\"potentialAction\":[{\"@type\":\"SearchAction\",\"target\":{\"@type\":\"EntryPoint\",\"urlTemplate\":\"https:\/\/www.actecir.cat\/?s={search_term_string}\"},\"query-input\":{\"@type\":\"PropertyValueSpecification\",\"valueRequired\":true,\"valueName\":\"search_term_string\"}}],\"inLanguage\":\"es\"},{\"@type\":\"Organization\",\"@id\":\"https:\/\/www.actecir.cat\/#organization\",\"name\":\"Actecir\",\"url\":\"https:\/\/www.actecir.cat\/\",\"logo\":{\"@type\":\"ImageObject\",\"inLanguage\":\"es\",\"@id\":\"https:\/\/www.actecir.cat\/#\/schema\/logo\/image\/\",\"url\":\"https:\/\/www.actecir.cat\/wp-content\/uploads\/2023\/04\/cropped-logo_actecir_60_alto.png\",\"contentUrl\":\"https:\/\/www.actecir.cat\/wp-content\/uploads\/2023\/04\/cropped-logo_actecir_60_alto.png\",\"width\":283,\"height\":80,\"caption\":\"Actecir\"},\"image\":{\"@id\":\"https:\/\/www.actecir.cat\/#\/schema\/logo\/image\/\"},\"sameAs\":[\"https:\/\/x.com\/actecir\",\"https:\/\/www.linkedin.com\/company\/actecir\"]},{\"@type\":\"Person\",\"@id\":\"https:\/\/www.actecir.cat\/#\/schema\/person\/42edd02f0b1d55e19444428c5d321413\",\"name\":\"Soporte web\",\"sameAs\":[\"https:\/\/www.actecir.cat\"],\"url\":\"https:\/\/www.actecir.cat\/es\/author\/maensystems\/\"}]}<\/script>\n<!-- \/ Yoast SEO plugin. -->","yoast_head_json":{"title":"Produce y consume tu propia energia - Actecir","robots":{"index":"index","follow":"follow","max-snippet":"max-snippet:-1","max-image-preview":"max-image-preview:large","max-video-preview":"max-video-preview:-1"},"canonical":"https:\/\/www.actecir.cat\/es\/produce-y-consume-tu-propia-energia\/","og_locale":"es_ES","og_type":"article","og_title":"Produce y consume tu propia energia - Actecir","og_description":"El ICAEN inicia una campa\u00f1a para que los ciudadanos se animen a aprovechar la energ\u00eda del sol para generar electricidad en techos, tejados, azoteas y p\u00e9rgolas de casa.","og_url":"https:\/\/www.actecir.cat\/es\/produce-y-consume-tu-propia-energia\/","og_site_name":"Actecir","article_published_time":"2018-05-15T07:40:00+00:00","article_modified_time":"2023-05-02T07:41:58+00:00","og_image":[{"width":600,"height":400,"url":"https:\/\/www.actecir.cat\/wp-content\/uploads\/2023\/05\/autoconsum_energetic.png","type":"image\/png"}],"author":"Soporte web","twitter_card":"summary_large_image","twitter_creator":"@actecir","twitter_site":"@actecir","twitter_misc":{"Escrito por":"Soporte web","Tiempo de lectura":"2 minutos"},"schema":{"@context":"https:\/\/schema.org","@graph":[{"@type":"Article","@id":"https:\/\/www.actecir.cat\/es\/produce-y-consume-tu-propia-energia\/#article","isPartOf":{"@id":"https:\/\/www.actecir.cat\/es\/produce-y-consume-tu-propia-energia\/"},"author":{"name":"Soporte web","@id":"https:\/\/www.actecir.cat\/#\/schema\/person\/42edd02f0b1d55e19444428c5d321413"},"headline":"Produce y consume tu propia energia","datePublished":"2018-05-15T07:40:00+00:00","dateModified":"2023-05-02T07:41:58+00:00","mainEntityOfPage":{"@id":"https:\/\/www.actecir.cat\/es\/produce-y-consume-tu-propia-energia\/"},"wordCount":412,"commentCount":0,"publisher":{"@id":"https:\/\/www.actecir.cat\/#organization"},"image":{"@id":"https:\/\/www.actecir.cat\/es\/produce-y-consume-tu-propia-energia\/#primaryimage"},"thumbnailUrl":"https:\/\/www.actecir.cat\/wp-content\/uploads\/2023\/05\/autoconsum_energetic.png","articleSection":["Destacamos"],"inLanguage":"es","potentialAction":[{"@type":"CommentAction","name":"Comment","target":["https:\/\/www.actecir.cat\/es\/produce-y-consume-tu-propia-energia\/#respond"]}]},{"@type":"WebPage","@id":"https:\/\/www.actecir.cat\/es\/produce-y-consume-tu-propia-energia\/","url":"https:\/\/www.actecir.cat\/es\/produce-y-consume-tu-propia-energia\/","name":"Produce y consume tu propia energia - Actecir","isPartOf":{"@id":"https:\/\/www.actecir.cat\/#website"},"primaryImageOfPage":{"@id":"https:\/\/www.actecir.cat\/es\/produce-y-consume-tu-propia-energia\/#primaryimage"},"image":{"@id":"https:\/\/www.actecir.cat\/es\/produce-y-consume-tu-propia-energia\/#primaryimage"},"thumbnailUrl":"https:\/\/www.actecir.cat\/wp-content\/uploads\/2023\/05\/autoconsum_energetic.png","datePublished":"2018-05-15T07:40:00+00:00","dateModified":"2023-05-02T07:41:58+00:00","breadcrumb":{"@id":"https:\/\/www.actecir.cat\/es\/produce-y-consume-tu-propia-energia\/#breadcrumb"},"inLanguage":"es","potentialAction":[{"@type":"ReadAction","target":["https:\/\/www.actecir.cat\/es\/produce-y-consume-tu-propia-energia\/"]}]},{"@type":"ImageObject","inLanguage":"es","@id":"https:\/\/www.actecir.cat\/es\/produce-y-consume-tu-propia-energia\/#primaryimage","url":"https:\/\/www.actecir.cat\/wp-content\/uploads\/2023\/05\/autoconsum_energetic.png","contentUrl":"https:\/\/www.actecir.cat\/wp-content\/uploads\/2023\/05\/autoconsum_energetic.png","width":600,"height":400},{"@type":"BreadcrumbList","@id":"https:\/\/www.actecir.cat\/es\/produce-y-consume-tu-propia-energia\/#breadcrumb","itemListElement":[{"@type":"ListItem","position":1,"name":"Inici","item":"https:\/\/www.actecir.cat\/es\/"},{"@type":"ListItem","position":2,"name":"Produce y consume tu propia energia"}]},{"@type":"WebSite","@id":"https:\/\/www.actecir.cat\/#website","url":"https:\/\/www.actecir.cat\/","name":"Actecir","description":"Associaci\u00f3 Catalana de T\u00e8cnics en Energia, Climatitzaci\u00f3 i Refrigeraci\u00f3","publisher":{"@id":"https:\/\/www.actecir.cat\/#organization"},"potentialAction":[{"@type":"SearchAction","target":{"@type":"EntryPoint","urlTemplate":"https:\/\/www.actecir.cat\/?s={search_term_string}"},"query-input":{"@type":"PropertyValueSpecification","valueRequired":true,"valueName":"search_term_string"}}],"inLanguage":"es"},{"@type":"Organization","@id":"https:\/\/www.actecir.cat\/#organization","name":"Actecir","url":"https:\/\/www.actecir.cat\/","logo":{"@type":"ImageObject","inLanguage":"es","@id":"https:\/\/www.actecir.cat\/#\/schema\/logo\/image\/","url":"https:\/\/www.actecir.cat\/wp-content\/uploads\/2023\/04\/cropped-logo_actecir_60_alto.png","contentUrl":"https:\/\/www.actecir.cat\/wp-content\/uploads\/2023\/04\/cropped-logo_actecir_60_alto.png","width":283,"height":80,"caption":"Actecir"},"image":{"@id":"https:\/\/www.actecir.cat\/#\/schema\/logo\/image\/"},"sameAs":["https:\/\/x.com\/actecir","https:\/\/www.linkedin.com\/company\/actecir"]},{"@type":"Person","@id":"https:\/\/www.actecir.cat\/#\/schema\/person\/42edd02f0b1d55e19444428c5d321413","name":"Soporte web","sameAs":["https:\/\/www.actecir.cat"],"url":"https:\/\/www.actecir.cat\/es\/author\/maensystems\/"}]}},"_links":{"self":[{"href":"https:\/\/www.actecir.cat\/es\/wp-json\/wp\/v2\/posts\/4350","targetHints":{"allow":["GET"]}}],"collection":[{"href":"https:\/\/www.actecir.cat\/es\/wp-json\/wp\/v2\/posts"}],"about":[{"href":"https:\/\/www.actecir.cat\/es\/wp-json\/wp\/v2\/types\/post"}],"author":[{"embeddable":true,"href":"https:\/\/www.actecir.cat\/es\/wp-json\/wp\/v2\/users\/1"}],"replies":[{"embeddable":true,"href":"https:\/\/www.actecir.cat\/es\/wp-json\/wp\/v2\/comments?post=4350"}],"version-history":[{"count":1,"href":"https:\/\/www.actecir.cat\/es\/wp-json\/wp\/v2\/posts\/4350\/revisions"}],"predecessor-version":[{"id":4351,"href":"https:\/\/www.actecir.cat\/es\/wp-json\/wp\/v2\/posts\/4350\/revisions\/4351"}],"wp:featuredmedia":[{"embeddable":true,"href":"https:\/\/www.actecir.cat\/es\/wp-json\/wp\/v2\/media\/4348"}],"wp:attachment":[{"href":"https:\/\/www.actecir.cat\/es\/wp-json\/wp\/v2\/media?parent=4350"}],"wp:term":[{"taxonomy":"category","embeddable":true,"href":"https:\/\/www.actecir.cat\/es\/wp-json\/wp\/v2\/categories?post=4350"},{"taxonomy":"post_tag","embeddable":true,"href":"https:\/\/www.actecir.cat\/es\/wp-json\/wp\/v2\/tags?post=4350"}],"curies":[{"name":"wp","href":"https:\/\/api.w.org\/{rel}","templated":true}]}}