{"id":4358,"date":"2023-04-24T07:44:00","date_gmt":"2023-04-24T05:44:00","guid":{"rendered":"https:\/\/www.actecir.cat\/?p=4358"},"modified":"2023-07-07T15:58:24","modified_gmt":"2023-07-07T13:58:24","slug":"2ocurso-de-instalaciones-frigorificas-con-refrigerantes-a2l-a2-a3","status":"publish","type":"post","link":"https:\/\/www.actecir.cat\/es\/2ocurso-de-instalaciones-frigorificas-con-refrigerantes-a2l-a2-a3\/","title":{"rendered":"2\u00baCurso de Instalaciones Frigor\u00edficas con Refrigerantes A2L, A2, A3"},"content":{"rendered":"\n<p>Fechas: del 19 de mayo al 12 de junio<\/p>\n\n\n\n<p><strong>2\u00ba CURSO DE INSTALACIONES FRIGOR\u00cdFICAS CON REFRIGERANTES A2L, A2, A3 y su Automatizaci\u00f3n.<\/strong><\/p>\n\n\n\n<ul class=\"wp-block-list\">\n<li>Organitzado por: ACTECIR y AEFYT<\/li>\n\n\n\n<li>Modalidad: On-Line<\/li>\n\n\n\n<li>Fechas Plataforma: del 19 de mayo al 12 de junio<\/li>\n\n\n\n<li>CURSO BONIFICABLE<\/li>\n<\/ul>\n\n\n\n<p>&nbsp;<strong>CALENDARIO:<\/strong><\/p>\n\n\n\n<ul class=\"wp-block-list\">\n<li><strong>M\u00f3dulo on-line: 10 horas.<\/strong><\/li>\n\n\n\n<li><strong>M\u00f3dulo en directo: 20 horas<\/strong>&nbsp;seg\u00fan el siguiente calendario y en horario de 16:00 a 20:00 horas.<\/li>\n\n\n\n<li>Martes 23 de mayo<\/li>\n\n\n\n<li>Mi\u00e9rcoles 24 de mayo<\/li>\n\n\n\n<li>Martes 30 de mayo<\/li>\n\n\n\n<li>Mi\u00e9rcoles 31 de mayo<\/li>\n\n\n\n<li>Mi\u00e9rcoles 07 de junio&nbsp;<\/li>\n<\/ul>\n\n\n\n<p><strong>DIRIGIDO A:<\/strong><\/p>\n\n\n\n<ul class=\"wp-block-list\">\n<li>Ingenieros proyectistas de instalaciones frigor\u00edficas.<\/li>\n\n\n\n<li>Jefes de ingenier\u00edas.<\/li>\n\n\n\n<li>Instaladores frigoristas habilitados.<\/li>\n\n\n\n<li>Responsables de mantenimiento y Responsables de seguridad de instalaciones frigor\u00edficas de Almacenes frigor\u00edficos polivalentes, f\u00e1bricas de hielo, centrales lecheras e industrias l\u00e1cteas, etc.\u2026<\/li>\n<\/ul>\n\n\n\n<p><strong>PROFESOR:<\/strong><\/p>\n\n\n\n<p>Ser\u00e1 impartido por un reconocido experto en la materia,&nbsp;D. Ricardo Gim\u00e9nez L\u00f3pez, Ingeniero, con acreditada experiencia t\u00e9cnica y docente, avalada por su labor profesional en los departamentos de ingenier\u00eda de grandes empresas Instaladoras de Fr\u00edo y como Profesor de Fr\u00edo Industrial en la Escuela T\u00e9cnica Profesional del Clot. Integrante del Grupo de Trabajo redactor del RSIF y autor de diversas publicaciones relacionadas con la tecnolog\u00eda frigor\u00edfca.&nbsp;D. F\u00e9lix Sanz del Castillo. Ingeniero Industrial. Profesor numerario de tecnolog\u00eda en F.P. Director T\u00e9cnico de Refrigeraci\u00f3n y A.A.&nbsp;<\/p>\n\n\n\n<p>DIRECTOR-COORDINADOR:&nbsp;D. Manuel Lam\u00faa Soldevilla, Gerente de AEFYT<\/p>\n\n\n\n<p><strong>PRECIO:<\/strong>&nbsp;<\/p>\n\n\n\n<ul class=\"wp-block-list\">\n<li>Precio por inscripci\u00f3n de personal de Empresa Asociada a ACTECIR-AEFYT: 500\u20ac<br>(como extensi\u00f3n de cuota por formaci\u00f3n).<\/li>\n\n\n\n<li>Precio por inscripci\u00f3n de personal de Empresa NO Asociada a ACTECIR-AEFYT:&nbsp; 700 \u20ac<\/li>\n<\/ul>\n\n\n\n<p><strong>INFORMACI\u00d3N:<\/strong><\/p>\n\n\n\n<p>Para m\u00e1s informaci\u00f3n llamar : Tel: 639 465 899 o enviar un mail:&nbsp;<a href=\"mailto:actecir@actecir.cat\">actecir@actecir.cat<\/a>&nbsp;<\/p>\n\n\n\n<p><strong>DIPTICO INFORMACI\u00d3N CURSO<\/strong><\/p>\n\n\n\n<div style=\"height:48px\" aria-hidden=\"true\" class=\"wp-block-spacer\"><\/div>\n\n\n\n<figure class=\"wp-block-image size-large is-resized\"><a href=\"https:\/\/www.actecir.cat\/wp-content\/uploads\/2023\/05\/PROGRAMA_2o_INST_FRIG_A2L_Y_SUS_AUTOMATISMOS_rd.pdf\"><img fetchpriority=\"high\" decoding=\"async\" src=\"https:\/\/www.actecir.cat\/wp-content\/uploads\/2023\/05\/INFLAMABLES_2023_cast-1024x665.jpg\" alt=\"\" class=\"wp-image-4359\" width=\"758\" height=\"492\" srcset=\"https:\/\/www.actecir.cat\/wp-content\/uploads\/2023\/05\/INFLAMABLES_2023_cast-1024x665.jpg 1024w, https:\/\/www.actecir.cat\/wp-content\/uploads\/2023\/05\/INFLAMABLES_2023_cast-300x195.jpg 300w, https:\/\/www.actecir.cat\/wp-content\/uploads\/2023\/05\/INFLAMABLES_2023_cast-768x499.jpg 768w, https:\/\/www.actecir.cat\/wp-content\/uploads\/2023\/05\/INFLAMABLES_2023_cast.jpg 1203w\" sizes=\"(max-width: 758px) 100vw, 758px\" \/><\/a><\/figure>\n\n\n\n<figure class=\"wp-block-image size-full is-resized\"><a href=\"https:\/\/docs.google.com\/forms\/d\/e\/1FAIpQLScUiN2kljTy1A_aPT-_UvKbTa5KKJXMgCFyzFVBfu5tcRoW8Q\/closedform\"><img decoding=\"async\" src=\"https:\/\/www.actecir.cat\/wp-content\/uploads\/2023\/04\/formulario_inscripcion.jpg\" alt=\"\" class=\"wp-image-2946\" width=\"750\" height=\"68\" srcset=\"https:\/\/www.actecir.cat\/wp-content\/uploads\/2023\/04\/formulario_inscripcion.jpg 827w, https:\/\/www.actecir.cat\/wp-content\/uploads\/2023\/04\/formulario_inscripcion-300x27.jpg 300w, https:\/\/www.actecir.cat\/wp-content\/uploads\/2023\/04\/formulario_inscripcion-768x70.jpg 768w\" sizes=\"(max-width: 750px) 100vw, 750px\" \/><\/a><\/figure>\n\n\n\n<div style=\"height:48px\" aria-hidden=\"true\" class=\"wp-block-spacer\"><\/div>\n\n\n\n<p><strong>TEMARIO<\/strong><\/p>\n\n\n\n<ul class=\"wp-block-list\">\n<li>Tema1. Introducci\u00f3n. Generalidades. Efecto invernadero. Protocolo de Montreal. Protocolo de Kioto. Reglamento F-gas. Reglamentaci\u00f3n europea. Reglamentaci\u00f3n nacional. Clasificaci\u00f3n de los refrigerantes. Composici\u00f3n. Binomio PCA-Inflamabilidad. Ventajas y riesgos de los nuevos fluidos. Clasificaci\u00f3n de sistemas.<br><\/li>\n\n\n\n<li>Tema 2:&nbsp;Conceptos f\u00edsicos, termodin\u00e1micos y de control que intervienen en los procesos de refrigeraci\u00f3n. Diagrama presi\u00f3n-entalp\u00eda y circuito frigor\u00edfico. Concepto de deslizamiento. Flujo m\u00e1sico y potencia frigor\u00edfica. Movimiento de fluidos en recintos cerrados. Regla de los cinco m\u00e1s uno. Arrastre de fluidos en movimiento bif\u00e1sico. Golpes de presi\u00f3n, ariete o l\u00edquido.&nbsp;Estandarizaci\u00f3n del caudal en una v\u00e1lvula. Concepto de Kv. Caudal y ca\u00edda de presi\u00f3n en una v\u00e1lvula. Apertura de v\u00e1lvulas. V\u00e1lvulas servoaccionadas. Diferencia de presi\u00f3n m\u00ednima y m\u00e1xima en la apertura.&nbsp;<br><\/li>\n\n\n\n<li>Tema 3:&nbsp;Refrigerantes inflamables. Propiedades HFC. Propiedades HFO. L\u00edmites inferior y superior de inflamabilidad. Productos de combusti\u00f3n de los refrigerantes. Condiciones para la generaci\u00f3n del fuego. Medidas precautorias. Comparaci\u00f3n termodin\u00e1mica de refrigerantes mediante el programa \u201cGenetron\u201d de Honeywell. Utilizaci\u00f3n de A2L en unidades compactas y Split. Presiones de dise\u00f1o. Pruebas de presi\u00f3n y realizaci\u00f3n del vac\u00edo de la instalaci\u00f3n. Control de fugas, puntos de mayor incidencia de las fugas y recomendaciones para la disminuci\u00f3n de las mismas. Control en sistemas secundarios. Tipos de detectores. Uniones recomendadas para sistemas con fluidos inflamables.<br><\/li>\n\n\n\n<li>Tema 4:&nbsp;Controles de inyecci\u00f3n de l\u00edquido en expansi\u00f3n seca. Sistemas de expansi\u00f3n seca. Caracter\u00edsticas de los sistemas de expansi\u00f3n seca. V\u00e1lvulas de solenoide. V\u00e1lvulas normalmente abiertas y normalmente cerradas. Selecci\u00f3n de v\u00e1lvulas de solenoide. Evaporaci\u00f3n y curva MSS. Influencia del ensuciamiento, direcci\u00f3n de fluidos, subenfriamiento y del t\u00edtulo de vapor. V\u00e1lvulas termost\u00e1ticas. Funcionamiento. Influencia del subenfriamiento y de la diferencia de presi\u00f3n. Acoplamiento a sistemas con presi\u00f3n de condensaci\u00f3n flotante. Equilibrio interno y externo. Distribuidores de l\u00edquido. Protecci\u00f3n del compresor con v\u00e1lvulas termost\u00e1ticas con MOP. V\u00e1lvulas de expansi\u00f3n electr\u00f3nicas. V\u00e1lvulas solenoides (PWM). V\u00e1lvulas motorizadas modulantes (motor de etapas). Acoplamiento de v\u00e1lvulas a la curva MSS del evaporador y ahorros de energ\u00eda asociados. Selecci\u00f3n de v\u00e1lvulas de expansi\u00f3n.&nbsp;<br><\/li>\n\n\n\n<li>Tema 5:&nbsp;Control de contaminantes internos en circuitos de refrigeraci\u00f3n. Humedad, origen y consecuencias. \u00c1cidos. Part\u00edculas s\u00f3lidas. Incondensados. Detecci\u00f3n de contaminantes. Visores. Eliminaci\u00f3n de contaminantes. Filtros anti\u00e1cidos, deshidratadores y antiquemados. An\u00e1lisis de las tablas de selecci\u00f3n.&nbsp;<br><\/li>\n\n\n\n<li>Tema 6:&nbsp;Control y regulaci\u00f3n de Temperatura y Presi\u00f3n. Termostatos. Funci\u00f3n de termostato, valor de corte y enganche, diferencial, l\u00edmites de protecci\u00f3n, l\u00edmites de alarmas. Tipolog\u00edas seg\u00fan aplicaci\u00f3n. Termostatos de evaporador, de c\u00e1maras frigor\u00edficas, de grandes plantas industriales. Termostatos electr\u00f3nicos, con uno, dos, tres o m\u00e1s&nbsp;sensores de temperatura. Termostato modulante. Control asociado del desescarche de servicios de refrigeraci\u00f3n.<br>Presostatos. Funci\u00f3n de presostato, valor de corte y enganche, diferencial, l\u00edmites de alarmas, rearmes y se\u00f1alizaciones. Presostatos de alta presi\u00f3n, de baja presi\u00f3n, y combinados de alta y baja. Presostatos de presi\u00f3n proporcional y de fuerza proporcional. Minipresostatos. Presostatos de c\u00e1maras frigor\u00edficas. Presostatos de doble fuelle. Naturaleza de las pulsaciones de presi\u00f3n. Rateo en presostatos. Amortiguaci\u00f3n de pulsaciones. Caracter\u00edsticas el\u00e9ctricas. Controles de aceite, presostatos de diferencia de presi\u00f3n, controles de nivel de aceite. V\u00e1lvulas reguladoras de presi\u00f3n. Regulaci\u00f3n de presi\u00f3n en el evaporador, en la aspiraci\u00f3n del compresor, en la salida o entrada del condensador, en funciones especiales y en combinaci\u00f3n de funciones. V\u00e1lvulas servo-accionadas con m\u00faltiples funciones. Funciones neum\u00e1ticas l\u00f3gicas \u201cy-o\u201d en la gesti\u00f3n de v\u00e1lvulas. Banda proporcional, precisi\u00f3n o desviaci\u00f3n en reguladores de presi\u00f3n. Ca\u00edda de presi\u00f3n y caudal asociado. Selecci\u00f3n de v\u00e1lvulas.&nbsp;<br><\/li>\n\n\n\n<li>Tema 7: Manipulaci\u00f3n. Clasificaci\u00f3n de locales. Personal autorizado. Salas de m\u00e1quinas. Almacenamiento. Manipulaci\u00f3n de cilindros. Zonas de trabajo. Equipos. Transporte. Herramientas.&nbsp;<br><\/li>\n\n\n\n<li>Tema 8:&nbsp;Dise\u00f1o e Instalaci\u00f3n. Utilizaci\u00f3n. Materiales. Equipos. Aceites. Fuentes de ignici\u00f3n. Control riesgo de ignici\u00f3n. Conversiones. l RD709\/2015, DEP, UNE-EN 378. Normativas aplicables para tuber\u00edas de acero y cobre. V\u00e1lvulas de seguridad.&nbsp;<br><\/li>\n\n\n\n<li>Tema 9:&nbsp;Aplicaci\u00f3n UNE EN-378. Criterios limitadores. Sistemas en el exterior. Extensi\u00f3n despreciable. Envolventes ventiladas. Carga m\u00e1xima admisible. Carga m\u00e1xima en confort. Alternativas gesti\u00f3n de riesgo. Evaluaci\u00f3n de riesgo.<br><\/li>\n\n\n\n<li>Tema 10:&nbsp;Aplicaci\u00f3n pr\u00e1ctica. Se discutir\u00e1n unos supuestos pr\u00e1cticos y se ver\u00e1n programas que aciliten las indicaciones necesarias para averiguar la practicabilidad de sistemas.<br><\/li>\n\n\n\n<li>Tema 11:&nbsp;Instalaciones Frigor\u00edficas con ATEX. Determinaci\u00f3n del riesgo en IIFF en atm\u00f3sferas inflamables. Aplicaci\u00f3n de la norma UNE EN 60079-10-1.<br><\/li>\n\n\n\n<li>Tema 12:&nbsp;Programa de an\u00e1lisis de tuber\u00edas y v\u00e1lvulas en instalaciones frigor\u00edficas CoolSelector.&nbsp;Posibilidades de an\u00e1lisis. Sistemas de expansi\u00f3n, v\u00e1lvulas de cierre, filtros, v\u00e1lvulas de solenoide, v\u00e1lvulas de control, v\u00e1lvulas de retenci\u00f3n, tuber\u00edas. An\u00e1lisis de varios componentes simult\u00e1neos. An\u00e1lisis energ\u00e9ticos. An\u00e1lisis econ\u00f3micos.&nbsp;<br><\/li>\n\n\n\n<li>Tema 13:&nbsp;Desescarche por bypass de gas caliente mareando el gas. Formaci\u00f3n de hielo.&nbsp;Desescarche por gas o l\u00edquido caliente. Circu\u00edtos t\u00edpicos con ventajas e inconvenientes. Diagrama de Moliere durante el desescarche por gas caliente. Selecci\u00f3n de la v\u00e1lvula de solenoide de bypass de gas caliente.&nbsp;<\/li>\n<\/ul>\n","protected":false},"excerpt":{"rendered":"<p>Fechas: del 19 de mayo al 12 de junio<\/p>\n","protected":false},"author":1,"featured_media":4359,"comment_status":"open","ping_status":"open","sticky":false,"template":"","format":"standard","meta":{"footnotes":""},"categories":[23],"tags":[],"class_list":["post-4358","post","type-post","status-publish","format-standard","has-post-thumbnail","hentry","category-destacamos"],"yoast_head":"<!-- This site is optimized with the Yoast SEO plugin v27.2 - https:\/\/yoast.com\/product\/yoast-seo-wordpress\/ -->\n<title>2\u00baCurso de Instalaciones Frigor\u00edficas con Refrigerantes A2L, A2, A3 - Actecir<\/title>\n<meta name=\"robots\" content=\"index, follow, max-snippet:-1, max-image-preview:large, max-video-preview:-1\" \/>\n<link rel=\"canonical\" href=\"https:\/\/www.actecir.cat\/es\/2ocurso-de-instalaciones-frigorificas-con-refrigerantes-a2l-a2-a3\/\" \/>\n<meta property=\"og:locale\" content=\"es_ES\" \/>\n<meta property=\"og:type\" content=\"article\" \/>\n<meta property=\"og:title\" content=\"2\u00baCurso de Instalaciones Frigor\u00edficas con Refrigerantes A2L, A2, A3 - Actecir\" \/>\n<meta property=\"og:description\" content=\"Fechas: del 19 de mayo al 12 de junio\" \/>\n<meta property=\"og:url\" content=\"https:\/\/www.actecir.cat\/es\/2ocurso-de-instalaciones-frigorificas-con-refrigerantes-a2l-a2-a3\/\" \/>\n<meta property=\"og:site_name\" content=\"Actecir\" \/>\n<meta property=\"article:published_time\" content=\"2023-04-24T05:44:00+00:00\" \/>\n<meta property=\"article:modified_time\" content=\"2023-07-07T13:58:24+00:00\" \/>\n<meta property=\"og:image\" content=\"https:\/\/www.actecir.cat\/wp-content\/uploads\/2023\/05\/INFLAMABLES_2023_cast.jpg\" \/>\n\t<meta property=\"og:image:width\" content=\"1203\" \/>\n\t<meta property=\"og:image:height\" content=\"781\" \/>\n\t<meta property=\"og:image:type\" content=\"image\/jpeg\" \/>\n<meta name=\"author\" content=\"Soporte web\" \/>\n<meta name=\"twitter:card\" content=\"summary_large_image\" \/>\n<meta name=\"twitter:creator\" content=\"@actecir\" \/>\n<meta name=\"twitter:site\" content=\"@actecir\" \/>\n<meta name=\"twitter:label1\" content=\"Escrito por\" \/>\n\t<meta name=\"twitter:data1\" content=\"Soporte web\" \/>\n\t<meta name=\"twitter:label2\" content=\"Tiempo de lectura\" \/>\n\t<meta name=\"twitter:data2\" content=\"6 minutos\" \/>\n<script type=\"application\/ld+json\" class=\"yoast-schema-graph\">{\"@context\":\"https:\/\/schema.org\",\"@graph\":[{\"@type\":\"Article\",\"@id\":\"https:\/\/www.actecir.cat\/es\/2ocurso-de-instalaciones-frigorificas-con-refrigerantes-a2l-a2-a3\/#article\",\"isPartOf\":{\"@id\":\"https:\/\/www.actecir.cat\/es\/2ocurso-de-instalaciones-frigorificas-con-refrigerantes-a2l-a2-a3\/\"},\"author\":{\"name\":\"Soporte web\",\"@id\":\"https:\/\/www.actecir.cat\/#\/schema\/person\/42edd02f0b1d55e19444428c5d321413\"},\"headline\":\"2\u00baCurso de Instalaciones Frigor\u00edficas con Refrigerantes A2L, A2, A3\",\"datePublished\":\"2023-04-24T05:44:00+00:00\",\"dateModified\":\"2023-07-07T13:58:24+00:00\",\"mainEntityOfPage\":{\"@id\":\"https:\/\/www.actecir.cat\/es\/2ocurso-de-instalaciones-frigorificas-con-refrigerantes-a2l-a2-a3\/\"},\"wordCount\":1266,\"commentCount\":0,\"publisher\":{\"@id\":\"https:\/\/www.actecir.cat\/#organization\"},\"image\":{\"@id\":\"https:\/\/www.actecir.cat\/es\/2ocurso-de-instalaciones-frigorificas-con-refrigerantes-a2l-a2-a3\/#primaryimage\"},\"thumbnailUrl\":\"https:\/\/www.actecir.cat\/wp-content\/uploads\/2023\/05\/INFLAMABLES_2023_cast.jpg\",\"articleSection\":[\"Destacamos\"],\"inLanguage\":\"es\",\"potentialAction\":[{\"@type\":\"CommentAction\",\"name\":\"Comment\",\"target\":[\"https:\/\/www.actecir.cat\/es\/2ocurso-de-instalaciones-frigorificas-con-refrigerantes-a2l-a2-a3\/#respond\"]}]},{\"@type\":\"WebPage\",\"@id\":\"https:\/\/www.actecir.cat\/es\/2ocurso-de-instalaciones-frigorificas-con-refrigerantes-a2l-a2-a3\/\",\"url\":\"https:\/\/www.actecir.cat\/es\/2ocurso-de-instalaciones-frigorificas-con-refrigerantes-a2l-a2-a3\/\",\"name\":\"2\u00baCurso de Instalaciones Frigor\u00edficas con Refrigerantes A2L, A2, A3 - Actecir\",\"isPartOf\":{\"@id\":\"https:\/\/www.actecir.cat\/#website\"},\"primaryImageOfPage\":{\"@id\":\"https:\/\/www.actecir.cat\/es\/2ocurso-de-instalaciones-frigorificas-con-refrigerantes-a2l-a2-a3\/#primaryimage\"},\"image\":{\"@id\":\"https:\/\/www.actecir.cat\/es\/2ocurso-de-instalaciones-frigorificas-con-refrigerantes-a2l-a2-a3\/#primaryimage\"},\"thumbnailUrl\":\"https:\/\/www.actecir.cat\/wp-content\/uploads\/2023\/05\/INFLAMABLES_2023_cast.jpg\",\"datePublished\":\"2023-04-24T05:44:00+00:00\",\"dateModified\":\"2023-07-07T13:58:24+00:00\",\"breadcrumb\":{\"@id\":\"https:\/\/www.actecir.cat\/es\/2ocurso-de-instalaciones-frigorificas-con-refrigerantes-a2l-a2-a3\/#breadcrumb\"},\"inLanguage\":\"es\",\"potentialAction\":[{\"@type\":\"ReadAction\",\"target\":[\"https:\/\/www.actecir.cat\/es\/2ocurso-de-instalaciones-frigorificas-con-refrigerantes-a2l-a2-a3\/\"]}]},{\"@type\":\"ImageObject\",\"inLanguage\":\"es\",\"@id\":\"https:\/\/www.actecir.cat\/es\/2ocurso-de-instalaciones-frigorificas-con-refrigerantes-a2l-a2-a3\/#primaryimage\",\"url\":\"https:\/\/www.actecir.cat\/wp-content\/uploads\/2023\/05\/INFLAMABLES_2023_cast.jpg\",\"contentUrl\":\"https:\/\/www.actecir.cat\/wp-content\/uploads\/2023\/05\/INFLAMABLES_2023_cast.jpg\",\"width\":1203,\"height\":781},{\"@type\":\"BreadcrumbList\",\"@id\":\"https:\/\/www.actecir.cat\/es\/2ocurso-de-instalaciones-frigorificas-con-refrigerantes-a2l-a2-a3\/#breadcrumb\",\"itemListElement\":[{\"@type\":\"ListItem\",\"position\":1,\"name\":\"Inici\",\"item\":\"https:\/\/www.actecir.cat\/es\/\"},{\"@type\":\"ListItem\",\"position\":2,\"name\":\"2\u00baCurso de Instalaciones Frigor\u00edficas con Refrigerantes A2L, A2, A3\"}]},{\"@type\":\"WebSite\",\"@id\":\"https:\/\/www.actecir.cat\/#website\",\"url\":\"https:\/\/www.actecir.cat\/\",\"name\":\"Actecir\",\"description\":\"Associaci\u00f3 Catalana de T\u00e8cnics en Energia, Climatitzaci\u00f3 i Refrigeraci\u00f3\",\"publisher\":{\"@id\":\"https:\/\/www.actecir.cat\/#organization\"},\"potentialAction\":[{\"@type\":\"SearchAction\",\"target\":{\"@type\":\"EntryPoint\",\"urlTemplate\":\"https:\/\/www.actecir.cat\/?s={search_term_string}\"},\"query-input\":{\"@type\":\"PropertyValueSpecification\",\"valueRequired\":true,\"valueName\":\"search_term_string\"}}],\"inLanguage\":\"es\"},{\"@type\":\"Organization\",\"@id\":\"https:\/\/www.actecir.cat\/#organization\",\"name\":\"Actecir\",\"url\":\"https:\/\/www.actecir.cat\/\",\"logo\":{\"@type\":\"ImageObject\",\"inLanguage\":\"es\",\"@id\":\"https:\/\/www.actecir.cat\/#\/schema\/logo\/image\/\",\"url\":\"https:\/\/www.actecir.cat\/wp-content\/uploads\/2023\/04\/cropped-logo_actecir_60_alto.png\",\"contentUrl\":\"https:\/\/www.actecir.cat\/wp-content\/uploads\/2023\/04\/cropped-logo_actecir_60_alto.png\",\"width\":283,\"height\":80,\"caption\":\"Actecir\"},\"image\":{\"@id\":\"https:\/\/www.actecir.cat\/#\/schema\/logo\/image\/\"},\"sameAs\":[\"https:\/\/x.com\/actecir\",\"https:\/\/www.linkedin.com\/company\/actecir\"]},{\"@type\":\"Person\",\"@id\":\"https:\/\/www.actecir.cat\/#\/schema\/person\/42edd02f0b1d55e19444428c5d321413\",\"name\":\"Soporte web\",\"sameAs\":[\"https:\/\/www.actecir.cat\"],\"url\":\"https:\/\/www.actecir.cat\/es\/author\/maensystems\/\"}]}<\/script>\n<!-- \/ Yoast SEO plugin. -->","yoast_head_json":{"title":"2\u00baCurso de Instalaciones Frigor\u00edficas con Refrigerantes A2L, A2, A3 - Actecir","robots":{"index":"index","follow":"follow","max-snippet":"max-snippet:-1","max-image-preview":"max-image-preview:large","max-video-preview":"max-video-preview:-1"},"canonical":"https:\/\/www.actecir.cat\/es\/2ocurso-de-instalaciones-frigorificas-con-refrigerantes-a2l-a2-a3\/","og_locale":"es_ES","og_type":"article","og_title":"2\u00baCurso de Instalaciones Frigor\u00edficas con Refrigerantes A2L, A2, A3 - Actecir","og_description":"Fechas: del 19 de mayo al 12 de junio","og_url":"https:\/\/www.actecir.cat\/es\/2ocurso-de-instalaciones-frigorificas-con-refrigerantes-a2l-a2-a3\/","og_site_name":"Actecir","article_published_time":"2023-04-24T05:44:00+00:00","article_modified_time":"2023-07-07T13:58:24+00:00","og_image":[{"width":1203,"height":781,"url":"https:\/\/www.actecir.cat\/wp-content\/uploads\/2023\/05\/INFLAMABLES_2023_cast.jpg","type":"image\/jpeg"}],"author":"Soporte web","twitter_card":"summary_large_image","twitter_creator":"@actecir","twitter_site":"@actecir","twitter_misc":{"Escrito por":"Soporte web","Tiempo de lectura":"6 minutos"},"schema":{"@context":"https:\/\/schema.org","@graph":[{"@type":"Article","@id":"https:\/\/www.actecir.cat\/es\/2ocurso-de-instalaciones-frigorificas-con-refrigerantes-a2l-a2-a3\/#article","isPartOf":{"@id":"https:\/\/www.actecir.cat\/es\/2ocurso-de-instalaciones-frigorificas-con-refrigerantes-a2l-a2-a3\/"},"author":{"name":"Soporte web","@id":"https:\/\/www.actecir.cat\/#\/schema\/person\/42edd02f0b1d55e19444428c5d321413"},"headline":"2\u00baCurso de Instalaciones Frigor\u00edficas con Refrigerantes A2L, A2, A3","datePublished":"2023-04-24T05:44:00+00:00","dateModified":"2023-07-07T13:58:24+00:00","mainEntityOfPage":{"@id":"https:\/\/www.actecir.cat\/es\/2ocurso-de-instalaciones-frigorificas-con-refrigerantes-a2l-a2-a3\/"},"wordCount":1266,"commentCount":0,"publisher":{"@id":"https:\/\/www.actecir.cat\/#organization"},"image":{"@id":"https:\/\/www.actecir.cat\/es\/2ocurso-de-instalaciones-frigorificas-con-refrigerantes-a2l-a2-a3\/#primaryimage"},"thumbnailUrl":"https:\/\/www.actecir.cat\/wp-content\/uploads\/2023\/05\/INFLAMABLES_2023_cast.jpg","articleSection":["Destacamos"],"inLanguage":"es","potentialAction":[{"@type":"CommentAction","name":"Comment","target":["https:\/\/www.actecir.cat\/es\/2ocurso-de-instalaciones-frigorificas-con-refrigerantes-a2l-a2-a3\/#respond"]}]},{"@type":"WebPage","@id":"https:\/\/www.actecir.cat\/es\/2ocurso-de-instalaciones-frigorificas-con-refrigerantes-a2l-a2-a3\/","url":"https:\/\/www.actecir.cat\/es\/2ocurso-de-instalaciones-frigorificas-con-refrigerantes-a2l-a2-a3\/","name":"2\u00baCurso de Instalaciones Frigor\u00edficas con Refrigerantes A2L, A2, A3 - Actecir","isPartOf":{"@id":"https:\/\/www.actecir.cat\/#website"},"primaryImageOfPage":{"@id":"https:\/\/www.actecir.cat\/es\/2ocurso-de-instalaciones-frigorificas-con-refrigerantes-a2l-a2-a3\/#primaryimage"},"image":{"@id":"https:\/\/www.actecir.cat\/es\/2ocurso-de-instalaciones-frigorificas-con-refrigerantes-a2l-a2-a3\/#primaryimage"},"thumbnailUrl":"https:\/\/www.actecir.cat\/wp-content\/uploads\/2023\/05\/INFLAMABLES_2023_cast.jpg","datePublished":"2023-04-24T05:44:00+00:00","dateModified":"2023-07-07T13:58:24+00:00","breadcrumb":{"@id":"https:\/\/www.actecir.cat\/es\/2ocurso-de-instalaciones-frigorificas-con-refrigerantes-a2l-a2-a3\/#breadcrumb"},"inLanguage":"es","potentialAction":[{"@type":"ReadAction","target":["https:\/\/www.actecir.cat\/es\/2ocurso-de-instalaciones-frigorificas-con-refrigerantes-a2l-a2-a3\/"]}]},{"@type":"ImageObject","inLanguage":"es","@id":"https:\/\/www.actecir.cat\/es\/2ocurso-de-instalaciones-frigorificas-con-refrigerantes-a2l-a2-a3\/#primaryimage","url":"https:\/\/www.actecir.cat\/wp-content\/uploads\/2023\/05\/INFLAMABLES_2023_cast.jpg","contentUrl":"https:\/\/www.actecir.cat\/wp-content\/uploads\/2023\/05\/INFLAMABLES_2023_cast.jpg","width":1203,"height":781},{"@type":"BreadcrumbList","@id":"https:\/\/www.actecir.cat\/es\/2ocurso-de-instalaciones-frigorificas-con-refrigerantes-a2l-a2-a3\/#breadcrumb","itemListElement":[{"@type":"ListItem","position":1,"name":"Inici","item":"https:\/\/www.actecir.cat\/es\/"},{"@type":"ListItem","position":2,"name":"2\u00baCurso de Instalaciones Frigor\u00edficas con Refrigerantes A2L, A2, A3"}]},{"@type":"WebSite","@id":"https:\/\/www.actecir.cat\/#website","url":"https:\/\/www.actecir.cat\/","name":"Actecir","description":"Associaci\u00f3 Catalana de T\u00e8cnics en Energia, Climatitzaci\u00f3 i Refrigeraci\u00f3","publisher":{"@id":"https:\/\/www.actecir.cat\/#organization"},"potentialAction":[{"@type":"SearchAction","target":{"@type":"EntryPoint","urlTemplate":"https:\/\/www.actecir.cat\/?s={search_term_string}"},"query-input":{"@type":"PropertyValueSpecification","valueRequired":true,"valueName":"search_term_string"}}],"inLanguage":"es"},{"@type":"Organization","@id":"https:\/\/www.actecir.cat\/#organization","name":"Actecir","url":"https:\/\/www.actecir.cat\/","logo":{"@type":"ImageObject","inLanguage":"es","@id":"https:\/\/www.actecir.cat\/#\/schema\/logo\/image\/","url":"https:\/\/www.actecir.cat\/wp-content\/uploads\/2023\/04\/cropped-logo_actecir_60_alto.png","contentUrl":"https:\/\/www.actecir.cat\/wp-content\/uploads\/2023\/04\/cropped-logo_actecir_60_alto.png","width":283,"height":80,"caption":"Actecir"},"image":{"@id":"https:\/\/www.actecir.cat\/#\/schema\/logo\/image\/"},"sameAs":["https:\/\/x.com\/actecir","https:\/\/www.linkedin.com\/company\/actecir"]},{"@type":"Person","@id":"https:\/\/www.actecir.cat\/#\/schema\/person\/42edd02f0b1d55e19444428c5d321413","name":"Soporte web","sameAs":["https:\/\/www.actecir.cat"],"url":"https:\/\/www.actecir.cat\/es\/author\/maensystems\/"}]}},"_links":{"self":[{"href":"https:\/\/www.actecir.cat\/es\/wp-json\/wp\/v2\/posts\/4358","targetHints":{"allow":["GET"]}}],"collection":[{"href":"https:\/\/www.actecir.cat\/es\/wp-json\/wp\/v2\/posts"}],"about":[{"href":"https:\/\/www.actecir.cat\/es\/wp-json\/wp\/v2\/types\/post"}],"author":[{"embeddable":true,"href":"https:\/\/www.actecir.cat\/es\/wp-json\/wp\/v2\/users\/1"}],"replies":[{"embeddable":true,"href":"https:\/\/www.actecir.cat\/es\/wp-json\/wp\/v2\/comments?post=4358"}],"version-history":[{"count":3,"href":"https:\/\/www.actecir.cat\/es\/wp-json\/wp\/v2\/posts\/4358\/revisions"}],"predecessor-version":[{"id":11414,"href":"https:\/\/www.actecir.cat\/es\/wp-json\/wp\/v2\/posts\/4358\/revisions\/11414"}],"wp:featuredmedia":[{"embeddable":true,"href":"https:\/\/www.actecir.cat\/es\/wp-json\/wp\/v2\/media\/4359"}],"wp:attachment":[{"href":"https:\/\/www.actecir.cat\/es\/wp-json\/wp\/v2\/media?parent=4358"}],"wp:term":[{"taxonomy":"category","embeddable":true,"href":"https:\/\/www.actecir.cat\/es\/wp-json\/wp\/v2\/categories?post=4358"},{"taxonomy":"post_tag","embeddable":true,"href":"https:\/\/www.actecir.cat\/es\/wp-json\/wp\/v2\/tags?post=4358"}],"curies":[{"name":"wp","href":"https:\/\/api.w.org\/{rel}","templated":true}]}}