{"id":4376,"date":"2023-04-13T07:59:00","date_gmt":"2023-04-13T05:59:00","guid":{"rendered":"https:\/\/www.actecir.cat\/?p=4376"},"modified":"2023-05-11T09:09:45","modified_gmt":"2023-05-11T07:09:45","slug":"actecir-el-top10-de-empresarios-mas-populares-del-sector-renovable-en-espana","status":"publish","type":"post","link":"https:\/\/www.actecir.cat\/es\/actecir-el-top10-de-empresarios-mas-populares-del-sector-renovable-en-espana\/","title":{"rendered":"ACTECIR El Top10 de empresarios m\u00e1s populares del sector renovable en Espa\u00f1a."},"content":{"rendered":"\r\n<p>Fecha: 13 de abril<\/p>\r\n\r\n\r\n\r\n<p>\u00a0<strong>ACTECIR, con nuestro Presidente Pedro Garcia,<\/strong><\/p>\r\n\r\n\r\n\r\n<p><strong>en el Top10 de empresarios espa\u00f1oles m\u00e1s populares del sector renovable en Espa\u00f1a<\/strong><\/p>\r\n\r\n\r\n\r\n<p>Haz click en la imagen para acceder a la noticia<\/p>\r\n\r\n\r\n\r\n<div class=\"wp-block-spacer\" style=\"height: 31px;\" aria-hidden=\"true\">\u00a0<\/div>\r\n\r\n\r\n\r\n<figure class=\"wp-block-image size-full\"><a href=\"https:\/\/energiaestrategica.es\/influencers-energias-renovables-linkedin\/\"><img fetchpriority=\"high\" decoding=\"async\" width=\"600\" height=\"400\" class=\"wp-image-4374\" src=\"https:\/\/www.actecir.cat\/wp-content\/uploads\/2023\/05\/INFLUENCERS.jpg\" alt=\"\" srcset=\"https:\/\/www.actecir.cat\/wp-content\/uploads\/2023\/05\/INFLUENCERS.jpg 600w, https:\/\/www.actecir.cat\/wp-content\/uploads\/2023\/05\/INFLUENCERS-300x200.jpg 300w\" sizes=\"(max-width: 600px) 100vw, 600px\" \/><\/a><\/figure>\r\n","protected":false},"excerpt":{"rendered":"<p>Fecha: 13 de abril<\/p>\n","protected":false},"author":1,"featured_media":4374,"comment_status":"open","ping_status":"open","sticky":false,"template":"","format":"standard","meta":{"footnotes":""},"categories":[25],"tags":[],"class_list":["post-4376","post","type-post","status-publish","format-standard","has-post-thumbnail","hentry","category-noticias"],"yoast_head":"<!-- This site is optimized with the Yoast SEO plugin v27.2 - https:\/\/yoast.com\/product\/yoast-seo-wordpress\/ -->\n<title>ACTECIR El Top10 de empresarios m\u00e1s populares del sector renovable en Espa\u00f1a. - Actecir<\/title>\n<meta name=\"robots\" content=\"index, follow, max-snippet:-1, max-image-preview:large, max-video-preview:-1\" \/>\n<link rel=\"canonical\" href=\"https:\/\/www.actecir.cat\/es\/actecir-el-top10-de-empresarios-mas-populares-del-sector-renovable-en-espana\/\" \/>\n<meta property=\"og:locale\" content=\"es_ES\" \/>\n<meta property=\"og:type\" content=\"article\" \/>\n<meta property=\"og:title\" content=\"ACTECIR El Top10 de empresarios m\u00e1s populares del sector renovable en Espa\u00f1a. - Actecir\" \/>\n<meta property=\"og:description\" content=\"Fecha: 13 de abril\" \/>\n<meta property=\"og:url\" content=\"https:\/\/www.actecir.cat\/es\/actecir-el-top10-de-empresarios-mas-populares-del-sector-renovable-en-espana\/\" \/>\n<meta property=\"og:site_name\" content=\"Actecir\" \/>\n<meta property=\"article:published_time\" content=\"2023-04-13T05:59:00+00:00\" \/>\n<meta property=\"article:modified_time\" content=\"2023-05-11T07:09:45+00:00\" \/>\n<meta property=\"og:image\" content=\"https:\/\/www.actecir.cat\/wp-content\/uploads\/2023\/05\/INFLUENCERS.jpg\" \/>\n\t<meta property=\"og:image:width\" content=\"600\" \/>\n\t<meta property=\"og:image:height\" content=\"400\" \/>\n\t<meta property=\"og:image:type\" content=\"image\/jpeg\" \/>\n<meta name=\"author\" content=\"Soporte web\" \/>\n<meta name=\"twitter:card\" content=\"summary_large_image\" \/>\n<meta name=\"twitter:creator\" content=\"@actecir\" \/>\n<meta name=\"twitter:site\" content=\"@actecir\" \/>\n<meta name=\"twitter:label1\" content=\"Escrito por\" \/>\n\t<meta name=\"twitter:data1\" content=\"Soporte web\" \/>\n<script type=\"application\/ld+json\" class=\"yoast-schema-graph\">{\"@context\":\"https:\/\/schema.org\",\"@graph\":[{\"@type\":\"Article\",\"@id\":\"https:\/\/www.actecir.cat\/es\/actecir-el-top10-de-empresarios-mas-populares-del-sector-renovable-en-espana\/#article\",\"isPartOf\":{\"@id\":\"https:\/\/www.actecir.cat\/es\/actecir-el-top10-de-empresarios-mas-populares-del-sector-renovable-en-espana\/\"},\"author\":{\"name\":\"Soporte web\",\"@id\":\"https:\/\/www.actecir.cat\/#\/schema\/person\/42edd02f0b1d55e19444428c5d321413\"},\"headline\":\"ACTECIR El Top10 de empresarios m\u00e1s populares del sector renovable en Espa\u00f1a.\",\"datePublished\":\"2023-04-13T05:59:00+00:00\",\"dateModified\":\"2023-05-11T07:09:45+00:00\",\"mainEntityOfPage\":{\"@id\":\"https:\/\/www.actecir.cat\/es\/actecir-el-top10-de-empresarios-mas-populares-del-sector-renovable-en-espana\/\"},\"wordCount\":49,\"commentCount\":0,\"publisher\":{\"@id\":\"https:\/\/www.actecir.cat\/#organization\"},\"image\":{\"@id\":\"https:\/\/www.actecir.cat\/es\/actecir-el-top10-de-empresarios-mas-populares-del-sector-renovable-en-espana\/#primaryimage\"},\"thumbnailUrl\":\"https:\/\/www.actecir.cat\/wp-content\/uploads\/2023\/05\/INFLUENCERS.jpg\",\"articleSection\":[\"Noticias\"],\"inLanguage\":\"es\",\"potentialAction\":[{\"@type\":\"CommentAction\",\"name\":\"Comment\",\"target\":[\"https:\/\/www.actecir.cat\/es\/actecir-el-top10-de-empresarios-mas-populares-del-sector-renovable-en-espana\/#respond\"]}]},{\"@type\":\"WebPage\",\"@id\":\"https:\/\/www.actecir.cat\/es\/actecir-el-top10-de-empresarios-mas-populares-del-sector-renovable-en-espana\/\",\"url\":\"https:\/\/www.actecir.cat\/es\/actecir-el-top10-de-empresarios-mas-populares-del-sector-renovable-en-espana\/\",\"name\":\"ACTECIR El Top10 de empresarios m\u00e1s populares del sector renovable en Espa\u00f1a. - Actecir\",\"isPartOf\":{\"@id\":\"https:\/\/www.actecir.cat\/#website\"},\"primaryImageOfPage\":{\"@id\":\"https:\/\/www.actecir.cat\/es\/actecir-el-top10-de-empresarios-mas-populares-del-sector-renovable-en-espana\/#primaryimage\"},\"image\":{\"@id\":\"https:\/\/www.actecir.cat\/es\/actecir-el-top10-de-empresarios-mas-populares-del-sector-renovable-en-espana\/#primaryimage\"},\"thumbnailUrl\":\"https:\/\/www.actecir.cat\/wp-content\/uploads\/2023\/05\/INFLUENCERS.jpg\",\"datePublished\":\"2023-04-13T05:59:00+00:00\",\"dateModified\":\"2023-05-11T07:09:45+00:00\",\"breadcrumb\":{\"@id\":\"https:\/\/www.actecir.cat\/es\/actecir-el-top10-de-empresarios-mas-populares-del-sector-renovable-en-espana\/#breadcrumb\"},\"inLanguage\":\"es\",\"potentialAction\":[{\"@type\":\"ReadAction\",\"target\":[\"https:\/\/www.actecir.cat\/es\/actecir-el-top10-de-empresarios-mas-populares-del-sector-renovable-en-espana\/\"]}]},{\"@type\":\"ImageObject\",\"inLanguage\":\"es\",\"@id\":\"https:\/\/www.actecir.cat\/es\/actecir-el-top10-de-empresarios-mas-populares-del-sector-renovable-en-espana\/#primaryimage\",\"url\":\"https:\/\/www.actecir.cat\/wp-content\/uploads\/2023\/05\/INFLUENCERS.jpg\",\"contentUrl\":\"https:\/\/www.actecir.cat\/wp-content\/uploads\/2023\/05\/INFLUENCERS.jpg\",\"width\":600,\"height\":400},{\"@type\":\"BreadcrumbList\",\"@id\":\"https:\/\/www.actecir.cat\/es\/actecir-el-top10-de-empresarios-mas-populares-del-sector-renovable-en-espana\/#breadcrumb\",\"itemListElement\":[{\"@type\":\"ListItem\",\"position\":1,\"name\":\"Inici\",\"item\":\"https:\/\/www.actecir.cat\/es\/\"},{\"@type\":\"ListItem\",\"position\":2,\"name\":\"ACTECIR El Top10 de empresarios m\u00e1s populares del sector renovable en Espa\u00f1a.\"}]},{\"@type\":\"WebSite\",\"@id\":\"https:\/\/www.actecir.cat\/#website\",\"url\":\"https:\/\/www.actecir.cat\/\",\"name\":\"Actecir\",\"description\":\"Associaci\u00f3 Catalana de T\u00e8cnics en Energia, Climatitzaci\u00f3 i Refrigeraci\u00f3\",\"publisher\":{\"@id\":\"https:\/\/www.actecir.cat\/#organization\"},\"potentialAction\":[{\"@type\":\"SearchAction\",\"target\":{\"@type\":\"EntryPoint\",\"urlTemplate\":\"https:\/\/www.actecir.cat\/?s={search_term_string}\"},\"query-input\":{\"@type\":\"PropertyValueSpecification\",\"valueRequired\":true,\"valueName\":\"search_term_string\"}}],\"inLanguage\":\"es\"},{\"@type\":\"Organization\",\"@id\":\"https:\/\/www.actecir.cat\/#organization\",\"name\":\"Actecir\",\"url\":\"https:\/\/www.actecir.cat\/\",\"logo\":{\"@type\":\"ImageObject\",\"inLanguage\":\"es\",\"@id\":\"https:\/\/www.actecir.cat\/#\/schema\/logo\/image\/\",\"url\":\"https:\/\/www.actecir.cat\/wp-content\/uploads\/2023\/04\/cropped-logo_actecir_60_alto.png\",\"contentUrl\":\"https:\/\/www.actecir.cat\/wp-content\/uploads\/2023\/04\/cropped-logo_actecir_60_alto.png\",\"width\":283,\"height\":80,\"caption\":\"Actecir\"},\"image\":{\"@id\":\"https:\/\/www.actecir.cat\/#\/schema\/logo\/image\/\"},\"sameAs\":[\"https:\/\/x.com\/actecir\",\"https:\/\/www.linkedin.com\/company\/actecir\"]},{\"@type\":\"Person\",\"@id\":\"https:\/\/www.actecir.cat\/#\/schema\/person\/42edd02f0b1d55e19444428c5d321413\",\"name\":\"Soporte web\",\"sameAs\":[\"https:\/\/www.actecir.cat\"],\"url\":\"https:\/\/www.actecir.cat\/es\/author\/maensystems\/\"}]}<\/script>\n<!-- \/ Yoast SEO plugin. -->","yoast_head_json":{"title":"ACTECIR El Top10 de empresarios m\u00e1s populares del sector renovable en Espa\u00f1a. - Actecir","robots":{"index":"index","follow":"follow","max-snippet":"max-snippet:-1","max-image-preview":"max-image-preview:large","max-video-preview":"max-video-preview:-1"},"canonical":"https:\/\/www.actecir.cat\/es\/actecir-el-top10-de-empresarios-mas-populares-del-sector-renovable-en-espana\/","og_locale":"es_ES","og_type":"article","og_title":"ACTECIR El Top10 de empresarios m\u00e1s populares del sector renovable en Espa\u00f1a. - Actecir","og_description":"Fecha: 13 de abril","og_url":"https:\/\/www.actecir.cat\/es\/actecir-el-top10-de-empresarios-mas-populares-del-sector-renovable-en-espana\/","og_site_name":"Actecir","article_published_time":"2023-04-13T05:59:00+00:00","article_modified_time":"2023-05-11T07:09:45+00:00","og_image":[{"width":600,"height":400,"url":"https:\/\/www.actecir.cat\/wp-content\/uploads\/2023\/05\/INFLUENCERS.jpg","type":"image\/jpeg"}],"author":"Soporte web","twitter_card":"summary_large_image","twitter_creator":"@actecir","twitter_site":"@actecir","twitter_misc":{"Escrito por":"Soporte web"},"schema":{"@context":"https:\/\/schema.org","@graph":[{"@type":"Article","@id":"https:\/\/www.actecir.cat\/es\/actecir-el-top10-de-empresarios-mas-populares-del-sector-renovable-en-espana\/#article","isPartOf":{"@id":"https:\/\/www.actecir.cat\/es\/actecir-el-top10-de-empresarios-mas-populares-del-sector-renovable-en-espana\/"},"author":{"name":"Soporte web","@id":"https:\/\/www.actecir.cat\/#\/schema\/person\/42edd02f0b1d55e19444428c5d321413"},"headline":"ACTECIR El Top10 de empresarios m\u00e1s populares del sector renovable en Espa\u00f1a.","datePublished":"2023-04-13T05:59:00+00:00","dateModified":"2023-05-11T07:09:45+00:00","mainEntityOfPage":{"@id":"https:\/\/www.actecir.cat\/es\/actecir-el-top10-de-empresarios-mas-populares-del-sector-renovable-en-espana\/"},"wordCount":49,"commentCount":0,"publisher":{"@id":"https:\/\/www.actecir.cat\/#organization"},"image":{"@id":"https:\/\/www.actecir.cat\/es\/actecir-el-top10-de-empresarios-mas-populares-del-sector-renovable-en-espana\/#primaryimage"},"thumbnailUrl":"https:\/\/www.actecir.cat\/wp-content\/uploads\/2023\/05\/INFLUENCERS.jpg","articleSection":["Noticias"],"inLanguage":"es","potentialAction":[{"@type":"CommentAction","name":"Comment","target":["https:\/\/www.actecir.cat\/es\/actecir-el-top10-de-empresarios-mas-populares-del-sector-renovable-en-espana\/#respond"]}]},{"@type":"WebPage","@id":"https:\/\/www.actecir.cat\/es\/actecir-el-top10-de-empresarios-mas-populares-del-sector-renovable-en-espana\/","url":"https:\/\/www.actecir.cat\/es\/actecir-el-top10-de-empresarios-mas-populares-del-sector-renovable-en-espana\/","name":"ACTECIR El Top10 de empresarios m\u00e1s populares del sector renovable en Espa\u00f1a. - Actecir","isPartOf":{"@id":"https:\/\/www.actecir.cat\/#website"},"primaryImageOfPage":{"@id":"https:\/\/www.actecir.cat\/es\/actecir-el-top10-de-empresarios-mas-populares-del-sector-renovable-en-espana\/#primaryimage"},"image":{"@id":"https:\/\/www.actecir.cat\/es\/actecir-el-top10-de-empresarios-mas-populares-del-sector-renovable-en-espana\/#primaryimage"},"thumbnailUrl":"https:\/\/www.actecir.cat\/wp-content\/uploads\/2023\/05\/INFLUENCERS.jpg","datePublished":"2023-04-13T05:59:00+00:00","dateModified":"2023-05-11T07:09:45+00:00","breadcrumb":{"@id":"https:\/\/www.actecir.cat\/es\/actecir-el-top10-de-empresarios-mas-populares-del-sector-renovable-en-espana\/#breadcrumb"},"inLanguage":"es","potentialAction":[{"@type":"ReadAction","target":["https:\/\/www.actecir.cat\/es\/actecir-el-top10-de-empresarios-mas-populares-del-sector-renovable-en-espana\/"]}]},{"@type":"ImageObject","inLanguage":"es","@id":"https:\/\/www.actecir.cat\/es\/actecir-el-top10-de-empresarios-mas-populares-del-sector-renovable-en-espana\/#primaryimage","url":"https:\/\/www.actecir.cat\/wp-content\/uploads\/2023\/05\/INFLUENCERS.jpg","contentUrl":"https:\/\/www.actecir.cat\/wp-content\/uploads\/2023\/05\/INFLUENCERS.jpg","width":600,"height":400},{"@type":"BreadcrumbList","@id":"https:\/\/www.actecir.cat\/es\/actecir-el-top10-de-empresarios-mas-populares-del-sector-renovable-en-espana\/#breadcrumb","itemListElement":[{"@type":"ListItem","position":1,"name":"Inici","item":"https:\/\/www.actecir.cat\/es\/"},{"@type":"ListItem","position":2,"name":"ACTECIR El Top10 de empresarios m\u00e1s populares del sector renovable en Espa\u00f1a."}]},{"@type":"WebSite","@id":"https:\/\/www.actecir.cat\/#website","url":"https:\/\/www.actecir.cat\/","name":"Actecir","description":"Associaci\u00f3 Catalana de T\u00e8cnics en Energia, Climatitzaci\u00f3 i Refrigeraci\u00f3","publisher":{"@id":"https:\/\/www.actecir.cat\/#organization"},"potentialAction":[{"@type":"SearchAction","target":{"@type":"EntryPoint","urlTemplate":"https:\/\/www.actecir.cat\/?s={search_term_string}"},"query-input":{"@type":"PropertyValueSpecification","valueRequired":true,"valueName":"search_term_string"}}],"inLanguage":"es"},{"@type":"Organization","@id":"https:\/\/www.actecir.cat\/#organization","name":"Actecir","url":"https:\/\/www.actecir.cat\/","logo":{"@type":"ImageObject","inLanguage":"es","@id":"https:\/\/www.actecir.cat\/#\/schema\/logo\/image\/","url":"https:\/\/www.actecir.cat\/wp-content\/uploads\/2023\/04\/cropped-logo_actecir_60_alto.png","contentUrl":"https:\/\/www.actecir.cat\/wp-content\/uploads\/2023\/04\/cropped-logo_actecir_60_alto.png","width":283,"height":80,"caption":"Actecir"},"image":{"@id":"https:\/\/www.actecir.cat\/#\/schema\/logo\/image\/"},"sameAs":["https:\/\/x.com\/actecir","https:\/\/www.linkedin.com\/company\/actecir"]},{"@type":"Person","@id":"https:\/\/www.actecir.cat\/#\/schema\/person\/42edd02f0b1d55e19444428c5d321413","name":"Soporte web","sameAs":["https:\/\/www.actecir.cat"],"url":"https:\/\/www.actecir.cat\/es\/author\/maensystems\/"}]}},"_links":{"self":[{"href":"https:\/\/www.actecir.cat\/es\/wp-json\/wp\/v2\/posts\/4376","targetHints":{"allow":["GET"]}}],"collection":[{"href":"https:\/\/www.actecir.cat\/es\/wp-json\/wp\/v2\/posts"}],"about":[{"href":"https:\/\/www.actecir.cat\/es\/wp-json\/wp\/v2\/types\/post"}],"author":[{"embeddable":true,"href":"https:\/\/www.actecir.cat\/es\/wp-json\/wp\/v2\/users\/1"}],"replies":[{"embeddable":true,"href":"https:\/\/www.actecir.cat\/es\/wp-json\/wp\/v2\/comments?post=4376"}],"version-history":[{"count":2,"href":"https:\/\/www.actecir.cat\/es\/wp-json\/wp\/v2\/posts\/4376\/revisions"}],"predecessor-version":[{"id":6392,"href":"https:\/\/www.actecir.cat\/es\/wp-json\/wp\/v2\/posts\/4376\/revisions\/6392"}],"wp:featuredmedia":[{"embeddable":true,"href":"https:\/\/www.actecir.cat\/es\/wp-json\/wp\/v2\/media\/4374"}],"wp:attachment":[{"href":"https:\/\/www.actecir.cat\/es\/wp-json\/wp\/v2\/media?parent=4376"}],"wp:term":[{"taxonomy":"category","embeddable":true,"href":"https:\/\/www.actecir.cat\/es\/wp-json\/wp\/v2\/categories?post=4376"},{"taxonomy":"post_tag","embeddable":true,"href":"https:\/\/www.actecir.cat\/es\/wp-json\/wp\/v2\/tags?post=4376"}],"curies":[{"name":"wp","href":"https:\/\/api.w.org\/{rel}","templated":true}]}}