{"id":4678,"date":"2022-04-29T11:32:00","date_gmt":"2022-04-29T09:32:00","guid":{"rendered":"https:\/\/www.actecir.cat\/?p=4678"},"modified":"2023-07-07T11:33:34","modified_gmt":"2023-07-07T09:33:34","slug":"actecir-presente-en-la-jornada-ashrae-spain-chapter","status":"publish","type":"post","link":"https:\/\/www.actecir.cat\/es\/actecir-presente-en-la-jornada-ashrae-spain-chapter\/","title":{"rendered":"ACTECIR presente en la Jornada ASHRAE SPAIN CHAPTER"},"content":{"rendered":"\n<p>Fecha jornada: 26 abril<\/p>\n\n\n\n<p><strong>ACTECIR<\/strong>, estuvo presente en la Jornada de&nbsp;<strong>ASHRAE SPAIN CHAPTER<\/strong>, con motivo de la visita de&nbsp;Mick Schwedler, actual Presidente de&nbsp;<a href=\"https:\/\/www.linkedin.com\/company\/ashrae\/\">ASHRAE<\/a>.<\/p>\n\n\n\n<p>Nuestro&nbsp;<strong>Former President (1990 &#8211; 1993),&nbsp;<\/strong>y miembro de<strong>&nbsp;ASHRAE, Ramon Pons,<\/strong>&nbsp;estuvo presente en la jornada en representaci\u00f3n de&nbsp;<strong>ACTECIR.<\/strong>&nbsp;<\/p>\n\n\n\n<p>Durante su charla, Mick record\u00f3 la importancia de alimentar nuestras ra\u00edces para nuestro crecimiento personal e impacto global hoy y en las generaciones futuras. La misi\u00f3n de ASHRAE es servir a la humanidad fomentando el desarrollo de las artes y las ciencias en materia de climatizaci\u00f3n, ventilaci\u00f3n, refrigeraci\u00f3n y otras disciplinas asociadas, en un entorno construido saludable y sostenible para todos.<\/p>\n\n\n\n<p>Durante el acto tambi\u00e9n participaron&nbsp;<a href=\"https:\/\/www.linkedin.com\/in\/andr%C3%A9s-sep%C3%BAlveda-a5867513\/\">Andr\u00e9s Sep\u00falveda<\/a>, Director de&nbsp;<a href=\"https:\/\/www.linkedin.com\/in\/ashrae-region-xiv-europe-70010914b\/\">ASHRAE Region XIV Europe<\/a>&nbsp;que habl\u00f3 sobre el presente y futuro de la Sociedad y la gran variedad de recursos t\u00e9cnicos que ofrece a todos su miembros y&nbsp;<a href=\"https:\/\/www.linkedin.com\/in\/jesus-de-lara-90893810\/\">Jesus De Lara<\/a>&nbsp;que record\u00f3 las actividades m\u00e1s importantes desarrolladas por el cap\u00edtulo espa\u00f1ol en los \u00faltimos a\u00f1os y present\u00f3 las previstas para el 2022, entre las que destaca una jornada t\u00e9cnica sobre descarbonizaci\u00f3n de edificios y la Conferencia Regional de Cap\u00edtulos de ASHRAE 2022 de la Regi\u00f3n XIV en Madrid.<br><br>Se reconoci\u00f3, adem\u00e1s, la labor y trayectoria de importantes personalidades y entidades vinculadas con ASHRAE con la entrega de Diplomas por parte de&nbsp;<a href=\"https:\/\/www.linkedin.com\/in\/ignacio-g%C3%B3mez-cornejo-19a47811\/\">Ignacio G\u00f3mez-Cornejo<\/a>, Presidente Electo del Spain Chapter.<br><br>El acto tuvo lugar en el&nbsp;<a href=\"https:\/\/www.linkedin.com\/company\/novotel-hotels\/\">Novotel Hotels<\/a>&nbsp;Madrid City Las Ventas y finaliz\u00f3 con un vino espa\u00f1ol en el que nos permiti\u00f3 reencontrarnos con grandes profesionales del sector.<\/p>\n\n\n\n<div style=\"height:23px\" aria-hidden=\"true\" class=\"wp-block-spacer\"><\/div>\n\n\n\n<figure class=\"wp-block-gallery has-nested-images columns-default is-cropped wp-block-gallery-1 is-layout-flex wp-block-gallery-is-layout-flex\">\n<figure class=\"wp-block-image size-large\"><img fetchpriority=\"high\" decoding=\"async\" width=\"617\" height=\"454\" data-id=\"4670\" src=\"https:\/\/www.actecir.cat\/wp-content\/uploads\/2023\/05\/FOTO_1jpg.jpg\" alt=\"\" class=\"wp-image-4670\" srcset=\"https:\/\/www.actecir.cat\/wp-content\/uploads\/2023\/05\/FOTO_1jpg.jpg 617w, https:\/\/www.actecir.cat\/wp-content\/uploads\/2023\/05\/FOTO_1jpg-300x221.jpg 300w\" sizes=\"(max-width: 617px) 100vw, 617px\" \/><\/figure>\n\n\n\n<figure class=\"wp-block-image size-large\"><img decoding=\"async\" width=\"601\" height=\"704\" data-id=\"4672\" src=\"https:\/\/www.actecir.cat\/wp-content\/uploads\/2023\/05\/FOTO_2_WEB.jpg\" alt=\"\" class=\"wp-image-4672\" srcset=\"https:\/\/www.actecir.cat\/wp-content\/uploads\/2023\/05\/FOTO_2_WEB.jpg 601w, https:\/\/www.actecir.cat\/wp-content\/uploads\/2023\/05\/FOTO_2_WEB-256x300.jpg 256w\" sizes=\"(max-width: 601px) 100vw, 601px\" \/><\/figure>\n\n\n\n<figure class=\"wp-block-image size-large\"><img decoding=\"async\" width=\"605\" height=\"454\" data-id=\"4674\" src=\"https:\/\/www.actecir.cat\/wp-content\/uploads\/2023\/05\/FOTO_6_WEB.jpg\" alt=\"\" class=\"wp-image-4674\" srcset=\"https:\/\/www.actecir.cat\/wp-content\/uploads\/2023\/05\/FOTO_6_WEB.jpg 605w, https:\/\/www.actecir.cat\/wp-content\/uploads\/2023\/05\/FOTO_6_WEB-300x225.jpg 300w\" sizes=\"(max-width: 605px) 100vw, 605px\" \/><\/figure>\n\n\n\n<figure class=\"wp-block-image size-large\"><img loading=\"lazy\" decoding=\"async\" width=\"605\" height=\"454\" data-id=\"4676\" src=\"https:\/\/www.actecir.cat\/wp-content\/uploads\/2023\/05\/FOTO_5_WEB.jpg\" alt=\"\" class=\"wp-image-4676\" srcset=\"https:\/\/www.actecir.cat\/wp-content\/uploads\/2023\/05\/FOTO_5_WEB.jpg 605w, https:\/\/www.actecir.cat\/wp-content\/uploads\/2023\/05\/FOTO_5_WEB-300x225.jpg 300w\" sizes=\"(max-width: 605px) 100vw, 605px\" \/><\/figure>\n<\/figure>\n","protected":false},"excerpt":{"rendered":"<p>Fecha jornada: 26 abril<\/p>\n","protected":false},"author":1,"featured_media":4664,"comment_status":"open","ping_status":"open","sticky":false,"template":"","format":"standard","meta":{"footnotes":""},"categories":[25],"tags":[],"class_list":["post-4678","post","type-post","status-publish","format-standard","has-post-thumbnail","hentry","category-noticias"],"yoast_head":"<!-- This site is optimized with the Yoast SEO plugin v27.2 - https:\/\/yoast.com\/product\/yoast-seo-wordpress\/ -->\n<title>ACTECIR presente en la Jornada ASHRAE SPAIN CHAPTER - Actecir<\/title>\n<meta name=\"robots\" content=\"index, follow, max-snippet:-1, max-image-preview:large, max-video-preview:-1\" \/>\n<link rel=\"canonical\" href=\"https:\/\/www.actecir.cat\/es\/actecir-presente-en-la-jornada-ashrae-spain-chapter\/\" \/>\n<meta property=\"og:locale\" content=\"es_ES\" \/>\n<meta property=\"og:type\" content=\"article\" \/>\n<meta property=\"og:title\" content=\"ACTECIR presente en la Jornada ASHRAE SPAIN CHAPTER - Actecir\" \/>\n<meta property=\"og:description\" content=\"Fecha jornada: 26 abril\" \/>\n<meta property=\"og:url\" content=\"https:\/\/www.actecir.cat\/es\/actecir-presente-en-la-jornada-ashrae-spain-chapter\/\" \/>\n<meta property=\"og:site_name\" content=\"Actecir\" \/>\n<meta property=\"article:published_time\" content=\"2022-04-29T09:32:00+00:00\" \/>\n<meta property=\"article:modified_time\" content=\"2023-07-07T09:33:34+00:00\" \/>\n<meta property=\"og:image\" content=\"https:\/\/www.actecir.cat\/wp-content\/uploads\/2023\/05\/esco_feria_web.jpg\" \/>\n\t<meta property=\"og:image:width\" content=\"600\" \/>\n\t<meta property=\"og:image:height\" content=\"400\" \/>\n\t<meta property=\"og:image:type\" content=\"image\/jpeg\" \/>\n<meta name=\"author\" content=\"Soporte web\" \/>\n<meta name=\"twitter:card\" content=\"summary_large_image\" \/>\n<meta name=\"twitter:creator\" content=\"@actecir\" \/>\n<meta name=\"twitter:site\" content=\"@actecir\" \/>\n<meta name=\"twitter:label1\" content=\"Escrito por\" \/>\n\t<meta name=\"twitter:data1\" content=\"Soporte web\" \/>\n\t<meta name=\"twitter:label2\" content=\"Tiempo de lectura\" \/>\n\t<meta name=\"twitter:data2\" content=\"1 minuto\" \/>\n<script type=\"application\/ld+json\" class=\"yoast-schema-graph\">{\"@context\":\"https:\/\/schema.org\",\"@graph\":[{\"@type\":\"Article\",\"@id\":\"https:\/\/www.actecir.cat\/es\/actecir-presente-en-la-jornada-ashrae-spain-chapter\/#article\",\"isPartOf\":{\"@id\":\"https:\/\/www.actecir.cat\/es\/actecir-presente-en-la-jornada-ashrae-spain-chapter\/\"},\"author\":{\"name\":\"Soporte web\",\"@id\":\"https:\/\/www.actecir.cat\/#\/schema\/person\/42edd02f0b1d55e19444428c5d321413\"},\"headline\":\"ACTECIR presente en la Jornada ASHRAE SPAIN CHAPTER\",\"datePublished\":\"2022-04-29T09:32:00+00:00\",\"dateModified\":\"2023-07-07T09:33:34+00:00\",\"mainEntityOfPage\":{\"@id\":\"https:\/\/www.actecir.cat\/es\/actecir-presente-en-la-jornada-ashrae-spain-chapter\/\"},\"wordCount\":296,\"commentCount\":0,\"publisher\":{\"@id\":\"https:\/\/www.actecir.cat\/#organization\"},\"image\":{\"@id\":\"https:\/\/www.actecir.cat\/es\/actecir-presente-en-la-jornada-ashrae-spain-chapter\/#primaryimage\"},\"thumbnailUrl\":\"https:\/\/www.actecir.cat\/wp-content\/uploads\/2023\/05\/esco_feria_web.jpg\",\"articleSection\":[\"Noticias\"],\"inLanguage\":\"es\",\"potentialAction\":[{\"@type\":\"CommentAction\",\"name\":\"Comment\",\"target\":[\"https:\/\/www.actecir.cat\/es\/actecir-presente-en-la-jornada-ashrae-spain-chapter\/#respond\"]}]},{\"@type\":\"WebPage\",\"@id\":\"https:\/\/www.actecir.cat\/es\/actecir-presente-en-la-jornada-ashrae-spain-chapter\/\",\"url\":\"https:\/\/www.actecir.cat\/es\/actecir-presente-en-la-jornada-ashrae-spain-chapter\/\",\"name\":\"ACTECIR presente en la Jornada ASHRAE SPAIN CHAPTER - Actecir\",\"isPartOf\":{\"@id\":\"https:\/\/www.actecir.cat\/#website\"},\"primaryImageOfPage\":{\"@id\":\"https:\/\/www.actecir.cat\/es\/actecir-presente-en-la-jornada-ashrae-spain-chapter\/#primaryimage\"},\"image\":{\"@id\":\"https:\/\/www.actecir.cat\/es\/actecir-presente-en-la-jornada-ashrae-spain-chapter\/#primaryimage\"},\"thumbnailUrl\":\"https:\/\/www.actecir.cat\/wp-content\/uploads\/2023\/05\/esco_feria_web.jpg\",\"datePublished\":\"2022-04-29T09:32:00+00:00\",\"dateModified\":\"2023-07-07T09:33:34+00:00\",\"breadcrumb\":{\"@id\":\"https:\/\/www.actecir.cat\/es\/actecir-presente-en-la-jornada-ashrae-spain-chapter\/#breadcrumb\"},\"inLanguage\":\"es\",\"potentialAction\":[{\"@type\":\"ReadAction\",\"target\":[\"https:\/\/www.actecir.cat\/es\/actecir-presente-en-la-jornada-ashrae-spain-chapter\/\"]}]},{\"@type\":\"ImageObject\",\"inLanguage\":\"es\",\"@id\":\"https:\/\/www.actecir.cat\/es\/actecir-presente-en-la-jornada-ashrae-spain-chapter\/#primaryimage\",\"url\":\"https:\/\/www.actecir.cat\/wp-content\/uploads\/2023\/05\/esco_feria_web.jpg\",\"contentUrl\":\"https:\/\/www.actecir.cat\/wp-content\/uploads\/2023\/05\/esco_feria_web.jpg\",\"width\":600,\"height\":400},{\"@type\":\"BreadcrumbList\",\"@id\":\"https:\/\/www.actecir.cat\/es\/actecir-presente-en-la-jornada-ashrae-spain-chapter\/#breadcrumb\",\"itemListElement\":[{\"@type\":\"ListItem\",\"position\":1,\"name\":\"Inici\",\"item\":\"https:\/\/www.actecir.cat\/es\/\"},{\"@type\":\"ListItem\",\"position\":2,\"name\":\"ACTECIR presente en la Jornada ASHRAE SPAIN CHAPTER\"}]},{\"@type\":\"WebSite\",\"@id\":\"https:\/\/www.actecir.cat\/#website\",\"url\":\"https:\/\/www.actecir.cat\/\",\"name\":\"Actecir\",\"description\":\"Associaci\u00f3 Catalana de T\u00e8cnics en Energia, Climatitzaci\u00f3 i Refrigeraci\u00f3\",\"publisher\":{\"@id\":\"https:\/\/www.actecir.cat\/#organization\"},\"potentialAction\":[{\"@type\":\"SearchAction\",\"target\":{\"@type\":\"EntryPoint\",\"urlTemplate\":\"https:\/\/www.actecir.cat\/?s={search_term_string}\"},\"query-input\":{\"@type\":\"PropertyValueSpecification\",\"valueRequired\":true,\"valueName\":\"search_term_string\"}}],\"inLanguage\":\"es\"},{\"@type\":\"Organization\",\"@id\":\"https:\/\/www.actecir.cat\/#organization\",\"name\":\"Actecir\",\"url\":\"https:\/\/www.actecir.cat\/\",\"logo\":{\"@type\":\"ImageObject\",\"inLanguage\":\"es\",\"@id\":\"https:\/\/www.actecir.cat\/#\/schema\/logo\/image\/\",\"url\":\"https:\/\/www.actecir.cat\/wp-content\/uploads\/2023\/04\/cropped-logo_actecir_60_alto.png\",\"contentUrl\":\"https:\/\/www.actecir.cat\/wp-content\/uploads\/2023\/04\/cropped-logo_actecir_60_alto.png\",\"width\":283,\"height\":80,\"caption\":\"Actecir\"},\"image\":{\"@id\":\"https:\/\/www.actecir.cat\/#\/schema\/logo\/image\/\"},\"sameAs\":[\"https:\/\/x.com\/actecir\",\"https:\/\/www.linkedin.com\/company\/actecir\"]},{\"@type\":\"Person\",\"@id\":\"https:\/\/www.actecir.cat\/#\/schema\/person\/42edd02f0b1d55e19444428c5d321413\",\"name\":\"Soporte web\",\"sameAs\":[\"https:\/\/www.actecir.cat\"],\"url\":\"https:\/\/www.actecir.cat\/es\/author\/maensystems\/\"}]}<\/script>\n<!-- \/ Yoast SEO plugin. -->","yoast_head_json":{"title":"ACTECIR presente en la Jornada ASHRAE SPAIN CHAPTER - Actecir","robots":{"index":"index","follow":"follow","max-snippet":"max-snippet:-1","max-image-preview":"max-image-preview:large","max-video-preview":"max-video-preview:-1"},"canonical":"https:\/\/www.actecir.cat\/es\/actecir-presente-en-la-jornada-ashrae-spain-chapter\/","og_locale":"es_ES","og_type":"article","og_title":"ACTECIR presente en la Jornada ASHRAE SPAIN CHAPTER - Actecir","og_description":"Fecha jornada: 26 abril","og_url":"https:\/\/www.actecir.cat\/es\/actecir-presente-en-la-jornada-ashrae-spain-chapter\/","og_site_name":"Actecir","article_published_time":"2022-04-29T09:32:00+00:00","article_modified_time":"2023-07-07T09:33:34+00:00","og_image":[{"width":600,"height":400,"url":"https:\/\/www.actecir.cat\/wp-content\/uploads\/2023\/05\/esco_feria_web.jpg","type":"image\/jpeg"}],"author":"Soporte web","twitter_card":"summary_large_image","twitter_creator":"@actecir","twitter_site":"@actecir","twitter_misc":{"Escrito por":"Soporte web","Tiempo de lectura":"1 minuto"},"schema":{"@context":"https:\/\/schema.org","@graph":[{"@type":"Article","@id":"https:\/\/www.actecir.cat\/es\/actecir-presente-en-la-jornada-ashrae-spain-chapter\/#article","isPartOf":{"@id":"https:\/\/www.actecir.cat\/es\/actecir-presente-en-la-jornada-ashrae-spain-chapter\/"},"author":{"name":"Soporte web","@id":"https:\/\/www.actecir.cat\/#\/schema\/person\/42edd02f0b1d55e19444428c5d321413"},"headline":"ACTECIR presente en la Jornada ASHRAE SPAIN CHAPTER","datePublished":"2022-04-29T09:32:00+00:00","dateModified":"2023-07-07T09:33:34+00:00","mainEntityOfPage":{"@id":"https:\/\/www.actecir.cat\/es\/actecir-presente-en-la-jornada-ashrae-spain-chapter\/"},"wordCount":296,"commentCount":0,"publisher":{"@id":"https:\/\/www.actecir.cat\/#organization"},"image":{"@id":"https:\/\/www.actecir.cat\/es\/actecir-presente-en-la-jornada-ashrae-spain-chapter\/#primaryimage"},"thumbnailUrl":"https:\/\/www.actecir.cat\/wp-content\/uploads\/2023\/05\/esco_feria_web.jpg","articleSection":["Noticias"],"inLanguage":"es","potentialAction":[{"@type":"CommentAction","name":"Comment","target":["https:\/\/www.actecir.cat\/es\/actecir-presente-en-la-jornada-ashrae-spain-chapter\/#respond"]}]},{"@type":"WebPage","@id":"https:\/\/www.actecir.cat\/es\/actecir-presente-en-la-jornada-ashrae-spain-chapter\/","url":"https:\/\/www.actecir.cat\/es\/actecir-presente-en-la-jornada-ashrae-spain-chapter\/","name":"ACTECIR presente en la Jornada ASHRAE SPAIN CHAPTER - Actecir","isPartOf":{"@id":"https:\/\/www.actecir.cat\/#website"},"primaryImageOfPage":{"@id":"https:\/\/www.actecir.cat\/es\/actecir-presente-en-la-jornada-ashrae-spain-chapter\/#primaryimage"},"image":{"@id":"https:\/\/www.actecir.cat\/es\/actecir-presente-en-la-jornada-ashrae-spain-chapter\/#primaryimage"},"thumbnailUrl":"https:\/\/www.actecir.cat\/wp-content\/uploads\/2023\/05\/esco_feria_web.jpg","datePublished":"2022-04-29T09:32:00+00:00","dateModified":"2023-07-07T09:33:34+00:00","breadcrumb":{"@id":"https:\/\/www.actecir.cat\/es\/actecir-presente-en-la-jornada-ashrae-spain-chapter\/#breadcrumb"},"inLanguage":"es","potentialAction":[{"@type":"ReadAction","target":["https:\/\/www.actecir.cat\/es\/actecir-presente-en-la-jornada-ashrae-spain-chapter\/"]}]},{"@type":"ImageObject","inLanguage":"es","@id":"https:\/\/www.actecir.cat\/es\/actecir-presente-en-la-jornada-ashrae-spain-chapter\/#primaryimage","url":"https:\/\/www.actecir.cat\/wp-content\/uploads\/2023\/05\/esco_feria_web.jpg","contentUrl":"https:\/\/www.actecir.cat\/wp-content\/uploads\/2023\/05\/esco_feria_web.jpg","width":600,"height":400},{"@type":"BreadcrumbList","@id":"https:\/\/www.actecir.cat\/es\/actecir-presente-en-la-jornada-ashrae-spain-chapter\/#breadcrumb","itemListElement":[{"@type":"ListItem","position":1,"name":"Inici","item":"https:\/\/www.actecir.cat\/es\/"},{"@type":"ListItem","position":2,"name":"ACTECIR presente en la Jornada ASHRAE SPAIN CHAPTER"}]},{"@type":"WebSite","@id":"https:\/\/www.actecir.cat\/#website","url":"https:\/\/www.actecir.cat\/","name":"Actecir","description":"Associaci\u00f3 Catalana de T\u00e8cnics en Energia, Climatitzaci\u00f3 i Refrigeraci\u00f3","publisher":{"@id":"https:\/\/www.actecir.cat\/#organization"},"potentialAction":[{"@type":"SearchAction","target":{"@type":"EntryPoint","urlTemplate":"https:\/\/www.actecir.cat\/?s={search_term_string}"},"query-input":{"@type":"PropertyValueSpecification","valueRequired":true,"valueName":"search_term_string"}}],"inLanguage":"es"},{"@type":"Organization","@id":"https:\/\/www.actecir.cat\/#organization","name":"Actecir","url":"https:\/\/www.actecir.cat\/","logo":{"@type":"ImageObject","inLanguage":"es","@id":"https:\/\/www.actecir.cat\/#\/schema\/logo\/image\/","url":"https:\/\/www.actecir.cat\/wp-content\/uploads\/2023\/04\/cropped-logo_actecir_60_alto.png","contentUrl":"https:\/\/www.actecir.cat\/wp-content\/uploads\/2023\/04\/cropped-logo_actecir_60_alto.png","width":283,"height":80,"caption":"Actecir"},"image":{"@id":"https:\/\/www.actecir.cat\/#\/schema\/logo\/image\/"},"sameAs":["https:\/\/x.com\/actecir","https:\/\/www.linkedin.com\/company\/actecir"]},{"@type":"Person","@id":"https:\/\/www.actecir.cat\/#\/schema\/person\/42edd02f0b1d55e19444428c5d321413","name":"Soporte web","sameAs":["https:\/\/www.actecir.cat"],"url":"https:\/\/www.actecir.cat\/es\/author\/maensystems\/"}]}},"_links":{"self":[{"href":"https:\/\/www.actecir.cat\/es\/wp-json\/wp\/v2\/posts\/4678","targetHints":{"allow":["GET"]}}],"collection":[{"href":"https:\/\/www.actecir.cat\/es\/wp-json\/wp\/v2\/posts"}],"about":[{"href":"https:\/\/www.actecir.cat\/es\/wp-json\/wp\/v2\/types\/post"}],"author":[{"embeddable":true,"href":"https:\/\/www.actecir.cat\/es\/wp-json\/wp\/v2\/users\/1"}],"replies":[{"embeddable":true,"href":"https:\/\/www.actecir.cat\/es\/wp-json\/wp\/v2\/comments?post=4678"}],"version-history":[{"count":7,"href":"https:\/\/www.actecir.cat\/es\/wp-json\/wp\/v2\/posts\/4678\/revisions"}],"predecessor-version":[{"id":10821,"href":"https:\/\/www.actecir.cat\/es\/wp-json\/wp\/v2\/posts\/4678\/revisions\/10821"}],"wp:featuredmedia":[{"embeddable":true,"href":"https:\/\/www.actecir.cat\/es\/wp-json\/wp\/v2\/media\/4664"}],"wp:attachment":[{"href":"https:\/\/www.actecir.cat\/es\/wp-json\/wp\/v2\/media?parent=4678"}],"wp:term":[{"taxonomy":"category","embeddable":true,"href":"https:\/\/www.actecir.cat\/es\/wp-json\/wp\/v2\/categories?post=4678"},{"taxonomy":"post_tag","embeddable":true,"href":"https:\/\/www.actecir.cat\/es\/wp-json\/wp\/v2\/tags?post=4678"}],"curies":[{"name":"wp","href":"https:\/\/api.w.org\/{rel}","templated":true}]}}