{"id":4719,"date":"2022-03-31T13:41:00","date_gmt":"2022-03-31T11:41:00","guid":{"rendered":"https:\/\/www.actecir.cat\/?p=4719"},"modified":"2023-07-07T16:04:36","modified_gmt":"2023-07-07T14:04:36","slug":"daikin-presenta-su-nuevo-showroom-virtual","status":"publish","type":"post","link":"https:\/\/www.actecir.cat\/es\/daikin-presenta-su-nuevo-showroom-virtual\/","title":{"rendered":"DAIKIN: presenta su nuevo Showroom Virtual"},"content":{"rendered":"\n<p>Nuevo Showroom Virtual DAIKIN<\/p>\n\n\n\n<p><strong>Daikin presenta su nuevo Showroom Virtual<\/strong><\/p>\n\n\n\n<p><strong>&nbsp;<\/strong><strong>La marca lanza un Showroom virtual, un espacio abierto 24\/7 en el que se pueden ver los equipos de calefacci\u00f3n, aire acondicionado, ventilaci\u00f3n y soluciones de producci\u00f3n de agua caliente sanitaria<\/strong><\/p>\n\n\n\n<p><strong>&nbsp;<\/strong><strong>Madrid, 30 de marzo de 2022<\/strong>&nbsp;\u2013 Daikin, compa\u00f1\u00eda l\u00edder del sector de la climatizaci\u00f3n, pone a disposici\u00f3n de los usuarios un showroom virtual con una representaci\u00f3n interactiva de todas las soluciones que se pueden encontrar dentro de su cat\u00e1logo de producto. La plataforma se divide entre un espacio dirigido al B2B y otro enfocado al consumidor final y al hogar. El acceso se realiza a trav\u00e9s de la p\u00e1gina web de Daikin:&nbsp;<a href=\"https:\/\/www.daikin.es\/es_es\/customers.html\">www.daikin.es<\/a><\/p>\n\n\n\n<p>La compa\u00f1\u00eda, en su continuo desarrollo por ofrecer un servicio personalizado y cada vez m\u00e1s tecnol\u00f3gico para sus clientes, ha desarrollado este espacio incrementando as\u00ed la experiencia de usuario con una interfaz y acceso sencillos e intuitivos. El showroom, que presenta las soluciones Daikin de manera visual, permite navegar por distintas estancias y elegir aquellas que m\u00e1s nos interesan para encontrar, en base a nuestras necesidades concretas, los equipos adecuados y toda la informaci\u00f3n sobre ellos.<\/p>\n\n\n\n<p>Desde el Showroom virtual de Daikin podemos entrar en un entorno residencial que cuenta con distintas salas como: cocina, sal\u00f3n, dormitorios o jard\u00edn; y el entorno comercial, orientado a empresas con espacios dirigidos al comercio minorista o salas de oficina. Se puede ver c\u00f3mo quedar\u00edan los equipos Daikin en cada estancia e ir modificando seg\u00fan nuestros gustos y necesidades.<\/p>\n\n\n\n<p><strong>Paloma&nbsp;S\u00e1nchez-Cano, Directora de Marketing, Formaci\u00f3n y Desarrollo Corporativo en&nbsp;Daikin,&nbsp;<\/strong>destaca que \u201ccon este espacio virtual, Daikin da respuesta al incipiente crecimiento de las experiencias inmersivas como medio para mostrar productos al consumidor de forma que este pueda ser part\u00edcipe de forma activa\u201d.<\/p>\n","protected":false},"excerpt":{"rendered":"<p>Nuevo Showroom Virtual DAIKIN<\/p>\n","protected":false},"author":1,"featured_media":4717,"comment_status":"open","ping_status":"open","sticky":false,"template":"","format":"standard","meta":{"footnotes":""},"categories":[25],"tags":[],"class_list":["post-4719","post","type-post","status-publish","format-standard","has-post-thumbnail","hentry","category-noticias"],"yoast_head":"<!-- This site is optimized with the Yoast SEO plugin v27.2 - https:\/\/yoast.com\/product\/yoast-seo-wordpress\/ -->\n<title>DAIKIN: presenta su nuevo Showroom Virtual - Actecir<\/title>\n<meta name=\"robots\" content=\"index, follow, max-snippet:-1, max-image-preview:large, max-video-preview:-1\" \/>\n<link rel=\"canonical\" href=\"https:\/\/www.actecir.cat\/es\/daikin-presenta-su-nuevo-showroom-virtual\/\" \/>\n<meta property=\"og:locale\" content=\"es_ES\" \/>\n<meta property=\"og:type\" content=\"article\" \/>\n<meta property=\"og:title\" content=\"DAIKIN: presenta su nuevo Showroom Virtual - Actecir\" \/>\n<meta property=\"og:description\" content=\"Nuevo Showroom Virtual DAIKIN\" \/>\n<meta property=\"og:url\" content=\"https:\/\/www.actecir.cat\/es\/daikin-presenta-su-nuevo-showroom-virtual\/\" \/>\n<meta property=\"og:site_name\" content=\"Actecir\" \/>\n<meta property=\"article:published_time\" content=\"2022-03-31T11:41:00+00:00\" \/>\n<meta property=\"article:modified_time\" content=\"2023-07-07T14:04:36+00:00\" \/>\n<meta property=\"og:image\" content=\"https:\/\/www.actecir.cat\/wp-content\/uploads\/2023\/05\/DAIKIN_SHOWROOM-VIRTUAL_WEB.jpg\" \/>\n\t<meta property=\"og:image:width\" content=\"600\" \/>\n\t<meta property=\"og:image:height\" content=\"400\" \/>\n\t<meta property=\"og:image:type\" content=\"image\/jpeg\" \/>\n<meta name=\"author\" content=\"Soporte web\" \/>\n<meta name=\"twitter:card\" content=\"summary_large_image\" \/>\n<meta name=\"twitter:creator\" content=\"@actecir\" \/>\n<meta name=\"twitter:site\" content=\"@actecir\" \/>\n<meta name=\"twitter:label1\" content=\"Escrito por\" \/>\n\t<meta name=\"twitter:data1\" content=\"Soporte web\" \/>\n\t<meta name=\"twitter:label2\" content=\"Tiempo de lectura\" \/>\n\t<meta name=\"twitter:data2\" content=\"2 minutos\" \/>\n<script type=\"application\/ld+json\" class=\"yoast-schema-graph\">{\"@context\":\"https:\/\/schema.org\",\"@graph\":[{\"@type\":\"Article\",\"@id\":\"https:\/\/www.actecir.cat\/es\/daikin-presenta-su-nuevo-showroom-virtual\/#article\",\"isPartOf\":{\"@id\":\"https:\/\/www.actecir.cat\/es\/daikin-presenta-su-nuevo-showroom-virtual\/\"},\"author\":{\"name\":\"Soporte web\",\"@id\":\"https:\/\/www.actecir.cat\/#\/schema\/person\/42edd02f0b1d55e19444428c5d321413\"},\"headline\":\"DAIKIN: presenta su nuevo Showroom Virtual\",\"datePublished\":\"2022-03-31T11:41:00+00:00\",\"dateModified\":\"2023-07-07T14:04:36+00:00\",\"mainEntityOfPage\":{\"@id\":\"https:\/\/www.actecir.cat\/es\/daikin-presenta-su-nuevo-showroom-virtual\/\"},\"wordCount\":330,\"commentCount\":0,\"publisher\":{\"@id\":\"https:\/\/www.actecir.cat\/#organization\"},\"image\":{\"@id\":\"https:\/\/www.actecir.cat\/es\/daikin-presenta-su-nuevo-showroom-virtual\/#primaryimage\"},\"thumbnailUrl\":\"https:\/\/www.actecir.cat\/wp-content\/uploads\/2023\/05\/DAIKIN_SHOWROOM-VIRTUAL_WEB.jpg\",\"articleSection\":[\"Noticias\"],\"inLanguage\":\"es\",\"potentialAction\":[{\"@type\":\"CommentAction\",\"name\":\"Comment\",\"target\":[\"https:\/\/www.actecir.cat\/es\/daikin-presenta-su-nuevo-showroom-virtual\/#respond\"]}]},{\"@type\":\"WebPage\",\"@id\":\"https:\/\/www.actecir.cat\/es\/daikin-presenta-su-nuevo-showroom-virtual\/\",\"url\":\"https:\/\/www.actecir.cat\/es\/daikin-presenta-su-nuevo-showroom-virtual\/\",\"name\":\"DAIKIN: presenta su nuevo Showroom Virtual - Actecir\",\"isPartOf\":{\"@id\":\"https:\/\/www.actecir.cat\/#website\"},\"primaryImageOfPage\":{\"@id\":\"https:\/\/www.actecir.cat\/es\/daikin-presenta-su-nuevo-showroom-virtual\/#primaryimage\"},\"image\":{\"@id\":\"https:\/\/www.actecir.cat\/es\/daikin-presenta-su-nuevo-showroom-virtual\/#primaryimage\"},\"thumbnailUrl\":\"https:\/\/www.actecir.cat\/wp-content\/uploads\/2023\/05\/DAIKIN_SHOWROOM-VIRTUAL_WEB.jpg\",\"datePublished\":\"2022-03-31T11:41:00+00:00\",\"dateModified\":\"2023-07-07T14:04:36+00:00\",\"breadcrumb\":{\"@id\":\"https:\/\/www.actecir.cat\/es\/daikin-presenta-su-nuevo-showroom-virtual\/#breadcrumb\"},\"inLanguage\":\"es\",\"potentialAction\":[{\"@type\":\"ReadAction\",\"target\":[\"https:\/\/www.actecir.cat\/es\/daikin-presenta-su-nuevo-showroom-virtual\/\"]}]},{\"@type\":\"ImageObject\",\"inLanguage\":\"es\",\"@id\":\"https:\/\/www.actecir.cat\/es\/daikin-presenta-su-nuevo-showroom-virtual\/#primaryimage\",\"url\":\"https:\/\/www.actecir.cat\/wp-content\/uploads\/2023\/05\/DAIKIN_SHOWROOM-VIRTUAL_WEB.jpg\",\"contentUrl\":\"https:\/\/www.actecir.cat\/wp-content\/uploads\/2023\/05\/DAIKIN_SHOWROOM-VIRTUAL_WEB.jpg\",\"width\":600,\"height\":400},{\"@type\":\"BreadcrumbList\",\"@id\":\"https:\/\/www.actecir.cat\/es\/daikin-presenta-su-nuevo-showroom-virtual\/#breadcrumb\",\"itemListElement\":[{\"@type\":\"ListItem\",\"position\":1,\"name\":\"Inici\",\"item\":\"https:\/\/www.actecir.cat\/es\/\"},{\"@type\":\"ListItem\",\"position\":2,\"name\":\"DAIKIN: presenta su nuevo Showroom Virtual\"}]},{\"@type\":\"WebSite\",\"@id\":\"https:\/\/www.actecir.cat\/#website\",\"url\":\"https:\/\/www.actecir.cat\/\",\"name\":\"Actecir\",\"description\":\"Associaci\u00f3 Catalana de T\u00e8cnics en Energia, Climatitzaci\u00f3 i Refrigeraci\u00f3\",\"publisher\":{\"@id\":\"https:\/\/www.actecir.cat\/#organization\"},\"potentialAction\":[{\"@type\":\"SearchAction\",\"target\":{\"@type\":\"EntryPoint\",\"urlTemplate\":\"https:\/\/www.actecir.cat\/?s={search_term_string}\"},\"query-input\":{\"@type\":\"PropertyValueSpecification\",\"valueRequired\":true,\"valueName\":\"search_term_string\"}}],\"inLanguage\":\"es\"},{\"@type\":\"Organization\",\"@id\":\"https:\/\/www.actecir.cat\/#organization\",\"name\":\"Actecir\",\"url\":\"https:\/\/www.actecir.cat\/\",\"logo\":{\"@type\":\"ImageObject\",\"inLanguage\":\"es\",\"@id\":\"https:\/\/www.actecir.cat\/#\/schema\/logo\/image\/\",\"url\":\"https:\/\/www.actecir.cat\/wp-content\/uploads\/2023\/04\/cropped-logo_actecir_60_alto.png\",\"contentUrl\":\"https:\/\/www.actecir.cat\/wp-content\/uploads\/2023\/04\/cropped-logo_actecir_60_alto.png\",\"width\":283,\"height\":80,\"caption\":\"Actecir\"},\"image\":{\"@id\":\"https:\/\/www.actecir.cat\/#\/schema\/logo\/image\/\"},\"sameAs\":[\"https:\/\/x.com\/actecir\",\"https:\/\/www.linkedin.com\/company\/actecir\"]},{\"@type\":\"Person\",\"@id\":\"https:\/\/www.actecir.cat\/#\/schema\/person\/42edd02f0b1d55e19444428c5d321413\",\"name\":\"Soporte web\",\"sameAs\":[\"https:\/\/www.actecir.cat\"],\"url\":\"https:\/\/www.actecir.cat\/es\/author\/maensystems\/\"}]}<\/script>\n<!-- \/ Yoast SEO plugin. -->","yoast_head_json":{"title":"DAIKIN: presenta su nuevo Showroom Virtual - Actecir","robots":{"index":"index","follow":"follow","max-snippet":"max-snippet:-1","max-image-preview":"max-image-preview:large","max-video-preview":"max-video-preview:-1"},"canonical":"https:\/\/www.actecir.cat\/es\/daikin-presenta-su-nuevo-showroom-virtual\/","og_locale":"es_ES","og_type":"article","og_title":"DAIKIN: presenta su nuevo Showroom Virtual - Actecir","og_description":"Nuevo Showroom Virtual DAIKIN","og_url":"https:\/\/www.actecir.cat\/es\/daikin-presenta-su-nuevo-showroom-virtual\/","og_site_name":"Actecir","article_published_time":"2022-03-31T11:41:00+00:00","article_modified_time":"2023-07-07T14:04:36+00:00","og_image":[{"width":600,"height":400,"url":"https:\/\/www.actecir.cat\/wp-content\/uploads\/2023\/05\/DAIKIN_SHOWROOM-VIRTUAL_WEB.jpg","type":"image\/jpeg"}],"author":"Soporte web","twitter_card":"summary_large_image","twitter_creator":"@actecir","twitter_site":"@actecir","twitter_misc":{"Escrito por":"Soporte web","Tiempo de lectura":"2 minutos"},"schema":{"@context":"https:\/\/schema.org","@graph":[{"@type":"Article","@id":"https:\/\/www.actecir.cat\/es\/daikin-presenta-su-nuevo-showroom-virtual\/#article","isPartOf":{"@id":"https:\/\/www.actecir.cat\/es\/daikin-presenta-su-nuevo-showroom-virtual\/"},"author":{"name":"Soporte web","@id":"https:\/\/www.actecir.cat\/#\/schema\/person\/42edd02f0b1d55e19444428c5d321413"},"headline":"DAIKIN: presenta su nuevo Showroom Virtual","datePublished":"2022-03-31T11:41:00+00:00","dateModified":"2023-07-07T14:04:36+00:00","mainEntityOfPage":{"@id":"https:\/\/www.actecir.cat\/es\/daikin-presenta-su-nuevo-showroom-virtual\/"},"wordCount":330,"commentCount":0,"publisher":{"@id":"https:\/\/www.actecir.cat\/#organization"},"image":{"@id":"https:\/\/www.actecir.cat\/es\/daikin-presenta-su-nuevo-showroom-virtual\/#primaryimage"},"thumbnailUrl":"https:\/\/www.actecir.cat\/wp-content\/uploads\/2023\/05\/DAIKIN_SHOWROOM-VIRTUAL_WEB.jpg","articleSection":["Noticias"],"inLanguage":"es","potentialAction":[{"@type":"CommentAction","name":"Comment","target":["https:\/\/www.actecir.cat\/es\/daikin-presenta-su-nuevo-showroom-virtual\/#respond"]}]},{"@type":"WebPage","@id":"https:\/\/www.actecir.cat\/es\/daikin-presenta-su-nuevo-showroom-virtual\/","url":"https:\/\/www.actecir.cat\/es\/daikin-presenta-su-nuevo-showroom-virtual\/","name":"DAIKIN: presenta su nuevo Showroom Virtual - Actecir","isPartOf":{"@id":"https:\/\/www.actecir.cat\/#website"},"primaryImageOfPage":{"@id":"https:\/\/www.actecir.cat\/es\/daikin-presenta-su-nuevo-showroom-virtual\/#primaryimage"},"image":{"@id":"https:\/\/www.actecir.cat\/es\/daikin-presenta-su-nuevo-showroom-virtual\/#primaryimage"},"thumbnailUrl":"https:\/\/www.actecir.cat\/wp-content\/uploads\/2023\/05\/DAIKIN_SHOWROOM-VIRTUAL_WEB.jpg","datePublished":"2022-03-31T11:41:00+00:00","dateModified":"2023-07-07T14:04:36+00:00","breadcrumb":{"@id":"https:\/\/www.actecir.cat\/es\/daikin-presenta-su-nuevo-showroom-virtual\/#breadcrumb"},"inLanguage":"es","potentialAction":[{"@type":"ReadAction","target":["https:\/\/www.actecir.cat\/es\/daikin-presenta-su-nuevo-showroom-virtual\/"]}]},{"@type":"ImageObject","inLanguage":"es","@id":"https:\/\/www.actecir.cat\/es\/daikin-presenta-su-nuevo-showroom-virtual\/#primaryimage","url":"https:\/\/www.actecir.cat\/wp-content\/uploads\/2023\/05\/DAIKIN_SHOWROOM-VIRTUAL_WEB.jpg","contentUrl":"https:\/\/www.actecir.cat\/wp-content\/uploads\/2023\/05\/DAIKIN_SHOWROOM-VIRTUAL_WEB.jpg","width":600,"height":400},{"@type":"BreadcrumbList","@id":"https:\/\/www.actecir.cat\/es\/daikin-presenta-su-nuevo-showroom-virtual\/#breadcrumb","itemListElement":[{"@type":"ListItem","position":1,"name":"Inici","item":"https:\/\/www.actecir.cat\/es\/"},{"@type":"ListItem","position":2,"name":"DAIKIN: presenta su nuevo Showroom Virtual"}]},{"@type":"WebSite","@id":"https:\/\/www.actecir.cat\/#website","url":"https:\/\/www.actecir.cat\/","name":"Actecir","description":"Associaci\u00f3 Catalana de T\u00e8cnics en Energia, Climatitzaci\u00f3 i Refrigeraci\u00f3","publisher":{"@id":"https:\/\/www.actecir.cat\/#organization"},"potentialAction":[{"@type":"SearchAction","target":{"@type":"EntryPoint","urlTemplate":"https:\/\/www.actecir.cat\/?s={search_term_string}"},"query-input":{"@type":"PropertyValueSpecification","valueRequired":true,"valueName":"search_term_string"}}],"inLanguage":"es"},{"@type":"Organization","@id":"https:\/\/www.actecir.cat\/#organization","name":"Actecir","url":"https:\/\/www.actecir.cat\/","logo":{"@type":"ImageObject","inLanguage":"es","@id":"https:\/\/www.actecir.cat\/#\/schema\/logo\/image\/","url":"https:\/\/www.actecir.cat\/wp-content\/uploads\/2023\/04\/cropped-logo_actecir_60_alto.png","contentUrl":"https:\/\/www.actecir.cat\/wp-content\/uploads\/2023\/04\/cropped-logo_actecir_60_alto.png","width":283,"height":80,"caption":"Actecir"},"image":{"@id":"https:\/\/www.actecir.cat\/#\/schema\/logo\/image\/"},"sameAs":["https:\/\/x.com\/actecir","https:\/\/www.linkedin.com\/company\/actecir"]},{"@type":"Person","@id":"https:\/\/www.actecir.cat\/#\/schema\/person\/42edd02f0b1d55e19444428c5d321413","name":"Soporte web","sameAs":["https:\/\/www.actecir.cat"],"url":"https:\/\/www.actecir.cat\/es\/author\/maensystems\/"}]}},"_links":{"self":[{"href":"https:\/\/www.actecir.cat\/es\/wp-json\/wp\/v2\/posts\/4719","targetHints":{"allow":["GET"]}}],"collection":[{"href":"https:\/\/www.actecir.cat\/es\/wp-json\/wp\/v2\/posts"}],"about":[{"href":"https:\/\/www.actecir.cat\/es\/wp-json\/wp\/v2\/types\/post"}],"author":[{"embeddable":true,"href":"https:\/\/www.actecir.cat\/es\/wp-json\/wp\/v2\/users\/1"}],"replies":[{"embeddable":true,"href":"https:\/\/www.actecir.cat\/es\/wp-json\/wp\/v2\/comments?post=4719"}],"version-history":[{"count":2,"href":"https:\/\/www.actecir.cat\/es\/wp-json\/wp\/v2\/posts\/4719\/revisions"}],"predecessor-version":[{"id":11479,"href":"https:\/\/www.actecir.cat\/es\/wp-json\/wp\/v2\/posts\/4719\/revisions\/11479"}],"wp:featuredmedia":[{"embeddable":true,"href":"https:\/\/www.actecir.cat\/es\/wp-json\/wp\/v2\/media\/4717"}],"wp:attachment":[{"href":"https:\/\/www.actecir.cat\/es\/wp-json\/wp\/v2\/media?parent=4719"}],"wp:term":[{"taxonomy":"category","embeddable":true,"href":"https:\/\/www.actecir.cat\/es\/wp-json\/wp\/v2\/categories?post=4719"},{"taxonomy":"post_tag","embeddable":true,"href":"https:\/\/www.actecir.cat\/es\/wp-json\/wp\/v2\/tags?post=4719"}],"curies":[{"name":"wp","href":"https:\/\/api.w.org\/{rel}","templated":true}]}}