{"id":4747,"date":"2022-03-17T14:10:00","date_gmt":"2022-03-17T13:10:00","guid":{"rendered":"https:\/\/www.actecir.cat\/?p=4747"},"modified":"2023-07-07T16:04:39","modified_gmt":"2023-07-07T14:04:39","slug":"jornada-tecnica-de-hitachi-cooling-heating","status":"publish","type":"post","link":"https:\/\/www.actecir.cat\/es\/jornada-tecnica-de-hitachi-cooling-heating\/","title":{"rendered":"Jornada t\u00e9cnica de Hitachi Cooling &amp; Heating"},"content":{"rendered":"\n<p>Fecha: 22 marzo a las 18:00 horas<\/p>\n\n\n\n<p><strong>Jornada t\u00e9cnica de Hitachi Cooling &amp; Heating sobre &#8220;Dise\u00f1o de proyectos de aerotermia con lo \u00faltimo en fotovoltaica&#8221;<\/strong><\/p>\n\n\n\n<p>El pr\u00f3ximo 22 de marzo, Hitachi Cooling &amp; Heating en colaboraci\u00f3n con&nbsp;<a href=\"https:\/\/amaranzero.es\/\">Amara-e<\/a>&nbsp;celebrar\u00e1n una&nbsp;<strong>jornada t\u00e9cnica sobre &#8220;Dise\u00f1o de proyectos de aerotermia Hitachi con lo \u00faltimo en fotovoltaica&#8221;<\/strong>. El evento ser\u00e1 en &nbsp;formato presencial en el&nbsp;<strong>espacio MATCOAM<\/strong>&nbsp;del Colegio Oficial de Arquitectos de Madrid y tambi\u00e9n se podr\u00e1 seguir en streaming el d\u00eda del evento en este&nbsp;<a href=\"https:\/\/matcoam.coam.org\/es\/materiales-construccion\/actividades\/jornada-tecnica-aerotermia-hitachi\">link.<\/a><\/p>\n\n\n\n<p>Durante la jornada se presentar\u00e1 c\u00f3mo dise\u00f1ar un proyecto de aerotermia con las \u00faltimas innovaciones en fotovoltaica y se mostrar\u00e1n tres ejemplos de&nbsp;<strong>soluciones de m\u00e1xima eficiencia y autoconsumo.<\/strong><\/p>\n\n\n\n<p><strong><em>\u201cEn la actualidad, el concepto de energ\u00edas renovables est\u00e1 muy extendido, tanto a nivel empresarial como de usuario. Y, a pesar de que todos conocemos sus ventajas por separado, es evidente que la combinaci\u00f3n de ambas energ\u00edas multiplica sus beneficios, convirti\u00e9ndose en un gran ejemplo de autonom\u00eda en la generaci\u00f3n de energ\u00eda\u201d.<\/em><\/strong><\/p>\n\n\n\n<p>En esta ocasi\u00f3n, a trav\u00e9s de diferentes ejemplos que combinan los sistemas de&nbsp;<a href=\"https:\/\/www.hitachiaircon.com\/es\/gamas\/aerotermia\">aerotermia Yutaki de Hitachi<\/a>&nbsp;con instalaciones fotovoltaicas veremos c\u00f3mo es posible aprovechar las ventajas que ambos ofrecen de manera conjunta para maximizar tanto la eficiencia energ\u00e9tica como el rendimiento del sistema, convirtiendo esta combinaci\u00f3n en una soluci\u00f3n 100% renovable y de autoconsumo.<\/p>\n\n\n\n<p><strong>Ponentes de la jornada t\u00e9cnica sobre aerotermia Hitachi y fotovoltaica<\/strong><\/p>\n\n\n\n<ul class=\"wp-block-list\">\n<li><strong>Juli\u00e1n Alc\u00f3n<\/strong>&nbsp;&#8211; Specification Engineer en Johnson Controls Hitachi<\/li>\n\n\n\n<li><strong>Jean Franc\u00e7ois Picard<\/strong>&nbsp;&#8211; Product and Training Manager e-solar distribution AMARA-e<\/li>\n<\/ul>\n\n\n\n<p><strong>Fecha y lugar del evento<\/strong><\/p>\n\n\n\n<p>Esta sesi\u00f3n tendr\u00e1 lugar el&nbsp;<strong>martes&nbsp;22 de marzo&nbsp;de&nbsp;18:00 a 19:15&nbsp;de la tarde, en la 3\u00aa Planta del departamento de edificaci\u00f3n del Colegio Oficial de Arquitectos de Madrid \u2013 COAM.<\/strong><\/p>\n\n\n\n<p>La jornada, de car\u00e1cter gratuito, tendr\u00e1 un aforo limitado, siendo necesaria la&nbsp;<strong>inscripci\u00f3n previa<\/strong>. Todos aquellos que est\u00e9n interesados en asistir a la jornada de forma presencial o virtual pueden inscribirse a trav\u00e9s de la web de MATCOAM o en este enlace:<\/p>\n\n\n\n<p><a href=\"https:\/\/matcoam.coam.org\/es\/materiales-construccion\/actividades\/jornada-tecnica-aerotermia-hitachi\">https:\/\/materiales.coam.org\/es\/materiales-construccion\/actividades\/jornada-tecnica-aerotermia-hitachi<\/a><\/p>\n\n\n\n<p>Tambi\u00e9n se podr\u00e1 seguir de forma virtual el d\u00eda del evento en el mismo link.<\/p>\n\n\n\n<div style=\"height:47px\" aria-hidden=\"true\" class=\"wp-block-spacer\"><\/div>\n\n\n\n<figure class=\"wp-block-image size-full\"><img fetchpriority=\"high\" decoding=\"async\" width=\"600\" height=\"400\" src=\"https:\/\/www.actecir.cat\/wp-content\/uploads\/2023\/05\/hitachi_web.jpg\" alt=\"\" class=\"wp-image-4745\" srcset=\"https:\/\/www.actecir.cat\/wp-content\/uploads\/2023\/05\/hitachi_web.jpg 600w, https:\/\/www.actecir.cat\/wp-content\/uploads\/2023\/05\/hitachi_web-300x200.jpg 300w\" sizes=\"(max-width: 600px) 100vw, 600px\" \/><\/figure>\n","protected":false},"excerpt":{"rendered":"<p>Fecha: 22 marzo a las 18:00 horas<\/p>\n","protected":false},"author":1,"featured_media":4745,"comment_status":"open","ping_status":"open","sticky":false,"template":"","format":"standard","meta":{"footnotes":""},"categories":[25],"tags":[],"class_list":["post-4747","post","type-post","status-publish","format-standard","has-post-thumbnail","hentry","category-noticias"],"yoast_head":"<!-- This site is optimized with the Yoast SEO plugin v27.2 - https:\/\/yoast.com\/product\/yoast-seo-wordpress\/ -->\n<title>Jornada t\u00e9cnica de Hitachi Cooling &amp; Heating - Actecir<\/title>\n<meta name=\"robots\" content=\"index, follow, max-snippet:-1, max-image-preview:large, max-video-preview:-1\" \/>\n<link rel=\"canonical\" href=\"https:\/\/www.actecir.cat\/es\/jornada-tecnica-de-hitachi-cooling-heating\/\" \/>\n<meta property=\"og:locale\" content=\"es_ES\" \/>\n<meta property=\"og:type\" content=\"article\" \/>\n<meta property=\"og:title\" content=\"Jornada t\u00e9cnica de Hitachi Cooling &amp; Heating - Actecir\" \/>\n<meta property=\"og:description\" content=\"Fecha: 22 marzo a las 18:00 horas\" \/>\n<meta property=\"og:url\" content=\"https:\/\/www.actecir.cat\/es\/jornada-tecnica-de-hitachi-cooling-heating\/\" \/>\n<meta property=\"og:site_name\" content=\"Actecir\" \/>\n<meta property=\"article:published_time\" content=\"2022-03-17T13:10:00+00:00\" \/>\n<meta property=\"article:modified_time\" content=\"2023-07-07T14:04:39+00:00\" \/>\n<meta property=\"og:image\" content=\"https:\/\/www.actecir.cat\/wp-content\/uploads\/2023\/05\/hitachi_web.jpg\" \/>\n\t<meta property=\"og:image:width\" content=\"600\" \/>\n\t<meta property=\"og:image:height\" content=\"400\" \/>\n\t<meta property=\"og:image:type\" content=\"image\/jpeg\" \/>\n<meta name=\"author\" content=\"Soporte web\" \/>\n<meta name=\"twitter:card\" content=\"summary_large_image\" \/>\n<meta name=\"twitter:creator\" content=\"@actecir\" \/>\n<meta name=\"twitter:site\" content=\"@actecir\" \/>\n<meta name=\"twitter:label1\" content=\"Escrito por\" \/>\n\t<meta name=\"twitter:data1\" content=\"Soporte web\" \/>\n\t<meta name=\"twitter:label2\" content=\"Tiempo de lectura\" \/>\n\t<meta name=\"twitter:data2\" content=\"2 minutos\" \/>\n<script type=\"application\/ld+json\" class=\"yoast-schema-graph\">{\"@context\":\"https:\/\/schema.org\",\"@graph\":[{\"@type\":\"Article\",\"@id\":\"https:\/\/www.actecir.cat\/es\/jornada-tecnica-de-hitachi-cooling-heating\/#article\",\"isPartOf\":{\"@id\":\"https:\/\/www.actecir.cat\/es\/jornada-tecnica-de-hitachi-cooling-heating\/\"},\"author\":{\"name\":\"Soporte web\",\"@id\":\"https:\/\/www.actecir.cat\/#\/schema\/person\/42edd02f0b1d55e19444428c5d321413\"},\"headline\":\"Jornada t\u00e9cnica de Hitachi Cooling &amp; Heating\",\"datePublished\":\"2022-03-17T13:10:00+00:00\",\"dateModified\":\"2023-07-07T14:04:39+00:00\",\"mainEntityOfPage\":{\"@id\":\"https:\/\/www.actecir.cat\/es\/jornada-tecnica-de-hitachi-cooling-heating\/\"},\"wordCount\":409,\"commentCount\":0,\"publisher\":{\"@id\":\"https:\/\/www.actecir.cat\/#organization\"},\"image\":{\"@id\":\"https:\/\/www.actecir.cat\/es\/jornada-tecnica-de-hitachi-cooling-heating\/#primaryimage\"},\"thumbnailUrl\":\"https:\/\/www.actecir.cat\/wp-content\/uploads\/2023\/05\/hitachi_web.jpg\",\"articleSection\":[\"Noticias\"],\"inLanguage\":\"es\",\"potentialAction\":[{\"@type\":\"CommentAction\",\"name\":\"Comment\",\"target\":[\"https:\/\/www.actecir.cat\/es\/jornada-tecnica-de-hitachi-cooling-heating\/#respond\"]}]},{\"@type\":\"WebPage\",\"@id\":\"https:\/\/www.actecir.cat\/es\/jornada-tecnica-de-hitachi-cooling-heating\/\",\"url\":\"https:\/\/www.actecir.cat\/es\/jornada-tecnica-de-hitachi-cooling-heating\/\",\"name\":\"Jornada t\u00e9cnica de Hitachi Cooling &amp; Heating - Actecir\",\"isPartOf\":{\"@id\":\"https:\/\/www.actecir.cat\/#website\"},\"primaryImageOfPage\":{\"@id\":\"https:\/\/www.actecir.cat\/es\/jornada-tecnica-de-hitachi-cooling-heating\/#primaryimage\"},\"image\":{\"@id\":\"https:\/\/www.actecir.cat\/es\/jornada-tecnica-de-hitachi-cooling-heating\/#primaryimage\"},\"thumbnailUrl\":\"https:\/\/www.actecir.cat\/wp-content\/uploads\/2023\/05\/hitachi_web.jpg\",\"datePublished\":\"2022-03-17T13:10:00+00:00\",\"dateModified\":\"2023-07-07T14:04:39+00:00\",\"breadcrumb\":{\"@id\":\"https:\/\/www.actecir.cat\/es\/jornada-tecnica-de-hitachi-cooling-heating\/#breadcrumb\"},\"inLanguage\":\"es\",\"potentialAction\":[{\"@type\":\"ReadAction\",\"target\":[\"https:\/\/www.actecir.cat\/es\/jornada-tecnica-de-hitachi-cooling-heating\/\"]}]},{\"@type\":\"ImageObject\",\"inLanguage\":\"es\",\"@id\":\"https:\/\/www.actecir.cat\/es\/jornada-tecnica-de-hitachi-cooling-heating\/#primaryimage\",\"url\":\"https:\/\/www.actecir.cat\/wp-content\/uploads\/2023\/05\/hitachi_web.jpg\",\"contentUrl\":\"https:\/\/www.actecir.cat\/wp-content\/uploads\/2023\/05\/hitachi_web.jpg\",\"width\":600,\"height\":400},{\"@type\":\"BreadcrumbList\",\"@id\":\"https:\/\/www.actecir.cat\/es\/jornada-tecnica-de-hitachi-cooling-heating\/#breadcrumb\",\"itemListElement\":[{\"@type\":\"ListItem\",\"position\":1,\"name\":\"Inici\",\"item\":\"https:\/\/www.actecir.cat\/es\/\"},{\"@type\":\"ListItem\",\"position\":2,\"name\":\"Jornada t\u00e9cnica de Hitachi Cooling &amp; Heating\"}]},{\"@type\":\"WebSite\",\"@id\":\"https:\/\/www.actecir.cat\/#website\",\"url\":\"https:\/\/www.actecir.cat\/\",\"name\":\"Actecir\",\"description\":\"Associaci\u00f3 Catalana de T\u00e8cnics en Energia, Climatitzaci\u00f3 i Refrigeraci\u00f3\",\"publisher\":{\"@id\":\"https:\/\/www.actecir.cat\/#organization\"},\"potentialAction\":[{\"@type\":\"SearchAction\",\"target\":{\"@type\":\"EntryPoint\",\"urlTemplate\":\"https:\/\/www.actecir.cat\/?s={search_term_string}\"},\"query-input\":{\"@type\":\"PropertyValueSpecification\",\"valueRequired\":true,\"valueName\":\"search_term_string\"}}],\"inLanguage\":\"es\"},{\"@type\":\"Organization\",\"@id\":\"https:\/\/www.actecir.cat\/#organization\",\"name\":\"Actecir\",\"url\":\"https:\/\/www.actecir.cat\/\",\"logo\":{\"@type\":\"ImageObject\",\"inLanguage\":\"es\",\"@id\":\"https:\/\/www.actecir.cat\/#\/schema\/logo\/image\/\",\"url\":\"https:\/\/www.actecir.cat\/wp-content\/uploads\/2023\/04\/cropped-logo_actecir_60_alto.png\",\"contentUrl\":\"https:\/\/www.actecir.cat\/wp-content\/uploads\/2023\/04\/cropped-logo_actecir_60_alto.png\",\"width\":283,\"height\":80,\"caption\":\"Actecir\"},\"image\":{\"@id\":\"https:\/\/www.actecir.cat\/#\/schema\/logo\/image\/\"},\"sameAs\":[\"https:\/\/x.com\/actecir\",\"https:\/\/www.linkedin.com\/company\/actecir\"]},{\"@type\":\"Person\",\"@id\":\"https:\/\/www.actecir.cat\/#\/schema\/person\/42edd02f0b1d55e19444428c5d321413\",\"name\":\"Soporte web\",\"sameAs\":[\"https:\/\/www.actecir.cat\"],\"url\":\"https:\/\/www.actecir.cat\/es\/author\/maensystems\/\"}]}<\/script>\n<!-- \/ Yoast SEO plugin. -->","yoast_head_json":{"title":"Jornada t\u00e9cnica de Hitachi Cooling &amp; Heating - Actecir","robots":{"index":"index","follow":"follow","max-snippet":"max-snippet:-1","max-image-preview":"max-image-preview:large","max-video-preview":"max-video-preview:-1"},"canonical":"https:\/\/www.actecir.cat\/es\/jornada-tecnica-de-hitachi-cooling-heating\/","og_locale":"es_ES","og_type":"article","og_title":"Jornada t\u00e9cnica de Hitachi Cooling &amp; Heating - Actecir","og_description":"Fecha: 22 marzo a las 18:00 horas","og_url":"https:\/\/www.actecir.cat\/es\/jornada-tecnica-de-hitachi-cooling-heating\/","og_site_name":"Actecir","article_published_time":"2022-03-17T13:10:00+00:00","article_modified_time":"2023-07-07T14:04:39+00:00","og_image":[{"width":600,"height":400,"url":"https:\/\/www.actecir.cat\/wp-content\/uploads\/2023\/05\/hitachi_web.jpg","type":"image\/jpeg"}],"author":"Soporte web","twitter_card":"summary_large_image","twitter_creator":"@actecir","twitter_site":"@actecir","twitter_misc":{"Escrito por":"Soporte web","Tiempo de lectura":"2 minutos"},"schema":{"@context":"https:\/\/schema.org","@graph":[{"@type":"Article","@id":"https:\/\/www.actecir.cat\/es\/jornada-tecnica-de-hitachi-cooling-heating\/#article","isPartOf":{"@id":"https:\/\/www.actecir.cat\/es\/jornada-tecnica-de-hitachi-cooling-heating\/"},"author":{"name":"Soporte web","@id":"https:\/\/www.actecir.cat\/#\/schema\/person\/42edd02f0b1d55e19444428c5d321413"},"headline":"Jornada t\u00e9cnica de Hitachi Cooling &amp; Heating","datePublished":"2022-03-17T13:10:00+00:00","dateModified":"2023-07-07T14:04:39+00:00","mainEntityOfPage":{"@id":"https:\/\/www.actecir.cat\/es\/jornada-tecnica-de-hitachi-cooling-heating\/"},"wordCount":409,"commentCount":0,"publisher":{"@id":"https:\/\/www.actecir.cat\/#organization"},"image":{"@id":"https:\/\/www.actecir.cat\/es\/jornada-tecnica-de-hitachi-cooling-heating\/#primaryimage"},"thumbnailUrl":"https:\/\/www.actecir.cat\/wp-content\/uploads\/2023\/05\/hitachi_web.jpg","articleSection":["Noticias"],"inLanguage":"es","potentialAction":[{"@type":"CommentAction","name":"Comment","target":["https:\/\/www.actecir.cat\/es\/jornada-tecnica-de-hitachi-cooling-heating\/#respond"]}]},{"@type":"WebPage","@id":"https:\/\/www.actecir.cat\/es\/jornada-tecnica-de-hitachi-cooling-heating\/","url":"https:\/\/www.actecir.cat\/es\/jornada-tecnica-de-hitachi-cooling-heating\/","name":"Jornada t\u00e9cnica de Hitachi Cooling &amp; Heating - Actecir","isPartOf":{"@id":"https:\/\/www.actecir.cat\/#website"},"primaryImageOfPage":{"@id":"https:\/\/www.actecir.cat\/es\/jornada-tecnica-de-hitachi-cooling-heating\/#primaryimage"},"image":{"@id":"https:\/\/www.actecir.cat\/es\/jornada-tecnica-de-hitachi-cooling-heating\/#primaryimage"},"thumbnailUrl":"https:\/\/www.actecir.cat\/wp-content\/uploads\/2023\/05\/hitachi_web.jpg","datePublished":"2022-03-17T13:10:00+00:00","dateModified":"2023-07-07T14:04:39+00:00","breadcrumb":{"@id":"https:\/\/www.actecir.cat\/es\/jornada-tecnica-de-hitachi-cooling-heating\/#breadcrumb"},"inLanguage":"es","potentialAction":[{"@type":"ReadAction","target":["https:\/\/www.actecir.cat\/es\/jornada-tecnica-de-hitachi-cooling-heating\/"]}]},{"@type":"ImageObject","inLanguage":"es","@id":"https:\/\/www.actecir.cat\/es\/jornada-tecnica-de-hitachi-cooling-heating\/#primaryimage","url":"https:\/\/www.actecir.cat\/wp-content\/uploads\/2023\/05\/hitachi_web.jpg","contentUrl":"https:\/\/www.actecir.cat\/wp-content\/uploads\/2023\/05\/hitachi_web.jpg","width":600,"height":400},{"@type":"BreadcrumbList","@id":"https:\/\/www.actecir.cat\/es\/jornada-tecnica-de-hitachi-cooling-heating\/#breadcrumb","itemListElement":[{"@type":"ListItem","position":1,"name":"Inici","item":"https:\/\/www.actecir.cat\/es\/"},{"@type":"ListItem","position":2,"name":"Jornada t\u00e9cnica de Hitachi Cooling &amp; Heating"}]},{"@type":"WebSite","@id":"https:\/\/www.actecir.cat\/#website","url":"https:\/\/www.actecir.cat\/","name":"Actecir","description":"Associaci\u00f3 Catalana de T\u00e8cnics en Energia, Climatitzaci\u00f3 i Refrigeraci\u00f3","publisher":{"@id":"https:\/\/www.actecir.cat\/#organization"},"potentialAction":[{"@type":"SearchAction","target":{"@type":"EntryPoint","urlTemplate":"https:\/\/www.actecir.cat\/?s={search_term_string}"},"query-input":{"@type":"PropertyValueSpecification","valueRequired":true,"valueName":"search_term_string"}}],"inLanguage":"es"},{"@type":"Organization","@id":"https:\/\/www.actecir.cat\/#organization","name":"Actecir","url":"https:\/\/www.actecir.cat\/","logo":{"@type":"ImageObject","inLanguage":"es","@id":"https:\/\/www.actecir.cat\/#\/schema\/logo\/image\/","url":"https:\/\/www.actecir.cat\/wp-content\/uploads\/2023\/04\/cropped-logo_actecir_60_alto.png","contentUrl":"https:\/\/www.actecir.cat\/wp-content\/uploads\/2023\/04\/cropped-logo_actecir_60_alto.png","width":283,"height":80,"caption":"Actecir"},"image":{"@id":"https:\/\/www.actecir.cat\/#\/schema\/logo\/image\/"},"sameAs":["https:\/\/x.com\/actecir","https:\/\/www.linkedin.com\/company\/actecir"]},{"@type":"Person","@id":"https:\/\/www.actecir.cat\/#\/schema\/person\/42edd02f0b1d55e19444428c5d321413","name":"Soporte web","sameAs":["https:\/\/www.actecir.cat"],"url":"https:\/\/www.actecir.cat\/es\/author\/maensystems\/"}]}},"_links":{"self":[{"href":"https:\/\/www.actecir.cat\/es\/wp-json\/wp\/v2\/posts\/4747","targetHints":{"allow":["GET"]}}],"collection":[{"href":"https:\/\/www.actecir.cat\/es\/wp-json\/wp\/v2\/posts"}],"about":[{"href":"https:\/\/www.actecir.cat\/es\/wp-json\/wp\/v2\/types\/post"}],"author":[{"embeddable":true,"href":"https:\/\/www.actecir.cat\/es\/wp-json\/wp\/v2\/users\/1"}],"replies":[{"embeddable":true,"href":"https:\/\/www.actecir.cat\/es\/wp-json\/wp\/v2\/comments?post=4747"}],"version-history":[{"count":4,"href":"https:\/\/www.actecir.cat\/es\/wp-json\/wp\/v2\/posts\/4747\/revisions"}],"predecessor-version":[{"id":11497,"href":"https:\/\/www.actecir.cat\/es\/wp-json\/wp\/v2\/posts\/4747\/revisions\/11497"}],"wp:featuredmedia":[{"embeddable":true,"href":"https:\/\/www.actecir.cat\/es\/wp-json\/wp\/v2\/media\/4745"}],"wp:attachment":[{"href":"https:\/\/www.actecir.cat\/es\/wp-json\/wp\/v2\/media?parent=4747"}],"wp:term":[{"taxonomy":"category","embeddable":true,"href":"https:\/\/www.actecir.cat\/es\/wp-json\/wp\/v2\/categories?post=4747"},{"taxonomy":"post_tag","embeddable":true,"href":"https:\/\/www.actecir.cat\/es\/wp-json\/wp\/v2\/tags?post=4747"}],"curies":[{"name":"wp","href":"https:\/\/api.w.org\/{rel}","templated":true}]}}