{"id":4801,"date":"2022-03-02T14:55:00","date_gmt":"2022-03-02T14:55:00","guid":{"rendered":"https:\/\/www.actecir.cat\/?p=4801"},"modified":"2023-05-02T14:58:03","modified_gmt":"2023-05-02T14:58:03","slug":"daikin-lanza-su-nueva-tarifa-2022","status":"publish","type":"post","link":"https:\/\/www.actecir.cat\/es\/daikin-lanza-su-nueva-tarifa-2022\/","title":{"rendered":"Daikin lanza su nueva tarifa 2022"},"content":{"rendered":"\n<p>Nueva Tarifa Daikin 2022<\/p>\n\n\n\n<p><strong>Daikin lanza su nueva tarifa de precios para 2022<\/strong><\/p>\n\n\n\n<p><strong>En este cat\u00e1logo se incluyen las \u00faltimas novedades en purificadores de aire, sistemas Multi+ con ACS y R-32, la nueva gama VRV 5 Recuperaci\u00f3n de calor con R-32 y nuevas enfriadoras, fan coils y climatizadores<\/strong><\/p>\n\n\n\n<p><strong>&nbsp;<\/strong>Daikin, compa\u00f1\u00eda l\u00edder del sector de la climatizaci\u00f3n, presenta su nueva tarifa de precios para 2022, con vigencia desde el 1 de abril. Este cat\u00e1logo, especialmente dirigido a los profesionales del sector, tiene como objetivo dar a conocer las principales novedades de producto. Adem\u00e1s, este a\u00f1o, Daikin ampl\u00eda su gama de&nbsp;<strong>productos con refrigerante R-32,<\/strong>&nbsp;incluye novedades en&nbsp;<strong>purificadores de aire<\/strong>&nbsp;y la ampliaci\u00f3n de su programa econom\u00eda circular&nbsp;<strong>Loop by Daikin&nbsp;<\/strong>al segmento de enfriadoras.<\/p>\n\n\n\n<p>Entre las novedades m\u00e1s destacadas de la Tarifa de Precios Abril 2022 encontramos:<\/p>\n\n\n\n<p><strong><em>Dom\u00e9stico \u2013 Split \/ Multi Split<\/em><\/strong><\/p>\n\n\n\n<ul class=\"wp-block-list\">\n<li><strong>Unidades Multi + ACS con R-32:&nbsp;<\/strong>permite<strong>&nbsp;conectar hasta 3 unidades interiores y un dep\u00f3sito de ACS a una sola unidad exterior<\/strong>. Dep\u00f3sito ACS disponible en 90 y 120 litros. Perfectas para aplicaci\u00f3n residencial.<\/li>\n<\/ul>\n\n\n\n<ul class=\"wp-block-list\">\n<li><strong>Unidades exteriores multi MXM-A:&nbsp;<\/strong>nuevo dise\u00f1o de rejilla en color blanco. Toda la gama completa disponible en 2, 3, 4 y 5 puertos.<\/li>\n\n\n\n<li><strong>Purificadores de aire MC30Y:&nbsp;<\/strong>los nuevos purificadores de aire Daikin cuentan con la habitual tecnolog\u00eda Flash Streamer, ya presente en sus predecesores.<br>Los Filtros HEPA electrost\u00e1ticos tambi\u00e9n forman parte de su estructura, garantizando hasta 10 a\u00f1os sin cambio de filtros. Muy compactos.<\/li>\n<\/ul>\n\n\n\n<p><strong>&nbsp;<\/strong><strong><em>Ventilaci\u00f3n<\/em><\/strong><\/p>\n\n\n\n<ul class=\"wp-block-list\">\n<li><strong>M\u00f3dulo DX de Expansi\u00f3n Directa para tratamiento de aire EKVDX-A:&nbsp;<\/strong>combinable con recuperadores ent\u00e1lpicos VAM-J8 para un tratamiento t\u00e9rmico despu\u00e9s de la recuperaci\u00f3n.<\/li>\n<\/ul>\n\n\n\n<p><strong><em>&nbsp;<\/em><\/strong><strong><em>VRV<\/em><\/strong><\/p>\n\n\n\n<ul class=\"wp-block-list\">\n<li><strong>Unidades VRV 5 Recuperaci\u00f3n de Calor con R-32 con tecnolog\u00eda Shirudo&nbsp;<\/strong>(flexibilidad en el dise\u00f1o e instalaci\u00f3n gracias a su sensor de fugas incluido de serie). Se ampl\u00eda la gama de unidades interiores con modelos de cassette (FXUA-A), conductos alta presi\u00f3n (FXMA-A) y horizontales de techo (FXHA-A) con nuevas potencias.<\/li>\n<\/ul>\n\n\n\n<p><strong><em>Enfriadoras<\/em><\/strong><\/p>\n\n\n\n<ul class=\"wp-block-list\">\n<li><strong>Enfriadoras Small Inverter con R32 EW(A)(Y)T-CZ solo fr\u00edo y bomba de calor con R-32.&nbsp;<\/strong>Incorporan compresor scroll de regulaci\u00f3n continua Inverter EC. Son&nbsp;<strong>equipos FULL Inverter<\/strong>&nbsp;(compresor y ventilador), \u00fanicas en el mercado, cubriendo un amplio rango de potencias,&nbsp;<strong>de 16 a 100 kW.<\/strong><\/li>\n\n\n\n<li><strong>Enfriadoras agua-agua Hidrocube EWWQ-KCW:<\/strong>&nbsp;Con un rango de potencias de 13 a 244 kW y compresor Scroll. Poseen un dise\u00f1o compacto y modular con m\u00faltiples combinaciones de los m\u00f3dulos gracias a la l\u00f3gica de Control Maestro\/Esclavo.<\/li>\n<\/ul>\n\n\n\n<p><strong>&nbsp;<\/strong><strong><em>Fan Coils<\/em><\/strong><\/p>\n\n\n\n<ul class=\"wp-block-list\">\n<li><strong>Fan Coil FWE-D baja silueta:&nbsp;<\/strong>poseen un bajo nivel sonoro, lo que constituye una gran ventaja. Tienen posibilidad de presi\u00f3n disponible hasta 50 Pa, y flexibilidad de instalaci\u00f3n de 2 o 4 tubos.<\/li>\n<\/ul>\n\n\n\n<p><strong><em>Climatizadores<\/em><\/strong><\/p>\n\n\n\n<ul class=\"wp-block-list\">\n<li><strong>DAHU Modular T: Pro \/ Smart:&nbsp;<\/strong>Unidades muy compactas con un rango de caudal de aire de 200 a 4.250 m3\/h. Opci\u00f3n de 5 tama\u00f1os estandarizados y hasta 3 niveles de filtrado. Paneles s\u00e1ndwich de 50 mm de espesor con aislamiento de lana de roca, lo que se traduce en un muy bajo ruido radiado.<\/li>\n<\/ul>\n\n\n\n<p><strong><em>Control<\/em><\/strong><\/p>\n\n\n\n<ul class=\"wp-block-list\">\n<li><strong>Termostato para Fan Coils FWTOUCH:&nbsp;<\/strong>Termostato con nuevo dise\u00f1o con pantalla t\u00e1ctil, funciones avanzadas y conexi\u00f3n RS485 para BMS. Disponible en 3 colores distintos.<\/li>\n\n\n\n<li><strong>App Onecta:&nbsp;<\/strong>Nueva App m\u00e1s intuitiva y con nuevas prestaciones. Da la posibilidad de control y gesti\u00f3n de equipos de domestico, Sky Air, Mini VRV R-32 y Daikin Altherma desde el m\u00f3vil o Tablet. Adem\u00e1s, es compatible con Alexa y Google Assistant.<\/li>\n<\/ul>\n\n\n\n<p>Adem\u00e1s, en este cat\u00e1logo tambi\u00e9n se incluyen todas las soluciones de Servicio y Mantenimiento, como el nuevo servicio Daikin Rental Solutions, y toda la informaci\u00f3n sobre nuestro Instituto Daikin que ofrece una completa formaci\u00f3n mixta online \/ presencial sobre nuestros equipos.<\/p>\n\n\n\n<p>Descarga la nueva Tarifa Daikin 2022 en:&nbsp;<a href=\"https:\/\/idaikin.es\/\"><\/a><a href=\"https:\/\/idaikin.es\/\">https:\/\/idaikin.es\/<\/a><\/p>\n","protected":false},"excerpt":{"rendered":"<p>Nueva Tarifa Daikin 2022<\/p>\n","protected":false},"author":1,"featured_media":4799,"comment_status":"open","ping_status":"open","sticky":false,"template":"","format":"standard","meta":{"footnotes":""},"categories":[25],"tags":[],"class_list":["post-4801","post","type-post","status-publish","format-standard","has-post-thumbnail","hentry","category-noticias"],"yoast_head":"<!-- This site is optimized with the Yoast SEO plugin v27.2 - https:\/\/yoast.com\/product\/yoast-seo-wordpress\/ -->\n<title>Daikin lanza su nueva tarifa 2022 - Actecir<\/title>\n<meta name=\"robots\" content=\"index, follow, max-snippet:-1, max-image-preview:large, max-video-preview:-1\" \/>\n<link rel=\"canonical\" href=\"https:\/\/www.actecir.cat\/es\/daikin-lanza-su-nueva-tarifa-2022\/\" \/>\n<meta property=\"og:locale\" content=\"es_ES\" \/>\n<meta property=\"og:type\" content=\"article\" \/>\n<meta property=\"og:title\" content=\"Daikin lanza su nueva tarifa 2022 - Actecir\" \/>\n<meta property=\"og:description\" content=\"Nueva Tarifa Daikin 2022\" \/>\n<meta property=\"og:url\" content=\"https:\/\/www.actecir.cat\/es\/daikin-lanza-su-nueva-tarifa-2022\/\" \/>\n<meta property=\"og:site_name\" content=\"Actecir\" \/>\n<meta property=\"article:published_time\" content=\"2022-03-02T14:55:00+00:00\" \/>\n<meta property=\"article:modified_time\" content=\"2023-05-02T14:58:03+00:00\" \/>\n<meta property=\"og:image\" content=\"https:\/\/www.actecir.cat\/wp-content\/uploads\/2023\/05\/TarifaDaikin2022_web.jpg\" \/>\n\t<meta property=\"og:image:width\" content=\"967\" \/>\n\t<meta property=\"og:image:height\" content=\"638\" \/>\n\t<meta property=\"og:image:type\" content=\"image\/jpeg\" \/>\n<meta name=\"author\" content=\"Soporte web\" \/>\n<meta name=\"twitter:card\" content=\"summary_large_image\" \/>\n<meta name=\"twitter:creator\" content=\"@actecir\" \/>\n<meta name=\"twitter:site\" content=\"@actecir\" \/>\n<meta name=\"twitter:label1\" content=\"Escrito por\" \/>\n\t<meta name=\"twitter:data1\" content=\"Soporte web\" \/>\n\t<meta name=\"twitter:label2\" content=\"Tiempo de lectura\" \/>\n\t<meta name=\"twitter:data2\" content=\"3 minutos\" \/>\n<script type=\"application\/ld+json\" class=\"yoast-schema-graph\">{\"@context\":\"https:\/\/schema.org\",\"@graph\":[{\"@type\":\"Article\",\"@id\":\"https:\/\/www.actecir.cat\/es\/daikin-lanza-su-nueva-tarifa-2022\/#article\",\"isPartOf\":{\"@id\":\"https:\/\/www.actecir.cat\/es\/daikin-lanza-su-nueva-tarifa-2022\/\"},\"author\":{\"name\":\"Soporte web\",\"@id\":\"https:\/\/www.actecir.cat\/#\/schema\/person\/42edd02f0b1d55e19444428c5d321413\"},\"headline\":\"Daikin lanza su nueva tarifa 2022\",\"datePublished\":\"2022-03-02T14:55:00+00:00\",\"dateModified\":\"2023-05-02T14:58:03+00:00\",\"mainEntityOfPage\":{\"@id\":\"https:\/\/www.actecir.cat\/es\/daikin-lanza-su-nueva-tarifa-2022\/\"},\"wordCount\":667,\"commentCount\":0,\"publisher\":{\"@id\":\"https:\/\/www.actecir.cat\/#organization\"},\"image\":{\"@id\":\"https:\/\/www.actecir.cat\/es\/daikin-lanza-su-nueva-tarifa-2022\/#primaryimage\"},\"thumbnailUrl\":\"https:\/\/www.actecir.cat\/wp-content\/uploads\/2023\/05\/TarifaDaikin2022_web.jpg\",\"articleSection\":[\"Noticias\"],\"inLanguage\":\"es\",\"potentialAction\":[{\"@type\":\"CommentAction\",\"name\":\"Comment\",\"target\":[\"https:\/\/www.actecir.cat\/es\/daikin-lanza-su-nueva-tarifa-2022\/#respond\"]}]},{\"@type\":\"WebPage\",\"@id\":\"https:\/\/www.actecir.cat\/es\/daikin-lanza-su-nueva-tarifa-2022\/\",\"url\":\"https:\/\/www.actecir.cat\/es\/daikin-lanza-su-nueva-tarifa-2022\/\",\"name\":\"Daikin lanza su nueva tarifa 2022 - Actecir\",\"isPartOf\":{\"@id\":\"https:\/\/www.actecir.cat\/#website\"},\"primaryImageOfPage\":{\"@id\":\"https:\/\/www.actecir.cat\/es\/daikin-lanza-su-nueva-tarifa-2022\/#primaryimage\"},\"image\":{\"@id\":\"https:\/\/www.actecir.cat\/es\/daikin-lanza-su-nueva-tarifa-2022\/#primaryimage\"},\"thumbnailUrl\":\"https:\/\/www.actecir.cat\/wp-content\/uploads\/2023\/05\/TarifaDaikin2022_web.jpg\",\"datePublished\":\"2022-03-02T14:55:00+00:00\",\"dateModified\":\"2023-05-02T14:58:03+00:00\",\"breadcrumb\":{\"@id\":\"https:\/\/www.actecir.cat\/es\/daikin-lanza-su-nueva-tarifa-2022\/#breadcrumb\"},\"inLanguage\":\"es\",\"potentialAction\":[{\"@type\":\"ReadAction\",\"target\":[\"https:\/\/www.actecir.cat\/es\/daikin-lanza-su-nueva-tarifa-2022\/\"]}]},{\"@type\":\"ImageObject\",\"inLanguage\":\"es\",\"@id\":\"https:\/\/www.actecir.cat\/es\/daikin-lanza-su-nueva-tarifa-2022\/#primaryimage\",\"url\":\"https:\/\/www.actecir.cat\/wp-content\/uploads\/2023\/05\/TarifaDaikin2022_web.jpg\",\"contentUrl\":\"https:\/\/www.actecir.cat\/wp-content\/uploads\/2023\/05\/TarifaDaikin2022_web.jpg\",\"width\":967,\"height\":638},{\"@type\":\"BreadcrumbList\",\"@id\":\"https:\/\/www.actecir.cat\/es\/daikin-lanza-su-nueva-tarifa-2022\/#breadcrumb\",\"itemListElement\":[{\"@type\":\"ListItem\",\"position\":1,\"name\":\"Inici\",\"item\":\"https:\/\/www.actecir.cat\/es\/\"},{\"@type\":\"ListItem\",\"position\":2,\"name\":\"Daikin lanza su nueva tarifa 2022\"}]},{\"@type\":\"WebSite\",\"@id\":\"https:\/\/www.actecir.cat\/#website\",\"url\":\"https:\/\/www.actecir.cat\/\",\"name\":\"Actecir\",\"description\":\"Associaci\u00f3 Catalana de T\u00e8cnics en Energia, Climatitzaci\u00f3 i Refrigeraci\u00f3\",\"publisher\":{\"@id\":\"https:\/\/www.actecir.cat\/#organization\"},\"potentialAction\":[{\"@type\":\"SearchAction\",\"target\":{\"@type\":\"EntryPoint\",\"urlTemplate\":\"https:\/\/www.actecir.cat\/?s={search_term_string}\"},\"query-input\":{\"@type\":\"PropertyValueSpecification\",\"valueRequired\":true,\"valueName\":\"search_term_string\"}}],\"inLanguage\":\"es\"},{\"@type\":\"Organization\",\"@id\":\"https:\/\/www.actecir.cat\/#organization\",\"name\":\"Actecir\",\"url\":\"https:\/\/www.actecir.cat\/\",\"logo\":{\"@type\":\"ImageObject\",\"inLanguage\":\"es\",\"@id\":\"https:\/\/www.actecir.cat\/#\/schema\/logo\/image\/\",\"url\":\"https:\/\/www.actecir.cat\/wp-content\/uploads\/2023\/04\/cropped-logo_actecir_60_alto.png\",\"contentUrl\":\"https:\/\/www.actecir.cat\/wp-content\/uploads\/2023\/04\/cropped-logo_actecir_60_alto.png\",\"width\":283,\"height\":80,\"caption\":\"Actecir\"},\"image\":{\"@id\":\"https:\/\/www.actecir.cat\/#\/schema\/logo\/image\/\"},\"sameAs\":[\"https:\/\/x.com\/actecir\",\"https:\/\/www.linkedin.com\/company\/actecir\"]},{\"@type\":\"Person\",\"@id\":\"https:\/\/www.actecir.cat\/#\/schema\/person\/42edd02f0b1d55e19444428c5d321413\",\"name\":\"Soporte web\",\"sameAs\":[\"https:\/\/www.actecir.cat\"],\"url\":\"https:\/\/www.actecir.cat\/es\/author\/maensystems\/\"}]}<\/script>\n<!-- \/ Yoast SEO plugin. -->","yoast_head_json":{"title":"Daikin lanza su nueva tarifa 2022 - Actecir","robots":{"index":"index","follow":"follow","max-snippet":"max-snippet:-1","max-image-preview":"max-image-preview:large","max-video-preview":"max-video-preview:-1"},"canonical":"https:\/\/www.actecir.cat\/es\/daikin-lanza-su-nueva-tarifa-2022\/","og_locale":"es_ES","og_type":"article","og_title":"Daikin lanza su nueva tarifa 2022 - Actecir","og_description":"Nueva Tarifa Daikin 2022","og_url":"https:\/\/www.actecir.cat\/es\/daikin-lanza-su-nueva-tarifa-2022\/","og_site_name":"Actecir","article_published_time":"2022-03-02T14:55:00+00:00","article_modified_time":"2023-05-02T14:58:03+00:00","og_image":[{"width":967,"height":638,"url":"https:\/\/www.actecir.cat\/wp-content\/uploads\/2023\/05\/TarifaDaikin2022_web.jpg","type":"image\/jpeg"}],"author":"Soporte web","twitter_card":"summary_large_image","twitter_creator":"@actecir","twitter_site":"@actecir","twitter_misc":{"Escrito por":"Soporte web","Tiempo de lectura":"3 minutos"},"schema":{"@context":"https:\/\/schema.org","@graph":[{"@type":"Article","@id":"https:\/\/www.actecir.cat\/es\/daikin-lanza-su-nueva-tarifa-2022\/#article","isPartOf":{"@id":"https:\/\/www.actecir.cat\/es\/daikin-lanza-su-nueva-tarifa-2022\/"},"author":{"name":"Soporte web","@id":"https:\/\/www.actecir.cat\/#\/schema\/person\/42edd02f0b1d55e19444428c5d321413"},"headline":"Daikin lanza su nueva tarifa 2022","datePublished":"2022-03-02T14:55:00+00:00","dateModified":"2023-05-02T14:58:03+00:00","mainEntityOfPage":{"@id":"https:\/\/www.actecir.cat\/es\/daikin-lanza-su-nueva-tarifa-2022\/"},"wordCount":667,"commentCount":0,"publisher":{"@id":"https:\/\/www.actecir.cat\/#organization"},"image":{"@id":"https:\/\/www.actecir.cat\/es\/daikin-lanza-su-nueva-tarifa-2022\/#primaryimage"},"thumbnailUrl":"https:\/\/www.actecir.cat\/wp-content\/uploads\/2023\/05\/TarifaDaikin2022_web.jpg","articleSection":["Noticias"],"inLanguage":"es","potentialAction":[{"@type":"CommentAction","name":"Comment","target":["https:\/\/www.actecir.cat\/es\/daikin-lanza-su-nueva-tarifa-2022\/#respond"]}]},{"@type":"WebPage","@id":"https:\/\/www.actecir.cat\/es\/daikin-lanza-su-nueva-tarifa-2022\/","url":"https:\/\/www.actecir.cat\/es\/daikin-lanza-su-nueva-tarifa-2022\/","name":"Daikin lanza su nueva tarifa 2022 - Actecir","isPartOf":{"@id":"https:\/\/www.actecir.cat\/#website"},"primaryImageOfPage":{"@id":"https:\/\/www.actecir.cat\/es\/daikin-lanza-su-nueva-tarifa-2022\/#primaryimage"},"image":{"@id":"https:\/\/www.actecir.cat\/es\/daikin-lanza-su-nueva-tarifa-2022\/#primaryimage"},"thumbnailUrl":"https:\/\/www.actecir.cat\/wp-content\/uploads\/2023\/05\/TarifaDaikin2022_web.jpg","datePublished":"2022-03-02T14:55:00+00:00","dateModified":"2023-05-02T14:58:03+00:00","breadcrumb":{"@id":"https:\/\/www.actecir.cat\/es\/daikin-lanza-su-nueva-tarifa-2022\/#breadcrumb"},"inLanguage":"es","potentialAction":[{"@type":"ReadAction","target":["https:\/\/www.actecir.cat\/es\/daikin-lanza-su-nueva-tarifa-2022\/"]}]},{"@type":"ImageObject","inLanguage":"es","@id":"https:\/\/www.actecir.cat\/es\/daikin-lanza-su-nueva-tarifa-2022\/#primaryimage","url":"https:\/\/www.actecir.cat\/wp-content\/uploads\/2023\/05\/TarifaDaikin2022_web.jpg","contentUrl":"https:\/\/www.actecir.cat\/wp-content\/uploads\/2023\/05\/TarifaDaikin2022_web.jpg","width":967,"height":638},{"@type":"BreadcrumbList","@id":"https:\/\/www.actecir.cat\/es\/daikin-lanza-su-nueva-tarifa-2022\/#breadcrumb","itemListElement":[{"@type":"ListItem","position":1,"name":"Inici","item":"https:\/\/www.actecir.cat\/es\/"},{"@type":"ListItem","position":2,"name":"Daikin lanza su nueva tarifa 2022"}]},{"@type":"WebSite","@id":"https:\/\/www.actecir.cat\/#website","url":"https:\/\/www.actecir.cat\/","name":"Actecir","description":"Associaci\u00f3 Catalana de T\u00e8cnics en Energia, Climatitzaci\u00f3 i Refrigeraci\u00f3","publisher":{"@id":"https:\/\/www.actecir.cat\/#organization"},"potentialAction":[{"@type":"SearchAction","target":{"@type":"EntryPoint","urlTemplate":"https:\/\/www.actecir.cat\/?s={search_term_string}"},"query-input":{"@type":"PropertyValueSpecification","valueRequired":true,"valueName":"search_term_string"}}],"inLanguage":"es"},{"@type":"Organization","@id":"https:\/\/www.actecir.cat\/#organization","name":"Actecir","url":"https:\/\/www.actecir.cat\/","logo":{"@type":"ImageObject","inLanguage":"es","@id":"https:\/\/www.actecir.cat\/#\/schema\/logo\/image\/","url":"https:\/\/www.actecir.cat\/wp-content\/uploads\/2023\/04\/cropped-logo_actecir_60_alto.png","contentUrl":"https:\/\/www.actecir.cat\/wp-content\/uploads\/2023\/04\/cropped-logo_actecir_60_alto.png","width":283,"height":80,"caption":"Actecir"},"image":{"@id":"https:\/\/www.actecir.cat\/#\/schema\/logo\/image\/"},"sameAs":["https:\/\/x.com\/actecir","https:\/\/www.linkedin.com\/company\/actecir"]},{"@type":"Person","@id":"https:\/\/www.actecir.cat\/#\/schema\/person\/42edd02f0b1d55e19444428c5d321413","name":"Soporte web","sameAs":["https:\/\/www.actecir.cat"],"url":"https:\/\/www.actecir.cat\/es\/author\/maensystems\/"}]}},"_links":{"self":[{"href":"https:\/\/www.actecir.cat\/es\/wp-json\/wp\/v2\/posts\/4801","targetHints":{"allow":["GET"]}}],"collection":[{"href":"https:\/\/www.actecir.cat\/es\/wp-json\/wp\/v2\/posts"}],"about":[{"href":"https:\/\/www.actecir.cat\/es\/wp-json\/wp\/v2\/types\/post"}],"author":[{"embeddable":true,"href":"https:\/\/www.actecir.cat\/es\/wp-json\/wp\/v2\/users\/1"}],"replies":[{"embeddable":true,"href":"https:\/\/www.actecir.cat\/es\/wp-json\/wp\/v2\/comments?post=4801"}],"version-history":[{"count":1,"href":"https:\/\/www.actecir.cat\/es\/wp-json\/wp\/v2\/posts\/4801\/revisions"}],"predecessor-version":[{"id":4802,"href":"https:\/\/www.actecir.cat\/es\/wp-json\/wp\/v2\/posts\/4801\/revisions\/4802"}],"wp:featuredmedia":[{"embeddable":true,"href":"https:\/\/www.actecir.cat\/es\/wp-json\/wp\/v2\/media\/4799"}],"wp:attachment":[{"href":"https:\/\/www.actecir.cat\/es\/wp-json\/wp\/v2\/media?parent=4801"}],"wp:term":[{"taxonomy":"category","embeddable":true,"href":"https:\/\/www.actecir.cat\/es\/wp-json\/wp\/v2\/categories?post=4801"},{"taxonomy":"post_tag","embeddable":true,"href":"https:\/\/www.actecir.cat\/es\/wp-json\/wp\/v2\/tags?post=4801"}],"curies":[{"name":"wp","href":"https:\/\/api.w.org\/{rel}","templated":true}]}}