{"id":5150,"date":"2022-02-04T17:39:00","date_gmt":"2022-02-04T16:39:00","guid":{"rendered":"https:\/\/www.actecir.cat\/?p=5150"},"modified":"2023-05-04T17:44:33","modified_gmt":"2023-05-04T15:44:33","slug":"trane-nuevos-equipos-bomba-de-calor","status":"publish","type":"post","link":"https:\/\/www.actecir.cat\/es\/trane-nuevos-equipos-bomba-de-calor\/","title":{"rendered":"TRANE: Nuevos equipos Bomba de Calor"},"content":{"rendered":"\n<p>Fecha: 4 febrero 2022<\/p>\n\n\n\n<p><strong>NUEVOS EQUIPOS BOMBA DE CALOR<\/strong><\/p>\n\n\n\n<p>Seg\u00fan\u00a0<a href=\"https:\/\/es.wikipedia.org\/wiki\/Exerg%C3%ADa\">Wikipidea<\/a>, es la\u00a0propiedad termodin\u00e1mica de una sustancia en un entorno que permite determinar el potencial de trabajo \u00fatil de una determinada cantidad de energ\u00eda que se puede alcanzar por la interacci\u00f3n espont\u00e1nea entre un sistema y su entorno. Informa de la utilidad potencial del sistema como fuente de trabajo. Es una propiedad termodin\u00e1mica, por lo que es una magnitud cuya variaci\u00f3n solo depende de los estados inicial y final del proceso y no de los detalles del mismo, pero s\u00ed depende de las condiciones del entorno (presi\u00f3n y temperatura ambiente) donde est\u00e1 inmersa la sustancia.<\/p>\n\n\n\n<figure class=\"wp-block-image size-full is-resized\"><img decoding=\"async\" src=\"https:\/\/www.actecir.cat\/wp-content\/uploads\/2023\/05\/energy_logo.jpg\" alt=\"\" class=\"wp-image-5142\" width=\"332\" height=\"83\" srcset=\"https:\/\/www.actecir.cat\/wp-content\/uploads\/2023\/05\/energy_logo.jpg 748w, https:\/\/www.actecir.cat\/wp-content\/uploads\/2023\/05\/energy_logo-300x75.jpg 300w\" sizes=\"(max-width: 332px) 100vw, 332px\" \/><\/figure>\n\n\n\n<p>Esta definici\u00f3n corresponde a la&nbsp;<strong>Exergia<\/strong>, de ah\u00ed&nbsp;nace el nombre de nuestra nueva gama de equipos&nbsp;<strong>Bomba de calor de alta temperatura TRANE<\/strong>.<\/p>\n\n\n\n<ul class=\"wp-block-list\">\n<li>Son muchas las instalaciones que tienen necesidades de frio y calor, y muchas de ellas se realizan con enfriadora y caldera, pero pensado en la&nbsp;<strong>Electrificaci\u00f3n del Calor<\/strong>&nbsp;y las&nbsp;<strong>reducciones de emisiones de CO2<\/strong>&nbsp;presentamos nuestra soluci\u00f3n&nbsp;<strong>EXERGY<\/strong>, pues gracias a su amplio mapa de funcionamiento es la soluci\u00f3n ideal para cubrir las necesidades de frio y de calor.<br><br>Las principales caracter\u00edsticas de&nbsp;<strong>EXERGY<\/strong>&nbsp;son:<br><br><\/li>\n\n\n\n<li>Potencias desde&nbsp;<strong>30 hasta 2000 Kw.<br><\/strong><\/li>\n\n\n\n<li>Mapa de funcionamiento desde&nbsp;<strong>-20\u00baC hasta 120\u00baC.<br><\/strong><\/li>\n\n\n\n<li>Alta eficiencia<br><\/li>\n\n\n\n<li>Automatizaci\u00f3n flexible<br><\/li>\n\n\n\n<li>Excelente&nbsp;carga parcial<br><\/li>\n\n\n\n<li>M\u00faltiples opciones de refrigerantes (<strong>R410a, R134a, R513a, R450a, R1234ze, R1233zd<\/strong>&nbsp;)<br><\/li>\n\n\n\n<li>Tama\u00f1o compacto<br><\/li>\n\n\n\n<li>Carcasa insonorizada para un bajo nivel de ruido<br><\/li>\n\n\n\n<li>Baja vibraci\u00f3n<\/li>\n<\/ul>\n\n\n\n<div class=\"wp-block-columns is-layout-flex wp-container-core-columns-is-layout-28f84493 wp-block-columns-is-layout-flex\">\n<div class=\"wp-block-column is-layout-flow wp-block-column-is-layout-flow\">\n<figure class=\"wp-block-image size-full\"><img fetchpriority=\"high\" decoding=\"async\" width=\"605\" height=\"341\" src=\"https:\/\/www.actecir.cat\/wp-content\/uploads\/2023\/05\/Imagen2.jpg\" alt=\"\" class=\"wp-image-5146\" srcset=\"https:\/\/www.actecir.cat\/wp-content\/uploads\/2023\/05\/Imagen2.jpg 605w, https:\/\/www.actecir.cat\/wp-content\/uploads\/2023\/05\/Imagen2-300x169.jpg 300w\" sizes=\"(max-width: 605px) 100vw, 605px\" \/><\/figure>\n<\/div>\n\n\n\n<div class=\"wp-block-column is-layout-flow wp-block-column-is-layout-flow\">\n<figure class=\"wp-block-image size-full\"><img decoding=\"async\" width=\"605\" height=\"341\" src=\"https:\/\/www.actecir.cat\/wp-content\/uploads\/2023\/05\/Imagen3.jpg\" alt=\"\" class=\"wp-image-5144\" srcset=\"https:\/\/www.actecir.cat\/wp-content\/uploads\/2023\/05\/Imagen3.jpg 605w, https:\/\/www.actecir.cat\/wp-content\/uploads\/2023\/05\/Imagen3-300x169.jpg 300w\" sizes=\"(max-width: 605px) 100vw, 605px\" \/><\/figure>\n<\/div>\n<\/div>\n","protected":false},"excerpt":{"rendered":"<p>Fecha: 4 febrero 2022<\/p>\n","protected":false},"author":1,"featured_media":5148,"comment_status":"closed","ping_status":"closed","sticky":false,"template":"","format":"standard","meta":{"footnotes":""},"categories":[25],"tags":[],"class_list":["post-5150","post","type-post","status-publish","format-standard","has-post-thumbnail","hentry","category-noticias"],"yoast_head":"<!-- This site is optimized with the Yoast SEO plugin v27.2 - https:\/\/yoast.com\/product\/yoast-seo-wordpress\/ -->\n<title>TRANE: Nuevos equipos Bomba de Calor - Actecir<\/title>\n<meta name=\"robots\" content=\"index, follow, max-snippet:-1, max-image-preview:large, max-video-preview:-1\" \/>\n<link rel=\"canonical\" href=\"https:\/\/www.actecir.cat\/es\/trane-nuevos-equipos-bomba-de-calor\/\" \/>\n<meta property=\"og:locale\" content=\"es_ES\" \/>\n<meta property=\"og:type\" content=\"article\" \/>\n<meta property=\"og:title\" content=\"TRANE: Nuevos equipos Bomba de Calor - Actecir\" \/>\n<meta property=\"og:description\" content=\"Fecha: 4 febrero 2022\" \/>\n<meta property=\"og:url\" content=\"https:\/\/www.actecir.cat\/es\/trane-nuevos-equipos-bomba-de-calor\/\" \/>\n<meta property=\"og:site_name\" content=\"Actecir\" \/>\n<meta property=\"article:published_time\" content=\"2022-02-04T16:39:00+00:00\" \/>\n<meta property=\"article:modified_time\" content=\"2023-05-04T15:44:33+00:00\" \/>\n<meta property=\"og:image\" content=\"https:\/\/www.actecir.cat\/wp-content\/uploads\/2023\/05\/nuevos_equipos_trane_WEB.jpg\" \/>\n\t<meta property=\"og:image:width\" content=\"600\" \/>\n\t<meta property=\"og:image:height\" content=\"400\" \/>\n\t<meta property=\"og:image:type\" content=\"image\/jpeg\" \/>\n<meta name=\"author\" content=\"Soporte web\" \/>\n<meta name=\"twitter:card\" content=\"summary_large_image\" \/>\n<meta name=\"twitter:creator\" content=\"@actecir\" \/>\n<meta name=\"twitter:site\" content=\"@actecir\" \/>\n<meta name=\"twitter:label1\" content=\"Escrito por\" \/>\n\t<meta name=\"twitter:data1\" content=\"Soporte web\" \/>\n\t<meta name=\"twitter:label2\" content=\"Tiempo de lectura\" \/>\n\t<meta name=\"twitter:data2\" content=\"1 minuto\" \/>\n<script type=\"application\/ld+json\" class=\"yoast-schema-graph\">{\"@context\":\"https:\/\/schema.org\",\"@graph\":[{\"@type\":\"Article\",\"@id\":\"https:\/\/www.actecir.cat\/es\/trane-nuevos-equipos-bomba-de-calor\/#article\",\"isPartOf\":{\"@id\":\"https:\/\/www.actecir.cat\/es\/trane-nuevos-equipos-bomba-de-calor\/\"},\"author\":{\"name\":\"Soporte web\",\"@id\":\"https:\/\/www.actecir.cat\/#\/schema\/person\/42edd02f0b1d55e19444428c5d321413\"},\"headline\":\"TRANE: Nuevos equipos Bomba de Calor\",\"datePublished\":\"2022-02-04T16:39:00+00:00\",\"dateModified\":\"2023-05-04T15:44:33+00:00\",\"mainEntityOfPage\":{\"@id\":\"https:\/\/www.actecir.cat\/es\/trane-nuevos-equipos-bomba-de-calor\/\"},\"wordCount\":278,\"publisher\":{\"@id\":\"https:\/\/www.actecir.cat\/#organization\"},\"image\":{\"@id\":\"https:\/\/www.actecir.cat\/es\/trane-nuevos-equipos-bomba-de-calor\/#primaryimage\"},\"thumbnailUrl\":\"https:\/\/www.actecir.cat\/wp-content\/uploads\/2023\/05\/nuevos_equipos_trane_WEB.jpg\",\"articleSection\":[\"Noticias\"],\"inLanguage\":\"es\"},{\"@type\":\"WebPage\",\"@id\":\"https:\/\/www.actecir.cat\/es\/trane-nuevos-equipos-bomba-de-calor\/\",\"url\":\"https:\/\/www.actecir.cat\/es\/trane-nuevos-equipos-bomba-de-calor\/\",\"name\":\"TRANE: Nuevos equipos Bomba de Calor - Actecir\",\"isPartOf\":{\"@id\":\"https:\/\/www.actecir.cat\/#website\"},\"primaryImageOfPage\":{\"@id\":\"https:\/\/www.actecir.cat\/es\/trane-nuevos-equipos-bomba-de-calor\/#primaryimage\"},\"image\":{\"@id\":\"https:\/\/www.actecir.cat\/es\/trane-nuevos-equipos-bomba-de-calor\/#primaryimage\"},\"thumbnailUrl\":\"https:\/\/www.actecir.cat\/wp-content\/uploads\/2023\/05\/nuevos_equipos_trane_WEB.jpg\",\"datePublished\":\"2022-02-04T16:39:00+00:00\",\"dateModified\":\"2023-05-04T15:44:33+00:00\",\"breadcrumb\":{\"@id\":\"https:\/\/www.actecir.cat\/es\/trane-nuevos-equipos-bomba-de-calor\/#breadcrumb\"},\"inLanguage\":\"es\",\"potentialAction\":[{\"@type\":\"ReadAction\",\"target\":[\"https:\/\/www.actecir.cat\/es\/trane-nuevos-equipos-bomba-de-calor\/\"]}]},{\"@type\":\"ImageObject\",\"inLanguage\":\"es\",\"@id\":\"https:\/\/www.actecir.cat\/es\/trane-nuevos-equipos-bomba-de-calor\/#primaryimage\",\"url\":\"https:\/\/www.actecir.cat\/wp-content\/uploads\/2023\/05\/nuevos_equipos_trane_WEB.jpg\",\"contentUrl\":\"https:\/\/www.actecir.cat\/wp-content\/uploads\/2023\/05\/nuevos_equipos_trane_WEB.jpg\",\"width\":600,\"height\":400},{\"@type\":\"BreadcrumbList\",\"@id\":\"https:\/\/www.actecir.cat\/es\/trane-nuevos-equipos-bomba-de-calor\/#breadcrumb\",\"itemListElement\":[{\"@type\":\"ListItem\",\"position\":1,\"name\":\"Inici\",\"item\":\"https:\/\/www.actecir.cat\/es\/\"},{\"@type\":\"ListItem\",\"position\":2,\"name\":\"TRANE: Nuevos equipos Bomba de Calor\"}]},{\"@type\":\"WebSite\",\"@id\":\"https:\/\/www.actecir.cat\/#website\",\"url\":\"https:\/\/www.actecir.cat\/\",\"name\":\"Actecir\",\"description\":\"Associaci\u00f3 Catalana de T\u00e8cnics en Energia, Climatitzaci\u00f3 i Refrigeraci\u00f3\",\"publisher\":{\"@id\":\"https:\/\/www.actecir.cat\/#organization\"},\"potentialAction\":[{\"@type\":\"SearchAction\",\"target\":{\"@type\":\"EntryPoint\",\"urlTemplate\":\"https:\/\/www.actecir.cat\/?s={search_term_string}\"},\"query-input\":{\"@type\":\"PropertyValueSpecification\",\"valueRequired\":true,\"valueName\":\"search_term_string\"}}],\"inLanguage\":\"es\"},{\"@type\":\"Organization\",\"@id\":\"https:\/\/www.actecir.cat\/#organization\",\"name\":\"Actecir\",\"url\":\"https:\/\/www.actecir.cat\/\",\"logo\":{\"@type\":\"ImageObject\",\"inLanguage\":\"es\",\"@id\":\"https:\/\/www.actecir.cat\/#\/schema\/logo\/image\/\",\"url\":\"https:\/\/www.actecir.cat\/wp-content\/uploads\/2023\/04\/cropped-logo_actecir_60_alto.png\",\"contentUrl\":\"https:\/\/www.actecir.cat\/wp-content\/uploads\/2023\/04\/cropped-logo_actecir_60_alto.png\",\"width\":283,\"height\":80,\"caption\":\"Actecir\"},\"image\":{\"@id\":\"https:\/\/www.actecir.cat\/#\/schema\/logo\/image\/\"},\"sameAs\":[\"https:\/\/x.com\/actecir\",\"https:\/\/www.linkedin.com\/company\/actecir\"]},{\"@type\":\"Person\",\"@id\":\"https:\/\/www.actecir.cat\/#\/schema\/person\/42edd02f0b1d55e19444428c5d321413\",\"name\":\"Soporte web\",\"sameAs\":[\"https:\/\/www.actecir.cat\"],\"url\":\"https:\/\/www.actecir.cat\/es\/author\/maensystems\/\"}]}<\/script>\n<!-- \/ Yoast SEO plugin. -->","yoast_head_json":{"title":"TRANE: Nuevos equipos Bomba de Calor - Actecir","robots":{"index":"index","follow":"follow","max-snippet":"max-snippet:-1","max-image-preview":"max-image-preview:large","max-video-preview":"max-video-preview:-1"},"canonical":"https:\/\/www.actecir.cat\/es\/trane-nuevos-equipos-bomba-de-calor\/","og_locale":"es_ES","og_type":"article","og_title":"TRANE: Nuevos equipos Bomba de Calor - Actecir","og_description":"Fecha: 4 febrero 2022","og_url":"https:\/\/www.actecir.cat\/es\/trane-nuevos-equipos-bomba-de-calor\/","og_site_name":"Actecir","article_published_time":"2022-02-04T16:39:00+00:00","article_modified_time":"2023-05-04T15:44:33+00:00","og_image":[{"width":600,"height":400,"url":"https:\/\/www.actecir.cat\/wp-content\/uploads\/2023\/05\/nuevos_equipos_trane_WEB.jpg","type":"image\/jpeg"}],"author":"Soporte web","twitter_card":"summary_large_image","twitter_creator":"@actecir","twitter_site":"@actecir","twitter_misc":{"Escrito por":"Soporte web","Tiempo de lectura":"1 minuto"},"schema":{"@context":"https:\/\/schema.org","@graph":[{"@type":"Article","@id":"https:\/\/www.actecir.cat\/es\/trane-nuevos-equipos-bomba-de-calor\/#article","isPartOf":{"@id":"https:\/\/www.actecir.cat\/es\/trane-nuevos-equipos-bomba-de-calor\/"},"author":{"name":"Soporte web","@id":"https:\/\/www.actecir.cat\/#\/schema\/person\/42edd02f0b1d55e19444428c5d321413"},"headline":"TRANE: Nuevos equipos Bomba de Calor","datePublished":"2022-02-04T16:39:00+00:00","dateModified":"2023-05-04T15:44:33+00:00","mainEntityOfPage":{"@id":"https:\/\/www.actecir.cat\/es\/trane-nuevos-equipos-bomba-de-calor\/"},"wordCount":278,"publisher":{"@id":"https:\/\/www.actecir.cat\/#organization"},"image":{"@id":"https:\/\/www.actecir.cat\/es\/trane-nuevos-equipos-bomba-de-calor\/#primaryimage"},"thumbnailUrl":"https:\/\/www.actecir.cat\/wp-content\/uploads\/2023\/05\/nuevos_equipos_trane_WEB.jpg","articleSection":["Noticias"],"inLanguage":"es"},{"@type":"WebPage","@id":"https:\/\/www.actecir.cat\/es\/trane-nuevos-equipos-bomba-de-calor\/","url":"https:\/\/www.actecir.cat\/es\/trane-nuevos-equipos-bomba-de-calor\/","name":"TRANE: Nuevos equipos Bomba de Calor - Actecir","isPartOf":{"@id":"https:\/\/www.actecir.cat\/#website"},"primaryImageOfPage":{"@id":"https:\/\/www.actecir.cat\/es\/trane-nuevos-equipos-bomba-de-calor\/#primaryimage"},"image":{"@id":"https:\/\/www.actecir.cat\/es\/trane-nuevos-equipos-bomba-de-calor\/#primaryimage"},"thumbnailUrl":"https:\/\/www.actecir.cat\/wp-content\/uploads\/2023\/05\/nuevos_equipos_trane_WEB.jpg","datePublished":"2022-02-04T16:39:00+00:00","dateModified":"2023-05-04T15:44:33+00:00","breadcrumb":{"@id":"https:\/\/www.actecir.cat\/es\/trane-nuevos-equipos-bomba-de-calor\/#breadcrumb"},"inLanguage":"es","potentialAction":[{"@type":"ReadAction","target":["https:\/\/www.actecir.cat\/es\/trane-nuevos-equipos-bomba-de-calor\/"]}]},{"@type":"ImageObject","inLanguage":"es","@id":"https:\/\/www.actecir.cat\/es\/trane-nuevos-equipos-bomba-de-calor\/#primaryimage","url":"https:\/\/www.actecir.cat\/wp-content\/uploads\/2023\/05\/nuevos_equipos_trane_WEB.jpg","contentUrl":"https:\/\/www.actecir.cat\/wp-content\/uploads\/2023\/05\/nuevos_equipos_trane_WEB.jpg","width":600,"height":400},{"@type":"BreadcrumbList","@id":"https:\/\/www.actecir.cat\/es\/trane-nuevos-equipos-bomba-de-calor\/#breadcrumb","itemListElement":[{"@type":"ListItem","position":1,"name":"Inici","item":"https:\/\/www.actecir.cat\/es\/"},{"@type":"ListItem","position":2,"name":"TRANE: Nuevos equipos Bomba de Calor"}]},{"@type":"WebSite","@id":"https:\/\/www.actecir.cat\/#website","url":"https:\/\/www.actecir.cat\/","name":"Actecir","description":"Associaci\u00f3 Catalana de T\u00e8cnics en Energia, Climatitzaci\u00f3 i Refrigeraci\u00f3","publisher":{"@id":"https:\/\/www.actecir.cat\/#organization"},"potentialAction":[{"@type":"SearchAction","target":{"@type":"EntryPoint","urlTemplate":"https:\/\/www.actecir.cat\/?s={search_term_string}"},"query-input":{"@type":"PropertyValueSpecification","valueRequired":true,"valueName":"search_term_string"}}],"inLanguage":"es"},{"@type":"Organization","@id":"https:\/\/www.actecir.cat\/#organization","name":"Actecir","url":"https:\/\/www.actecir.cat\/","logo":{"@type":"ImageObject","inLanguage":"es","@id":"https:\/\/www.actecir.cat\/#\/schema\/logo\/image\/","url":"https:\/\/www.actecir.cat\/wp-content\/uploads\/2023\/04\/cropped-logo_actecir_60_alto.png","contentUrl":"https:\/\/www.actecir.cat\/wp-content\/uploads\/2023\/04\/cropped-logo_actecir_60_alto.png","width":283,"height":80,"caption":"Actecir"},"image":{"@id":"https:\/\/www.actecir.cat\/#\/schema\/logo\/image\/"},"sameAs":["https:\/\/x.com\/actecir","https:\/\/www.linkedin.com\/company\/actecir"]},{"@type":"Person","@id":"https:\/\/www.actecir.cat\/#\/schema\/person\/42edd02f0b1d55e19444428c5d321413","name":"Soporte web","sameAs":["https:\/\/www.actecir.cat"],"url":"https:\/\/www.actecir.cat\/es\/author\/maensystems\/"}]}},"_links":{"self":[{"href":"https:\/\/www.actecir.cat\/es\/wp-json\/wp\/v2\/posts\/5150","targetHints":{"allow":["GET"]}}],"collection":[{"href":"https:\/\/www.actecir.cat\/es\/wp-json\/wp\/v2\/posts"}],"about":[{"href":"https:\/\/www.actecir.cat\/es\/wp-json\/wp\/v2\/types\/post"}],"author":[{"embeddable":true,"href":"https:\/\/www.actecir.cat\/es\/wp-json\/wp\/v2\/users\/1"}],"replies":[{"embeddable":true,"href":"https:\/\/www.actecir.cat\/es\/wp-json\/wp\/v2\/comments?post=5150"}],"version-history":[{"count":1,"href":"https:\/\/www.actecir.cat\/es\/wp-json\/wp\/v2\/posts\/5150\/revisions"}],"predecessor-version":[{"id":5151,"href":"https:\/\/www.actecir.cat\/es\/wp-json\/wp\/v2\/posts\/5150\/revisions\/5151"}],"wp:featuredmedia":[{"embeddable":true,"href":"https:\/\/www.actecir.cat\/es\/wp-json\/wp\/v2\/media\/5148"}],"wp:attachment":[{"href":"https:\/\/www.actecir.cat\/es\/wp-json\/wp\/v2\/media?parent=5150"}],"wp:term":[{"taxonomy":"category","embeddable":true,"href":"https:\/\/www.actecir.cat\/es\/wp-json\/wp\/v2\/categories?post=5150"},{"taxonomy":"post_tag","embeddable":true,"href":"https:\/\/www.actecir.cat\/es\/wp-json\/wp\/v2\/tags?post=5150"}],"curies":[{"name":"wp","href":"https:\/\/api.w.org\/{rel}","templated":true}]}}