{"id":5156,"date":"2022-02-02T17:45:00","date_gmt":"2022-02-02T16:45:00","guid":{"rendered":"https:\/\/www.actecir.cat\/?p=5156"},"modified":"2023-05-04T17:50:20","modified_gmt":"2023-05-04T15:50:20","slug":"testo-se-incorpora-a-afec","status":"publish","type":"post","link":"https:\/\/www.actecir.cat\/es\/testo-se-incorpora-a-afec\/","title":{"rendered":"TESTO se incorpora a AFEC"},"content":{"rendered":"\n<p>Fecha: 1 febrero 2022<\/p>\n\n\n\n<p>&nbsp;<strong>TESTO se incorpora a AFEC<\/strong><\/p>\n\n\n\n<p><em>TESTO se incorpora a la Asociaci\u00f3n de Fabricantes de Equipos de Climatizaci\u00f3n, AFEC, como Socio de N\u00famero.<\/em><\/p>\n\n\n\n<p><strong>Madrid, 01 de febrero de 2022.<\/strong>&nbsp;Instrumentos Testo, S.A., con sede central en la localidad de Lenzkirch, en la Selva Negra alemana, se incopora a AFEC para apoyar firmemente a las empresas que integran el sector de la climatizaci\u00f3n.<\/p>\n\n\n\n<p>Testo es una empresa l\u00edder mundial en el mercado de la instrumentaci\u00f3n de medici\u00f3n port\u00e1til y fija.<\/p>\n\n\n\n<p>Sus equipos contribuyen a ahorrar tiempo y recursos, a proteger el medio ambiente y la salud de las personas y, a aumentar la calidad de las mercanc\u00edas y los servicios.<\/p>\n\n\n\n<p>Testo, considerada una empresa de \u00faltima tecnolog\u00eda, cuenta con 3.200 empleados en sus 34 filiales en las \u00e1reas de investigaci\u00f3n, producci\u00f3n y comercializaci\u00f3n, trabajando para encontrar soluciones innovadoras de medici\u00f3n, por ejemplo, en los campos de aire acondicionado y ventilaci\u00f3n, sistemas de calefacci\u00f3n, construcci\u00f3n, control de emisiones y sectores de la alimentaci\u00f3n y farma.<\/p>\n\n\n\n<p>Con un crecimiento sostenido alrededor del 10% anual desde su fundaci\u00f3n en 1957 y actualmente una facturaci\u00f3n cercana al cuarto de bill\u00f3n de euros a nivel mundial, Testo basa su \u00e9xito en una inversi\u00f3n en I+D por encima de la media.<\/p>\n\n\n\n<p>El sector de la climatizaci\u00f3n avanza hacia la conectividad y la tecnolog\u00eda digital para asumir los retos de las generaciones existentes y futuras, y con ese objetivo Testo se asocia a AFEC, compartiendo su conocimiento en tecnolog\u00eda de medici\u00f3n y su aplicabilidad, muy especialmente en el sector de la ventilaci\u00f3n y la calidad de aire interior.<\/p>\n\n\n\n<p>M\u00e1s informaci\u00f3n en:&nbsp;<a href=\"https:\/\/www.testo.com\/es-ES\/\"><\/a><a href=\"https:\/\/www.testo.com\/es-ES\/\">https:\/\/www.testo.com\/es-ES\/<\/a><\/p>\n","protected":false},"excerpt":{"rendered":"<p>Fecha: 1 febrero 2022<\/p>\n","protected":false},"author":1,"featured_media":5154,"comment_status":"closed","ping_status":"closed","sticky":false,"template":"","format":"standard","meta":{"footnotes":""},"categories":[25],"tags":[],"class_list":["post-5156","post","type-post","status-publish","format-standard","has-post-thumbnail","hentry","category-noticias"],"yoast_head":"<!-- This site is optimized with the Yoast SEO plugin v27.2 - https:\/\/yoast.com\/product\/yoast-seo-wordpress\/ -->\n<title>TESTO se incorpora a AFEC - Actecir<\/title>\n<meta name=\"robots\" content=\"index, follow, max-snippet:-1, max-image-preview:large, max-video-preview:-1\" \/>\n<link rel=\"canonical\" href=\"https:\/\/www.actecir.cat\/es\/testo-se-incorpora-a-afec\/\" \/>\n<meta property=\"og:locale\" content=\"es_ES\" \/>\n<meta property=\"og:type\" content=\"article\" \/>\n<meta property=\"og:title\" content=\"TESTO se incorpora a AFEC - Actecir\" \/>\n<meta property=\"og:description\" content=\"Fecha: 1 febrero 2022\" \/>\n<meta property=\"og:url\" content=\"https:\/\/www.actecir.cat\/es\/testo-se-incorpora-a-afec\/\" \/>\n<meta property=\"og:site_name\" content=\"Actecir\" \/>\n<meta property=\"article:published_time\" content=\"2022-02-02T16:45:00+00:00\" \/>\n<meta property=\"article:modified_time\" content=\"2023-05-04T15:50:20+00:00\" \/>\n<meta property=\"og:image\" content=\"https:\/\/www.actecir.cat\/wp-content\/uploads\/2023\/05\/testo-afec_web.png\" \/>\n\t<meta property=\"og:image:width\" content=\"600\" \/>\n\t<meta property=\"og:image:height\" content=\"400\" \/>\n\t<meta property=\"og:image:type\" content=\"image\/png\" \/>\n<meta name=\"author\" content=\"Soporte web\" \/>\n<meta name=\"twitter:card\" content=\"summary_large_image\" \/>\n<meta name=\"twitter:creator\" content=\"@actecir\" \/>\n<meta name=\"twitter:site\" content=\"@actecir\" \/>\n<meta name=\"twitter:label1\" content=\"Escrito por\" \/>\n\t<meta name=\"twitter:data1\" content=\"Soporte web\" \/>\n\t<meta name=\"twitter:label2\" content=\"Tiempo de lectura\" \/>\n\t<meta name=\"twitter:data2\" content=\"1 minuto\" \/>\n<script type=\"application\/ld+json\" class=\"yoast-schema-graph\">{\"@context\":\"https:\/\/schema.org\",\"@graph\":[{\"@type\":\"Article\",\"@id\":\"https:\/\/www.actecir.cat\/es\/testo-se-incorpora-a-afec\/#article\",\"isPartOf\":{\"@id\":\"https:\/\/www.actecir.cat\/es\/testo-se-incorpora-a-afec\/\"},\"author\":{\"name\":\"Soporte web\",\"@id\":\"https:\/\/www.actecir.cat\/#\/schema\/person\/42edd02f0b1d55e19444428c5d321413\"},\"headline\":\"TESTO se incorpora a AFEC\",\"datePublished\":\"2022-02-02T16:45:00+00:00\",\"dateModified\":\"2023-05-04T15:50:20+00:00\",\"mainEntityOfPage\":{\"@id\":\"https:\/\/www.actecir.cat\/es\/testo-se-incorpora-a-afec\/\"},\"wordCount\":302,\"publisher\":{\"@id\":\"https:\/\/www.actecir.cat\/#organization\"},\"image\":{\"@id\":\"https:\/\/www.actecir.cat\/es\/testo-se-incorpora-a-afec\/#primaryimage\"},\"thumbnailUrl\":\"https:\/\/www.actecir.cat\/wp-content\/uploads\/2023\/05\/testo-afec_web.png\",\"articleSection\":[\"Noticias\"],\"inLanguage\":\"es\"},{\"@type\":\"WebPage\",\"@id\":\"https:\/\/www.actecir.cat\/es\/testo-se-incorpora-a-afec\/\",\"url\":\"https:\/\/www.actecir.cat\/es\/testo-se-incorpora-a-afec\/\",\"name\":\"TESTO se incorpora a AFEC - Actecir\",\"isPartOf\":{\"@id\":\"https:\/\/www.actecir.cat\/#website\"},\"primaryImageOfPage\":{\"@id\":\"https:\/\/www.actecir.cat\/es\/testo-se-incorpora-a-afec\/#primaryimage\"},\"image\":{\"@id\":\"https:\/\/www.actecir.cat\/es\/testo-se-incorpora-a-afec\/#primaryimage\"},\"thumbnailUrl\":\"https:\/\/www.actecir.cat\/wp-content\/uploads\/2023\/05\/testo-afec_web.png\",\"datePublished\":\"2022-02-02T16:45:00+00:00\",\"dateModified\":\"2023-05-04T15:50:20+00:00\",\"breadcrumb\":{\"@id\":\"https:\/\/www.actecir.cat\/es\/testo-se-incorpora-a-afec\/#breadcrumb\"},\"inLanguage\":\"es\",\"potentialAction\":[{\"@type\":\"ReadAction\",\"target\":[\"https:\/\/www.actecir.cat\/es\/testo-se-incorpora-a-afec\/\"]}]},{\"@type\":\"ImageObject\",\"inLanguage\":\"es\",\"@id\":\"https:\/\/www.actecir.cat\/es\/testo-se-incorpora-a-afec\/#primaryimage\",\"url\":\"https:\/\/www.actecir.cat\/wp-content\/uploads\/2023\/05\/testo-afec_web.png\",\"contentUrl\":\"https:\/\/www.actecir.cat\/wp-content\/uploads\/2023\/05\/testo-afec_web.png\",\"width\":600,\"height\":400},{\"@type\":\"BreadcrumbList\",\"@id\":\"https:\/\/www.actecir.cat\/es\/testo-se-incorpora-a-afec\/#breadcrumb\",\"itemListElement\":[{\"@type\":\"ListItem\",\"position\":1,\"name\":\"Inici\",\"item\":\"https:\/\/www.actecir.cat\/es\/\"},{\"@type\":\"ListItem\",\"position\":2,\"name\":\"TESTO se incorpora a AFEC\"}]},{\"@type\":\"WebSite\",\"@id\":\"https:\/\/www.actecir.cat\/#website\",\"url\":\"https:\/\/www.actecir.cat\/\",\"name\":\"Actecir\",\"description\":\"Associaci\u00f3 Catalana de T\u00e8cnics en Energia, Climatitzaci\u00f3 i Refrigeraci\u00f3\",\"publisher\":{\"@id\":\"https:\/\/www.actecir.cat\/#organization\"},\"potentialAction\":[{\"@type\":\"SearchAction\",\"target\":{\"@type\":\"EntryPoint\",\"urlTemplate\":\"https:\/\/www.actecir.cat\/?s={search_term_string}\"},\"query-input\":{\"@type\":\"PropertyValueSpecification\",\"valueRequired\":true,\"valueName\":\"search_term_string\"}}],\"inLanguage\":\"es\"},{\"@type\":\"Organization\",\"@id\":\"https:\/\/www.actecir.cat\/#organization\",\"name\":\"Actecir\",\"url\":\"https:\/\/www.actecir.cat\/\",\"logo\":{\"@type\":\"ImageObject\",\"inLanguage\":\"es\",\"@id\":\"https:\/\/www.actecir.cat\/#\/schema\/logo\/image\/\",\"url\":\"https:\/\/www.actecir.cat\/wp-content\/uploads\/2023\/04\/cropped-logo_actecir_60_alto.png\",\"contentUrl\":\"https:\/\/www.actecir.cat\/wp-content\/uploads\/2023\/04\/cropped-logo_actecir_60_alto.png\",\"width\":283,\"height\":80,\"caption\":\"Actecir\"},\"image\":{\"@id\":\"https:\/\/www.actecir.cat\/#\/schema\/logo\/image\/\"},\"sameAs\":[\"https:\/\/x.com\/actecir\",\"https:\/\/www.linkedin.com\/company\/actecir\"]},{\"@type\":\"Person\",\"@id\":\"https:\/\/www.actecir.cat\/#\/schema\/person\/42edd02f0b1d55e19444428c5d321413\",\"name\":\"Soporte web\",\"sameAs\":[\"https:\/\/www.actecir.cat\"],\"url\":\"https:\/\/www.actecir.cat\/es\/author\/maensystems\/\"}]}<\/script>\n<!-- \/ Yoast SEO plugin. -->","yoast_head_json":{"title":"TESTO se incorpora a AFEC - Actecir","robots":{"index":"index","follow":"follow","max-snippet":"max-snippet:-1","max-image-preview":"max-image-preview:large","max-video-preview":"max-video-preview:-1"},"canonical":"https:\/\/www.actecir.cat\/es\/testo-se-incorpora-a-afec\/","og_locale":"es_ES","og_type":"article","og_title":"TESTO se incorpora a AFEC - Actecir","og_description":"Fecha: 1 febrero 2022","og_url":"https:\/\/www.actecir.cat\/es\/testo-se-incorpora-a-afec\/","og_site_name":"Actecir","article_published_time":"2022-02-02T16:45:00+00:00","article_modified_time":"2023-05-04T15:50:20+00:00","og_image":[{"width":600,"height":400,"url":"https:\/\/www.actecir.cat\/wp-content\/uploads\/2023\/05\/testo-afec_web.png","type":"image\/png"}],"author":"Soporte web","twitter_card":"summary_large_image","twitter_creator":"@actecir","twitter_site":"@actecir","twitter_misc":{"Escrito por":"Soporte web","Tiempo de lectura":"1 minuto"},"schema":{"@context":"https:\/\/schema.org","@graph":[{"@type":"Article","@id":"https:\/\/www.actecir.cat\/es\/testo-se-incorpora-a-afec\/#article","isPartOf":{"@id":"https:\/\/www.actecir.cat\/es\/testo-se-incorpora-a-afec\/"},"author":{"name":"Soporte web","@id":"https:\/\/www.actecir.cat\/#\/schema\/person\/42edd02f0b1d55e19444428c5d321413"},"headline":"TESTO se incorpora a AFEC","datePublished":"2022-02-02T16:45:00+00:00","dateModified":"2023-05-04T15:50:20+00:00","mainEntityOfPage":{"@id":"https:\/\/www.actecir.cat\/es\/testo-se-incorpora-a-afec\/"},"wordCount":302,"publisher":{"@id":"https:\/\/www.actecir.cat\/#organization"},"image":{"@id":"https:\/\/www.actecir.cat\/es\/testo-se-incorpora-a-afec\/#primaryimage"},"thumbnailUrl":"https:\/\/www.actecir.cat\/wp-content\/uploads\/2023\/05\/testo-afec_web.png","articleSection":["Noticias"],"inLanguage":"es"},{"@type":"WebPage","@id":"https:\/\/www.actecir.cat\/es\/testo-se-incorpora-a-afec\/","url":"https:\/\/www.actecir.cat\/es\/testo-se-incorpora-a-afec\/","name":"TESTO se incorpora a AFEC - Actecir","isPartOf":{"@id":"https:\/\/www.actecir.cat\/#website"},"primaryImageOfPage":{"@id":"https:\/\/www.actecir.cat\/es\/testo-se-incorpora-a-afec\/#primaryimage"},"image":{"@id":"https:\/\/www.actecir.cat\/es\/testo-se-incorpora-a-afec\/#primaryimage"},"thumbnailUrl":"https:\/\/www.actecir.cat\/wp-content\/uploads\/2023\/05\/testo-afec_web.png","datePublished":"2022-02-02T16:45:00+00:00","dateModified":"2023-05-04T15:50:20+00:00","breadcrumb":{"@id":"https:\/\/www.actecir.cat\/es\/testo-se-incorpora-a-afec\/#breadcrumb"},"inLanguage":"es","potentialAction":[{"@type":"ReadAction","target":["https:\/\/www.actecir.cat\/es\/testo-se-incorpora-a-afec\/"]}]},{"@type":"ImageObject","inLanguage":"es","@id":"https:\/\/www.actecir.cat\/es\/testo-se-incorpora-a-afec\/#primaryimage","url":"https:\/\/www.actecir.cat\/wp-content\/uploads\/2023\/05\/testo-afec_web.png","contentUrl":"https:\/\/www.actecir.cat\/wp-content\/uploads\/2023\/05\/testo-afec_web.png","width":600,"height":400},{"@type":"BreadcrumbList","@id":"https:\/\/www.actecir.cat\/es\/testo-se-incorpora-a-afec\/#breadcrumb","itemListElement":[{"@type":"ListItem","position":1,"name":"Inici","item":"https:\/\/www.actecir.cat\/es\/"},{"@type":"ListItem","position":2,"name":"TESTO se incorpora a AFEC"}]},{"@type":"WebSite","@id":"https:\/\/www.actecir.cat\/#website","url":"https:\/\/www.actecir.cat\/","name":"Actecir","description":"Associaci\u00f3 Catalana de T\u00e8cnics en Energia, Climatitzaci\u00f3 i Refrigeraci\u00f3","publisher":{"@id":"https:\/\/www.actecir.cat\/#organization"},"potentialAction":[{"@type":"SearchAction","target":{"@type":"EntryPoint","urlTemplate":"https:\/\/www.actecir.cat\/?s={search_term_string}"},"query-input":{"@type":"PropertyValueSpecification","valueRequired":true,"valueName":"search_term_string"}}],"inLanguage":"es"},{"@type":"Organization","@id":"https:\/\/www.actecir.cat\/#organization","name":"Actecir","url":"https:\/\/www.actecir.cat\/","logo":{"@type":"ImageObject","inLanguage":"es","@id":"https:\/\/www.actecir.cat\/#\/schema\/logo\/image\/","url":"https:\/\/www.actecir.cat\/wp-content\/uploads\/2023\/04\/cropped-logo_actecir_60_alto.png","contentUrl":"https:\/\/www.actecir.cat\/wp-content\/uploads\/2023\/04\/cropped-logo_actecir_60_alto.png","width":283,"height":80,"caption":"Actecir"},"image":{"@id":"https:\/\/www.actecir.cat\/#\/schema\/logo\/image\/"},"sameAs":["https:\/\/x.com\/actecir","https:\/\/www.linkedin.com\/company\/actecir"]},{"@type":"Person","@id":"https:\/\/www.actecir.cat\/#\/schema\/person\/42edd02f0b1d55e19444428c5d321413","name":"Soporte web","sameAs":["https:\/\/www.actecir.cat"],"url":"https:\/\/www.actecir.cat\/es\/author\/maensystems\/"}]}},"_links":{"self":[{"href":"https:\/\/www.actecir.cat\/es\/wp-json\/wp\/v2\/posts\/5156","targetHints":{"allow":["GET"]}}],"collection":[{"href":"https:\/\/www.actecir.cat\/es\/wp-json\/wp\/v2\/posts"}],"about":[{"href":"https:\/\/www.actecir.cat\/es\/wp-json\/wp\/v2\/types\/post"}],"author":[{"embeddable":true,"href":"https:\/\/www.actecir.cat\/es\/wp-json\/wp\/v2\/users\/1"}],"replies":[{"embeddable":true,"href":"https:\/\/www.actecir.cat\/es\/wp-json\/wp\/v2\/comments?post=5156"}],"version-history":[{"count":1,"href":"https:\/\/www.actecir.cat\/es\/wp-json\/wp\/v2\/posts\/5156\/revisions"}],"predecessor-version":[{"id":5157,"href":"https:\/\/www.actecir.cat\/es\/wp-json\/wp\/v2\/posts\/5156\/revisions\/5157"}],"wp:featuredmedia":[{"embeddable":true,"href":"https:\/\/www.actecir.cat\/es\/wp-json\/wp\/v2\/media\/5154"}],"wp:attachment":[{"href":"https:\/\/www.actecir.cat\/es\/wp-json\/wp\/v2\/media?parent=5156"}],"wp:term":[{"taxonomy":"category","embeddable":true,"href":"https:\/\/www.actecir.cat\/es\/wp-json\/wp\/v2\/categories?post=5156"},{"taxonomy":"post_tag","embeddable":true,"href":"https:\/\/www.actecir.cat\/es\/wp-json\/wp\/v2\/tags?post=5156"}],"curies":[{"name":"wp","href":"https:\/\/api.w.org\/{rel}","templated":true}]}}