{"id":5405,"date":"2022-01-31T12:09:37","date_gmt":"2022-01-31T11:09:37","guid":{"rendered":"https:\/\/www.actecir.cat\/?p=5405"},"modified":"2023-07-07T16:04:37","modified_gmt":"2023-07-07T14:04:37","slug":"salvador-escoda-s-a-presenta-el-nuevo-aire-acondicionado-de-ventana-con-bomba-de-calor-mundoclima-serie-h10","status":"publish","type":"post","link":"https:\/\/www.actecir.cat\/es\/salvador-escoda-s-a-presenta-el-nuevo-aire-acondicionado-de-ventana-con-bomba-de-calor-mundoclima-serie-h10\/","title":{"rendered":"Salvador Escoda S.A presenta el nuevo aire acondicionado de ventana con bomba de calor Mundoclima\u00ae serie H10"},"content":{"rendered":"<p>Fecha: 31 enero<\/p>\n<p><strong>Salvador Escoda S.A presenta el nuevo aire acondicionado de ventana con bomba de calor Mundoclima<\/strong><strong><sup>\u00ae<\/sup><\/strong>\u00a0<strong>serie H10<\/strong><\/p>\n<p>La distribuidora de material para instalaciones de Aire Acondicionado, Ventilaci\u00f3n, Calefacci\u00f3n, Agua, Energ\u00edas Renovables, Gas, Electricidad, Refrigeraci\u00f3n y Aislamientos,\u00a0<a href=\"https:\/\/www.salvadorescoda.com\/\">Salvador Escoda<\/a>, presenta su nuevo\u00a0<strong>aire acondicionado de ventana con bomba de calor Mundoclima<sup>\u00ae<\/sup>\u00a0serie H10<\/strong>.<\/p>\n<p>Este nuevo equipo de\u00a0<strong>ventana\u00a0<\/strong>Mundoclima<strong><sup>\u00ae<\/sup>\u00a0con bomba de calor\u00a0<\/strong>ofrece m\u00e1s versatilidad, ya que la mayor\u00eda de los acondicionadores de ventana del mercado son solo fr\u00edo.\u00a0 Este nuevo equipo que la distribuidora ya tiene en stock est\u00e1 siendo un\u00a0<strong>\u00e9xito de ventas<\/strong>\u00a0ya que ampl\u00eda las opciones para uso durante todo el a\u00f1o.<\/p>\n<p>Esta soluci\u00f3n de climatizaci\u00f3n es id\u00f3nea para lugares en los que no es posible o no existe una instalaci\u00f3n tradicional tipo split. Este tipo de equipos se suelen adquirir para lugares en los que por sus condiciones o naturaleza necesitan una soluci\u00f3n que se adapte a necesidades diversas, ya sea para uso temporal o porque no es posible ubicar la unidad exterior en la calle o en el exterior, por ejemplo, bungalow, barracones, casetas de obra, etc.<\/p>\n<p>Este equipo de\u00a0<strong>alta eficiencia\u00a0<\/strong>gracias a la tecnolog\u00eda\u00a0<strong>DC Inverter<\/strong>\u00a0tiene una capacidad de refrigeraci\u00f3n\/ calefacci\u00f3n de\u00a0<strong>3,5 kW<\/strong>\u00a0y funciona con gas refrigerante R32, m\u00e1s eficiente energ\u00e9ticamente que el\u00a0R410A y con PCA (GWP) de 675, un 68% inferior al R410A.<\/p>\n<p>M\u00e1s informaci\u00f3n:\u00a0<a href=\"http:\/\/www.mundoclima.com\/gama\/domestico\/acondicionadores-de-ventana\/serie-muvr-h10\/\">http:\/\/www.mundoclima.com\/gama\/domestico\/acondicionadores-de-ventana\/serie-muvr-h10\/<\/a><\/p>\n","protected":false},"excerpt":{"rendered":"<p>Fecha: 31 enero\u00a0<\/p>\n","protected":false},"author":1,"featured_media":5403,"comment_status":"closed","ping_status":"closed","sticky":false,"template":"","format":"standard","meta":{"footnotes":""},"categories":[25],"tags":[],"class_list":["post-5405","post","type-post","status-publish","format-standard","has-post-thumbnail","hentry","category-noticias"],"yoast_head":"<!-- This site is optimized with the Yoast SEO plugin v27.2 - https:\/\/yoast.com\/product\/yoast-seo-wordpress\/ -->\n<title>Salvador Escoda S.A presenta el nuevo aire acondicionado de ventana con bomba de calor Mundoclima\u00ae serie H10 - Actecir<\/title>\n<meta name=\"robots\" content=\"index, follow, max-snippet:-1, max-image-preview:large, max-video-preview:-1\" \/>\n<link rel=\"canonical\" href=\"https:\/\/www.actecir.cat\/es\/salvador-escoda-s-a-presenta-el-nuevo-aire-acondicionado-de-ventana-con-bomba-de-calor-mundoclima-serie-h10\/\" \/>\n<meta property=\"og:locale\" content=\"es_ES\" \/>\n<meta property=\"og:type\" content=\"article\" \/>\n<meta property=\"og:title\" content=\"Salvador Escoda S.A presenta el nuevo aire acondicionado de ventana con bomba de calor Mundoclima\u00ae serie H10 - Actecir\" \/>\n<meta property=\"og:description\" content=\"Fecha: 31 enero\u00a0\" \/>\n<meta property=\"og:url\" content=\"https:\/\/www.actecir.cat\/es\/salvador-escoda-s-a-presenta-el-nuevo-aire-acondicionado-de-ventana-con-bomba-de-calor-mundoclima-serie-h10\/\" \/>\n<meta property=\"og:site_name\" content=\"Actecir\" \/>\n<meta property=\"article:published_time\" content=\"2022-01-31T11:09:37+00:00\" \/>\n<meta property=\"article:modified_time\" content=\"2023-07-07T14:04:37+00:00\" \/>\n<meta property=\"og:image\" content=\"https:\/\/www.actecir.cat\/wp-content\/uploads\/2023\/05\/novedad_salvadorescoda_web.png\" \/>\n\t<meta property=\"og:image:width\" content=\"600\" \/>\n\t<meta property=\"og:image:height\" content=\"400\" \/>\n\t<meta property=\"og:image:type\" content=\"image\/png\" \/>\n<meta name=\"author\" content=\"Soporte web\" \/>\n<meta name=\"twitter:card\" content=\"summary_large_image\" \/>\n<meta name=\"twitter:creator\" content=\"@actecir\" \/>\n<meta name=\"twitter:site\" content=\"@actecir\" \/>\n<meta name=\"twitter:label1\" content=\"Escrito por\" \/>\n\t<meta name=\"twitter:data1\" content=\"Soporte web\" \/>\n\t<meta name=\"twitter:label2\" content=\"Tiempo de lectura\" \/>\n\t<meta name=\"twitter:data2\" content=\"1 minuto\" \/>\n<script type=\"application\/ld+json\" class=\"yoast-schema-graph\">{\"@context\":\"https:\/\/schema.org\",\"@graph\":[{\"@type\":\"Article\",\"@id\":\"https:\/\/www.actecir.cat\/es\/salvador-escoda-s-a-presenta-el-nuevo-aire-acondicionado-de-ventana-con-bomba-de-calor-mundoclima-serie-h10\/#article\",\"isPartOf\":{\"@id\":\"https:\/\/www.actecir.cat\/es\/salvador-escoda-s-a-presenta-el-nuevo-aire-acondicionado-de-ventana-con-bomba-de-calor-mundoclima-serie-h10\/\"},\"author\":{\"name\":\"Soporte web\",\"@id\":\"https:\/\/www.actecir.cat\/#\/schema\/person\/42edd02f0b1d55e19444428c5d321413\"},\"headline\":\"Salvador Escoda S.A presenta el nuevo aire acondicionado de ventana con bomba de calor Mundoclima\u00ae serie H10\",\"datePublished\":\"2022-01-31T11:09:37+00:00\",\"dateModified\":\"2023-07-07T14:04:37+00:00\",\"mainEntityOfPage\":{\"@id\":\"https:\/\/www.actecir.cat\/es\/salvador-escoda-s-a-presenta-el-nuevo-aire-acondicionado-de-ventana-con-bomba-de-calor-mundoclima-serie-h10\/\"},\"wordCount\":277,\"publisher\":{\"@id\":\"https:\/\/www.actecir.cat\/#organization\"},\"image\":{\"@id\":\"https:\/\/www.actecir.cat\/es\/salvador-escoda-s-a-presenta-el-nuevo-aire-acondicionado-de-ventana-con-bomba-de-calor-mundoclima-serie-h10\/#primaryimage\"},\"thumbnailUrl\":\"https:\/\/www.actecir.cat\/wp-content\/uploads\/2023\/05\/novedad_salvadorescoda_web.png\",\"articleSection\":[\"Noticias\"],\"inLanguage\":\"es\"},{\"@type\":\"WebPage\",\"@id\":\"https:\/\/www.actecir.cat\/es\/salvador-escoda-s-a-presenta-el-nuevo-aire-acondicionado-de-ventana-con-bomba-de-calor-mundoclima-serie-h10\/\",\"url\":\"https:\/\/www.actecir.cat\/es\/salvador-escoda-s-a-presenta-el-nuevo-aire-acondicionado-de-ventana-con-bomba-de-calor-mundoclima-serie-h10\/\",\"name\":\"Salvador Escoda S.A presenta el nuevo aire acondicionado de ventana con bomba de calor Mundoclima\u00ae serie H10 - Actecir\",\"isPartOf\":{\"@id\":\"https:\/\/www.actecir.cat\/#website\"},\"primaryImageOfPage\":{\"@id\":\"https:\/\/www.actecir.cat\/es\/salvador-escoda-s-a-presenta-el-nuevo-aire-acondicionado-de-ventana-con-bomba-de-calor-mundoclima-serie-h10\/#primaryimage\"},\"image\":{\"@id\":\"https:\/\/www.actecir.cat\/es\/salvador-escoda-s-a-presenta-el-nuevo-aire-acondicionado-de-ventana-con-bomba-de-calor-mundoclima-serie-h10\/#primaryimage\"},\"thumbnailUrl\":\"https:\/\/www.actecir.cat\/wp-content\/uploads\/2023\/05\/novedad_salvadorescoda_web.png\",\"datePublished\":\"2022-01-31T11:09:37+00:00\",\"dateModified\":\"2023-07-07T14:04:37+00:00\",\"breadcrumb\":{\"@id\":\"https:\/\/www.actecir.cat\/es\/salvador-escoda-s-a-presenta-el-nuevo-aire-acondicionado-de-ventana-con-bomba-de-calor-mundoclima-serie-h10\/#breadcrumb\"},\"inLanguage\":\"es\",\"potentialAction\":[{\"@type\":\"ReadAction\",\"target\":[\"https:\/\/www.actecir.cat\/es\/salvador-escoda-s-a-presenta-el-nuevo-aire-acondicionado-de-ventana-con-bomba-de-calor-mundoclima-serie-h10\/\"]}]},{\"@type\":\"ImageObject\",\"inLanguage\":\"es\",\"@id\":\"https:\/\/www.actecir.cat\/es\/salvador-escoda-s-a-presenta-el-nuevo-aire-acondicionado-de-ventana-con-bomba-de-calor-mundoclima-serie-h10\/#primaryimage\",\"url\":\"https:\/\/www.actecir.cat\/wp-content\/uploads\/2023\/05\/novedad_salvadorescoda_web.png\",\"contentUrl\":\"https:\/\/www.actecir.cat\/wp-content\/uploads\/2023\/05\/novedad_salvadorescoda_web.png\",\"width\":600,\"height\":400},{\"@type\":\"BreadcrumbList\",\"@id\":\"https:\/\/www.actecir.cat\/es\/salvador-escoda-s-a-presenta-el-nuevo-aire-acondicionado-de-ventana-con-bomba-de-calor-mundoclima-serie-h10\/#breadcrumb\",\"itemListElement\":[{\"@type\":\"ListItem\",\"position\":1,\"name\":\"Inici\",\"item\":\"https:\/\/www.actecir.cat\/es\/\"},{\"@type\":\"ListItem\",\"position\":2,\"name\":\"Salvador Escoda S.A presenta el nuevo aire acondicionado de ventana con bomba de calor Mundoclima\u00ae serie H10\"}]},{\"@type\":\"WebSite\",\"@id\":\"https:\/\/www.actecir.cat\/#website\",\"url\":\"https:\/\/www.actecir.cat\/\",\"name\":\"Actecir\",\"description\":\"Associaci\u00f3 Catalana de T\u00e8cnics en Energia, Climatitzaci\u00f3 i Refrigeraci\u00f3\",\"publisher\":{\"@id\":\"https:\/\/www.actecir.cat\/#organization\"},\"potentialAction\":[{\"@type\":\"SearchAction\",\"target\":{\"@type\":\"EntryPoint\",\"urlTemplate\":\"https:\/\/www.actecir.cat\/?s={search_term_string}\"},\"query-input\":{\"@type\":\"PropertyValueSpecification\",\"valueRequired\":true,\"valueName\":\"search_term_string\"}}],\"inLanguage\":\"es\"},{\"@type\":\"Organization\",\"@id\":\"https:\/\/www.actecir.cat\/#organization\",\"name\":\"Actecir\",\"url\":\"https:\/\/www.actecir.cat\/\",\"logo\":{\"@type\":\"ImageObject\",\"inLanguage\":\"es\",\"@id\":\"https:\/\/www.actecir.cat\/#\/schema\/logo\/image\/\",\"url\":\"https:\/\/www.actecir.cat\/wp-content\/uploads\/2023\/04\/cropped-logo_actecir_60_alto.png\",\"contentUrl\":\"https:\/\/www.actecir.cat\/wp-content\/uploads\/2023\/04\/cropped-logo_actecir_60_alto.png\",\"width\":283,\"height\":80,\"caption\":\"Actecir\"},\"image\":{\"@id\":\"https:\/\/www.actecir.cat\/#\/schema\/logo\/image\/\"},\"sameAs\":[\"https:\/\/x.com\/actecir\",\"https:\/\/www.linkedin.com\/company\/actecir\"]},{\"@type\":\"Person\",\"@id\":\"https:\/\/www.actecir.cat\/#\/schema\/person\/42edd02f0b1d55e19444428c5d321413\",\"name\":\"Soporte web\",\"sameAs\":[\"https:\/\/www.actecir.cat\"],\"url\":\"https:\/\/www.actecir.cat\/es\/author\/maensystems\/\"}]}<\/script>\n<!-- \/ Yoast SEO plugin. -->","yoast_head_json":{"title":"Salvador Escoda S.A presenta el nuevo aire acondicionado de ventana con bomba de calor Mundoclima\u00ae serie H10 - Actecir","robots":{"index":"index","follow":"follow","max-snippet":"max-snippet:-1","max-image-preview":"max-image-preview:large","max-video-preview":"max-video-preview:-1"},"canonical":"https:\/\/www.actecir.cat\/es\/salvador-escoda-s-a-presenta-el-nuevo-aire-acondicionado-de-ventana-con-bomba-de-calor-mundoclima-serie-h10\/","og_locale":"es_ES","og_type":"article","og_title":"Salvador Escoda S.A presenta el nuevo aire acondicionado de ventana con bomba de calor Mundoclima\u00ae serie H10 - Actecir","og_description":"Fecha: 31 enero\u00a0","og_url":"https:\/\/www.actecir.cat\/es\/salvador-escoda-s-a-presenta-el-nuevo-aire-acondicionado-de-ventana-con-bomba-de-calor-mundoclima-serie-h10\/","og_site_name":"Actecir","article_published_time":"2022-01-31T11:09:37+00:00","article_modified_time":"2023-07-07T14:04:37+00:00","og_image":[{"width":600,"height":400,"url":"https:\/\/www.actecir.cat\/wp-content\/uploads\/2023\/05\/novedad_salvadorescoda_web.png","type":"image\/png"}],"author":"Soporte web","twitter_card":"summary_large_image","twitter_creator":"@actecir","twitter_site":"@actecir","twitter_misc":{"Escrito por":"Soporte web","Tiempo de lectura":"1 minuto"},"schema":{"@context":"https:\/\/schema.org","@graph":[{"@type":"Article","@id":"https:\/\/www.actecir.cat\/es\/salvador-escoda-s-a-presenta-el-nuevo-aire-acondicionado-de-ventana-con-bomba-de-calor-mundoclima-serie-h10\/#article","isPartOf":{"@id":"https:\/\/www.actecir.cat\/es\/salvador-escoda-s-a-presenta-el-nuevo-aire-acondicionado-de-ventana-con-bomba-de-calor-mundoclima-serie-h10\/"},"author":{"name":"Soporte web","@id":"https:\/\/www.actecir.cat\/#\/schema\/person\/42edd02f0b1d55e19444428c5d321413"},"headline":"Salvador Escoda S.A presenta el nuevo aire acondicionado de ventana con bomba de calor Mundoclima\u00ae serie H10","datePublished":"2022-01-31T11:09:37+00:00","dateModified":"2023-07-07T14:04:37+00:00","mainEntityOfPage":{"@id":"https:\/\/www.actecir.cat\/es\/salvador-escoda-s-a-presenta-el-nuevo-aire-acondicionado-de-ventana-con-bomba-de-calor-mundoclima-serie-h10\/"},"wordCount":277,"publisher":{"@id":"https:\/\/www.actecir.cat\/#organization"},"image":{"@id":"https:\/\/www.actecir.cat\/es\/salvador-escoda-s-a-presenta-el-nuevo-aire-acondicionado-de-ventana-con-bomba-de-calor-mundoclima-serie-h10\/#primaryimage"},"thumbnailUrl":"https:\/\/www.actecir.cat\/wp-content\/uploads\/2023\/05\/novedad_salvadorescoda_web.png","articleSection":["Noticias"],"inLanguage":"es"},{"@type":"WebPage","@id":"https:\/\/www.actecir.cat\/es\/salvador-escoda-s-a-presenta-el-nuevo-aire-acondicionado-de-ventana-con-bomba-de-calor-mundoclima-serie-h10\/","url":"https:\/\/www.actecir.cat\/es\/salvador-escoda-s-a-presenta-el-nuevo-aire-acondicionado-de-ventana-con-bomba-de-calor-mundoclima-serie-h10\/","name":"Salvador Escoda S.A presenta el nuevo aire acondicionado de ventana con bomba de calor Mundoclima\u00ae serie H10 - Actecir","isPartOf":{"@id":"https:\/\/www.actecir.cat\/#website"},"primaryImageOfPage":{"@id":"https:\/\/www.actecir.cat\/es\/salvador-escoda-s-a-presenta-el-nuevo-aire-acondicionado-de-ventana-con-bomba-de-calor-mundoclima-serie-h10\/#primaryimage"},"image":{"@id":"https:\/\/www.actecir.cat\/es\/salvador-escoda-s-a-presenta-el-nuevo-aire-acondicionado-de-ventana-con-bomba-de-calor-mundoclima-serie-h10\/#primaryimage"},"thumbnailUrl":"https:\/\/www.actecir.cat\/wp-content\/uploads\/2023\/05\/novedad_salvadorescoda_web.png","datePublished":"2022-01-31T11:09:37+00:00","dateModified":"2023-07-07T14:04:37+00:00","breadcrumb":{"@id":"https:\/\/www.actecir.cat\/es\/salvador-escoda-s-a-presenta-el-nuevo-aire-acondicionado-de-ventana-con-bomba-de-calor-mundoclima-serie-h10\/#breadcrumb"},"inLanguage":"es","potentialAction":[{"@type":"ReadAction","target":["https:\/\/www.actecir.cat\/es\/salvador-escoda-s-a-presenta-el-nuevo-aire-acondicionado-de-ventana-con-bomba-de-calor-mundoclima-serie-h10\/"]}]},{"@type":"ImageObject","inLanguage":"es","@id":"https:\/\/www.actecir.cat\/es\/salvador-escoda-s-a-presenta-el-nuevo-aire-acondicionado-de-ventana-con-bomba-de-calor-mundoclima-serie-h10\/#primaryimage","url":"https:\/\/www.actecir.cat\/wp-content\/uploads\/2023\/05\/novedad_salvadorescoda_web.png","contentUrl":"https:\/\/www.actecir.cat\/wp-content\/uploads\/2023\/05\/novedad_salvadorescoda_web.png","width":600,"height":400},{"@type":"BreadcrumbList","@id":"https:\/\/www.actecir.cat\/es\/salvador-escoda-s-a-presenta-el-nuevo-aire-acondicionado-de-ventana-con-bomba-de-calor-mundoclima-serie-h10\/#breadcrumb","itemListElement":[{"@type":"ListItem","position":1,"name":"Inici","item":"https:\/\/www.actecir.cat\/es\/"},{"@type":"ListItem","position":2,"name":"Salvador Escoda S.A presenta el nuevo aire acondicionado de ventana con bomba de calor Mundoclima\u00ae serie H10"}]},{"@type":"WebSite","@id":"https:\/\/www.actecir.cat\/#website","url":"https:\/\/www.actecir.cat\/","name":"Actecir","description":"Associaci\u00f3 Catalana de T\u00e8cnics en Energia, Climatitzaci\u00f3 i Refrigeraci\u00f3","publisher":{"@id":"https:\/\/www.actecir.cat\/#organization"},"potentialAction":[{"@type":"SearchAction","target":{"@type":"EntryPoint","urlTemplate":"https:\/\/www.actecir.cat\/?s={search_term_string}"},"query-input":{"@type":"PropertyValueSpecification","valueRequired":true,"valueName":"search_term_string"}}],"inLanguage":"es"},{"@type":"Organization","@id":"https:\/\/www.actecir.cat\/#organization","name":"Actecir","url":"https:\/\/www.actecir.cat\/","logo":{"@type":"ImageObject","inLanguage":"es","@id":"https:\/\/www.actecir.cat\/#\/schema\/logo\/image\/","url":"https:\/\/www.actecir.cat\/wp-content\/uploads\/2023\/04\/cropped-logo_actecir_60_alto.png","contentUrl":"https:\/\/www.actecir.cat\/wp-content\/uploads\/2023\/04\/cropped-logo_actecir_60_alto.png","width":283,"height":80,"caption":"Actecir"},"image":{"@id":"https:\/\/www.actecir.cat\/#\/schema\/logo\/image\/"},"sameAs":["https:\/\/x.com\/actecir","https:\/\/www.linkedin.com\/company\/actecir"]},{"@type":"Person","@id":"https:\/\/www.actecir.cat\/#\/schema\/person\/42edd02f0b1d55e19444428c5d321413","name":"Soporte web","sameAs":["https:\/\/www.actecir.cat"],"url":"https:\/\/www.actecir.cat\/es\/author\/maensystems\/"}]}},"_links":{"self":[{"href":"https:\/\/www.actecir.cat\/es\/wp-json\/wp\/v2\/posts\/5405","targetHints":{"allow":["GET"]}}],"collection":[{"href":"https:\/\/www.actecir.cat\/es\/wp-json\/wp\/v2\/posts"}],"about":[{"href":"https:\/\/www.actecir.cat\/es\/wp-json\/wp\/v2\/types\/post"}],"author":[{"embeddable":true,"href":"https:\/\/www.actecir.cat\/es\/wp-json\/wp\/v2\/users\/1"}],"replies":[{"embeddable":true,"href":"https:\/\/www.actecir.cat\/es\/wp-json\/wp\/v2\/comments?post=5405"}],"version-history":[{"count":2,"href":"https:\/\/www.actecir.cat\/es\/wp-json\/wp\/v2\/posts\/5405\/revisions"}],"predecessor-version":[{"id":11483,"href":"https:\/\/www.actecir.cat\/es\/wp-json\/wp\/v2\/posts\/5405\/revisions\/11483"}],"wp:featuredmedia":[{"embeddable":true,"href":"https:\/\/www.actecir.cat\/es\/wp-json\/wp\/v2\/media\/5403"}],"wp:attachment":[{"href":"https:\/\/www.actecir.cat\/es\/wp-json\/wp\/v2\/media?parent=5405"}],"wp:term":[{"taxonomy":"category","embeddable":true,"href":"https:\/\/www.actecir.cat\/es\/wp-json\/wp\/v2\/categories?post=5405"},{"taxonomy":"post_tag","embeddable":true,"href":"https:\/\/www.actecir.cat\/es\/wp-json\/wp\/v2\/tags?post=5405"}],"curies":[{"name":"wp","href":"https:\/\/api.w.org\/{rel}","templated":true}]}}