{"id":5423,"date":"2022-01-19T12:28:21","date_gmt":"2022-01-19T11:28:21","guid":{"rendered":"https:\/\/www.actecir.cat\/?p=5423"},"modified":"2023-05-09T12:32:55","modified_gmt":"2023-05-09T10:32:55","slug":"ashrae-sesion-tecnica-impacto-energetico-y-medioambiental-debido-a-la-mejora-de-instalaciones-hvac-en-un-edificio-universitario","status":"publish","type":"post","link":"https:\/\/www.actecir.cat\/es\/ashrae-sesion-tecnica-impacto-energetico-y-medioambiental-debido-a-la-mejora-de-instalaciones-hvac-en-un-edificio-universitario\/","title":{"rendered":"Ashrae Sesi\u00f3n T\u00e9cnica: Impacto Energ\u00e9tico y Medioambiental debido a la mejora de Instalaciones HVAC en un Edificio Universitario"},"content":{"rendered":"<p>Fecha: Jueves 27 enero 17:00 horas<\/p>\n<header class=\"entry-header\"><\/header>\n<div class=\"entry-content\">\n<div id=\"tm_builder_outer_content\" class=\"tm_builder_outer_content\">\n<div class=\"tm_builder_inner_content tm_pb_gutters3\">\n<div class=\"tm_pb_section tm_pb_section_0 tm_section_regular tm_section_transparent\">\n<div class=\"container\">\n<div class=\"row tm_pb_row tm_pb_row_0\">\n<div class=\"tm_pb_column tm_pb_column_4_4 tm_pb_column_0 col-xs-12 col-sm-12 col-md-12 col-lg-12 col-xl-12 tm_pb_vertical_alligment_start\">\n<div class=\"tm_pb_text tm_pb_module tm_pb_bg_layout_light tm_pb_text_align_left tm_pb_text_0\"><\/div>\n<\/div>\n<\/div>\n<\/div>\n<\/div>\n<\/div>\n<\/div>\n<\/div>\n<p><strong>ASHRAE Sesi\u00f3n T\u00e9cnica:\u00a0<\/strong><\/p>\n<p>Proyecto Relevante: Impacto Energ\u00e9tico y Medioambiental debido a la mejora de Instalaciones HVAC en un Edificio Universitario<\/p>\n<p><a href=\"https:\/\/spain-ashrae.org\/proyecto-relevante-universidad-valladolid\/\" target=\"_blank\" rel=\"noopener\"><img fetchpriority=\"high\" decoding=\"async\" src=\"https:\/\/www.actecir.cat\/wp-content\/uploads\/2023\/05\/Cartel-Jornada-1.jpg\" alt=\"Cartel Jornada 1\" width=\"600\" height=\"400\" \/><\/a><\/p>\n<div class=\"tm_pb_text tm_pb_module tm_pb_bg_layout_light tm_pb_text_align_left tm_pb_text_1\">\n<h3>Programa<\/h3>\n<p><strong>17.00h \u2013 17.15h:<\/strong>\u00a0 \u00a0 Presentaci\u00f3n de la Jornada. Jes\u00fas de Lara, Presidente del ASHRAE Spain Chapter.<\/p>\n<p><strong>17.15h \u2013 18.00h:<\/strong>\u00a0 \u00a0 Proyecto Relevante \u201cImpacto Energ\u00e9tico y Medioambiental debido a la mejora de Instalaciones HVAC en un<\/p>\n<p>Edificio Universitario\u201d. Diego Fern\u00e1ndez Cheliz, YEA e Ingeniero de Proyectos en Centro Tecnol\u00f3gico Fundaci\u00f3n Cidaut.<\/p>\n<p><strong>18.00h \u2013 18.30h:\u00a0<\/strong>\u00a0 Ronda de preguntas moderada por Ignacio G\u00f3mez \u2013 Cornejo, Presidente Electo del ASHRAE Spain Chapter.<\/p>\n<p><strong>18.30h:\u00a0 \u00a0<\/strong>\u00a0 \u00a0 \u00a0 \u00a0 \u00a0 \u00a0 \u00a0 \u00a0 \u00a0Fin de la Jornada.<\/p>\n<h3>\u00a0Fecha, Hora y Plataforma<\/h3>\n<p>La Sesi\u00f3n T\u00e9cnica tendr\u00e1 lugar el d\u00eda 27 de enero, en STREAMING, a trav\u00e9s de la plataforma Webex, en horario de 5.00h pm \u2013 6.30h pm CET.<\/p>\n<h3>Inscripciones<\/h3>\n<p>Realiza tu inscripci\u00f3n, de manera gratuita, cumplimentando el cuestionario de inscripci\u00f3n que aparece en el siguiente enlace:<\/p>\n<\/div>\n<div class=\"tm_pb_button_module_wrapper tm_pb_module\"><a class=\"tm_pb_button tm_pb_custom_button_icon tm_pb_button_0 tm_pb_module tm_pb_bg_layout_light tm_pb_icon_right\" href=\"https:\/\/universidaddevalladolid.webex.com\/universidaddevalladolid\/j.php?RGID=r489cd34a7f6476045227f47786b6a927\" data-icon=\"\uf18e\">\u00a1INSCR\u00cdBETE!<\/a><\/div>\n","protected":false},"excerpt":{"rendered":"<p>Fecha: Jueves 27 enero 17:00 horas<\/p>\n","protected":false},"author":1,"featured_media":5421,"comment_status":"closed","ping_status":"closed","sticky":false,"template":"","format":"standard","meta":{"footnotes":""},"categories":[25],"tags":[],"class_list":["post-5423","post","type-post","status-publish","format-standard","has-post-thumbnail","hentry","category-noticias"],"yoast_head":"<!-- This site is optimized with the Yoast SEO plugin v27.2 - https:\/\/yoast.com\/product\/yoast-seo-wordpress\/ -->\n<title>Ashrae Sesi\u00f3n T\u00e9cnica: Impacto Energ\u00e9tico y Medioambiental debido a la mejora de Instalaciones HVAC en un Edificio Universitario - Actecir<\/title>\n<meta name=\"robots\" content=\"index, follow, max-snippet:-1, max-image-preview:large, max-video-preview:-1\" \/>\n<link rel=\"canonical\" href=\"https:\/\/www.actecir.cat\/es\/ashrae-sesion-tecnica-impacto-energetico-y-medioambiental-debido-a-la-mejora-de-instalaciones-hvac-en-un-edificio-universitario\/\" \/>\n<meta property=\"og:locale\" content=\"es_ES\" \/>\n<meta property=\"og:type\" content=\"article\" \/>\n<meta property=\"og:title\" content=\"Ashrae Sesi\u00f3n T\u00e9cnica: Impacto Energ\u00e9tico y Medioambiental debido a la mejora de Instalaciones HVAC en un Edificio Universitario - Actecir\" \/>\n<meta property=\"og:description\" content=\"Fecha: Jueves 27 enero 17:00 horas\" \/>\n<meta property=\"og:url\" content=\"https:\/\/www.actecir.cat\/es\/ashrae-sesion-tecnica-impacto-energetico-y-medioambiental-debido-a-la-mejora-de-instalaciones-hvac-en-un-edificio-universitario\/\" \/>\n<meta property=\"og:site_name\" content=\"Actecir\" \/>\n<meta property=\"article:published_time\" content=\"2022-01-19T11:28:21+00:00\" \/>\n<meta property=\"article:modified_time\" content=\"2023-05-09T10:32:55+00:00\" \/>\n<meta property=\"og:image\" content=\"https:\/\/www.actecir.cat\/wp-content\/uploads\/2023\/05\/Cartel-Jornada-1.jpg\" \/>\n\t<meta property=\"og:image:width\" content=\"600\" \/>\n\t<meta property=\"og:image:height\" content=\"400\" \/>\n\t<meta property=\"og:image:type\" content=\"image\/jpeg\" \/>\n<meta name=\"author\" content=\"Soporte web\" \/>\n<meta name=\"twitter:card\" content=\"summary_large_image\" \/>\n<meta name=\"twitter:creator\" content=\"@actecir\" \/>\n<meta name=\"twitter:site\" content=\"@actecir\" \/>\n<meta name=\"twitter:label1\" content=\"Escrito por\" \/>\n\t<meta name=\"twitter:data1\" content=\"Soporte web\" \/>\n\t<meta name=\"twitter:label2\" content=\"Tiempo de lectura\" \/>\n\t<meta name=\"twitter:data2\" content=\"1 minuto\" \/>\n<script type=\"application\/ld+json\" class=\"yoast-schema-graph\">{\"@context\":\"https:\/\/schema.org\",\"@graph\":[{\"@type\":\"Article\",\"@id\":\"https:\/\/www.actecir.cat\/es\/ashrae-sesion-tecnica-impacto-energetico-y-medioambiental-debido-a-la-mejora-de-instalaciones-hvac-en-un-edificio-universitario\/#article\",\"isPartOf\":{\"@id\":\"https:\/\/www.actecir.cat\/es\/ashrae-sesion-tecnica-impacto-energetico-y-medioambiental-debido-a-la-mejora-de-instalaciones-hvac-en-un-edificio-universitario\/\"},\"author\":{\"name\":\"Soporte web\",\"@id\":\"https:\/\/www.actecir.cat\/#\/schema\/person\/42edd02f0b1d55e19444428c5d321413\"},\"headline\":\"Ashrae Sesi\u00f3n T\u00e9cnica: Impacto Energ\u00e9tico y Medioambiental debido a la mejora de Instalaciones HVAC en un Edificio Universitario\",\"datePublished\":\"2022-01-19T11:28:21+00:00\",\"dateModified\":\"2023-05-09T10:32:55+00:00\",\"mainEntityOfPage\":{\"@id\":\"https:\/\/www.actecir.cat\/es\/ashrae-sesion-tecnica-impacto-energetico-y-medioambiental-debido-a-la-mejora-de-instalaciones-hvac-en-un-edificio-universitario\/\"},\"wordCount\":178,\"publisher\":{\"@id\":\"https:\/\/www.actecir.cat\/#organization\"},\"image\":{\"@id\":\"https:\/\/www.actecir.cat\/es\/ashrae-sesion-tecnica-impacto-energetico-y-medioambiental-debido-a-la-mejora-de-instalaciones-hvac-en-un-edificio-universitario\/#primaryimage\"},\"thumbnailUrl\":\"https:\/\/www.actecir.cat\/wp-content\/uploads\/2023\/05\/Cartel-Jornada-1.jpg\",\"articleSection\":[\"Noticias\"],\"inLanguage\":\"es\"},{\"@type\":\"WebPage\",\"@id\":\"https:\/\/www.actecir.cat\/es\/ashrae-sesion-tecnica-impacto-energetico-y-medioambiental-debido-a-la-mejora-de-instalaciones-hvac-en-un-edificio-universitario\/\",\"url\":\"https:\/\/www.actecir.cat\/es\/ashrae-sesion-tecnica-impacto-energetico-y-medioambiental-debido-a-la-mejora-de-instalaciones-hvac-en-un-edificio-universitario\/\",\"name\":\"Ashrae Sesi\u00f3n T\u00e9cnica: Impacto Energ\u00e9tico y Medioambiental debido a la mejora de Instalaciones HVAC en un Edificio Universitario - Actecir\",\"isPartOf\":{\"@id\":\"https:\/\/www.actecir.cat\/#website\"},\"primaryImageOfPage\":{\"@id\":\"https:\/\/www.actecir.cat\/es\/ashrae-sesion-tecnica-impacto-energetico-y-medioambiental-debido-a-la-mejora-de-instalaciones-hvac-en-un-edificio-universitario\/#primaryimage\"},\"image\":{\"@id\":\"https:\/\/www.actecir.cat\/es\/ashrae-sesion-tecnica-impacto-energetico-y-medioambiental-debido-a-la-mejora-de-instalaciones-hvac-en-un-edificio-universitario\/#primaryimage\"},\"thumbnailUrl\":\"https:\/\/www.actecir.cat\/wp-content\/uploads\/2023\/05\/Cartel-Jornada-1.jpg\",\"datePublished\":\"2022-01-19T11:28:21+00:00\",\"dateModified\":\"2023-05-09T10:32:55+00:00\",\"breadcrumb\":{\"@id\":\"https:\/\/www.actecir.cat\/es\/ashrae-sesion-tecnica-impacto-energetico-y-medioambiental-debido-a-la-mejora-de-instalaciones-hvac-en-un-edificio-universitario\/#breadcrumb\"},\"inLanguage\":\"es\",\"potentialAction\":[{\"@type\":\"ReadAction\",\"target\":[\"https:\/\/www.actecir.cat\/es\/ashrae-sesion-tecnica-impacto-energetico-y-medioambiental-debido-a-la-mejora-de-instalaciones-hvac-en-un-edificio-universitario\/\"]}]},{\"@type\":\"ImageObject\",\"inLanguage\":\"es\",\"@id\":\"https:\/\/www.actecir.cat\/es\/ashrae-sesion-tecnica-impacto-energetico-y-medioambiental-debido-a-la-mejora-de-instalaciones-hvac-en-un-edificio-universitario\/#primaryimage\",\"url\":\"https:\/\/www.actecir.cat\/wp-content\/uploads\/2023\/05\/Cartel-Jornada-1.jpg\",\"contentUrl\":\"https:\/\/www.actecir.cat\/wp-content\/uploads\/2023\/05\/Cartel-Jornada-1.jpg\",\"width\":600,\"height\":400},{\"@type\":\"BreadcrumbList\",\"@id\":\"https:\/\/www.actecir.cat\/es\/ashrae-sesion-tecnica-impacto-energetico-y-medioambiental-debido-a-la-mejora-de-instalaciones-hvac-en-un-edificio-universitario\/#breadcrumb\",\"itemListElement\":[{\"@type\":\"ListItem\",\"position\":1,\"name\":\"Inici\",\"item\":\"https:\/\/www.actecir.cat\/es\/\"},{\"@type\":\"ListItem\",\"position\":2,\"name\":\"Ashrae Sesi\u00f3n T\u00e9cnica: Impacto Energ\u00e9tico y Medioambiental debido a la mejora de Instalaciones HVAC en un Edificio Universitario\"}]},{\"@type\":\"WebSite\",\"@id\":\"https:\/\/www.actecir.cat\/#website\",\"url\":\"https:\/\/www.actecir.cat\/\",\"name\":\"Actecir\",\"description\":\"Associaci\u00f3 Catalana de T\u00e8cnics en Energia, Climatitzaci\u00f3 i Refrigeraci\u00f3\",\"publisher\":{\"@id\":\"https:\/\/www.actecir.cat\/#organization\"},\"potentialAction\":[{\"@type\":\"SearchAction\",\"target\":{\"@type\":\"EntryPoint\",\"urlTemplate\":\"https:\/\/www.actecir.cat\/?s={search_term_string}\"},\"query-input\":{\"@type\":\"PropertyValueSpecification\",\"valueRequired\":true,\"valueName\":\"search_term_string\"}}],\"inLanguage\":\"es\"},{\"@type\":\"Organization\",\"@id\":\"https:\/\/www.actecir.cat\/#organization\",\"name\":\"Actecir\",\"url\":\"https:\/\/www.actecir.cat\/\",\"logo\":{\"@type\":\"ImageObject\",\"inLanguage\":\"es\",\"@id\":\"https:\/\/www.actecir.cat\/#\/schema\/logo\/image\/\",\"url\":\"https:\/\/www.actecir.cat\/wp-content\/uploads\/2023\/04\/cropped-logo_actecir_60_alto.png\",\"contentUrl\":\"https:\/\/www.actecir.cat\/wp-content\/uploads\/2023\/04\/cropped-logo_actecir_60_alto.png\",\"width\":283,\"height\":80,\"caption\":\"Actecir\"},\"image\":{\"@id\":\"https:\/\/www.actecir.cat\/#\/schema\/logo\/image\/\"},\"sameAs\":[\"https:\/\/x.com\/actecir\",\"https:\/\/www.linkedin.com\/company\/actecir\"]},{\"@type\":\"Person\",\"@id\":\"https:\/\/www.actecir.cat\/#\/schema\/person\/42edd02f0b1d55e19444428c5d321413\",\"name\":\"Soporte web\",\"sameAs\":[\"https:\/\/www.actecir.cat\"],\"url\":\"https:\/\/www.actecir.cat\/es\/author\/maensystems\/\"}]}<\/script>\n<!-- \/ Yoast SEO plugin. -->","yoast_head_json":{"title":"Ashrae Sesi\u00f3n T\u00e9cnica: Impacto Energ\u00e9tico y Medioambiental debido a la mejora de Instalaciones HVAC en un Edificio Universitario - Actecir","robots":{"index":"index","follow":"follow","max-snippet":"max-snippet:-1","max-image-preview":"max-image-preview:large","max-video-preview":"max-video-preview:-1"},"canonical":"https:\/\/www.actecir.cat\/es\/ashrae-sesion-tecnica-impacto-energetico-y-medioambiental-debido-a-la-mejora-de-instalaciones-hvac-en-un-edificio-universitario\/","og_locale":"es_ES","og_type":"article","og_title":"Ashrae Sesi\u00f3n T\u00e9cnica: Impacto Energ\u00e9tico y Medioambiental debido a la mejora de Instalaciones HVAC en un Edificio Universitario - Actecir","og_description":"Fecha: Jueves 27 enero 17:00 horas","og_url":"https:\/\/www.actecir.cat\/es\/ashrae-sesion-tecnica-impacto-energetico-y-medioambiental-debido-a-la-mejora-de-instalaciones-hvac-en-un-edificio-universitario\/","og_site_name":"Actecir","article_published_time":"2022-01-19T11:28:21+00:00","article_modified_time":"2023-05-09T10:32:55+00:00","og_image":[{"width":600,"height":400,"url":"https:\/\/www.actecir.cat\/wp-content\/uploads\/2023\/05\/Cartel-Jornada-1.jpg","type":"image\/jpeg"}],"author":"Soporte web","twitter_card":"summary_large_image","twitter_creator":"@actecir","twitter_site":"@actecir","twitter_misc":{"Escrito por":"Soporte web","Tiempo de lectura":"1 minuto"},"schema":{"@context":"https:\/\/schema.org","@graph":[{"@type":"Article","@id":"https:\/\/www.actecir.cat\/es\/ashrae-sesion-tecnica-impacto-energetico-y-medioambiental-debido-a-la-mejora-de-instalaciones-hvac-en-un-edificio-universitario\/#article","isPartOf":{"@id":"https:\/\/www.actecir.cat\/es\/ashrae-sesion-tecnica-impacto-energetico-y-medioambiental-debido-a-la-mejora-de-instalaciones-hvac-en-un-edificio-universitario\/"},"author":{"name":"Soporte web","@id":"https:\/\/www.actecir.cat\/#\/schema\/person\/42edd02f0b1d55e19444428c5d321413"},"headline":"Ashrae Sesi\u00f3n T\u00e9cnica: Impacto Energ\u00e9tico y Medioambiental debido a la mejora de Instalaciones HVAC en un Edificio Universitario","datePublished":"2022-01-19T11:28:21+00:00","dateModified":"2023-05-09T10:32:55+00:00","mainEntityOfPage":{"@id":"https:\/\/www.actecir.cat\/es\/ashrae-sesion-tecnica-impacto-energetico-y-medioambiental-debido-a-la-mejora-de-instalaciones-hvac-en-un-edificio-universitario\/"},"wordCount":178,"publisher":{"@id":"https:\/\/www.actecir.cat\/#organization"},"image":{"@id":"https:\/\/www.actecir.cat\/es\/ashrae-sesion-tecnica-impacto-energetico-y-medioambiental-debido-a-la-mejora-de-instalaciones-hvac-en-un-edificio-universitario\/#primaryimage"},"thumbnailUrl":"https:\/\/www.actecir.cat\/wp-content\/uploads\/2023\/05\/Cartel-Jornada-1.jpg","articleSection":["Noticias"],"inLanguage":"es"},{"@type":"WebPage","@id":"https:\/\/www.actecir.cat\/es\/ashrae-sesion-tecnica-impacto-energetico-y-medioambiental-debido-a-la-mejora-de-instalaciones-hvac-en-un-edificio-universitario\/","url":"https:\/\/www.actecir.cat\/es\/ashrae-sesion-tecnica-impacto-energetico-y-medioambiental-debido-a-la-mejora-de-instalaciones-hvac-en-un-edificio-universitario\/","name":"Ashrae Sesi\u00f3n T\u00e9cnica: Impacto Energ\u00e9tico y Medioambiental debido a la mejora de Instalaciones HVAC en un Edificio Universitario - Actecir","isPartOf":{"@id":"https:\/\/www.actecir.cat\/#website"},"primaryImageOfPage":{"@id":"https:\/\/www.actecir.cat\/es\/ashrae-sesion-tecnica-impacto-energetico-y-medioambiental-debido-a-la-mejora-de-instalaciones-hvac-en-un-edificio-universitario\/#primaryimage"},"image":{"@id":"https:\/\/www.actecir.cat\/es\/ashrae-sesion-tecnica-impacto-energetico-y-medioambiental-debido-a-la-mejora-de-instalaciones-hvac-en-un-edificio-universitario\/#primaryimage"},"thumbnailUrl":"https:\/\/www.actecir.cat\/wp-content\/uploads\/2023\/05\/Cartel-Jornada-1.jpg","datePublished":"2022-01-19T11:28:21+00:00","dateModified":"2023-05-09T10:32:55+00:00","breadcrumb":{"@id":"https:\/\/www.actecir.cat\/es\/ashrae-sesion-tecnica-impacto-energetico-y-medioambiental-debido-a-la-mejora-de-instalaciones-hvac-en-un-edificio-universitario\/#breadcrumb"},"inLanguage":"es","potentialAction":[{"@type":"ReadAction","target":["https:\/\/www.actecir.cat\/es\/ashrae-sesion-tecnica-impacto-energetico-y-medioambiental-debido-a-la-mejora-de-instalaciones-hvac-en-un-edificio-universitario\/"]}]},{"@type":"ImageObject","inLanguage":"es","@id":"https:\/\/www.actecir.cat\/es\/ashrae-sesion-tecnica-impacto-energetico-y-medioambiental-debido-a-la-mejora-de-instalaciones-hvac-en-un-edificio-universitario\/#primaryimage","url":"https:\/\/www.actecir.cat\/wp-content\/uploads\/2023\/05\/Cartel-Jornada-1.jpg","contentUrl":"https:\/\/www.actecir.cat\/wp-content\/uploads\/2023\/05\/Cartel-Jornada-1.jpg","width":600,"height":400},{"@type":"BreadcrumbList","@id":"https:\/\/www.actecir.cat\/es\/ashrae-sesion-tecnica-impacto-energetico-y-medioambiental-debido-a-la-mejora-de-instalaciones-hvac-en-un-edificio-universitario\/#breadcrumb","itemListElement":[{"@type":"ListItem","position":1,"name":"Inici","item":"https:\/\/www.actecir.cat\/es\/"},{"@type":"ListItem","position":2,"name":"Ashrae Sesi\u00f3n T\u00e9cnica: Impacto Energ\u00e9tico y Medioambiental debido a la mejora de Instalaciones HVAC en un Edificio Universitario"}]},{"@type":"WebSite","@id":"https:\/\/www.actecir.cat\/#website","url":"https:\/\/www.actecir.cat\/","name":"Actecir","description":"Associaci\u00f3 Catalana de T\u00e8cnics en Energia, Climatitzaci\u00f3 i Refrigeraci\u00f3","publisher":{"@id":"https:\/\/www.actecir.cat\/#organization"},"potentialAction":[{"@type":"SearchAction","target":{"@type":"EntryPoint","urlTemplate":"https:\/\/www.actecir.cat\/?s={search_term_string}"},"query-input":{"@type":"PropertyValueSpecification","valueRequired":true,"valueName":"search_term_string"}}],"inLanguage":"es"},{"@type":"Organization","@id":"https:\/\/www.actecir.cat\/#organization","name":"Actecir","url":"https:\/\/www.actecir.cat\/","logo":{"@type":"ImageObject","inLanguage":"es","@id":"https:\/\/www.actecir.cat\/#\/schema\/logo\/image\/","url":"https:\/\/www.actecir.cat\/wp-content\/uploads\/2023\/04\/cropped-logo_actecir_60_alto.png","contentUrl":"https:\/\/www.actecir.cat\/wp-content\/uploads\/2023\/04\/cropped-logo_actecir_60_alto.png","width":283,"height":80,"caption":"Actecir"},"image":{"@id":"https:\/\/www.actecir.cat\/#\/schema\/logo\/image\/"},"sameAs":["https:\/\/x.com\/actecir","https:\/\/www.linkedin.com\/company\/actecir"]},{"@type":"Person","@id":"https:\/\/www.actecir.cat\/#\/schema\/person\/42edd02f0b1d55e19444428c5d321413","name":"Soporte web","sameAs":["https:\/\/www.actecir.cat"],"url":"https:\/\/www.actecir.cat\/es\/author\/maensystems\/"}]}},"_links":{"self":[{"href":"https:\/\/www.actecir.cat\/es\/wp-json\/wp\/v2\/posts\/5423","targetHints":{"allow":["GET"]}}],"collection":[{"href":"https:\/\/www.actecir.cat\/es\/wp-json\/wp\/v2\/posts"}],"about":[{"href":"https:\/\/www.actecir.cat\/es\/wp-json\/wp\/v2\/types\/post"}],"author":[{"embeddable":true,"href":"https:\/\/www.actecir.cat\/es\/wp-json\/wp\/v2\/users\/1"}],"replies":[{"embeddable":true,"href":"https:\/\/www.actecir.cat\/es\/wp-json\/wp\/v2\/comments?post=5423"}],"version-history":[{"count":1,"href":"https:\/\/www.actecir.cat\/es\/wp-json\/wp\/v2\/posts\/5423\/revisions"}],"predecessor-version":[{"id":5424,"href":"https:\/\/www.actecir.cat\/es\/wp-json\/wp\/v2\/posts\/5423\/revisions\/5424"}],"wp:featuredmedia":[{"embeddable":true,"href":"https:\/\/www.actecir.cat\/es\/wp-json\/wp\/v2\/media\/5421"}],"wp:attachment":[{"href":"https:\/\/www.actecir.cat\/es\/wp-json\/wp\/v2\/media?parent=5423"}],"wp:term":[{"taxonomy":"category","embeddable":true,"href":"https:\/\/www.actecir.cat\/es\/wp-json\/wp\/v2\/categories?post=5423"},{"taxonomy":"post_tag","embeddable":true,"href":"https:\/\/www.actecir.cat\/es\/wp-json\/wp\/v2\/tags?post=5423"}],"curies":[{"name":"wp","href":"https:\/\/api.w.org\/{rel}","templated":true}]}}