{"id":5429,"date":"2022-01-07T12:34:18","date_gmt":"2022-01-07T11:34:18","guid":{"rendered":"https:\/\/www.actecir.cat\/?p=5429"},"modified":"2023-07-07T16:04:37","modified_gmt":"2023-07-07T14:04:37","slug":"salvador-escoda-s-a-reabre-su-tienda-de-girona-como-escoda-store","status":"publish","type":"post","link":"https:\/\/www.actecir.cat\/es\/salvador-escoda-s-a-reabre-su-tienda-de-girona-como-escoda-store\/","title":{"rendered":"Salvador Escoda S.A reabre su tienda de Girona como Escoda Store"},"content":{"rendered":"<p>Nueva tienda Salvador Escoda<\/p>\n<p><a href=\"https:\/\/www.salvadorescoda.com\/\">Salvador Escoda<\/a>, distribuidora de material para instalaciones de climatizaci\u00f3n, agua, gas, energ\u00edas renovables y aislamiento\u00a0<strong>reabre su tienda de Girona en forma de EscodaStore<\/strong>, y la reubica en la Calle Santa Coloma, 111 en Girona.<\/p>\n<p>Esta es la\u00a0<strong>onceava\u00a0<em>EscodaStore\u00a0<\/em><\/strong>de la compa\u00f1\u00eda y supone una reubicaci\u00f3n para permitir una ampliaci\u00f3n de la superficie de tienda y de almac\u00e9n, que ahora cuentan con m\u00e1s de 1.000m<sup>2<\/sup>. Esta remodelaci\u00f3n permite que la tienda de la capital gerundense se ajuste al nuevo concepto de tienda\u00a0<strong><em>EscodaStore<\/em><\/strong>, orientada al autoservicio, con interactividad, tecnolog\u00eda y servicio expr\u00e9s, ya que forma parte de la red de tiendas ConEcta, la web App de Salvador Escoda al servicio del instalador.<\/p>\n<p>El concepto\u00a0<strong><em>EscodaStore<\/em>\u00a0<\/strong>nace en la organizaci\u00f3n a partir de la idea de ubicar al cliente en el centro de la actividad, lo que se conoce como \u201ccustomer centric culture\u201d. Una de las acciones que Salvador Escoda est\u00e1 potenciando como compa\u00f1\u00eda en este sentido es reformar sus puntos de venta para convertirlos en\u00a0<em>showrooms<\/em>, espacios din\u00e1micos d\u00f3nde el cliente instalador pueda interactuar con materiales en exposici\u00f3n y venta. Se pretende con ello dinamizar la experiencia de compra en el punto de venta y ofrecer un espacio m\u00e1s vers\u00e1til y moderno en el que el cliente disfrute de una experiencia 360\u00ba.<\/p>\n<p>Esta tienda con formato\u00a0<strong><em>EscodaStore<\/em><\/strong>\u00a0cuenta con 150 expositores equivalentes a 750 metros lineales con exposici\u00f3n de producto y 7 metros lineales de mostrador segmentado por divisiones de producto para que los instaladores vayan directamente a la secci\u00f3n que sea de su conveniencia.<\/p>\n<p>Datos de la\u00a0<strong><em>EscodaStore<\/em><\/strong>\u00a0de\u00a0<strong>Girona<\/strong>:<\/p>\n<p>&#8211; 400 m<sup>2\u00a0<\/sup>de tienda<\/p>\n<p>&#8211; 280 m<sup>2<\/sup>\u00a0de almac\u00e9n<\/p>\n<p>&#8211; 7 metros lineales de mostrador<\/p>\n<p>&#8211; 150 expositores (equivalentes a 750 metros lineales)<\/p>\n<p>&#8211; 400 m<sup>2\u00a0<\/sup>de parking<\/p>\n<p>&#8211; Horario: Lunes a viernes 07:30 \u2013 13:00 y 15:00 \u2013 18:00<\/p>\n","protected":false},"excerpt":{"rendered":"<p>Nueva tienda Salvador Escoda<\/p>\n","protected":false},"author":1,"featured_media":5427,"comment_status":"closed","ping_status":"closed","sticky":false,"template":"","format":"standard","meta":{"footnotes":""},"categories":[25],"tags":[],"class_list":["post-5429","post","type-post","status-publish","format-standard","has-post-thumbnail","hentry","category-noticias"],"yoast_head":"<!-- This site is optimized with the Yoast SEO plugin v27.2 - https:\/\/yoast.com\/product\/yoast-seo-wordpress\/ -->\n<title>Salvador Escoda S.A reabre su tienda de Girona como Escoda Store - Actecir<\/title>\n<meta name=\"robots\" content=\"index, follow, max-snippet:-1, max-image-preview:large, max-video-preview:-1\" \/>\n<link rel=\"canonical\" href=\"https:\/\/www.actecir.cat\/es\/salvador-escoda-s-a-reabre-su-tienda-de-girona-como-escoda-store\/\" \/>\n<meta property=\"og:locale\" content=\"es_ES\" \/>\n<meta property=\"og:type\" content=\"article\" \/>\n<meta property=\"og:title\" content=\"Salvador Escoda S.A reabre su tienda de Girona como Escoda Store - Actecir\" \/>\n<meta property=\"og:description\" content=\"Nueva tienda Salvador Escoda\" \/>\n<meta property=\"og:url\" content=\"https:\/\/www.actecir.cat\/es\/salvador-escoda-s-a-reabre-su-tienda-de-girona-como-escoda-store\/\" \/>\n<meta property=\"og:site_name\" content=\"Actecir\" \/>\n<meta property=\"article:published_time\" content=\"2022-01-07T11:34:18+00:00\" \/>\n<meta property=\"article:modified_time\" content=\"2023-07-07T14:04:37+00:00\" \/>\n<meta property=\"og:image\" content=\"https:\/\/www.actecir.cat\/wp-content\/uploads\/2023\/05\/s.escoda_web.jpg\" \/>\n\t<meta property=\"og:image:width\" content=\"600\" \/>\n\t<meta property=\"og:image:height\" content=\"400\" \/>\n\t<meta property=\"og:image:type\" content=\"image\/jpeg\" \/>\n<meta name=\"author\" content=\"Soporte web\" \/>\n<meta name=\"twitter:card\" content=\"summary_large_image\" \/>\n<meta name=\"twitter:creator\" content=\"@actecir\" \/>\n<meta name=\"twitter:site\" content=\"@actecir\" \/>\n<meta name=\"twitter:label1\" content=\"Escrito por\" \/>\n\t<meta name=\"twitter:data1\" content=\"Soporte web\" \/>\n\t<meta name=\"twitter:label2\" content=\"Tiempo de lectura\" \/>\n\t<meta name=\"twitter:data2\" content=\"2 minutos\" \/>\n<script type=\"application\/ld+json\" class=\"yoast-schema-graph\">{\"@context\":\"https:\/\/schema.org\",\"@graph\":[{\"@type\":\"Article\",\"@id\":\"https:\/\/www.actecir.cat\/es\/salvador-escoda-s-a-reabre-su-tienda-de-girona-como-escoda-store\/#article\",\"isPartOf\":{\"@id\":\"https:\/\/www.actecir.cat\/es\/salvador-escoda-s-a-reabre-su-tienda-de-girona-como-escoda-store\/\"},\"author\":{\"name\":\"Soporte web\",\"@id\":\"https:\/\/www.actecir.cat\/#\/schema\/person\/42edd02f0b1d55e19444428c5d321413\"},\"headline\":\"Salvador Escoda S.A reabre su tienda de Girona como Escoda Store\",\"datePublished\":\"2022-01-07T11:34:18+00:00\",\"dateModified\":\"2023-07-07T14:04:37+00:00\",\"mainEntityOfPage\":{\"@id\":\"https:\/\/www.actecir.cat\/es\/salvador-escoda-s-a-reabre-su-tienda-de-girona-como-escoda-store\/\"},\"wordCount\":322,\"publisher\":{\"@id\":\"https:\/\/www.actecir.cat\/#organization\"},\"image\":{\"@id\":\"https:\/\/www.actecir.cat\/es\/salvador-escoda-s-a-reabre-su-tienda-de-girona-como-escoda-store\/#primaryimage\"},\"thumbnailUrl\":\"https:\/\/www.actecir.cat\/wp-content\/uploads\/2023\/05\/s.escoda_web.jpg\",\"articleSection\":[\"Noticias\"],\"inLanguage\":\"es\"},{\"@type\":\"WebPage\",\"@id\":\"https:\/\/www.actecir.cat\/es\/salvador-escoda-s-a-reabre-su-tienda-de-girona-como-escoda-store\/\",\"url\":\"https:\/\/www.actecir.cat\/es\/salvador-escoda-s-a-reabre-su-tienda-de-girona-como-escoda-store\/\",\"name\":\"Salvador Escoda S.A reabre su tienda de Girona como Escoda Store - Actecir\",\"isPartOf\":{\"@id\":\"https:\/\/www.actecir.cat\/#website\"},\"primaryImageOfPage\":{\"@id\":\"https:\/\/www.actecir.cat\/es\/salvador-escoda-s-a-reabre-su-tienda-de-girona-como-escoda-store\/#primaryimage\"},\"image\":{\"@id\":\"https:\/\/www.actecir.cat\/es\/salvador-escoda-s-a-reabre-su-tienda-de-girona-como-escoda-store\/#primaryimage\"},\"thumbnailUrl\":\"https:\/\/www.actecir.cat\/wp-content\/uploads\/2023\/05\/s.escoda_web.jpg\",\"datePublished\":\"2022-01-07T11:34:18+00:00\",\"dateModified\":\"2023-07-07T14:04:37+00:00\",\"breadcrumb\":{\"@id\":\"https:\/\/www.actecir.cat\/es\/salvador-escoda-s-a-reabre-su-tienda-de-girona-como-escoda-store\/#breadcrumb\"},\"inLanguage\":\"es\",\"potentialAction\":[{\"@type\":\"ReadAction\",\"target\":[\"https:\/\/www.actecir.cat\/es\/salvador-escoda-s-a-reabre-su-tienda-de-girona-como-escoda-store\/\"]}]},{\"@type\":\"ImageObject\",\"inLanguage\":\"es\",\"@id\":\"https:\/\/www.actecir.cat\/es\/salvador-escoda-s-a-reabre-su-tienda-de-girona-como-escoda-store\/#primaryimage\",\"url\":\"https:\/\/www.actecir.cat\/wp-content\/uploads\/2023\/05\/s.escoda_web.jpg\",\"contentUrl\":\"https:\/\/www.actecir.cat\/wp-content\/uploads\/2023\/05\/s.escoda_web.jpg\",\"width\":600,\"height\":400},{\"@type\":\"BreadcrumbList\",\"@id\":\"https:\/\/www.actecir.cat\/es\/salvador-escoda-s-a-reabre-su-tienda-de-girona-como-escoda-store\/#breadcrumb\",\"itemListElement\":[{\"@type\":\"ListItem\",\"position\":1,\"name\":\"Inici\",\"item\":\"https:\/\/www.actecir.cat\/es\/\"},{\"@type\":\"ListItem\",\"position\":2,\"name\":\"Salvador Escoda S.A reabre su tienda de Girona como Escoda Store\"}]},{\"@type\":\"WebSite\",\"@id\":\"https:\/\/www.actecir.cat\/#website\",\"url\":\"https:\/\/www.actecir.cat\/\",\"name\":\"Actecir\",\"description\":\"Associaci\u00f3 Catalana de T\u00e8cnics en Energia, Climatitzaci\u00f3 i Refrigeraci\u00f3\",\"publisher\":{\"@id\":\"https:\/\/www.actecir.cat\/#organization\"},\"potentialAction\":[{\"@type\":\"SearchAction\",\"target\":{\"@type\":\"EntryPoint\",\"urlTemplate\":\"https:\/\/www.actecir.cat\/?s={search_term_string}\"},\"query-input\":{\"@type\":\"PropertyValueSpecification\",\"valueRequired\":true,\"valueName\":\"search_term_string\"}}],\"inLanguage\":\"es\"},{\"@type\":\"Organization\",\"@id\":\"https:\/\/www.actecir.cat\/#organization\",\"name\":\"Actecir\",\"url\":\"https:\/\/www.actecir.cat\/\",\"logo\":{\"@type\":\"ImageObject\",\"inLanguage\":\"es\",\"@id\":\"https:\/\/www.actecir.cat\/#\/schema\/logo\/image\/\",\"url\":\"https:\/\/www.actecir.cat\/wp-content\/uploads\/2023\/04\/cropped-logo_actecir_60_alto.png\",\"contentUrl\":\"https:\/\/www.actecir.cat\/wp-content\/uploads\/2023\/04\/cropped-logo_actecir_60_alto.png\",\"width\":283,\"height\":80,\"caption\":\"Actecir\"},\"image\":{\"@id\":\"https:\/\/www.actecir.cat\/#\/schema\/logo\/image\/\"},\"sameAs\":[\"https:\/\/x.com\/actecir\",\"https:\/\/www.linkedin.com\/company\/actecir\"]},{\"@type\":\"Person\",\"@id\":\"https:\/\/www.actecir.cat\/#\/schema\/person\/42edd02f0b1d55e19444428c5d321413\",\"name\":\"Soporte web\",\"sameAs\":[\"https:\/\/www.actecir.cat\"],\"url\":\"https:\/\/www.actecir.cat\/es\/author\/maensystems\/\"}]}<\/script>\n<!-- \/ Yoast SEO plugin. -->","yoast_head_json":{"title":"Salvador Escoda S.A reabre su tienda de Girona como Escoda Store - Actecir","robots":{"index":"index","follow":"follow","max-snippet":"max-snippet:-1","max-image-preview":"max-image-preview:large","max-video-preview":"max-video-preview:-1"},"canonical":"https:\/\/www.actecir.cat\/es\/salvador-escoda-s-a-reabre-su-tienda-de-girona-como-escoda-store\/","og_locale":"es_ES","og_type":"article","og_title":"Salvador Escoda S.A reabre su tienda de Girona como Escoda Store - Actecir","og_description":"Nueva tienda Salvador Escoda","og_url":"https:\/\/www.actecir.cat\/es\/salvador-escoda-s-a-reabre-su-tienda-de-girona-como-escoda-store\/","og_site_name":"Actecir","article_published_time":"2022-01-07T11:34:18+00:00","article_modified_time":"2023-07-07T14:04:37+00:00","og_image":[{"width":600,"height":400,"url":"https:\/\/www.actecir.cat\/wp-content\/uploads\/2023\/05\/s.escoda_web.jpg","type":"image\/jpeg"}],"author":"Soporte web","twitter_card":"summary_large_image","twitter_creator":"@actecir","twitter_site":"@actecir","twitter_misc":{"Escrito por":"Soporte web","Tiempo de lectura":"2 minutos"},"schema":{"@context":"https:\/\/schema.org","@graph":[{"@type":"Article","@id":"https:\/\/www.actecir.cat\/es\/salvador-escoda-s-a-reabre-su-tienda-de-girona-como-escoda-store\/#article","isPartOf":{"@id":"https:\/\/www.actecir.cat\/es\/salvador-escoda-s-a-reabre-su-tienda-de-girona-como-escoda-store\/"},"author":{"name":"Soporte web","@id":"https:\/\/www.actecir.cat\/#\/schema\/person\/42edd02f0b1d55e19444428c5d321413"},"headline":"Salvador Escoda S.A reabre su tienda de Girona como Escoda Store","datePublished":"2022-01-07T11:34:18+00:00","dateModified":"2023-07-07T14:04:37+00:00","mainEntityOfPage":{"@id":"https:\/\/www.actecir.cat\/es\/salvador-escoda-s-a-reabre-su-tienda-de-girona-como-escoda-store\/"},"wordCount":322,"publisher":{"@id":"https:\/\/www.actecir.cat\/#organization"},"image":{"@id":"https:\/\/www.actecir.cat\/es\/salvador-escoda-s-a-reabre-su-tienda-de-girona-como-escoda-store\/#primaryimage"},"thumbnailUrl":"https:\/\/www.actecir.cat\/wp-content\/uploads\/2023\/05\/s.escoda_web.jpg","articleSection":["Noticias"],"inLanguage":"es"},{"@type":"WebPage","@id":"https:\/\/www.actecir.cat\/es\/salvador-escoda-s-a-reabre-su-tienda-de-girona-como-escoda-store\/","url":"https:\/\/www.actecir.cat\/es\/salvador-escoda-s-a-reabre-su-tienda-de-girona-como-escoda-store\/","name":"Salvador Escoda S.A reabre su tienda de Girona como Escoda Store - Actecir","isPartOf":{"@id":"https:\/\/www.actecir.cat\/#website"},"primaryImageOfPage":{"@id":"https:\/\/www.actecir.cat\/es\/salvador-escoda-s-a-reabre-su-tienda-de-girona-como-escoda-store\/#primaryimage"},"image":{"@id":"https:\/\/www.actecir.cat\/es\/salvador-escoda-s-a-reabre-su-tienda-de-girona-como-escoda-store\/#primaryimage"},"thumbnailUrl":"https:\/\/www.actecir.cat\/wp-content\/uploads\/2023\/05\/s.escoda_web.jpg","datePublished":"2022-01-07T11:34:18+00:00","dateModified":"2023-07-07T14:04:37+00:00","breadcrumb":{"@id":"https:\/\/www.actecir.cat\/es\/salvador-escoda-s-a-reabre-su-tienda-de-girona-como-escoda-store\/#breadcrumb"},"inLanguage":"es","potentialAction":[{"@type":"ReadAction","target":["https:\/\/www.actecir.cat\/es\/salvador-escoda-s-a-reabre-su-tienda-de-girona-como-escoda-store\/"]}]},{"@type":"ImageObject","inLanguage":"es","@id":"https:\/\/www.actecir.cat\/es\/salvador-escoda-s-a-reabre-su-tienda-de-girona-como-escoda-store\/#primaryimage","url":"https:\/\/www.actecir.cat\/wp-content\/uploads\/2023\/05\/s.escoda_web.jpg","contentUrl":"https:\/\/www.actecir.cat\/wp-content\/uploads\/2023\/05\/s.escoda_web.jpg","width":600,"height":400},{"@type":"BreadcrumbList","@id":"https:\/\/www.actecir.cat\/es\/salvador-escoda-s-a-reabre-su-tienda-de-girona-como-escoda-store\/#breadcrumb","itemListElement":[{"@type":"ListItem","position":1,"name":"Inici","item":"https:\/\/www.actecir.cat\/es\/"},{"@type":"ListItem","position":2,"name":"Salvador Escoda S.A reabre su tienda de Girona como Escoda Store"}]},{"@type":"WebSite","@id":"https:\/\/www.actecir.cat\/#website","url":"https:\/\/www.actecir.cat\/","name":"Actecir","description":"Associaci\u00f3 Catalana de T\u00e8cnics en Energia, Climatitzaci\u00f3 i Refrigeraci\u00f3","publisher":{"@id":"https:\/\/www.actecir.cat\/#organization"},"potentialAction":[{"@type":"SearchAction","target":{"@type":"EntryPoint","urlTemplate":"https:\/\/www.actecir.cat\/?s={search_term_string}"},"query-input":{"@type":"PropertyValueSpecification","valueRequired":true,"valueName":"search_term_string"}}],"inLanguage":"es"},{"@type":"Organization","@id":"https:\/\/www.actecir.cat\/#organization","name":"Actecir","url":"https:\/\/www.actecir.cat\/","logo":{"@type":"ImageObject","inLanguage":"es","@id":"https:\/\/www.actecir.cat\/#\/schema\/logo\/image\/","url":"https:\/\/www.actecir.cat\/wp-content\/uploads\/2023\/04\/cropped-logo_actecir_60_alto.png","contentUrl":"https:\/\/www.actecir.cat\/wp-content\/uploads\/2023\/04\/cropped-logo_actecir_60_alto.png","width":283,"height":80,"caption":"Actecir"},"image":{"@id":"https:\/\/www.actecir.cat\/#\/schema\/logo\/image\/"},"sameAs":["https:\/\/x.com\/actecir","https:\/\/www.linkedin.com\/company\/actecir"]},{"@type":"Person","@id":"https:\/\/www.actecir.cat\/#\/schema\/person\/42edd02f0b1d55e19444428c5d321413","name":"Soporte web","sameAs":["https:\/\/www.actecir.cat"],"url":"https:\/\/www.actecir.cat\/es\/author\/maensystems\/"}]}},"_links":{"self":[{"href":"https:\/\/www.actecir.cat\/es\/wp-json\/wp\/v2\/posts\/5429","targetHints":{"allow":["GET"]}}],"collection":[{"href":"https:\/\/www.actecir.cat\/es\/wp-json\/wp\/v2\/posts"}],"about":[{"href":"https:\/\/www.actecir.cat\/es\/wp-json\/wp\/v2\/types\/post"}],"author":[{"embeddable":true,"href":"https:\/\/www.actecir.cat\/es\/wp-json\/wp\/v2\/users\/1"}],"replies":[{"embeddable":true,"href":"https:\/\/www.actecir.cat\/es\/wp-json\/wp\/v2\/comments?post=5429"}],"version-history":[{"count":2,"href":"https:\/\/www.actecir.cat\/es\/wp-json\/wp\/v2\/posts\/5429\/revisions"}],"predecessor-version":[{"id":11485,"href":"https:\/\/www.actecir.cat\/es\/wp-json\/wp\/v2\/posts\/5429\/revisions\/11485"}],"wp:featuredmedia":[{"embeddable":true,"href":"https:\/\/www.actecir.cat\/es\/wp-json\/wp\/v2\/media\/5427"}],"wp:attachment":[{"href":"https:\/\/www.actecir.cat\/es\/wp-json\/wp\/v2\/media?parent=5429"}],"wp:term":[{"taxonomy":"category","embeddable":true,"href":"https:\/\/www.actecir.cat\/es\/wp-json\/wp\/v2\/categories?post=5429"},{"taxonomy":"post_tag","embeddable":true,"href":"https:\/\/www.actecir.cat\/es\/wp-json\/wp\/v2\/tags?post=5429"}],"curies":[{"name":"wp","href":"https:\/\/api.w.org\/{rel}","templated":true}]}}