{"id":5469,"date":"2021-11-30T13:03:29","date_gmt":"2021-11-30T12:03:29","guid":{"rendered":"https:\/\/www.actecir.cat\/?p=5469"},"modified":"2023-05-09T13:13:19","modified_gmt":"2023-05-09T11:13:19","slug":"jornada-nuevas-tendencias-en-el-sector-de-la-climatizacion","status":"publish","type":"post","link":"https:\/\/www.actecir.cat\/es\/jornada-nuevas-tendencias-en-el-sector-de-la-climatizacion\/","title":{"rendered":"Jornada: Nuevas Tendencias en el sector de la Climatizaci\u00f3n."},"content":{"rendered":"<p>Fecha: 2 diciembre 10:00 horas<\/p>\n<ul>\n<li>Organizada por: Centro de Referencia Nacional de Fr\u00edo y Climatizaci\u00f3n.<\/li>\n<\/ul>\n<p><strong>Haz click en la imagen del programa para acceder a toda la informaci\u00f3n:<\/strong><\/p>\n<p><strong><a href=\"https:\/\/frioyclimatizacion.centrosdeformacion.empleo.madrid.org\/web\/educamadrid\/principal\/files\/843beefc-5e28-4452-9174-f40ab38f8d26\/Noticias\/Jornada%20T%C3%A9cnica.pdf?t=1637648708204\" target=\"_blank\" rel=\"noopener\"><img fetchpriority=\"high\" decoding=\"async\" src=\"https:\/\/www.actecir.cat\/wp-content\/uploads\/2023\/05\/Jornada-Tecnica_Pagina_2.jpg\" alt=\"Jornada Tecnica Pagina 2\" width=\"779\" height=\"974\" \/><\/a><\/strong><\/p>\n","protected":false},"excerpt":{"rendered":"<p>Fecha: 2 diciembre 10:00 horas<\/p>\n","protected":false},"author":1,"featured_media":5467,"comment_status":"closed","ping_status":"closed","sticky":false,"template":"","format":"standard","meta":{"footnotes":""},"categories":[25],"tags":[],"class_list":["post-5469","post","type-post","status-publish","format-standard","has-post-thumbnail","hentry","category-noticias"],"yoast_head":"<!-- This site is optimized with the Yoast SEO plugin v27.2 - https:\/\/yoast.com\/product\/yoast-seo-wordpress\/ -->\n<title>Jornada: Nuevas Tendencias en el sector de la Climatizaci\u00f3n. - Actecir<\/title>\n<meta name=\"robots\" content=\"index, follow, max-snippet:-1, max-image-preview:large, max-video-preview:-1\" \/>\n<link rel=\"canonical\" href=\"https:\/\/www.actecir.cat\/es\/jornada-nuevas-tendencias-en-el-sector-de-la-climatizacion\/\" \/>\n<meta property=\"og:locale\" content=\"es_ES\" \/>\n<meta property=\"og:type\" content=\"article\" \/>\n<meta property=\"og:title\" content=\"Jornada: Nuevas Tendencias en el sector de la Climatizaci\u00f3n. - Actecir\" \/>\n<meta property=\"og:description\" content=\"Fecha: 2 diciembre 10:00 horas\" \/>\n<meta property=\"og:url\" content=\"https:\/\/www.actecir.cat\/es\/jornada-nuevas-tendencias-en-el-sector-de-la-climatizacion\/\" \/>\n<meta property=\"og:site_name\" content=\"Actecir\" \/>\n<meta property=\"article:published_time\" content=\"2021-11-30T12:03:29+00:00\" \/>\n<meta property=\"article:modified_time\" content=\"2023-05-09T11:13:19+00:00\" \/>\n<meta property=\"og:image\" content=\"https:\/\/www.actecir.cat\/wp-content\/uploads\/2023\/05\/jornada.png\" \/>\n\t<meta property=\"og:image:width\" content=\"600\" \/>\n\t<meta property=\"og:image:height\" content=\"400\" \/>\n\t<meta property=\"og:image:type\" content=\"image\/png\" \/>\n<meta name=\"author\" content=\"Soporte web\" \/>\n<meta name=\"twitter:card\" content=\"summary_large_image\" \/>\n<meta name=\"twitter:creator\" content=\"@actecir\" \/>\n<meta name=\"twitter:site\" content=\"@actecir\" \/>\n<meta name=\"twitter:label1\" content=\"Escrito por\" \/>\n\t<meta name=\"twitter:data1\" content=\"Soporte web\" \/>\n<script type=\"application\/ld+json\" class=\"yoast-schema-graph\">{\"@context\":\"https:\/\/schema.org\",\"@graph\":[{\"@type\":\"Article\",\"@id\":\"https:\/\/www.actecir.cat\/es\/jornada-nuevas-tendencias-en-el-sector-de-la-climatizacion\/#article\",\"isPartOf\":{\"@id\":\"https:\/\/www.actecir.cat\/es\/jornada-nuevas-tendencias-en-el-sector-de-la-climatizacion\/\"},\"author\":{\"name\":\"Soporte web\",\"@id\":\"https:\/\/www.actecir.cat\/#\/schema\/person\/42edd02f0b1d55e19444428c5d321413\"},\"headline\":\"Jornada: Nuevas Tendencias en el sector de la Climatizaci\u00f3n.\",\"datePublished\":\"2021-11-30T12:03:29+00:00\",\"dateModified\":\"2023-05-09T11:13:19+00:00\",\"mainEntityOfPage\":{\"@id\":\"https:\/\/www.actecir.cat\/es\/jornada-nuevas-tendencias-en-el-sector-de-la-climatizacion\/\"},\"wordCount\":39,\"publisher\":{\"@id\":\"https:\/\/www.actecir.cat\/#organization\"},\"image\":{\"@id\":\"https:\/\/www.actecir.cat\/es\/jornada-nuevas-tendencias-en-el-sector-de-la-climatizacion\/#primaryimage\"},\"thumbnailUrl\":\"https:\/\/www.actecir.cat\/wp-content\/uploads\/2023\/05\/jornada.png\",\"articleSection\":[\"Noticias\"],\"inLanguage\":\"es\"},{\"@type\":\"WebPage\",\"@id\":\"https:\/\/www.actecir.cat\/es\/jornada-nuevas-tendencias-en-el-sector-de-la-climatizacion\/\",\"url\":\"https:\/\/www.actecir.cat\/es\/jornada-nuevas-tendencias-en-el-sector-de-la-climatizacion\/\",\"name\":\"Jornada: Nuevas Tendencias en el sector de la Climatizaci\u00f3n. - Actecir\",\"isPartOf\":{\"@id\":\"https:\/\/www.actecir.cat\/#website\"},\"primaryImageOfPage\":{\"@id\":\"https:\/\/www.actecir.cat\/es\/jornada-nuevas-tendencias-en-el-sector-de-la-climatizacion\/#primaryimage\"},\"image\":{\"@id\":\"https:\/\/www.actecir.cat\/es\/jornada-nuevas-tendencias-en-el-sector-de-la-climatizacion\/#primaryimage\"},\"thumbnailUrl\":\"https:\/\/www.actecir.cat\/wp-content\/uploads\/2023\/05\/jornada.png\",\"datePublished\":\"2021-11-30T12:03:29+00:00\",\"dateModified\":\"2023-05-09T11:13:19+00:00\",\"breadcrumb\":{\"@id\":\"https:\/\/www.actecir.cat\/es\/jornada-nuevas-tendencias-en-el-sector-de-la-climatizacion\/#breadcrumb\"},\"inLanguage\":\"es\",\"potentialAction\":[{\"@type\":\"ReadAction\",\"target\":[\"https:\/\/www.actecir.cat\/es\/jornada-nuevas-tendencias-en-el-sector-de-la-climatizacion\/\"]}]},{\"@type\":\"ImageObject\",\"inLanguage\":\"es\",\"@id\":\"https:\/\/www.actecir.cat\/es\/jornada-nuevas-tendencias-en-el-sector-de-la-climatizacion\/#primaryimage\",\"url\":\"https:\/\/www.actecir.cat\/wp-content\/uploads\/2023\/05\/jornada.png\",\"contentUrl\":\"https:\/\/www.actecir.cat\/wp-content\/uploads\/2023\/05\/jornada.png\",\"width\":600,\"height\":400},{\"@type\":\"BreadcrumbList\",\"@id\":\"https:\/\/www.actecir.cat\/es\/jornada-nuevas-tendencias-en-el-sector-de-la-climatizacion\/#breadcrumb\",\"itemListElement\":[{\"@type\":\"ListItem\",\"position\":1,\"name\":\"Inici\",\"item\":\"https:\/\/www.actecir.cat\/es\/\"},{\"@type\":\"ListItem\",\"position\":2,\"name\":\"Jornada: Nuevas Tendencias en el sector de la Climatizaci\u00f3n.\"}]},{\"@type\":\"WebSite\",\"@id\":\"https:\/\/www.actecir.cat\/#website\",\"url\":\"https:\/\/www.actecir.cat\/\",\"name\":\"Actecir\",\"description\":\"Associaci\u00f3 Catalana de T\u00e8cnics en Energia, Climatitzaci\u00f3 i Refrigeraci\u00f3\",\"publisher\":{\"@id\":\"https:\/\/www.actecir.cat\/#organization\"},\"potentialAction\":[{\"@type\":\"SearchAction\",\"target\":{\"@type\":\"EntryPoint\",\"urlTemplate\":\"https:\/\/www.actecir.cat\/?s={search_term_string}\"},\"query-input\":{\"@type\":\"PropertyValueSpecification\",\"valueRequired\":true,\"valueName\":\"search_term_string\"}}],\"inLanguage\":\"es\"},{\"@type\":\"Organization\",\"@id\":\"https:\/\/www.actecir.cat\/#organization\",\"name\":\"Actecir\",\"url\":\"https:\/\/www.actecir.cat\/\",\"logo\":{\"@type\":\"ImageObject\",\"inLanguage\":\"es\",\"@id\":\"https:\/\/www.actecir.cat\/#\/schema\/logo\/image\/\",\"url\":\"https:\/\/www.actecir.cat\/wp-content\/uploads\/2023\/04\/cropped-logo_actecir_60_alto.png\",\"contentUrl\":\"https:\/\/www.actecir.cat\/wp-content\/uploads\/2023\/04\/cropped-logo_actecir_60_alto.png\",\"width\":283,\"height\":80,\"caption\":\"Actecir\"},\"image\":{\"@id\":\"https:\/\/www.actecir.cat\/#\/schema\/logo\/image\/\"},\"sameAs\":[\"https:\/\/x.com\/actecir\",\"https:\/\/www.linkedin.com\/company\/actecir\"]},{\"@type\":\"Person\",\"@id\":\"https:\/\/www.actecir.cat\/#\/schema\/person\/42edd02f0b1d55e19444428c5d321413\",\"name\":\"Soporte web\",\"sameAs\":[\"https:\/\/www.actecir.cat\"],\"url\":\"https:\/\/www.actecir.cat\/es\/author\/maensystems\/\"}]}<\/script>\n<!-- \/ Yoast SEO plugin. -->","yoast_head_json":{"title":"Jornada: Nuevas Tendencias en el sector de la Climatizaci\u00f3n. - Actecir","robots":{"index":"index","follow":"follow","max-snippet":"max-snippet:-1","max-image-preview":"max-image-preview:large","max-video-preview":"max-video-preview:-1"},"canonical":"https:\/\/www.actecir.cat\/es\/jornada-nuevas-tendencias-en-el-sector-de-la-climatizacion\/","og_locale":"es_ES","og_type":"article","og_title":"Jornada: Nuevas Tendencias en el sector de la Climatizaci\u00f3n. - Actecir","og_description":"Fecha: 2 diciembre 10:00 horas","og_url":"https:\/\/www.actecir.cat\/es\/jornada-nuevas-tendencias-en-el-sector-de-la-climatizacion\/","og_site_name":"Actecir","article_published_time":"2021-11-30T12:03:29+00:00","article_modified_time":"2023-05-09T11:13:19+00:00","og_image":[{"width":600,"height":400,"url":"https:\/\/www.actecir.cat\/wp-content\/uploads\/2023\/05\/jornada.png","type":"image\/png"}],"author":"Soporte web","twitter_card":"summary_large_image","twitter_creator":"@actecir","twitter_site":"@actecir","twitter_misc":{"Escrito por":"Soporte web"},"schema":{"@context":"https:\/\/schema.org","@graph":[{"@type":"Article","@id":"https:\/\/www.actecir.cat\/es\/jornada-nuevas-tendencias-en-el-sector-de-la-climatizacion\/#article","isPartOf":{"@id":"https:\/\/www.actecir.cat\/es\/jornada-nuevas-tendencias-en-el-sector-de-la-climatizacion\/"},"author":{"name":"Soporte web","@id":"https:\/\/www.actecir.cat\/#\/schema\/person\/42edd02f0b1d55e19444428c5d321413"},"headline":"Jornada: Nuevas Tendencias en el sector de la Climatizaci\u00f3n.","datePublished":"2021-11-30T12:03:29+00:00","dateModified":"2023-05-09T11:13:19+00:00","mainEntityOfPage":{"@id":"https:\/\/www.actecir.cat\/es\/jornada-nuevas-tendencias-en-el-sector-de-la-climatizacion\/"},"wordCount":39,"publisher":{"@id":"https:\/\/www.actecir.cat\/#organization"},"image":{"@id":"https:\/\/www.actecir.cat\/es\/jornada-nuevas-tendencias-en-el-sector-de-la-climatizacion\/#primaryimage"},"thumbnailUrl":"https:\/\/www.actecir.cat\/wp-content\/uploads\/2023\/05\/jornada.png","articleSection":["Noticias"],"inLanguage":"es"},{"@type":"WebPage","@id":"https:\/\/www.actecir.cat\/es\/jornada-nuevas-tendencias-en-el-sector-de-la-climatizacion\/","url":"https:\/\/www.actecir.cat\/es\/jornada-nuevas-tendencias-en-el-sector-de-la-climatizacion\/","name":"Jornada: Nuevas Tendencias en el sector de la Climatizaci\u00f3n. - Actecir","isPartOf":{"@id":"https:\/\/www.actecir.cat\/#website"},"primaryImageOfPage":{"@id":"https:\/\/www.actecir.cat\/es\/jornada-nuevas-tendencias-en-el-sector-de-la-climatizacion\/#primaryimage"},"image":{"@id":"https:\/\/www.actecir.cat\/es\/jornada-nuevas-tendencias-en-el-sector-de-la-climatizacion\/#primaryimage"},"thumbnailUrl":"https:\/\/www.actecir.cat\/wp-content\/uploads\/2023\/05\/jornada.png","datePublished":"2021-11-30T12:03:29+00:00","dateModified":"2023-05-09T11:13:19+00:00","breadcrumb":{"@id":"https:\/\/www.actecir.cat\/es\/jornada-nuevas-tendencias-en-el-sector-de-la-climatizacion\/#breadcrumb"},"inLanguage":"es","potentialAction":[{"@type":"ReadAction","target":["https:\/\/www.actecir.cat\/es\/jornada-nuevas-tendencias-en-el-sector-de-la-climatizacion\/"]}]},{"@type":"ImageObject","inLanguage":"es","@id":"https:\/\/www.actecir.cat\/es\/jornada-nuevas-tendencias-en-el-sector-de-la-climatizacion\/#primaryimage","url":"https:\/\/www.actecir.cat\/wp-content\/uploads\/2023\/05\/jornada.png","contentUrl":"https:\/\/www.actecir.cat\/wp-content\/uploads\/2023\/05\/jornada.png","width":600,"height":400},{"@type":"BreadcrumbList","@id":"https:\/\/www.actecir.cat\/es\/jornada-nuevas-tendencias-en-el-sector-de-la-climatizacion\/#breadcrumb","itemListElement":[{"@type":"ListItem","position":1,"name":"Inici","item":"https:\/\/www.actecir.cat\/es\/"},{"@type":"ListItem","position":2,"name":"Jornada: Nuevas Tendencias en el sector de la Climatizaci\u00f3n."}]},{"@type":"WebSite","@id":"https:\/\/www.actecir.cat\/#website","url":"https:\/\/www.actecir.cat\/","name":"Actecir","description":"Associaci\u00f3 Catalana de T\u00e8cnics en Energia, Climatitzaci\u00f3 i Refrigeraci\u00f3","publisher":{"@id":"https:\/\/www.actecir.cat\/#organization"},"potentialAction":[{"@type":"SearchAction","target":{"@type":"EntryPoint","urlTemplate":"https:\/\/www.actecir.cat\/?s={search_term_string}"},"query-input":{"@type":"PropertyValueSpecification","valueRequired":true,"valueName":"search_term_string"}}],"inLanguage":"es"},{"@type":"Organization","@id":"https:\/\/www.actecir.cat\/#organization","name":"Actecir","url":"https:\/\/www.actecir.cat\/","logo":{"@type":"ImageObject","inLanguage":"es","@id":"https:\/\/www.actecir.cat\/#\/schema\/logo\/image\/","url":"https:\/\/www.actecir.cat\/wp-content\/uploads\/2023\/04\/cropped-logo_actecir_60_alto.png","contentUrl":"https:\/\/www.actecir.cat\/wp-content\/uploads\/2023\/04\/cropped-logo_actecir_60_alto.png","width":283,"height":80,"caption":"Actecir"},"image":{"@id":"https:\/\/www.actecir.cat\/#\/schema\/logo\/image\/"},"sameAs":["https:\/\/x.com\/actecir","https:\/\/www.linkedin.com\/company\/actecir"]},{"@type":"Person","@id":"https:\/\/www.actecir.cat\/#\/schema\/person\/42edd02f0b1d55e19444428c5d321413","name":"Soporte web","sameAs":["https:\/\/www.actecir.cat"],"url":"https:\/\/www.actecir.cat\/es\/author\/maensystems\/"}]}},"_links":{"self":[{"href":"https:\/\/www.actecir.cat\/es\/wp-json\/wp\/v2\/posts\/5469","targetHints":{"allow":["GET"]}}],"collection":[{"href":"https:\/\/www.actecir.cat\/es\/wp-json\/wp\/v2\/posts"}],"about":[{"href":"https:\/\/www.actecir.cat\/es\/wp-json\/wp\/v2\/types\/post"}],"author":[{"embeddable":true,"href":"https:\/\/www.actecir.cat\/es\/wp-json\/wp\/v2\/users\/1"}],"replies":[{"embeddable":true,"href":"https:\/\/www.actecir.cat\/es\/wp-json\/wp\/v2\/comments?post=5469"}],"version-history":[{"count":1,"href":"https:\/\/www.actecir.cat\/es\/wp-json\/wp\/v2\/posts\/5469\/revisions"}],"predecessor-version":[{"id":5470,"href":"https:\/\/www.actecir.cat\/es\/wp-json\/wp\/v2\/posts\/5469\/revisions\/5470"}],"wp:featuredmedia":[{"embeddable":true,"href":"https:\/\/www.actecir.cat\/es\/wp-json\/wp\/v2\/media\/5467"}],"wp:attachment":[{"href":"https:\/\/www.actecir.cat\/es\/wp-json\/wp\/v2\/media?parent=5469"}],"wp:term":[{"taxonomy":"category","embeddable":true,"href":"https:\/\/www.actecir.cat\/es\/wp-json\/wp\/v2\/categories?post=5469"},{"taxonomy":"post_tag","embeddable":true,"href":"https:\/\/www.actecir.cat\/es\/wp-json\/wp\/v2\/tags?post=5469"}],"curies":[{"name":"wp","href":"https:\/\/api.w.org\/{rel}","templated":true}]}}