{"id":5475,"date":"2021-11-25T13:14:16","date_gmt":"2021-11-25T12:14:16","guid":{"rendered":"https:\/\/www.actecir.cat\/?p=5475"},"modified":"2023-05-09T13:15:53","modified_gmt":"2023-05-09T11:15:53","slug":"tst-alquiler-de-sistemas-de-refrigeracion-y-climatizacion-lideres-en-el-mercado","status":"publish","type":"post","link":"https:\/\/www.actecir.cat\/es\/tst-alquiler-de-sistemas-de-refrigeracion-y-climatizacion-lideres-en-el-mercado\/","title":{"rendered":"TST: Alquiler de sistemas de refrigeraci\u00f3n y climatizaci\u00f3n l\u00edderes en el mercado"},"content":{"rendered":"<p>TST<\/p>\n<p><strong>Alquiler de sistemas de refrigeraci\u00f3n y climatizaci\u00f3n l\u00edderes en el mercado<\/strong><\/p>\n<p>TST Servicios T\u00e9cnicos dispone de una gran\u00a0<strong>flota de\u00a0<\/strong><a href=\"https:\/\/www.tstservicios.com\/alquiler\/alquiler-frio-industrial\/plantas-enfriadoras\/alquiler-enfriadoras-de-agua\/\"><strong>enfriadoras de agua (Chillers)<\/strong><\/a><strong>\u00a0y torres de refrigeraci\u00f3n en alquiler<\/strong>\u00a0para una gran variedad de aplicaciones. Ideales para procesos industriales en producciones agroalimentarias, refrigeraci\u00f3n y control de temperatura. Tambi\u00e9n, est\u00e1n indicadas para la climatizaci\u00f3n de grandes naves industriales y m\u00f3dulos de tratamiento de grano, hortalizas y frutas.<\/p>\n<p><strong>Producci\u00f3n agroalimentaria<\/strong><\/p>\n<p>Cada vez m\u00e1s empresas de producci\u00f3n agroalimentaria descubren las ventajas que ofrece el alquiler de maquinaria como opci\u00f3n para sus proyectos de temporada. En el arrendamiento de enfriadoras de agua los clientes asumen el coste solo por el per\u00edodo de uso de la maquinaria, ahorrando en mantenimiento, almacenaje, tiempos improductivos, fallos imprevistos. Adem\u00e1s, gozan de ventajas fiscales ya que se trata de un gasto directo desgravable. Los equipos se actualizan de forma sistem\u00e1tica, ofreciendo al cliente un alto grado de eficiencia. Otra gran aportaci\u00f3n, es el servicio de consultas t\u00e9cnicas de TST especializado en refrigeraci\u00f3n y climatizaci\u00f3n que ofrece asesoramiento sin compromiso alguno.<\/p>\n<p><strong>Procesos industriales<\/strong><\/p>\n<p>La industria alimentaria requiere de sistemas para la conservaci\u00f3n y procesado de alimentos. En TST Servicios T\u00e9cnicos, disponemos de una gran flota de enfriadoras de agua\/agua, agua\/aire, evaporadores, dep\u00f3sitos de inercia y accesorios para ofrecer una gran gama de recursos en el control de temperatura y climatizaci\u00f3n en procesos industriales alimentarios. Tanto para trabajos planificados como en actuaciones urgentes por fallo o rotura del sistema del cliente.<\/p>\n<p><strong>Algunos ejemplos en los que se puede utilizar nuestra maquinaria:\u00a0<\/strong><\/p>\n<ul>\n<li>Refrigeraci\u00f3n y creaci\u00f3n de atm\u00f3sferas protectoras<\/li>\n<li>Congelaci\u00f3n y descongelaci\u00f3n<\/li>\n<li>Conservaci\u00f3n t\u00e9rmica de alimentos<\/li>\n<li>Tratamiento t\u00e9rmico para alimentos envasados o no envasados<\/li>\n<li>Control de temperatura en procesos de embotellado de vino y cava<\/li>\n<li>Control de la humedad tanto ambiental como de producto<\/li>\n<\/ul>\n<p><strong>SOMOS 24\/7<\/strong><\/p>\n<p>Disponemos de un servicio de urgencias 24\/7 durante 365 d\u00edas al a\u00f1o para aver\u00edas inesperadas con personal especializado y log\u00edstica propia. Asesoramos a nuestros clientes en la preparaci\u00f3n de Planes de Contingencia para actuar en horas con los equipos de alquiler en caso de rotura o fallo en su instalaci\u00f3n, de forma que la producci\u00f3n se vea m\u00ednimamente afectada<\/p>\n<p><strong>Enfriadoras de alquiler disponibles<\/strong><\/p>\n<p><strong><a href=\"https:\/\/www.tstservicios.com\/alquiler\/alquiler-frio-industrial\/plantas-enfriadoras\/alquiler-enfriadoras-de-agua\/\">Nuestra enfriadoras de agua y torres de refrigeraci\u00f3n<\/a>\u00a0<\/strong>pueden trabajar en todos los rangos de temperatura y, por supuesto, tambi\u00e9n en negativas. Tambi\u00e9n, disponemos de enfriadores con bomba de calor para lograr un total control en tratamientos de conservaci\u00f3n con calor.<\/p>\n<p><strong>Red de Delegaciones propia en Espa\u00f1a<\/strong><\/p>\n<p>TST Servicios dispone de una red de sedes propias en Barcelona, Madrid, Bilbao, Valencia y Sevilla. Nuestra red con equipos y log\u00edstica propia nos permite llegar a cualquier lugar de Espa\u00f1a en tiempo record.<\/p>\n<p>Somos tu partner en refrigeraci\u00f3n y climatizaci\u00f3n de confianza<\/p>\n<p>M\u00e1s de 40 a\u00f1os en el sector nos avalan. Podemos ocuparnos de todo con nuestro servicio integral. Consultas t\u00e9cnicas, preparaci\u00f3n de maquinaria, transporte, instalaci\u00f3n temporal de los equipos con t\u00e9cnicos especializados, desmontaje de la instalaci\u00f3n y recogida de la maquinaria una vez terminado el servicio. Para saber m\u00e1s sobre nuestros servicios puedes realizar tu consulta\u00a0<strong><a href=\"https:\/\/www.tstservicios.com\/contacto\/\">pulsando aqu\u00ed<\/a>.<\/strong><\/p>\n","protected":false},"excerpt":{"rendered":"<p>TST\u00a0<\/p>\n","protected":false},"author":1,"featured_media":5473,"comment_status":"closed","ping_status":"closed","sticky":false,"template":"","format":"standard","meta":{"footnotes":""},"categories":[25],"tags":[],"class_list":["post-5475","post","type-post","status-publish","format-standard","has-post-thumbnail","hentry","category-noticias"],"yoast_head":"<!-- This site is optimized with the Yoast SEO plugin v27.2 - https:\/\/yoast.com\/product\/yoast-seo-wordpress\/ -->\n<title>TST: Alquiler de sistemas de refrigeraci\u00f3n y climatizaci\u00f3n l\u00edderes en el mercado - Actecir<\/title>\n<meta name=\"robots\" content=\"index, follow, max-snippet:-1, max-image-preview:large, max-video-preview:-1\" \/>\n<link rel=\"canonical\" href=\"https:\/\/www.actecir.cat\/es\/tst-alquiler-de-sistemas-de-refrigeracion-y-climatizacion-lideres-en-el-mercado\/\" \/>\n<meta property=\"og:locale\" content=\"es_ES\" \/>\n<meta property=\"og:type\" content=\"article\" \/>\n<meta property=\"og:title\" content=\"TST: Alquiler de sistemas de refrigeraci\u00f3n y climatizaci\u00f3n l\u00edderes en el mercado - Actecir\" \/>\n<meta property=\"og:description\" content=\"TST\u00a0\" \/>\n<meta property=\"og:url\" content=\"https:\/\/www.actecir.cat\/es\/tst-alquiler-de-sistemas-de-refrigeracion-y-climatizacion-lideres-en-el-mercado\/\" \/>\n<meta property=\"og:site_name\" content=\"Actecir\" \/>\n<meta property=\"article:published_time\" content=\"2021-11-25T12:14:16+00:00\" \/>\n<meta property=\"article:modified_time\" content=\"2023-05-09T11:15:53+00:00\" \/>\n<meta property=\"og:image\" content=\"https:\/\/www.actecir.cat\/wp-content\/uploads\/2023\/05\/tst_web.png\" \/>\n\t<meta property=\"og:image:width\" content=\"600\" \/>\n\t<meta property=\"og:image:height\" content=\"400\" \/>\n\t<meta property=\"og:image:type\" content=\"image\/png\" \/>\n<meta name=\"author\" content=\"Soporte web\" \/>\n<meta name=\"twitter:card\" content=\"summary_large_image\" \/>\n<meta name=\"twitter:creator\" content=\"@actecir\" \/>\n<meta name=\"twitter:site\" content=\"@actecir\" \/>\n<meta name=\"twitter:label1\" content=\"Escrito por\" \/>\n\t<meta name=\"twitter:data1\" content=\"Soporte web\" \/>\n\t<meta name=\"twitter:label2\" content=\"Tiempo de lectura\" \/>\n\t<meta name=\"twitter:data2\" content=\"3 minutos\" \/>\n<script type=\"application\/ld+json\" class=\"yoast-schema-graph\">{\"@context\":\"https:\/\/schema.org\",\"@graph\":[{\"@type\":\"Article\",\"@id\":\"https:\/\/www.actecir.cat\/es\/tst-alquiler-de-sistemas-de-refrigeracion-y-climatizacion-lideres-en-el-mercado\/#article\",\"isPartOf\":{\"@id\":\"https:\/\/www.actecir.cat\/es\/tst-alquiler-de-sistemas-de-refrigeracion-y-climatizacion-lideres-en-el-mercado\/\"},\"author\":{\"name\":\"Soporte web\",\"@id\":\"https:\/\/www.actecir.cat\/#\/schema\/person\/42edd02f0b1d55e19444428c5d321413\"},\"headline\":\"TST: Alquiler de sistemas de refrigeraci\u00f3n y climatizaci\u00f3n l\u00edderes en el mercado\",\"datePublished\":\"2021-11-25T12:14:16+00:00\",\"dateModified\":\"2023-05-09T11:15:53+00:00\",\"mainEntityOfPage\":{\"@id\":\"https:\/\/www.actecir.cat\/es\/tst-alquiler-de-sistemas-de-refrigeracion-y-climatizacion-lideres-en-el-mercado\/\"},\"wordCount\":576,\"publisher\":{\"@id\":\"https:\/\/www.actecir.cat\/#organization\"},\"image\":{\"@id\":\"https:\/\/www.actecir.cat\/es\/tst-alquiler-de-sistemas-de-refrigeracion-y-climatizacion-lideres-en-el-mercado\/#primaryimage\"},\"thumbnailUrl\":\"https:\/\/www.actecir.cat\/wp-content\/uploads\/2023\/05\/tst_web.png\",\"articleSection\":[\"Noticias\"],\"inLanguage\":\"es\"},{\"@type\":\"WebPage\",\"@id\":\"https:\/\/www.actecir.cat\/es\/tst-alquiler-de-sistemas-de-refrigeracion-y-climatizacion-lideres-en-el-mercado\/\",\"url\":\"https:\/\/www.actecir.cat\/es\/tst-alquiler-de-sistemas-de-refrigeracion-y-climatizacion-lideres-en-el-mercado\/\",\"name\":\"TST: Alquiler de sistemas de refrigeraci\u00f3n y climatizaci\u00f3n l\u00edderes en el mercado - Actecir\",\"isPartOf\":{\"@id\":\"https:\/\/www.actecir.cat\/#website\"},\"primaryImageOfPage\":{\"@id\":\"https:\/\/www.actecir.cat\/es\/tst-alquiler-de-sistemas-de-refrigeracion-y-climatizacion-lideres-en-el-mercado\/#primaryimage\"},\"image\":{\"@id\":\"https:\/\/www.actecir.cat\/es\/tst-alquiler-de-sistemas-de-refrigeracion-y-climatizacion-lideres-en-el-mercado\/#primaryimage\"},\"thumbnailUrl\":\"https:\/\/www.actecir.cat\/wp-content\/uploads\/2023\/05\/tst_web.png\",\"datePublished\":\"2021-11-25T12:14:16+00:00\",\"dateModified\":\"2023-05-09T11:15:53+00:00\",\"breadcrumb\":{\"@id\":\"https:\/\/www.actecir.cat\/es\/tst-alquiler-de-sistemas-de-refrigeracion-y-climatizacion-lideres-en-el-mercado\/#breadcrumb\"},\"inLanguage\":\"es\",\"potentialAction\":[{\"@type\":\"ReadAction\",\"target\":[\"https:\/\/www.actecir.cat\/es\/tst-alquiler-de-sistemas-de-refrigeracion-y-climatizacion-lideres-en-el-mercado\/\"]}]},{\"@type\":\"ImageObject\",\"inLanguage\":\"es\",\"@id\":\"https:\/\/www.actecir.cat\/es\/tst-alquiler-de-sistemas-de-refrigeracion-y-climatizacion-lideres-en-el-mercado\/#primaryimage\",\"url\":\"https:\/\/www.actecir.cat\/wp-content\/uploads\/2023\/05\/tst_web.png\",\"contentUrl\":\"https:\/\/www.actecir.cat\/wp-content\/uploads\/2023\/05\/tst_web.png\",\"width\":600,\"height\":400},{\"@type\":\"BreadcrumbList\",\"@id\":\"https:\/\/www.actecir.cat\/es\/tst-alquiler-de-sistemas-de-refrigeracion-y-climatizacion-lideres-en-el-mercado\/#breadcrumb\",\"itemListElement\":[{\"@type\":\"ListItem\",\"position\":1,\"name\":\"Inici\",\"item\":\"https:\/\/www.actecir.cat\/es\/\"},{\"@type\":\"ListItem\",\"position\":2,\"name\":\"TST: Alquiler de sistemas de refrigeraci\u00f3n y climatizaci\u00f3n l\u00edderes en el mercado\"}]},{\"@type\":\"WebSite\",\"@id\":\"https:\/\/www.actecir.cat\/#website\",\"url\":\"https:\/\/www.actecir.cat\/\",\"name\":\"Actecir\",\"description\":\"Associaci\u00f3 Catalana de T\u00e8cnics en Energia, Climatitzaci\u00f3 i Refrigeraci\u00f3\",\"publisher\":{\"@id\":\"https:\/\/www.actecir.cat\/#organization\"},\"potentialAction\":[{\"@type\":\"SearchAction\",\"target\":{\"@type\":\"EntryPoint\",\"urlTemplate\":\"https:\/\/www.actecir.cat\/?s={search_term_string}\"},\"query-input\":{\"@type\":\"PropertyValueSpecification\",\"valueRequired\":true,\"valueName\":\"search_term_string\"}}],\"inLanguage\":\"es\"},{\"@type\":\"Organization\",\"@id\":\"https:\/\/www.actecir.cat\/#organization\",\"name\":\"Actecir\",\"url\":\"https:\/\/www.actecir.cat\/\",\"logo\":{\"@type\":\"ImageObject\",\"inLanguage\":\"es\",\"@id\":\"https:\/\/www.actecir.cat\/#\/schema\/logo\/image\/\",\"url\":\"https:\/\/www.actecir.cat\/wp-content\/uploads\/2023\/04\/cropped-logo_actecir_60_alto.png\",\"contentUrl\":\"https:\/\/www.actecir.cat\/wp-content\/uploads\/2023\/04\/cropped-logo_actecir_60_alto.png\",\"width\":283,\"height\":80,\"caption\":\"Actecir\"},\"image\":{\"@id\":\"https:\/\/www.actecir.cat\/#\/schema\/logo\/image\/\"},\"sameAs\":[\"https:\/\/x.com\/actecir\",\"https:\/\/www.linkedin.com\/company\/actecir\"]},{\"@type\":\"Person\",\"@id\":\"https:\/\/www.actecir.cat\/#\/schema\/person\/42edd02f0b1d55e19444428c5d321413\",\"name\":\"Soporte web\",\"sameAs\":[\"https:\/\/www.actecir.cat\"],\"url\":\"https:\/\/www.actecir.cat\/es\/author\/maensystems\/\"}]}<\/script>\n<!-- \/ Yoast SEO plugin. -->","yoast_head_json":{"title":"TST: Alquiler de sistemas de refrigeraci\u00f3n y climatizaci\u00f3n l\u00edderes en el mercado - Actecir","robots":{"index":"index","follow":"follow","max-snippet":"max-snippet:-1","max-image-preview":"max-image-preview:large","max-video-preview":"max-video-preview:-1"},"canonical":"https:\/\/www.actecir.cat\/es\/tst-alquiler-de-sistemas-de-refrigeracion-y-climatizacion-lideres-en-el-mercado\/","og_locale":"es_ES","og_type":"article","og_title":"TST: Alquiler de sistemas de refrigeraci\u00f3n y climatizaci\u00f3n l\u00edderes en el mercado - Actecir","og_description":"TST\u00a0","og_url":"https:\/\/www.actecir.cat\/es\/tst-alquiler-de-sistemas-de-refrigeracion-y-climatizacion-lideres-en-el-mercado\/","og_site_name":"Actecir","article_published_time":"2021-11-25T12:14:16+00:00","article_modified_time":"2023-05-09T11:15:53+00:00","og_image":[{"width":600,"height":400,"url":"https:\/\/www.actecir.cat\/wp-content\/uploads\/2023\/05\/tst_web.png","type":"image\/png"}],"author":"Soporte web","twitter_card":"summary_large_image","twitter_creator":"@actecir","twitter_site":"@actecir","twitter_misc":{"Escrito por":"Soporte web","Tiempo de lectura":"3 minutos"},"schema":{"@context":"https:\/\/schema.org","@graph":[{"@type":"Article","@id":"https:\/\/www.actecir.cat\/es\/tst-alquiler-de-sistemas-de-refrigeracion-y-climatizacion-lideres-en-el-mercado\/#article","isPartOf":{"@id":"https:\/\/www.actecir.cat\/es\/tst-alquiler-de-sistemas-de-refrigeracion-y-climatizacion-lideres-en-el-mercado\/"},"author":{"name":"Soporte web","@id":"https:\/\/www.actecir.cat\/#\/schema\/person\/42edd02f0b1d55e19444428c5d321413"},"headline":"TST: Alquiler de sistemas de refrigeraci\u00f3n y climatizaci\u00f3n l\u00edderes en el mercado","datePublished":"2021-11-25T12:14:16+00:00","dateModified":"2023-05-09T11:15:53+00:00","mainEntityOfPage":{"@id":"https:\/\/www.actecir.cat\/es\/tst-alquiler-de-sistemas-de-refrigeracion-y-climatizacion-lideres-en-el-mercado\/"},"wordCount":576,"publisher":{"@id":"https:\/\/www.actecir.cat\/#organization"},"image":{"@id":"https:\/\/www.actecir.cat\/es\/tst-alquiler-de-sistemas-de-refrigeracion-y-climatizacion-lideres-en-el-mercado\/#primaryimage"},"thumbnailUrl":"https:\/\/www.actecir.cat\/wp-content\/uploads\/2023\/05\/tst_web.png","articleSection":["Noticias"],"inLanguage":"es"},{"@type":"WebPage","@id":"https:\/\/www.actecir.cat\/es\/tst-alquiler-de-sistemas-de-refrigeracion-y-climatizacion-lideres-en-el-mercado\/","url":"https:\/\/www.actecir.cat\/es\/tst-alquiler-de-sistemas-de-refrigeracion-y-climatizacion-lideres-en-el-mercado\/","name":"TST: Alquiler de sistemas de refrigeraci\u00f3n y climatizaci\u00f3n l\u00edderes en el mercado - Actecir","isPartOf":{"@id":"https:\/\/www.actecir.cat\/#website"},"primaryImageOfPage":{"@id":"https:\/\/www.actecir.cat\/es\/tst-alquiler-de-sistemas-de-refrigeracion-y-climatizacion-lideres-en-el-mercado\/#primaryimage"},"image":{"@id":"https:\/\/www.actecir.cat\/es\/tst-alquiler-de-sistemas-de-refrigeracion-y-climatizacion-lideres-en-el-mercado\/#primaryimage"},"thumbnailUrl":"https:\/\/www.actecir.cat\/wp-content\/uploads\/2023\/05\/tst_web.png","datePublished":"2021-11-25T12:14:16+00:00","dateModified":"2023-05-09T11:15:53+00:00","breadcrumb":{"@id":"https:\/\/www.actecir.cat\/es\/tst-alquiler-de-sistemas-de-refrigeracion-y-climatizacion-lideres-en-el-mercado\/#breadcrumb"},"inLanguage":"es","potentialAction":[{"@type":"ReadAction","target":["https:\/\/www.actecir.cat\/es\/tst-alquiler-de-sistemas-de-refrigeracion-y-climatizacion-lideres-en-el-mercado\/"]}]},{"@type":"ImageObject","inLanguage":"es","@id":"https:\/\/www.actecir.cat\/es\/tst-alquiler-de-sistemas-de-refrigeracion-y-climatizacion-lideres-en-el-mercado\/#primaryimage","url":"https:\/\/www.actecir.cat\/wp-content\/uploads\/2023\/05\/tst_web.png","contentUrl":"https:\/\/www.actecir.cat\/wp-content\/uploads\/2023\/05\/tst_web.png","width":600,"height":400},{"@type":"BreadcrumbList","@id":"https:\/\/www.actecir.cat\/es\/tst-alquiler-de-sistemas-de-refrigeracion-y-climatizacion-lideres-en-el-mercado\/#breadcrumb","itemListElement":[{"@type":"ListItem","position":1,"name":"Inici","item":"https:\/\/www.actecir.cat\/es\/"},{"@type":"ListItem","position":2,"name":"TST: Alquiler de sistemas de refrigeraci\u00f3n y climatizaci\u00f3n l\u00edderes en el mercado"}]},{"@type":"WebSite","@id":"https:\/\/www.actecir.cat\/#website","url":"https:\/\/www.actecir.cat\/","name":"Actecir","description":"Associaci\u00f3 Catalana de T\u00e8cnics en Energia, Climatitzaci\u00f3 i Refrigeraci\u00f3","publisher":{"@id":"https:\/\/www.actecir.cat\/#organization"},"potentialAction":[{"@type":"SearchAction","target":{"@type":"EntryPoint","urlTemplate":"https:\/\/www.actecir.cat\/?s={search_term_string}"},"query-input":{"@type":"PropertyValueSpecification","valueRequired":true,"valueName":"search_term_string"}}],"inLanguage":"es"},{"@type":"Organization","@id":"https:\/\/www.actecir.cat\/#organization","name":"Actecir","url":"https:\/\/www.actecir.cat\/","logo":{"@type":"ImageObject","inLanguage":"es","@id":"https:\/\/www.actecir.cat\/#\/schema\/logo\/image\/","url":"https:\/\/www.actecir.cat\/wp-content\/uploads\/2023\/04\/cropped-logo_actecir_60_alto.png","contentUrl":"https:\/\/www.actecir.cat\/wp-content\/uploads\/2023\/04\/cropped-logo_actecir_60_alto.png","width":283,"height":80,"caption":"Actecir"},"image":{"@id":"https:\/\/www.actecir.cat\/#\/schema\/logo\/image\/"},"sameAs":["https:\/\/x.com\/actecir","https:\/\/www.linkedin.com\/company\/actecir"]},{"@type":"Person","@id":"https:\/\/www.actecir.cat\/#\/schema\/person\/42edd02f0b1d55e19444428c5d321413","name":"Soporte web","sameAs":["https:\/\/www.actecir.cat"],"url":"https:\/\/www.actecir.cat\/es\/author\/maensystems\/"}]}},"_links":{"self":[{"href":"https:\/\/www.actecir.cat\/es\/wp-json\/wp\/v2\/posts\/5475","targetHints":{"allow":["GET"]}}],"collection":[{"href":"https:\/\/www.actecir.cat\/es\/wp-json\/wp\/v2\/posts"}],"about":[{"href":"https:\/\/www.actecir.cat\/es\/wp-json\/wp\/v2\/types\/post"}],"author":[{"embeddable":true,"href":"https:\/\/www.actecir.cat\/es\/wp-json\/wp\/v2\/users\/1"}],"replies":[{"embeddable":true,"href":"https:\/\/www.actecir.cat\/es\/wp-json\/wp\/v2\/comments?post=5475"}],"version-history":[{"count":1,"href":"https:\/\/www.actecir.cat\/es\/wp-json\/wp\/v2\/posts\/5475\/revisions"}],"predecessor-version":[{"id":5476,"href":"https:\/\/www.actecir.cat\/es\/wp-json\/wp\/v2\/posts\/5475\/revisions\/5476"}],"wp:featuredmedia":[{"embeddable":true,"href":"https:\/\/www.actecir.cat\/es\/wp-json\/wp\/v2\/media\/5473"}],"wp:attachment":[{"href":"https:\/\/www.actecir.cat\/es\/wp-json\/wp\/v2\/media?parent=5475"}],"wp:term":[{"taxonomy":"category","embeddable":true,"href":"https:\/\/www.actecir.cat\/es\/wp-json\/wp\/v2\/categories?post=5475"},{"taxonomy":"post_tag","embeddable":true,"href":"https:\/\/www.actecir.cat\/es\/wp-json\/wp\/v2\/tags?post=5475"}],"curies":[{"name":"wp","href":"https:\/\/api.w.org\/{rel}","templated":true}]}}