{"id":5504,"date":"2021-11-08T13:32:51","date_gmt":"2021-11-08T12:32:51","guid":{"rendered":"https:\/\/www.actecir.cat\/?p=5504"},"modified":"2023-07-07T13:44:48","modified_gmt":"2023-07-07T11:44:48","slug":"formacion-presencial-groupe-atlantic","status":"publish","type":"post","link":"https:\/\/www.actecir.cat\/es\/formacion-presencial-groupe-atlantic\/","title":{"rendered":"Formaci\u00f3n Presencial Groupe Atlantic"},"content":{"rendered":"<p>Fecha: 16 noviembre<\/p>\n<h4><strong><span class=\"field field--name-title field--type-string field--label-hidden\">Tendencias en instalaciones para edificaci\u00f3n residencial ante el nuevo CTE y el RD\u00a0de autoconsumo<\/span><\/strong><\/h4>\n<p><strong>INTRODUCCI\u00d3N<\/strong><\/p>\n<p>En la jornada se realizar\u00e1 un resumen de los puntos m\u00e1s significativos del nuevo CTE (modificaci\u00f3n documento b\u00e1sico HE de Ahorro de Energ\u00eda), y del RD 244\/2019 que regula el autoconsumo. Tambi\u00e9n se analizar\u00e1 la repercusi\u00f3n de estos reglamentos en la nueva edificaci\u00f3n de tipo residencial, planteando las tendencias de dise\u00f1o en cuanto los equipos para instalaciones t\u00e9rmicas m\u00e1s adecuados ante este nuevo escenario. Se plantear\u00e1n soluciones hibridadas en aerotermia con aportaci\u00f3n renovable mediante energ\u00eda solar fotovoltaica.<\/p>\n<p><strong>PROGRAMA<\/strong><\/p>\n<p>\u00b7 Introducci\u00f3n a GROUPE ATLANTIC y soluciones bajo marca THERMOR.<\/p>\n<p>\u00b7 Puntos principales del nuevo CTE (documento b\u00e1sico HE de Ahorro de Energ\u00eda).<\/p>\n<p>\u00b7 Aspectos generales del RD 244\/2019 que regula el Autoconsumo en Espa\u00f1a.<\/p>\n<p>\u00b7 Principio de funcionamiento de las soluciones en aerotermia.<\/p>\n<p>\u00b7 Aportaci\u00f3n renovable mediante energ\u00eda solar fotovoltaica.<\/p>\n<p>\u00b7 Aplicaci\u00f3n de los puntos anteriores a la nueva edificaci\u00f3n de tipo residencial.<\/p>\n<p>\u00b7 Hibridaci\u00f3n de sistemas para una m\u00e1xima eficiencia energ\u00e9tica de la instalaci\u00f3n.<\/p>\n<p><a href=\"https:\/\/thermorpro.es\/\" target=\"_blank\" rel=\"noopener\">INSCRIPCI\u00d3N FORMACION GROUPE ATLANTIC<\/a><\/p>\n","protected":false},"excerpt":{"rendered":"<p>Fecha: 16 noviembre<\/p>\n","protected":false},"author":1,"featured_media":5502,"comment_status":"closed","ping_status":"closed","sticky":false,"template":"","format":"standard","meta":{"footnotes":""},"categories":[25],"tags":[],"class_list":["post-5504","post","type-post","status-publish","format-standard","has-post-thumbnail","hentry","category-noticias"],"yoast_head":"<!-- This site is optimized with the Yoast SEO plugin v27.2 - https:\/\/yoast.com\/product\/yoast-seo-wordpress\/ -->\n<title>Formaci\u00f3n Presencial Groupe Atlantic - Actecir<\/title>\n<meta name=\"robots\" content=\"index, follow, max-snippet:-1, max-image-preview:large, max-video-preview:-1\" \/>\n<link rel=\"canonical\" href=\"https:\/\/www.actecir.cat\/es\/formacion-presencial-groupe-atlantic\/\" \/>\n<meta property=\"og:locale\" content=\"es_ES\" \/>\n<meta property=\"og:type\" content=\"article\" \/>\n<meta property=\"og:title\" content=\"Formaci\u00f3n Presencial Groupe Atlantic - Actecir\" \/>\n<meta property=\"og:description\" content=\"Fecha: 16 noviembre\" \/>\n<meta property=\"og:url\" content=\"https:\/\/www.actecir.cat\/es\/formacion-presencial-groupe-atlantic\/\" \/>\n<meta property=\"og:site_name\" content=\"Actecir\" \/>\n<meta property=\"article:published_time\" content=\"2021-11-08T12:32:51+00:00\" \/>\n<meta property=\"article:modified_time\" content=\"2023-07-07T11:44:48+00:00\" \/>\n<meta property=\"og:image\" content=\"https:\/\/www.actecir.cat\/wp-content\/uploads\/2023\/05\/groupeatlantic_webinar.png\" \/>\n\t<meta property=\"og:image:width\" content=\"600\" \/>\n\t<meta property=\"og:image:height\" content=\"400\" \/>\n\t<meta property=\"og:image:type\" content=\"image\/png\" \/>\n<meta name=\"author\" content=\"Soporte web\" \/>\n<meta name=\"twitter:card\" content=\"summary_large_image\" \/>\n<meta name=\"twitter:creator\" content=\"@actecir\" \/>\n<meta name=\"twitter:site\" content=\"@actecir\" \/>\n<meta name=\"twitter:label1\" content=\"Escrito por\" \/>\n\t<meta name=\"twitter:data1\" content=\"Soporte web\" \/>\n\t<meta name=\"twitter:label2\" content=\"Tiempo de lectura\" \/>\n\t<meta name=\"twitter:data2\" content=\"1 minuto\" \/>\n<script type=\"application\/ld+json\" class=\"yoast-schema-graph\">{\"@context\":\"https:\/\/schema.org\",\"@graph\":[{\"@type\":\"Article\",\"@id\":\"https:\/\/www.actecir.cat\/es\/formacion-presencial-groupe-atlantic\/#article\",\"isPartOf\":{\"@id\":\"https:\/\/www.actecir.cat\/es\/formacion-presencial-groupe-atlantic\/\"},\"author\":{\"name\":\"Soporte web\",\"@id\":\"https:\/\/www.actecir.cat\/#\/schema\/person\/42edd02f0b1d55e19444428c5d321413\"},\"headline\":\"Formaci\u00f3n Presencial Groupe Atlantic\",\"datePublished\":\"2021-11-08T12:32:51+00:00\",\"dateModified\":\"2023-07-07T11:44:48+00:00\",\"mainEntityOfPage\":{\"@id\":\"https:\/\/www.actecir.cat\/es\/formacion-presencial-groupe-atlantic\/\"},\"wordCount\":200,\"publisher\":{\"@id\":\"https:\/\/www.actecir.cat\/#organization\"},\"image\":{\"@id\":\"https:\/\/www.actecir.cat\/es\/formacion-presencial-groupe-atlantic\/#primaryimage\"},\"thumbnailUrl\":\"https:\/\/www.actecir.cat\/wp-content\/uploads\/2023\/05\/groupeatlantic_webinar.png\",\"articleSection\":[\"Noticias\"],\"inLanguage\":\"es\"},{\"@type\":\"WebPage\",\"@id\":\"https:\/\/www.actecir.cat\/es\/formacion-presencial-groupe-atlantic\/\",\"url\":\"https:\/\/www.actecir.cat\/es\/formacion-presencial-groupe-atlantic\/\",\"name\":\"Formaci\u00f3n Presencial Groupe Atlantic - Actecir\",\"isPartOf\":{\"@id\":\"https:\/\/www.actecir.cat\/#website\"},\"primaryImageOfPage\":{\"@id\":\"https:\/\/www.actecir.cat\/es\/formacion-presencial-groupe-atlantic\/#primaryimage\"},\"image\":{\"@id\":\"https:\/\/www.actecir.cat\/es\/formacion-presencial-groupe-atlantic\/#primaryimage\"},\"thumbnailUrl\":\"https:\/\/www.actecir.cat\/wp-content\/uploads\/2023\/05\/groupeatlantic_webinar.png\",\"datePublished\":\"2021-11-08T12:32:51+00:00\",\"dateModified\":\"2023-07-07T11:44:48+00:00\",\"breadcrumb\":{\"@id\":\"https:\/\/www.actecir.cat\/es\/formacion-presencial-groupe-atlantic\/#breadcrumb\"},\"inLanguage\":\"es\",\"potentialAction\":[{\"@type\":\"ReadAction\",\"target\":[\"https:\/\/www.actecir.cat\/es\/formacion-presencial-groupe-atlantic\/\"]}]},{\"@type\":\"ImageObject\",\"inLanguage\":\"es\",\"@id\":\"https:\/\/www.actecir.cat\/es\/formacion-presencial-groupe-atlantic\/#primaryimage\",\"url\":\"https:\/\/www.actecir.cat\/wp-content\/uploads\/2023\/05\/groupeatlantic_webinar.png\",\"contentUrl\":\"https:\/\/www.actecir.cat\/wp-content\/uploads\/2023\/05\/groupeatlantic_webinar.png\",\"width\":600,\"height\":400},{\"@type\":\"BreadcrumbList\",\"@id\":\"https:\/\/www.actecir.cat\/es\/formacion-presencial-groupe-atlantic\/#breadcrumb\",\"itemListElement\":[{\"@type\":\"ListItem\",\"position\":1,\"name\":\"Inici\",\"item\":\"https:\/\/www.actecir.cat\/es\/\"},{\"@type\":\"ListItem\",\"position\":2,\"name\":\"Formaci\u00f3n Presencial Groupe Atlantic\"}]},{\"@type\":\"WebSite\",\"@id\":\"https:\/\/www.actecir.cat\/#website\",\"url\":\"https:\/\/www.actecir.cat\/\",\"name\":\"Actecir\",\"description\":\"Associaci\u00f3 Catalana de T\u00e8cnics en Energia, Climatitzaci\u00f3 i Refrigeraci\u00f3\",\"publisher\":{\"@id\":\"https:\/\/www.actecir.cat\/#organization\"},\"potentialAction\":[{\"@type\":\"SearchAction\",\"target\":{\"@type\":\"EntryPoint\",\"urlTemplate\":\"https:\/\/www.actecir.cat\/?s={search_term_string}\"},\"query-input\":{\"@type\":\"PropertyValueSpecification\",\"valueRequired\":true,\"valueName\":\"search_term_string\"}}],\"inLanguage\":\"es\"},{\"@type\":\"Organization\",\"@id\":\"https:\/\/www.actecir.cat\/#organization\",\"name\":\"Actecir\",\"url\":\"https:\/\/www.actecir.cat\/\",\"logo\":{\"@type\":\"ImageObject\",\"inLanguage\":\"es\",\"@id\":\"https:\/\/www.actecir.cat\/#\/schema\/logo\/image\/\",\"url\":\"https:\/\/www.actecir.cat\/wp-content\/uploads\/2023\/04\/cropped-logo_actecir_60_alto.png\",\"contentUrl\":\"https:\/\/www.actecir.cat\/wp-content\/uploads\/2023\/04\/cropped-logo_actecir_60_alto.png\",\"width\":283,\"height\":80,\"caption\":\"Actecir\"},\"image\":{\"@id\":\"https:\/\/www.actecir.cat\/#\/schema\/logo\/image\/\"},\"sameAs\":[\"https:\/\/x.com\/actecir\",\"https:\/\/www.linkedin.com\/company\/actecir\"]},{\"@type\":\"Person\",\"@id\":\"https:\/\/www.actecir.cat\/#\/schema\/person\/42edd02f0b1d55e19444428c5d321413\",\"name\":\"Soporte web\",\"sameAs\":[\"https:\/\/www.actecir.cat\"],\"url\":\"https:\/\/www.actecir.cat\/es\/author\/maensystems\/\"}]}<\/script>\n<!-- \/ Yoast SEO plugin. -->","yoast_head_json":{"title":"Formaci\u00f3n Presencial Groupe Atlantic - Actecir","robots":{"index":"index","follow":"follow","max-snippet":"max-snippet:-1","max-image-preview":"max-image-preview:large","max-video-preview":"max-video-preview:-1"},"canonical":"https:\/\/www.actecir.cat\/es\/formacion-presencial-groupe-atlantic\/","og_locale":"es_ES","og_type":"article","og_title":"Formaci\u00f3n Presencial Groupe Atlantic - Actecir","og_description":"Fecha: 16 noviembre","og_url":"https:\/\/www.actecir.cat\/es\/formacion-presencial-groupe-atlantic\/","og_site_name":"Actecir","article_published_time":"2021-11-08T12:32:51+00:00","article_modified_time":"2023-07-07T11:44:48+00:00","og_image":[{"width":600,"height":400,"url":"https:\/\/www.actecir.cat\/wp-content\/uploads\/2023\/05\/groupeatlantic_webinar.png","type":"image\/png"}],"author":"Soporte web","twitter_card":"summary_large_image","twitter_creator":"@actecir","twitter_site":"@actecir","twitter_misc":{"Escrito por":"Soporte web","Tiempo de lectura":"1 minuto"},"schema":{"@context":"https:\/\/schema.org","@graph":[{"@type":"Article","@id":"https:\/\/www.actecir.cat\/es\/formacion-presencial-groupe-atlantic\/#article","isPartOf":{"@id":"https:\/\/www.actecir.cat\/es\/formacion-presencial-groupe-atlantic\/"},"author":{"name":"Soporte web","@id":"https:\/\/www.actecir.cat\/#\/schema\/person\/42edd02f0b1d55e19444428c5d321413"},"headline":"Formaci\u00f3n Presencial Groupe Atlantic","datePublished":"2021-11-08T12:32:51+00:00","dateModified":"2023-07-07T11:44:48+00:00","mainEntityOfPage":{"@id":"https:\/\/www.actecir.cat\/es\/formacion-presencial-groupe-atlantic\/"},"wordCount":200,"publisher":{"@id":"https:\/\/www.actecir.cat\/#organization"},"image":{"@id":"https:\/\/www.actecir.cat\/es\/formacion-presencial-groupe-atlantic\/#primaryimage"},"thumbnailUrl":"https:\/\/www.actecir.cat\/wp-content\/uploads\/2023\/05\/groupeatlantic_webinar.png","articleSection":["Noticias"],"inLanguage":"es"},{"@type":"WebPage","@id":"https:\/\/www.actecir.cat\/es\/formacion-presencial-groupe-atlantic\/","url":"https:\/\/www.actecir.cat\/es\/formacion-presencial-groupe-atlantic\/","name":"Formaci\u00f3n Presencial Groupe Atlantic - Actecir","isPartOf":{"@id":"https:\/\/www.actecir.cat\/#website"},"primaryImageOfPage":{"@id":"https:\/\/www.actecir.cat\/es\/formacion-presencial-groupe-atlantic\/#primaryimage"},"image":{"@id":"https:\/\/www.actecir.cat\/es\/formacion-presencial-groupe-atlantic\/#primaryimage"},"thumbnailUrl":"https:\/\/www.actecir.cat\/wp-content\/uploads\/2023\/05\/groupeatlantic_webinar.png","datePublished":"2021-11-08T12:32:51+00:00","dateModified":"2023-07-07T11:44:48+00:00","breadcrumb":{"@id":"https:\/\/www.actecir.cat\/es\/formacion-presencial-groupe-atlantic\/#breadcrumb"},"inLanguage":"es","potentialAction":[{"@type":"ReadAction","target":["https:\/\/www.actecir.cat\/es\/formacion-presencial-groupe-atlantic\/"]}]},{"@type":"ImageObject","inLanguage":"es","@id":"https:\/\/www.actecir.cat\/es\/formacion-presencial-groupe-atlantic\/#primaryimage","url":"https:\/\/www.actecir.cat\/wp-content\/uploads\/2023\/05\/groupeatlantic_webinar.png","contentUrl":"https:\/\/www.actecir.cat\/wp-content\/uploads\/2023\/05\/groupeatlantic_webinar.png","width":600,"height":400},{"@type":"BreadcrumbList","@id":"https:\/\/www.actecir.cat\/es\/formacion-presencial-groupe-atlantic\/#breadcrumb","itemListElement":[{"@type":"ListItem","position":1,"name":"Inici","item":"https:\/\/www.actecir.cat\/es\/"},{"@type":"ListItem","position":2,"name":"Formaci\u00f3n Presencial Groupe Atlantic"}]},{"@type":"WebSite","@id":"https:\/\/www.actecir.cat\/#website","url":"https:\/\/www.actecir.cat\/","name":"Actecir","description":"Associaci\u00f3 Catalana de T\u00e8cnics en Energia, Climatitzaci\u00f3 i Refrigeraci\u00f3","publisher":{"@id":"https:\/\/www.actecir.cat\/#organization"},"potentialAction":[{"@type":"SearchAction","target":{"@type":"EntryPoint","urlTemplate":"https:\/\/www.actecir.cat\/?s={search_term_string}"},"query-input":{"@type":"PropertyValueSpecification","valueRequired":true,"valueName":"search_term_string"}}],"inLanguage":"es"},{"@type":"Organization","@id":"https:\/\/www.actecir.cat\/#organization","name":"Actecir","url":"https:\/\/www.actecir.cat\/","logo":{"@type":"ImageObject","inLanguage":"es","@id":"https:\/\/www.actecir.cat\/#\/schema\/logo\/image\/","url":"https:\/\/www.actecir.cat\/wp-content\/uploads\/2023\/04\/cropped-logo_actecir_60_alto.png","contentUrl":"https:\/\/www.actecir.cat\/wp-content\/uploads\/2023\/04\/cropped-logo_actecir_60_alto.png","width":283,"height":80,"caption":"Actecir"},"image":{"@id":"https:\/\/www.actecir.cat\/#\/schema\/logo\/image\/"},"sameAs":["https:\/\/x.com\/actecir","https:\/\/www.linkedin.com\/company\/actecir"]},{"@type":"Person","@id":"https:\/\/www.actecir.cat\/#\/schema\/person\/42edd02f0b1d55e19444428c5d321413","name":"Soporte web","sameAs":["https:\/\/www.actecir.cat"],"url":"https:\/\/www.actecir.cat\/es\/author\/maensystems\/"}]}},"_links":{"self":[{"href":"https:\/\/www.actecir.cat\/es\/wp-json\/wp\/v2\/posts\/5504","targetHints":{"allow":["GET"]}}],"collection":[{"href":"https:\/\/www.actecir.cat\/es\/wp-json\/wp\/v2\/posts"}],"about":[{"href":"https:\/\/www.actecir.cat\/es\/wp-json\/wp\/v2\/types\/post"}],"author":[{"embeddable":true,"href":"https:\/\/www.actecir.cat\/es\/wp-json\/wp\/v2\/users\/1"}],"replies":[{"embeddable":true,"href":"https:\/\/www.actecir.cat\/es\/wp-json\/wp\/v2\/comments?post=5504"}],"version-history":[{"count":2,"href":"https:\/\/www.actecir.cat\/es\/wp-json\/wp\/v2\/posts\/5504\/revisions"}],"predecessor-version":[{"id":11028,"href":"https:\/\/www.actecir.cat\/es\/wp-json\/wp\/v2\/posts\/5504\/revisions\/11028"}],"wp:featuredmedia":[{"embeddable":true,"href":"https:\/\/www.actecir.cat\/es\/wp-json\/wp\/v2\/media\/5502"}],"wp:attachment":[{"href":"https:\/\/www.actecir.cat\/es\/wp-json\/wp\/v2\/media?parent=5504"}],"wp:term":[{"taxonomy":"category","embeddable":true,"href":"https:\/\/www.actecir.cat\/es\/wp-json\/wp\/v2\/categories?post=5504"},{"taxonomy":"post_tag","embeddable":true,"href":"https:\/\/www.actecir.cat\/es\/wp-json\/wp\/v2\/tags?post=5504"}],"curies":[{"name":"wp","href":"https:\/\/api.w.org\/{rel}","templated":true}]}}