{"id":5569,"date":"2021-09-16T16:46:51","date_gmt":"2021-09-16T14:46:51","guid":{"rendered":"https:\/\/www.actecir.cat\/?p=5569"},"modified":"2023-07-07T16:05:07","modified_gmt":"2023-07-07T14:05:07","slug":"baxi-lider-en-climatizacion-en-espana-y-portugal-adquiere-hitecsa","status":"publish","type":"post","link":"https:\/\/www.actecir.cat\/es\/baxi-lider-en-climatizacion-en-espana-y-portugal-adquiere-hitecsa\/","title":{"rendered":"BAXI, l\u00edder en climatizaci\u00f3n en Espa\u00f1a y Portugal, adquiere Hitecsa"},"content":{"rendered":"<p>Fecha noticia: 15 de septiembre<\/p>\n<p><img decoding=\"async\" src=\"https:\/\/www.actecir.cat\/wp-content\/uploads\/2023\/04\/baxi-.jpg\" alt=\"BAXI\" width=\"133\" height=\"35\" \/><\/p>\n<p><strong>BAXI, l\u00edder en climatizaci\u00f3n en Espa\u00f1a y Portugal, adquiere Hitecsa para situarse a la cabeza del creciente mercado de la aerotermia\u00a0<\/strong><strong>\u00a0<\/strong><\/p>\n<ul>\n<li data-mce-word-list=\"1\"><strong>La operaci\u00f3n convierte a la compa\u00f1\u00eda en proveedor global de sistemas de climatizaci\u00f3n para cualquier tipo de edificio<\/strong><\/li>\n<\/ul>\n<ul>\n<li data-mce-word-list=\"1\"><strong>La empresa, que lidera Jordi Mestres en Espa\u00f1a y Portugal, invertir\u00e1 y ampliar\u00e1 recursos en el \u00e1rea de I+D<\/strong><\/li>\n<\/ul>\n<p><strong>\u00a0<\/strong><\/p>\n<p>Barcelona, 15 de septiembre de 2021.-\u00a0<strong>Baxi, l\u00edder en sistemas de climatizaci\u00f3n residencial en Espa\u00f1a y Portugal perteneciente al Grupo BDR Thermea, adquiere el 100% de HIPLUS, compa\u00f1\u00eda dedicada al dise\u00f1o, fabricaci\u00f3n y suministro de sistemas de climatizaci\u00f3n para grandes instalaciones. Bajo la marca Hitecsa, es un actor importante en la refrigeraci\u00f3n mediante aerotermia y aire acondicionado para aplicaciones comerciales e industriales, como hoteles, aeropuertos, hospitales o comercios, entre otros. HIPLUS tambi\u00e9n es conocida por su marca Adisa, especializada en calderas de alta eficiencia y soluciones de calefacci\u00f3n. El cierre de la adquisici\u00f3n al fondo espa\u00f1ol de inversi\u00f3n de capital privado, Phi Industrial, est\u00e1 sujeto a la autorizaci\u00f3n de las Autoridades regulatorias de la Competencia. BAXI invertir\u00e1 y ampliar\u00e1 recursos en el \u00e1rea de I+D, a la que pretende dar un impulso relevante, con el objetivo de situarse a la cabeza del creciente mercado de la aerotermia en Europa.<\/strong><\/p>\n<p>Seg\u00fan Jordi Mestres, CEO de Baxi en Espa\u00f1a y Portugal,\u00a0<strong>\u201ca partir de la adquisici\u00f3n de Hitecsa, estableceremos en Espa\u00f1a un centro de desarrollo y producci\u00f3n de aerotermia, tecnolog\u00eda clave para la descarbonizaci\u00f3n de los edificios en Europa seg\u00fan los objetivos marcados por la UE. Es un orgullo poder llevar a cabo este proyecto industrial, cuya importancia es equiparable a lo que significa para el sector automovil\u00edstico la implantaci\u00f3n de una f\u00e1brica de coches el\u00e9ctricos\u201d.<\/strong><\/p>\n<p>La aerotermia es una tecnolog\u00eda limpia y muy eficiente que captura la energ\u00eda t\u00e9rmica que se encuentra en el aire ambiente que rodea el edificio y la transforma en forma de calefacci\u00f3n, refrigeraci\u00f3n o agua caliente sanitaria. Esto se realiza mediante el sistema de bomba de calor aerot\u00e9rmica.<\/p>\n<p>Impulsada por la transici\u00f3n energ\u00e9tica y la necesidad de descarbonizaci\u00f3n de los edificios en Espa\u00f1a, la electrificaci\u00f3n mediante aerotermia en los usos de calefacci\u00f3n y refrigeraci\u00f3n ha aumentado en un 45% en los \u00faltimos cinco a\u00f1os.<\/p>\n<p>La combinaci\u00f3n de ambas compa\u00f1\u00edas y la inversi\u00f3n prevista permitir\u00e1 ofrecer soluciones en aerotermia desde ambientes residenciales hasta grandes establecimientos comerciales.<\/p>\n<p><strong>Acerca de Hitecsa<\/strong><\/p>\n<p>Fundada en los a\u00f1os 80, Hitecsa es conocida por ofrecer soluciones completas de climatizaci\u00f3n que abarcan la log\u00edstica, la fabricaci\u00f3n y un amplio soporte preventa. Tiene su sede central en Vilanova i la Geltr\u00fa y centros de desarrollo y producci\u00f3n en Vilanova y la Geltr\u00fa y Vilafranca del Pened\u00e9s (Barcelona). Antes de la pandemia, en 2019, el conjunto de Hitecsa y Adisa factur\u00f3 26 millones de euros.<\/p>\n<p>Seg\u00fan Jordi Mestres,\u00a0<strong>\u201cla incorporaci\u00f3n de Hitecsa completa nuestro portfolio en Espa\u00f1a y Portugal. Podremos ofrecer a nuestros clientes una gama completa de sistemas de climatizaci\u00f3n para cualquier tipo de edificio. Mantendremos el enfoque de Hitecsa en el mercado espa\u00f1ol de grandes instalaciones de climatizaci\u00f3n y nos ayudar\u00e1 a expandir nuestro negocio de aerotermia residencial&#8221;.<\/strong><\/p>\n<p><strong>\u00a0<\/strong><\/p>\n<p><strong>PHI Industrial<\/strong><\/p>\n<p>PHI Industrial, fondo de inversi\u00f3n espa\u00f1ol, de reconocido prestigio y dilatada trayectoria, adquiri\u00f3 la compa\u00f1\u00eda en 2012, cuando con 109 trabajadores se encontraba en una dif\u00edcil situaci\u00f3n econ\u00f3mica y de gesti\u00f3n. Despu\u00e9s de nueve a\u00f1os de un intenso trabajo operativo, comercial y de desarrollo de producto e innovaci\u00f3n, la empresa, con un total de 165 trabajadores en la actualidad, ha consolidado dos centros productivos de m\u00e1ximo nivel industrial; ha diversificado su gama de producto y ha internacionalizado sus actividades.<\/p>\n<p>Seg\u00fan Alexander Wit y Jordi Bricio, propietarios de Phi Industrial \u201c<strong>Nos sentimos particularmente orgullosos de haber participado junto al equipo gestor en el reflotamiento, consolidaci\u00f3n y liderazgo de una empresa como Hitecsa y es para nosotros un buen ejemplo de la manera de trabajar de Phi Industrial. Dejamos la empresa en las buenas manos de una compa\u00f1\u00eda experta en el sector y que proyecta un futuro extraordinario para Hitecsa, cerrando con ello el c\u00edrculo de la creaci\u00f3n de valor que esper\u00e1bamos<\/strong>\u201d.<\/p>\n<p><strong>Sobre Baxi<\/strong><\/p>\n<p>En Espa\u00f1a y Portugal, Baxi cuenta con m\u00e1s de 1.100 colaboradores y con un volumen de negocio de 227 millones de euros, incluida toda la red de Servicio T\u00e9cnico Oficial vinculada a la marca (a\u00f1o 2019). Dispone de tres sedes corporativas en Madrid, Barcelona y Lisboa. Baxi es una marca con m\u00e1s de 150 a\u00f1os de historia que en el a\u00f1o 2005 adquiri\u00f3 la divisi\u00f3n de calefacci\u00f3n de Roca, compa\u00f1\u00eda pionera en la introducci\u00f3n de la calefacci\u00f3n en Espa\u00f1a en el a\u00f1o 1917, convirti\u00e9ndose as\u00ed en la empresa de referencia del sector en la Pen\u00ednsula Ib\u00e9rica. M\u00e1s informaci\u00f3n en\u00a0<a href=\"https:\/\/www.baxi.es\/\">www.baxi.es<\/a><\/p>\n<p><strong>Acerca de BDR Thermea Group<\/strong><\/p>\n<p>Fundado en 2009, BDR Thermea Group es un fabricante l\u00edder de soluciones inteligentes de confort t\u00e9rmico para uso dom\u00e9stico y comercial. La compa\u00f1\u00eda emplea a 6.100 personas y opera en m\u00e1s de 100 pa\u00edses en todo el mundo, con una posici\u00f3n de liderazgo en Europa, Turqu\u00eda, Rusia y China. BDR Thermea Group, que registr\u00f3 una facturaci\u00f3n de 1.800 millones de euros en 2020, opera bajo marcas reconocidas l\u00edderes en el mercado como BAXI, De Dietrich, Remeha, Br\u00f6tje, Chapp\u00e9e y Baymak. V\u00e9ase tambi\u00e9n\u00a0<a href=\"https:\/\/www.bdrthermeagroup.com\/\">www.bdrthermeagroup.com<\/a><\/p>\n<p><strong>Sobre Phi<\/strong><\/p>\n<p>PHI es un fondo especializado en la adquisici\u00f3n y gesti\u00f3n activa de empresas en situaciones especiales, incluyendo spin-offs de multinacionales. PHI invierte en empresas donde detecta la capacidad de generar valor a trav\u00e9s de la mejora en las operaciones. Implantada en Espa\u00f1a, Italia y UK, PHI Industrial se interesa en adquirir participaciones mayoritarias de empresas europeas y de tama\u00f1o medio. PHI ha completado 26 adquisiciones en los \u00faltimos 15 a\u00f1os y es uno de los fondos m\u00e1s activos a nivel nacional.<\/p>\n<p>Para m\u00e1s informaci\u00f3n p\u00f3ngase en contacto con:<\/p>\n<p>Yolanda Agra\u00a0 \u00a0\u00a0\u00a0\u00a0\u00a0\u00a0\u00a0\u00a0\u00a0\u00a0\u00a0\u00a0\u00a0\u00a0\u00a0\u00a0\u00a0\u00a0\u00a0\u00a0\u00a0\u00a0\u00a0\u00a0\u00a0\u00a0\u00a0\u00a0\u00a0\u00a0\u00a0\u00a0\u00a0\u00a0\u00a0\u00a0\u00a0\u00a0\u00a0 \u00a0\u00a0\u00a0\u00a0\u00a0\u00a0\u00a0\u00a0\u00a0\u00a0\u00a0\u00a0\u00a0\u00a0\u00a0\u00a0<span id=\"cloak98769f47b8e2403a0fba74d4c036de70\"><a href=\"mailto:Yolanda.agra@baxi.es\">Yolanda.agra@baxi.es<\/a><\/span>\u00a0\u00a0\u00a0\u00a0\u00a0\u00a0\u00a0\u00a0\u00a0\u00a0 \u00a0\u00a0\u00a0\u00a0\u00a0\u00a0\u00a0\u00a0\u00a0\u00a0\u00a0\u00a0\u00a0\u00a0\u00a0 +34 648 748 790<\/p>\n","protected":false},"excerpt":{"rendered":"<p>Fecha noticia: 15 de septiembre<\/p>\n","protected":false},"author":1,"featured_media":5567,"comment_status":"closed","ping_status":"closed","sticky":false,"template":"","format":"standard","meta":{"footnotes":""},"categories":[25],"tags":[],"class_list":["post-5569","post","type-post","status-publish","format-standard","has-post-thumbnail","hentry","category-noticias"],"yoast_head":"<!-- This site is optimized with the Yoast SEO plugin v27.2 - https:\/\/yoast.com\/product\/yoast-seo-wordpress\/ -->\n<title>BAXI, l\u00edder en climatizaci\u00f3n en Espa\u00f1a y Portugal, adquiere Hitecsa - Actecir<\/title>\n<meta name=\"robots\" content=\"index, follow, max-snippet:-1, max-image-preview:large, max-video-preview:-1\" \/>\n<link rel=\"canonical\" href=\"https:\/\/www.actecir.cat\/es\/baxi-lider-en-climatizacion-en-espana-y-portugal-adquiere-hitecsa\/\" \/>\n<meta property=\"og:locale\" content=\"es_ES\" \/>\n<meta property=\"og:type\" content=\"article\" \/>\n<meta property=\"og:title\" content=\"BAXI, l\u00edder en climatizaci\u00f3n en Espa\u00f1a y Portugal, adquiere Hitecsa - Actecir\" \/>\n<meta property=\"og:description\" content=\"Fecha noticia: 15 de septiembre\" \/>\n<meta property=\"og:url\" content=\"https:\/\/www.actecir.cat\/es\/baxi-lider-en-climatizacion-en-espana-y-portugal-adquiere-hitecsa\/\" \/>\n<meta property=\"og:site_name\" content=\"Actecir\" \/>\n<meta property=\"article:published_time\" content=\"2021-09-16T14:46:51+00:00\" \/>\n<meta property=\"article:modified_time\" content=\"2023-07-07T14:05:07+00:00\" \/>\n<meta property=\"og:image\" content=\"https:\/\/www.actecir.cat\/wp-content\/uploads\/2023\/05\/BAXI_web_cast.png\" \/>\n\t<meta property=\"og:image:width\" content=\"600\" \/>\n\t<meta property=\"og:image:height\" content=\"400\" \/>\n\t<meta property=\"og:image:type\" content=\"image\/png\" \/>\n<meta name=\"author\" content=\"Soporte web\" \/>\n<meta name=\"twitter:card\" content=\"summary_large_image\" \/>\n<meta name=\"twitter:creator\" content=\"@actecir\" \/>\n<meta name=\"twitter:site\" content=\"@actecir\" \/>\n<meta name=\"twitter:label1\" content=\"Escrito por\" \/>\n\t<meta name=\"twitter:data1\" content=\"Soporte web\" \/>\n\t<meta name=\"twitter:label2\" content=\"Tiempo de lectura\" \/>\n\t<meta name=\"twitter:data2\" content=\"5 minutos\" \/>\n<script type=\"application\/ld+json\" class=\"yoast-schema-graph\">{\"@context\":\"https:\/\/schema.org\",\"@graph\":[{\"@type\":\"Article\",\"@id\":\"https:\/\/www.actecir.cat\/es\/baxi-lider-en-climatizacion-en-espana-y-portugal-adquiere-hitecsa\/#article\",\"isPartOf\":{\"@id\":\"https:\/\/www.actecir.cat\/es\/baxi-lider-en-climatizacion-en-espana-y-portugal-adquiere-hitecsa\/\"},\"author\":{\"name\":\"Soporte web\",\"@id\":\"https:\/\/www.actecir.cat\/#\/schema\/person\/42edd02f0b1d55e19444428c5d321413\"},\"headline\":\"BAXI, l\u00edder en climatizaci\u00f3n en Espa\u00f1a y Portugal, adquiere Hitecsa\",\"datePublished\":\"2021-09-16T14:46:51+00:00\",\"dateModified\":\"2023-07-07T14:05:07+00:00\",\"mainEntityOfPage\":{\"@id\":\"https:\/\/www.actecir.cat\/es\/baxi-lider-en-climatizacion-en-espana-y-portugal-adquiere-hitecsa\/\"},\"wordCount\":1083,\"publisher\":{\"@id\":\"https:\/\/www.actecir.cat\/#organization\"},\"image\":{\"@id\":\"https:\/\/www.actecir.cat\/es\/baxi-lider-en-climatizacion-en-espana-y-portugal-adquiere-hitecsa\/#primaryimage\"},\"thumbnailUrl\":\"https:\/\/www.actecir.cat\/wp-content\/uploads\/2023\/05\/BAXI_web_cast.png\",\"articleSection\":[\"Noticias\"],\"inLanguage\":\"es\"},{\"@type\":\"WebPage\",\"@id\":\"https:\/\/www.actecir.cat\/es\/baxi-lider-en-climatizacion-en-espana-y-portugal-adquiere-hitecsa\/\",\"url\":\"https:\/\/www.actecir.cat\/es\/baxi-lider-en-climatizacion-en-espana-y-portugal-adquiere-hitecsa\/\",\"name\":\"BAXI, l\u00edder en climatizaci\u00f3n en Espa\u00f1a y Portugal, adquiere Hitecsa - Actecir\",\"isPartOf\":{\"@id\":\"https:\/\/www.actecir.cat\/#website\"},\"primaryImageOfPage\":{\"@id\":\"https:\/\/www.actecir.cat\/es\/baxi-lider-en-climatizacion-en-espana-y-portugal-adquiere-hitecsa\/#primaryimage\"},\"image\":{\"@id\":\"https:\/\/www.actecir.cat\/es\/baxi-lider-en-climatizacion-en-espana-y-portugal-adquiere-hitecsa\/#primaryimage\"},\"thumbnailUrl\":\"https:\/\/www.actecir.cat\/wp-content\/uploads\/2023\/05\/BAXI_web_cast.png\",\"datePublished\":\"2021-09-16T14:46:51+00:00\",\"dateModified\":\"2023-07-07T14:05:07+00:00\",\"breadcrumb\":{\"@id\":\"https:\/\/www.actecir.cat\/es\/baxi-lider-en-climatizacion-en-espana-y-portugal-adquiere-hitecsa\/#breadcrumb\"},\"inLanguage\":\"es\",\"potentialAction\":[{\"@type\":\"ReadAction\",\"target\":[\"https:\/\/www.actecir.cat\/es\/baxi-lider-en-climatizacion-en-espana-y-portugal-adquiere-hitecsa\/\"]}]},{\"@type\":\"ImageObject\",\"inLanguage\":\"es\",\"@id\":\"https:\/\/www.actecir.cat\/es\/baxi-lider-en-climatizacion-en-espana-y-portugal-adquiere-hitecsa\/#primaryimage\",\"url\":\"https:\/\/www.actecir.cat\/wp-content\/uploads\/2023\/05\/BAXI_web_cast.png\",\"contentUrl\":\"https:\/\/www.actecir.cat\/wp-content\/uploads\/2023\/05\/BAXI_web_cast.png\",\"width\":600,\"height\":400},{\"@type\":\"BreadcrumbList\",\"@id\":\"https:\/\/www.actecir.cat\/es\/baxi-lider-en-climatizacion-en-espana-y-portugal-adquiere-hitecsa\/#breadcrumb\",\"itemListElement\":[{\"@type\":\"ListItem\",\"position\":1,\"name\":\"Inici\",\"item\":\"https:\/\/www.actecir.cat\/es\/\"},{\"@type\":\"ListItem\",\"position\":2,\"name\":\"BAXI, l\u00edder en climatizaci\u00f3n en Espa\u00f1a y Portugal, adquiere Hitecsa\"}]},{\"@type\":\"WebSite\",\"@id\":\"https:\/\/www.actecir.cat\/#website\",\"url\":\"https:\/\/www.actecir.cat\/\",\"name\":\"Actecir\",\"description\":\"Associaci\u00f3 Catalana de T\u00e8cnics en Energia, Climatitzaci\u00f3 i Refrigeraci\u00f3\",\"publisher\":{\"@id\":\"https:\/\/www.actecir.cat\/#organization\"},\"potentialAction\":[{\"@type\":\"SearchAction\",\"target\":{\"@type\":\"EntryPoint\",\"urlTemplate\":\"https:\/\/www.actecir.cat\/?s={search_term_string}\"},\"query-input\":{\"@type\":\"PropertyValueSpecification\",\"valueRequired\":true,\"valueName\":\"search_term_string\"}}],\"inLanguage\":\"es\"},{\"@type\":\"Organization\",\"@id\":\"https:\/\/www.actecir.cat\/#organization\",\"name\":\"Actecir\",\"url\":\"https:\/\/www.actecir.cat\/\",\"logo\":{\"@type\":\"ImageObject\",\"inLanguage\":\"es\",\"@id\":\"https:\/\/www.actecir.cat\/#\/schema\/logo\/image\/\",\"url\":\"https:\/\/www.actecir.cat\/wp-content\/uploads\/2023\/04\/cropped-logo_actecir_60_alto.png\",\"contentUrl\":\"https:\/\/www.actecir.cat\/wp-content\/uploads\/2023\/04\/cropped-logo_actecir_60_alto.png\",\"width\":283,\"height\":80,\"caption\":\"Actecir\"},\"image\":{\"@id\":\"https:\/\/www.actecir.cat\/#\/schema\/logo\/image\/\"},\"sameAs\":[\"https:\/\/x.com\/actecir\",\"https:\/\/www.linkedin.com\/company\/actecir\"]},{\"@type\":\"Person\",\"@id\":\"https:\/\/www.actecir.cat\/#\/schema\/person\/42edd02f0b1d55e19444428c5d321413\",\"name\":\"Soporte web\",\"sameAs\":[\"https:\/\/www.actecir.cat\"],\"url\":\"https:\/\/www.actecir.cat\/es\/author\/maensystems\/\"}]}<\/script>\n<!-- \/ Yoast SEO plugin. -->","yoast_head_json":{"title":"BAXI, l\u00edder en climatizaci\u00f3n en Espa\u00f1a y Portugal, adquiere Hitecsa - Actecir","robots":{"index":"index","follow":"follow","max-snippet":"max-snippet:-1","max-image-preview":"max-image-preview:large","max-video-preview":"max-video-preview:-1"},"canonical":"https:\/\/www.actecir.cat\/es\/baxi-lider-en-climatizacion-en-espana-y-portugal-adquiere-hitecsa\/","og_locale":"es_ES","og_type":"article","og_title":"BAXI, l\u00edder en climatizaci\u00f3n en Espa\u00f1a y Portugal, adquiere Hitecsa - Actecir","og_description":"Fecha noticia: 15 de septiembre","og_url":"https:\/\/www.actecir.cat\/es\/baxi-lider-en-climatizacion-en-espana-y-portugal-adquiere-hitecsa\/","og_site_name":"Actecir","article_published_time":"2021-09-16T14:46:51+00:00","article_modified_time":"2023-07-07T14:05:07+00:00","og_image":[{"width":600,"height":400,"url":"https:\/\/www.actecir.cat\/wp-content\/uploads\/2023\/05\/BAXI_web_cast.png","type":"image\/png"}],"author":"Soporte web","twitter_card":"summary_large_image","twitter_creator":"@actecir","twitter_site":"@actecir","twitter_misc":{"Escrito por":"Soporte web","Tiempo de lectura":"5 minutos"},"schema":{"@context":"https:\/\/schema.org","@graph":[{"@type":"Article","@id":"https:\/\/www.actecir.cat\/es\/baxi-lider-en-climatizacion-en-espana-y-portugal-adquiere-hitecsa\/#article","isPartOf":{"@id":"https:\/\/www.actecir.cat\/es\/baxi-lider-en-climatizacion-en-espana-y-portugal-adquiere-hitecsa\/"},"author":{"name":"Soporte web","@id":"https:\/\/www.actecir.cat\/#\/schema\/person\/42edd02f0b1d55e19444428c5d321413"},"headline":"BAXI, l\u00edder en climatizaci\u00f3n en Espa\u00f1a y Portugal, adquiere Hitecsa","datePublished":"2021-09-16T14:46:51+00:00","dateModified":"2023-07-07T14:05:07+00:00","mainEntityOfPage":{"@id":"https:\/\/www.actecir.cat\/es\/baxi-lider-en-climatizacion-en-espana-y-portugal-adquiere-hitecsa\/"},"wordCount":1083,"publisher":{"@id":"https:\/\/www.actecir.cat\/#organization"},"image":{"@id":"https:\/\/www.actecir.cat\/es\/baxi-lider-en-climatizacion-en-espana-y-portugal-adquiere-hitecsa\/#primaryimage"},"thumbnailUrl":"https:\/\/www.actecir.cat\/wp-content\/uploads\/2023\/05\/BAXI_web_cast.png","articleSection":["Noticias"],"inLanguage":"es"},{"@type":"WebPage","@id":"https:\/\/www.actecir.cat\/es\/baxi-lider-en-climatizacion-en-espana-y-portugal-adquiere-hitecsa\/","url":"https:\/\/www.actecir.cat\/es\/baxi-lider-en-climatizacion-en-espana-y-portugal-adquiere-hitecsa\/","name":"BAXI, l\u00edder en climatizaci\u00f3n en Espa\u00f1a y Portugal, adquiere Hitecsa - Actecir","isPartOf":{"@id":"https:\/\/www.actecir.cat\/#website"},"primaryImageOfPage":{"@id":"https:\/\/www.actecir.cat\/es\/baxi-lider-en-climatizacion-en-espana-y-portugal-adquiere-hitecsa\/#primaryimage"},"image":{"@id":"https:\/\/www.actecir.cat\/es\/baxi-lider-en-climatizacion-en-espana-y-portugal-adquiere-hitecsa\/#primaryimage"},"thumbnailUrl":"https:\/\/www.actecir.cat\/wp-content\/uploads\/2023\/05\/BAXI_web_cast.png","datePublished":"2021-09-16T14:46:51+00:00","dateModified":"2023-07-07T14:05:07+00:00","breadcrumb":{"@id":"https:\/\/www.actecir.cat\/es\/baxi-lider-en-climatizacion-en-espana-y-portugal-adquiere-hitecsa\/#breadcrumb"},"inLanguage":"es","potentialAction":[{"@type":"ReadAction","target":["https:\/\/www.actecir.cat\/es\/baxi-lider-en-climatizacion-en-espana-y-portugal-adquiere-hitecsa\/"]}]},{"@type":"ImageObject","inLanguage":"es","@id":"https:\/\/www.actecir.cat\/es\/baxi-lider-en-climatizacion-en-espana-y-portugal-adquiere-hitecsa\/#primaryimage","url":"https:\/\/www.actecir.cat\/wp-content\/uploads\/2023\/05\/BAXI_web_cast.png","contentUrl":"https:\/\/www.actecir.cat\/wp-content\/uploads\/2023\/05\/BAXI_web_cast.png","width":600,"height":400},{"@type":"BreadcrumbList","@id":"https:\/\/www.actecir.cat\/es\/baxi-lider-en-climatizacion-en-espana-y-portugal-adquiere-hitecsa\/#breadcrumb","itemListElement":[{"@type":"ListItem","position":1,"name":"Inici","item":"https:\/\/www.actecir.cat\/es\/"},{"@type":"ListItem","position":2,"name":"BAXI, l\u00edder en climatizaci\u00f3n en Espa\u00f1a y Portugal, adquiere Hitecsa"}]},{"@type":"WebSite","@id":"https:\/\/www.actecir.cat\/#website","url":"https:\/\/www.actecir.cat\/","name":"Actecir","description":"Associaci\u00f3 Catalana de T\u00e8cnics en Energia, Climatitzaci\u00f3 i Refrigeraci\u00f3","publisher":{"@id":"https:\/\/www.actecir.cat\/#organization"},"potentialAction":[{"@type":"SearchAction","target":{"@type":"EntryPoint","urlTemplate":"https:\/\/www.actecir.cat\/?s={search_term_string}"},"query-input":{"@type":"PropertyValueSpecification","valueRequired":true,"valueName":"search_term_string"}}],"inLanguage":"es"},{"@type":"Organization","@id":"https:\/\/www.actecir.cat\/#organization","name":"Actecir","url":"https:\/\/www.actecir.cat\/","logo":{"@type":"ImageObject","inLanguage":"es","@id":"https:\/\/www.actecir.cat\/#\/schema\/logo\/image\/","url":"https:\/\/www.actecir.cat\/wp-content\/uploads\/2023\/04\/cropped-logo_actecir_60_alto.png","contentUrl":"https:\/\/www.actecir.cat\/wp-content\/uploads\/2023\/04\/cropped-logo_actecir_60_alto.png","width":283,"height":80,"caption":"Actecir"},"image":{"@id":"https:\/\/www.actecir.cat\/#\/schema\/logo\/image\/"},"sameAs":["https:\/\/x.com\/actecir","https:\/\/www.linkedin.com\/company\/actecir"]},{"@type":"Person","@id":"https:\/\/www.actecir.cat\/#\/schema\/person\/42edd02f0b1d55e19444428c5d321413","name":"Soporte web","sameAs":["https:\/\/www.actecir.cat"],"url":"https:\/\/www.actecir.cat\/es\/author\/maensystems\/"}]}},"_links":{"self":[{"href":"https:\/\/www.actecir.cat\/es\/wp-json\/wp\/v2\/posts\/5569","targetHints":{"allow":["GET"]}}],"collection":[{"href":"https:\/\/www.actecir.cat\/es\/wp-json\/wp\/v2\/posts"}],"about":[{"href":"https:\/\/www.actecir.cat\/es\/wp-json\/wp\/v2\/types\/post"}],"author":[{"embeddable":true,"href":"https:\/\/www.actecir.cat\/es\/wp-json\/wp\/v2\/users\/1"}],"replies":[{"embeddable":true,"href":"https:\/\/www.actecir.cat\/es\/wp-json\/wp\/v2\/comments?post=5569"}],"version-history":[{"count":3,"href":"https:\/\/www.actecir.cat\/es\/wp-json\/wp\/v2\/posts\/5569\/revisions"}],"predecessor-version":[{"id":11520,"href":"https:\/\/www.actecir.cat\/es\/wp-json\/wp\/v2\/posts\/5569\/revisions\/11520"}],"wp:featuredmedia":[{"embeddable":true,"href":"https:\/\/www.actecir.cat\/es\/wp-json\/wp\/v2\/media\/5567"}],"wp:attachment":[{"href":"https:\/\/www.actecir.cat\/es\/wp-json\/wp\/v2\/media?parent=5569"}],"wp:term":[{"taxonomy":"category","embeddable":true,"href":"https:\/\/www.actecir.cat\/es\/wp-json\/wp\/v2\/categories?post=5569"},{"taxonomy":"post_tag","embeddable":true,"href":"https:\/\/www.actecir.cat\/es\/wp-json\/wp\/v2\/tags?post=5569"}],"curies":[{"name":"wp","href":"https:\/\/api.w.org\/{rel}","templated":true}]}}