{"id":5584,"date":"2021-09-10T16:54:21","date_gmt":"2021-09-10T14:54:21","guid":{"rendered":"https:\/\/www.actecir.cat\/?p=5584"},"modified":"2023-05-09T16:55:29","modified_gmt":"2023-05-09T14:55:29","slug":"webinar-retos-para-el-sector-de-los-f-gases-normativa-estrategias-y-accion-por-el-clima","status":"publish","type":"post","link":"https:\/\/www.actecir.cat\/es\/webinar-retos-para-el-sector-de-los-f-gases-normativa-estrategias-y-accion-por-el-clima\/","title":{"rendered":"Webinar: Retos para el sector de los F-gases: normativa, estrategias y acci\u00f3n por el clima"},"content":{"rendered":"<p>Fecha: 14 septiembre a las 09:30 horas<\/p>\n<p>AGENDA<\/p>\n<p>09:30 h.: Inicio y presentaci\u00f3n de la jornada<\/p>\n<p>09:35 h.: Apertura de la jornada y bienvenida institucional &#8211; IQS<\/p>\n<p>09:40 h.: KET4F-Gas: Nuevas soluciones tecnol\u00f3gicas para la reducci\u00f3n de emisiones de gases fluorados &#8211; F\u00e8lix Llovell &#8211; IQS<\/p>\n<p>10:00 h.: Aplicaci\u00f3n de la normativa vigente en la comercializaci\u00f3n de equipos que contienen gases fluorados de efecto invernadero (GFEI) &#8211; Maria Montserrat Fern\u00e1ndez &#8211; Oficina Canvi Clim\u00e0tic Generalitat de Catalunya.<\/p>\n<p>10:20 h.: Descanso<\/p>\n<p>10:30 h.: La producci\u00f3n de gases fluorados: nuevos retos &#8211; Nab\u00ed Ferrer &#8211; Gases research innovation &amp; technology &#8211; GRIT<\/p>\n<p>10:45 h.: Los problemas en la cadena de comercializaci\u00f3n y distribuci\u00f3n de gases refrigerantes &#8211; Llu\u00eds Giralt, &#8211; Gas Servei<\/p>\n<p>11:00 h.: La visi\u00f3n de los fabricantes e instaladores en el sector de la climatizaci\u00f3n y refrigeraci\u00f3n &#8211;\u00a0<strong>El\u00edas Mart\u00ednez, ACTECIR<\/strong><\/p>\n<p>11:15 h.: Necesidades actuales y futuras en la gesti\u00f3n de equipos frigor\u00edficos con gases fluorados &#8211; V\u00edctor B\u00e1denas &#8211; FCC \u00c1mbito<\/p>\n<p>11:30 h.: Mesa redonda &#8211; debate sobre los problemas y retos a los que se enfrenta la industria desde todos los puntos de la cadena de valor, intentando contrastar las necesidades de unos y otros con diferentes enfoques.<br \/>\nNab\u00ed Ferrer, Gases research innovation &amp; technology &#8211; GRIT<br \/>\nLlu\u00eds Giralt, Gas Servei<br \/>\n<strong>El\u00edas Mart\u00ednez, ACTECIR<\/strong><br \/>\nV\u00edctor B\u00e1denas, FCC \u00c1mbito<br \/>\nMaria Montserrat Fern\u00e1ndez, Oficina Canvi Clim\u00e0tic Generalitat de Catalunya<\/p>\n<p>13:00 h.: Fin del evento<\/p>\n<p><strong><a href=\"https:\/\/register.gotowebinar.com\/register\/1126047658937081359\" target=\"_blank\" rel=\"noopener\">INSCRIPCI\u00d3N MESA REDONDA<\/a><\/strong><\/p>\n<p>Fecha: 14 septiembre a las 09:30 horas<\/p>\n","protected":false},"excerpt":{"rendered":"<p>Fecha: 14 septiembre a las 09:30 horas<\/p>\n","protected":false},"author":1,"featured_media":5582,"comment_status":"closed","ping_status":"closed","sticky":false,"template":"","format":"standard","meta":{"footnotes":""},"categories":[25],"tags":[],"class_list":["post-5584","post","type-post","status-publish","format-standard","has-post-thumbnail","hentry","category-noticias"],"yoast_head":"<!-- This site is optimized with the Yoast SEO plugin v27.2 - https:\/\/yoast.com\/product\/yoast-seo-wordpress\/ -->\n<title>Webinar: Retos para el sector de los F-gases: normativa, estrategias y acci\u00f3n por el clima - Actecir<\/title>\n<meta name=\"robots\" content=\"index, follow, max-snippet:-1, max-image-preview:large, max-video-preview:-1\" \/>\n<link rel=\"canonical\" href=\"https:\/\/www.actecir.cat\/es\/webinar-retos-para-el-sector-de-los-f-gases-normativa-estrategias-y-accion-por-el-clima\/\" \/>\n<meta property=\"og:locale\" content=\"es_ES\" \/>\n<meta property=\"og:type\" content=\"article\" \/>\n<meta property=\"og:title\" content=\"Webinar: Retos para el sector de los F-gases: normativa, estrategias y acci\u00f3n por el clima - Actecir\" \/>\n<meta property=\"og:description\" content=\"Fecha: 14 septiembre a las 09:30 horas\" \/>\n<meta property=\"og:url\" content=\"https:\/\/www.actecir.cat\/es\/webinar-retos-para-el-sector-de-los-f-gases-normativa-estrategias-y-accion-por-el-clima\/\" \/>\n<meta property=\"og:site_name\" content=\"Actecir\" \/>\n<meta property=\"article:published_time\" content=\"2021-09-10T14:54:21+00:00\" \/>\n<meta property=\"article:modified_time\" content=\"2023-05-09T14:55:29+00:00\" \/>\n<meta property=\"og:image\" content=\"https:\/\/www.actecir.cat\/wp-content\/uploads\/2023\/05\/taula_rodona_cat.png\" \/>\n\t<meta property=\"og:image:width\" content=\"600\" \/>\n\t<meta property=\"og:image:height\" content=\"400\" \/>\n\t<meta property=\"og:image:type\" content=\"image\/png\" \/>\n<meta name=\"author\" content=\"Soporte web\" \/>\n<meta name=\"twitter:card\" content=\"summary_large_image\" \/>\n<meta name=\"twitter:creator\" content=\"@actecir\" \/>\n<meta name=\"twitter:site\" content=\"@actecir\" \/>\n<meta name=\"twitter:label1\" content=\"Escrito por\" \/>\n\t<meta name=\"twitter:data1\" content=\"Soporte web\" \/>\n\t<meta name=\"twitter:label2\" content=\"Tiempo de lectura\" \/>\n\t<meta name=\"twitter:data2\" content=\"1 minuto\" \/>\n<script type=\"application\/ld+json\" class=\"yoast-schema-graph\">{\"@context\":\"https:\/\/schema.org\",\"@graph\":[{\"@type\":\"Article\",\"@id\":\"https:\/\/www.actecir.cat\/es\/webinar-retos-para-el-sector-de-los-f-gases-normativa-estrategias-y-accion-por-el-clima\/#article\",\"isPartOf\":{\"@id\":\"https:\/\/www.actecir.cat\/es\/webinar-retos-para-el-sector-de-los-f-gases-normativa-estrategias-y-accion-por-el-clima\/\"},\"author\":{\"name\":\"Soporte web\",\"@id\":\"https:\/\/www.actecir.cat\/#\/schema\/person\/42edd02f0b1d55e19444428c5d321413\"},\"headline\":\"Webinar: Retos para el sector de los F-gases: normativa, estrategias y acci\u00f3n por el clima\",\"datePublished\":\"2021-09-10T14:54:21+00:00\",\"dateModified\":\"2023-05-09T14:55:29+00:00\",\"mainEntityOfPage\":{\"@id\":\"https:\/\/www.actecir.cat\/es\/webinar-retos-para-el-sector-de-los-f-gases-normativa-estrategias-y-accion-por-el-clima\/\"},\"wordCount\":275,\"publisher\":{\"@id\":\"https:\/\/www.actecir.cat\/#organization\"},\"image\":{\"@id\":\"https:\/\/www.actecir.cat\/es\/webinar-retos-para-el-sector-de-los-f-gases-normativa-estrategias-y-accion-por-el-clima\/#primaryimage\"},\"thumbnailUrl\":\"https:\/\/www.actecir.cat\/wp-content\/uploads\/2023\/05\/taula_rodona_cat.png\",\"articleSection\":[\"Noticias\"],\"inLanguage\":\"es\"},{\"@type\":\"WebPage\",\"@id\":\"https:\/\/www.actecir.cat\/es\/webinar-retos-para-el-sector-de-los-f-gases-normativa-estrategias-y-accion-por-el-clima\/\",\"url\":\"https:\/\/www.actecir.cat\/es\/webinar-retos-para-el-sector-de-los-f-gases-normativa-estrategias-y-accion-por-el-clima\/\",\"name\":\"Webinar: Retos para el sector de los F-gases: normativa, estrategias y acci\u00f3n por el clima - Actecir\",\"isPartOf\":{\"@id\":\"https:\/\/www.actecir.cat\/#website\"},\"primaryImageOfPage\":{\"@id\":\"https:\/\/www.actecir.cat\/es\/webinar-retos-para-el-sector-de-los-f-gases-normativa-estrategias-y-accion-por-el-clima\/#primaryimage\"},\"image\":{\"@id\":\"https:\/\/www.actecir.cat\/es\/webinar-retos-para-el-sector-de-los-f-gases-normativa-estrategias-y-accion-por-el-clima\/#primaryimage\"},\"thumbnailUrl\":\"https:\/\/www.actecir.cat\/wp-content\/uploads\/2023\/05\/taula_rodona_cat.png\",\"datePublished\":\"2021-09-10T14:54:21+00:00\",\"dateModified\":\"2023-05-09T14:55:29+00:00\",\"breadcrumb\":{\"@id\":\"https:\/\/www.actecir.cat\/es\/webinar-retos-para-el-sector-de-los-f-gases-normativa-estrategias-y-accion-por-el-clima\/#breadcrumb\"},\"inLanguage\":\"es\",\"potentialAction\":[{\"@type\":\"ReadAction\",\"target\":[\"https:\/\/www.actecir.cat\/es\/webinar-retos-para-el-sector-de-los-f-gases-normativa-estrategias-y-accion-por-el-clima\/\"]}]},{\"@type\":\"ImageObject\",\"inLanguage\":\"es\",\"@id\":\"https:\/\/www.actecir.cat\/es\/webinar-retos-para-el-sector-de-los-f-gases-normativa-estrategias-y-accion-por-el-clima\/#primaryimage\",\"url\":\"https:\/\/www.actecir.cat\/wp-content\/uploads\/2023\/05\/taula_rodona_cat.png\",\"contentUrl\":\"https:\/\/www.actecir.cat\/wp-content\/uploads\/2023\/05\/taula_rodona_cat.png\",\"width\":600,\"height\":400},{\"@type\":\"BreadcrumbList\",\"@id\":\"https:\/\/www.actecir.cat\/es\/webinar-retos-para-el-sector-de-los-f-gases-normativa-estrategias-y-accion-por-el-clima\/#breadcrumb\",\"itemListElement\":[{\"@type\":\"ListItem\",\"position\":1,\"name\":\"Inici\",\"item\":\"https:\/\/www.actecir.cat\/es\/\"},{\"@type\":\"ListItem\",\"position\":2,\"name\":\"Webinar: Retos para el sector de los F-gases: normativa, estrategias y acci\u00f3n por el clima\"}]},{\"@type\":\"WebSite\",\"@id\":\"https:\/\/www.actecir.cat\/#website\",\"url\":\"https:\/\/www.actecir.cat\/\",\"name\":\"Actecir\",\"description\":\"Associaci\u00f3 Catalana de T\u00e8cnics en Energia, Climatitzaci\u00f3 i Refrigeraci\u00f3\",\"publisher\":{\"@id\":\"https:\/\/www.actecir.cat\/#organization\"},\"potentialAction\":[{\"@type\":\"SearchAction\",\"target\":{\"@type\":\"EntryPoint\",\"urlTemplate\":\"https:\/\/www.actecir.cat\/?s={search_term_string}\"},\"query-input\":{\"@type\":\"PropertyValueSpecification\",\"valueRequired\":true,\"valueName\":\"search_term_string\"}}],\"inLanguage\":\"es\"},{\"@type\":\"Organization\",\"@id\":\"https:\/\/www.actecir.cat\/#organization\",\"name\":\"Actecir\",\"url\":\"https:\/\/www.actecir.cat\/\",\"logo\":{\"@type\":\"ImageObject\",\"inLanguage\":\"es\",\"@id\":\"https:\/\/www.actecir.cat\/#\/schema\/logo\/image\/\",\"url\":\"https:\/\/www.actecir.cat\/wp-content\/uploads\/2023\/04\/cropped-logo_actecir_60_alto.png\",\"contentUrl\":\"https:\/\/www.actecir.cat\/wp-content\/uploads\/2023\/04\/cropped-logo_actecir_60_alto.png\",\"width\":283,\"height\":80,\"caption\":\"Actecir\"},\"image\":{\"@id\":\"https:\/\/www.actecir.cat\/#\/schema\/logo\/image\/\"},\"sameAs\":[\"https:\/\/x.com\/actecir\",\"https:\/\/www.linkedin.com\/company\/actecir\"]},{\"@type\":\"Person\",\"@id\":\"https:\/\/www.actecir.cat\/#\/schema\/person\/42edd02f0b1d55e19444428c5d321413\",\"name\":\"Soporte web\",\"sameAs\":[\"https:\/\/www.actecir.cat\"],\"url\":\"https:\/\/www.actecir.cat\/es\/author\/maensystems\/\"}]}<\/script>\n<!-- \/ Yoast SEO plugin. -->","yoast_head_json":{"title":"Webinar: Retos para el sector de los F-gases: normativa, estrategias y acci\u00f3n por el clima - Actecir","robots":{"index":"index","follow":"follow","max-snippet":"max-snippet:-1","max-image-preview":"max-image-preview:large","max-video-preview":"max-video-preview:-1"},"canonical":"https:\/\/www.actecir.cat\/es\/webinar-retos-para-el-sector-de-los-f-gases-normativa-estrategias-y-accion-por-el-clima\/","og_locale":"es_ES","og_type":"article","og_title":"Webinar: Retos para el sector de los F-gases: normativa, estrategias y acci\u00f3n por el clima - Actecir","og_description":"Fecha: 14 septiembre a las 09:30 horas","og_url":"https:\/\/www.actecir.cat\/es\/webinar-retos-para-el-sector-de-los-f-gases-normativa-estrategias-y-accion-por-el-clima\/","og_site_name":"Actecir","article_published_time":"2021-09-10T14:54:21+00:00","article_modified_time":"2023-05-09T14:55:29+00:00","og_image":[{"width":600,"height":400,"url":"https:\/\/www.actecir.cat\/wp-content\/uploads\/2023\/05\/taula_rodona_cat.png","type":"image\/png"}],"author":"Soporte web","twitter_card":"summary_large_image","twitter_creator":"@actecir","twitter_site":"@actecir","twitter_misc":{"Escrito por":"Soporte web","Tiempo de lectura":"1 minuto"},"schema":{"@context":"https:\/\/schema.org","@graph":[{"@type":"Article","@id":"https:\/\/www.actecir.cat\/es\/webinar-retos-para-el-sector-de-los-f-gases-normativa-estrategias-y-accion-por-el-clima\/#article","isPartOf":{"@id":"https:\/\/www.actecir.cat\/es\/webinar-retos-para-el-sector-de-los-f-gases-normativa-estrategias-y-accion-por-el-clima\/"},"author":{"name":"Soporte web","@id":"https:\/\/www.actecir.cat\/#\/schema\/person\/42edd02f0b1d55e19444428c5d321413"},"headline":"Webinar: Retos para el sector de los F-gases: normativa, estrategias y acci\u00f3n por el clima","datePublished":"2021-09-10T14:54:21+00:00","dateModified":"2023-05-09T14:55:29+00:00","mainEntityOfPage":{"@id":"https:\/\/www.actecir.cat\/es\/webinar-retos-para-el-sector-de-los-f-gases-normativa-estrategias-y-accion-por-el-clima\/"},"wordCount":275,"publisher":{"@id":"https:\/\/www.actecir.cat\/#organization"},"image":{"@id":"https:\/\/www.actecir.cat\/es\/webinar-retos-para-el-sector-de-los-f-gases-normativa-estrategias-y-accion-por-el-clima\/#primaryimage"},"thumbnailUrl":"https:\/\/www.actecir.cat\/wp-content\/uploads\/2023\/05\/taula_rodona_cat.png","articleSection":["Noticias"],"inLanguage":"es"},{"@type":"WebPage","@id":"https:\/\/www.actecir.cat\/es\/webinar-retos-para-el-sector-de-los-f-gases-normativa-estrategias-y-accion-por-el-clima\/","url":"https:\/\/www.actecir.cat\/es\/webinar-retos-para-el-sector-de-los-f-gases-normativa-estrategias-y-accion-por-el-clima\/","name":"Webinar: Retos para el sector de los F-gases: normativa, estrategias y acci\u00f3n por el clima - Actecir","isPartOf":{"@id":"https:\/\/www.actecir.cat\/#website"},"primaryImageOfPage":{"@id":"https:\/\/www.actecir.cat\/es\/webinar-retos-para-el-sector-de-los-f-gases-normativa-estrategias-y-accion-por-el-clima\/#primaryimage"},"image":{"@id":"https:\/\/www.actecir.cat\/es\/webinar-retos-para-el-sector-de-los-f-gases-normativa-estrategias-y-accion-por-el-clima\/#primaryimage"},"thumbnailUrl":"https:\/\/www.actecir.cat\/wp-content\/uploads\/2023\/05\/taula_rodona_cat.png","datePublished":"2021-09-10T14:54:21+00:00","dateModified":"2023-05-09T14:55:29+00:00","breadcrumb":{"@id":"https:\/\/www.actecir.cat\/es\/webinar-retos-para-el-sector-de-los-f-gases-normativa-estrategias-y-accion-por-el-clima\/#breadcrumb"},"inLanguage":"es","potentialAction":[{"@type":"ReadAction","target":["https:\/\/www.actecir.cat\/es\/webinar-retos-para-el-sector-de-los-f-gases-normativa-estrategias-y-accion-por-el-clima\/"]}]},{"@type":"ImageObject","inLanguage":"es","@id":"https:\/\/www.actecir.cat\/es\/webinar-retos-para-el-sector-de-los-f-gases-normativa-estrategias-y-accion-por-el-clima\/#primaryimage","url":"https:\/\/www.actecir.cat\/wp-content\/uploads\/2023\/05\/taula_rodona_cat.png","contentUrl":"https:\/\/www.actecir.cat\/wp-content\/uploads\/2023\/05\/taula_rodona_cat.png","width":600,"height":400},{"@type":"BreadcrumbList","@id":"https:\/\/www.actecir.cat\/es\/webinar-retos-para-el-sector-de-los-f-gases-normativa-estrategias-y-accion-por-el-clima\/#breadcrumb","itemListElement":[{"@type":"ListItem","position":1,"name":"Inici","item":"https:\/\/www.actecir.cat\/es\/"},{"@type":"ListItem","position":2,"name":"Webinar: Retos para el sector de los F-gases: normativa, estrategias y acci\u00f3n por el clima"}]},{"@type":"WebSite","@id":"https:\/\/www.actecir.cat\/#website","url":"https:\/\/www.actecir.cat\/","name":"Actecir","description":"Associaci\u00f3 Catalana de T\u00e8cnics en Energia, Climatitzaci\u00f3 i Refrigeraci\u00f3","publisher":{"@id":"https:\/\/www.actecir.cat\/#organization"},"potentialAction":[{"@type":"SearchAction","target":{"@type":"EntryPoint","urlTemplate":"https:\/\/www.actecir.cat\/?s={search_term_string}"},"query-input":{"@type":"PropertyValueSpecification","valueRequired":true,"valueName":"search_term_string"}}],"inLanguage":"es"},{"@type":"Organization","@id":"https:\/\/www.actecir.cat\/#organization","name":"Actecir","url":"https:\/\/www.actecir.cat\/","logo":{"@type":"ImageObject","inLanguage":"es","@id":"https:\/\/www.actecir.cat\/#\/schema\/logo\/image\/","url":"https:\/\/www.actecir.cat\/wp-content\/uploads\/2023\/04\/cropped-logo_actecir_60_alto.png","contentUrl":"https:\/\/www.actecir.cat\/wp-content\/uploads\/2023\/04\/cropped-logo_actecir_60_alto.png","width":283,"height":80,"caption":"Actecir"},"image":{"@id":"https:\/\/www.actecir.cat\/#\/schema\/logo\/image\/"},"sameAs":["https:\/\/x.com\/actecir","https:\/\/www.linkedin.com\/company\/actecir"]},{"@type":"Person","@id":"https:\/\/www.actecir.cat\/#\/schema\/person\/42edd02f0b1d55e19444428c5d321413","name":"Soporte web","sameAs":["https:\/\/www.actecir.cat"],"url":"https:\/\/www.actecir.cat\/es\/author\/maensystems\/"}]}},"_links":{"self":[{"href":"https:\/\/www.actecir.cat\/es\/wp-json\/wp\/v2\/posts\/5584","targetHints":{"allow":["GET"]}}],"collection":[{"href":"https:\/\/www.actecir.cat\/es\/wp-json\/wp\/v2\/posts"}],"about":[{"href":"https:\/\/www.actecir.cat\/es\/wp-json\/wp\/v2\/types\/post"}],"author":[{"embeddable":true,"href":"https:\/\/www.actecir.cat\/es\/wp-json\/wp\/v2\/users\/1"}],"replies":[{"embeddable":true,"href":"https:\/\/www.actecir.cat\/es\/wp-json\/wp\/v2\/comments?post=5584"}],"version-history":[{"count":1,"href":"https:\/\/www.actecir.cat\/es\/wp-json\/wp\/v2\/posts\/5584\/revisions"}],"predecessor-version":[{"id":5585,"href":"https:\/\/www.actecir.cat\/es\/wp-json\/wp\/v2\/posts\/5584\/revisions\/5585"}],"wp:featuredmedia":[{"embeddable":true,"href":"https:\/\/www.actecir.cat\/es\/wp-json\/wp\/v2\/media\/5582"}],"wp:attachment":[{"href":"https:\/\/www.actecir.cat\/es\/wp-json\/wp\/v2\/media?parent=5584"}],"wp:term":[{"taxonomy":"category","embeddable":true,"href":"https:\/\/www.actecir.cat\/es\/wp-json\/wp\/v2\/categories?post=5584"},{"taxonomy":"post_tag","embeddable":true,"href":"https:\/\/www.actecir.cat\/es\/wp-json\/wp\/v2\/tags?post=5584"}],"curies":[{"name":"wp","href":"https:\/\/api.w.org\/{rel}","templated":true}]}}