{"id":5590,"date":"2021-08-31T16:56:34","date_gmt":"2021-08-31T14:56:34","guid":{"rendered":"https:\/\/www.actecir.cat\/?p=5590"},"modified":"2023-07-07T16:04:37","modified_gmt":"2023-07-07T14:04:37","slug":"salvador-escoda-s-a-abre-su-septima-escodastore-en-valls-tarragona","status":"publish","type":"post","link":"https:\/\/www.actecir.cat\/es\/salvador-escoda-s-a-abre-su-septima-escodastore-en-valls-tarragona\/","title":{"rendered":"Salvador Escoda S.A abre su s\u00e9ptima EscodaStore en Valls (Tarragona)"},"content":{"rendered":"<p>Nueva EscodaStore Valls<\/p>\n<p><a href=\"https:\/\/www.salvadorescoda.com\/\">Salvador Escoda<\/a>, distribuidora de material para instalaciones de climatizaci\u00f3n, agua, gas, energ\u00edas renovables y aislamiento presenta\u00a0<strong>su s\u00e9ptima<\/strong>\u00a0<strong><em>EscodaStore<\/em><\/strong>\u00a0en\u00a0<strong>Valls<\/strong>\u00a0(Tarragona).<\/p>\n<p>La compa\u00f1\u00eda sigue apostando con fuerza en su proyecto de expansi\u00f3n y en esta ocasi\u00f3n abre su\u00a0<strong>s\u00e9ptima\u00a0<em>EscodaStore<\/em>\u00a0<\/strong>en la calle Fusters, 241 naves 20-21 en la localidad de Valls. Este nuevo punto de venta es el\u00a0<strong>tercero<\/strong>\u00a0que la distribuidora abre en la provincia de\u00a0<strong>Tarragona<\/strong>.<\/p>\n<p>Esta tienda con formato\u00a0<strong><em>EscodaStore<\/em><\/strong>\u00a0cuenta con 150 expositores equivalentes a 700 metros lineales con exposici\u00f3n de producto a la venta para que los instaladores puedan tener una experiencia mucho m\u00e1s cercana y din\u00e1mica en el punto de venta. Adem\u00e1s, cuenta con amplio almac\u00e9n que permita ofrecer una gran variedad de productos en stock permanente.<\/p>\n<p>Otra novedad es que la tienda ofrece 10 metros de mostrador segmentado por divisiones de producto para que los instaladores vayan directamente a la secci\u00f3n que sea de su conveniencia. Hist\u00f3ricamente, las tiendas ten\u00edan un mostrador \u00fanico por el que se atend\u00eda a todos los clientes, independientemente del tipo de producto en el que estuvieran interesados. Ahora la compa\u00f1\u00eda apuesta por este formato de tienda para mejorar la experiencia de compra en el punto de venta.<\/p>\n<p>Esta nueva apertura de Salvador Escoda en la Costa Daurada responde a la voluntad de la compa\u00f1\u00eda de dar servicio a sus clientes instaladores y a su iniciativa por impulsar la proximidad hacia sus clientes, a quienes considera el motor de su actividad.<\/p>\n<p>Datos de la\u00a0<strong><em>EscodaStore<\/em><\/strong>\u00a0de\u00a0<strong>Valls<\/strong>:<\/p>\n<p>&#8211; 500 m<sup>2\u00a0<\/sup>de tienda<\/p>\n<p>&#8211; 500 m<sup>2\u00a0<\/sup>de almac\u00e9n<\/p>\n<p>&#8211; 10 metros de mostrador<\/p>\n<p>&#8211; 150 expositores (equivalentes a 700 metros lineales)<\/p>\n<p>&#8211; 300 m<sup>2\u00a0<\/sup>de parking<\/p>\n<p>&#8211; Horario: Lunes a viernes 07:30 \u2013 13:00 y 15:00 \u2013 18:00<\/p>\n","protected":false},"excerpt":{"rendered":"<p>Nueva EscodaStore Valls<\/p>\n","protected":false},"author":1,"featured_media":5588,"comment_status":"closed","ping_status":"closed","sticky":false,"template":"","format":"standard","meta":{"footnotes":""},"categories":[25],"tags":[],"class_list":["post-5590","post","type-post","status-publish","format-standard","has-post-thumbnail","hentry","category-noticias"],"yoast_head":"<!-- This site is optimized with the Yoast SEO plugin v27.2 - https:\/\/yoast.com\/product\/yoast-seo-wordpress\/ -->\n<title>Salvador Escoda S.A abre su s\u00e9ptima EscodaStore en Valls (Tarragona) - Actecir<\/title>\n<meta name=\"robots\" content=\"index, follow, max-snippet:-1, max-image-preview:large, max-video-preview:-1\" \/>\n<link rel=\"canonical\" href=\"https:\/\/www.actecir.cat\/es\/salvador-escoda-s-a-abre-su-septima-escodastore-en-valls-tarragona\/\" \/>\n<meta property=\"og:locale\" content=\"es_ES\" \/>\n<meta property=\"og:type\" content=\"article\" \/>\n<meta property=\"og:title\" content=\"Salvador Escoda S.A abre su s\u00e9ptima EscodaStore en Valls (Tarragona) - Actecir\" \/>\n<meta property=\"og:description\" content=\"Nueva EscodaStore Valls\" \/>\n<meta property=\"og:url\" content=\"https:\/\/www.actecir.cat\/es\/salvador-escoda-s-a-abre-su-septima-escodastore-en-valls-tarragona\/\" \/>\n<meta property=\"og:site_name\" content=\"Actecir\" \/>\n<meta property=\"article:published_time\" content=\"2021-08-31T14:56:34+00:00\" \/>\n<meta property=\"article:modified_time\" content=\"2023-07-07T14:04:37+00:00\" \/>\n<meta property=\"og:image\" content=\"https:\/\/www.actecir.cat\/wp-content\/uploads\/2023\/05\/salvador_escoda.png\" \/>\n\t<meta property=\"og:image:width\" content=\"600\" \/>\n\t<meta property=\"og:image:height\" content=\"400\" \/>\n\t<meta property=\"og:image:type\" content=\"image\/png\" \/>\n<meta name=\"author\" content=\"Soporte web\" \/>\n<meta name=\"twitter:card\" content=\"summary_large_image\" \/>\n<meta name=\"twitter:creator\" content=\"@actecir\" \/>\n<meta name=\"twitter:site\" content=\"@actecir\" \/>\n<meta name=\"twitter:label1\" content=\"Escrito por\" \/>\n\t<meta name=\"twitter:data1\" content=\"Soporte web\" \/>\n\t<meta name=\"twitter:label2\" content=\"Tiempo de lectura\" \/>\n\t<meta name=\"twitter:data2\" content=\"1 minuto\" \/>\n<script type=\"application\/ld+json\" class=\"yoast-schema-graph\">{\"@context\":\"https:\/\/schema.org\",\"@graph\":[{\"@type\":\"Article\",\"@id\":\"https:\/\/www.actecir.cat\/es\/salvador-escoda-s-a-abre-su-septima-escodastore-en-valls-tarragona\/#article\",\"isPartOf\":{\"@id\":\"https:\/\/www.actecir.cat\/es\/salvador-escoda-s-a-abre-su-septima-escodastore-en-valls-tarragona\/\"},\"author\":{\"name\":\"Soporte web\",\"@id\":\"https:\/\/www.actecir.cat\/#\/schema\/person\/42edd02f0b1d55e19444428c5d321413\"},\"headline\":\"Salvador Escoda S.A abre su s\u00e9ptima EscodaStore en Valls (Tarragona)\",\"datePublished\":\"2021-08-31T14:56:34+00:00\",\"dateModified\":\"2023-07-07T14:04:37+00:00\",\"mainEntityOfPage\":{\"@id\":\"https:\/\/www.actecir.cat\/es\/salvador-escoda-s-a-abre-su-septima-escodastore-en-valls-tarragona\/\"},\"wordCount\":308,\"publisher\":{\"@id\":\"https:\/\/www.actecir.cat\/#organization\"},\"image\":{\"@id\":\"https:\/\/www.actecir.cat\/es\/salvador-escoda-s-a-abre-su-septima-escodastore-en-valls-tarragona\/#primaryimage\"},\"thumbnailUrl\":\"https:\/\/www.actecir.cat\/wp-content\/uploads\/2023\/05\/salvador_escoda.png\",\"articleSection\":[\"Noticias\"],\"inLanguage\":\"es\"},{\"@type\":\"WebPage\",\"@id\":\"https:\/\/www.actecir.cat\/es\/salvador-escoda-s-a-abre-su-septima-escodastore-en-valls-tarragona\/\",\"url\":\"https:\/\/www.actecir.cat\/es\/salvador-escoda-s-a-abre-su-septima-escodastore-en-valls-tarragona\/\",\"name\":\"Salvador Escoda S.A abre su s\u00e9ptima EscodaStore en Valls (Tarragona) - Actecir\",\"isPartOf\":{\"@id\":\"https:\/\/www.actecir.cat\/#website\"},\"primaryImageOfPage\":{\"@id\":\"https:\/\/www.actecir.cat\/es\/salvador-escoda-s-a-abre-su-septima-escodastore-en-valls-tarragona\/#primaryimage\"},\"image\":{\"@id\":\"https:\/\/www.actecir.cat\/es\/salvador-escoda-s-a-abre-su-septima-escodastore-en-valls-tarragona\/#primaryimage\"},\"thumbnailUrl\":\"https:\/\/www.actecir.cat\/wp-content\/uploads\/2023\/05\/salvador_escoda.png\",\"datePublished\":\"2021-08-31T14:56:34+00:00\",\"dateModified\":\"2023-07-07T14:04:37+00:00\",\"breadcrumb\":{\"@id\":\"https:\/\/www.actecir.cat\/es\/salvador-escoda-s-a-abre-su-septima-escodastore-en-valls-tarragona\/#breadcrumb\"},\"inLanguage\":\"es\",\"potentialAction\":[{\"@type\":\"ReadAction\",\"target\":[\"https:\/\/www.actecir.cat\/es\/salvador-escoda-s-a-abre-su-septima-escodastore-en-valls-tarragona\/\"]}]},{\"@type\":\"ImageObject\",\"inLanguage\":\"es\",\"@id\":\"https:\/\/www.actecir.cat\/es\/salvador-escoda-s-a-abre-su-septima-escodastore-en-valls-tarragona\/#primaryimage\",\"url\":\"https:\/\/www.actecir.cat\/wp-content\/uploads\/2023\/05\/salvador_escoda.png\",\"contentUrl\":\"https:\/\/www.actecir.cat\/wp-content\/uploads\/2023\/05\/salvador_escoda.png\",\"width\":600,\"height\":400},{\"@type\":\"BreadcrumbList\",\"@id\":\"https:\/\/www.actecir.cat\/es\/salvador-escoda-s-a-abre-su-septima-escodastore-en-valls-tarragona\/#breadcrumb\",\"itemListElement\":[{\"@type\":\"ListItem\",\"position\":1,\"name\":\"Inici\",\"item\":\"https:\/\/www.actecir.cat\/es\/\"},{\"@type\":\"ListItem\",\"position\":2,\"name\":\"Salvador Escoda S.A abre su s\u00e9ptima EscodaStore en Valls (Tarragona)\"}]},{\"@type\":\"WebSite\",\"@id\":\"https:\/\/www.actecir.cat\/#website\",\"url\":\"https:\/\/www.actecir.cat\/\",\"name\":\"Actecir\",\"description\":\"Associaci\u00f3 Catalana de T\u00e8cnics en Energia, Climatitzaci\u00f3 i Refrigeraci\u00f3\",\"publisher\":{\"@id\":\"https:\/\/www.actecir.cat\/#organization\"},\"potentialAction\":[{\"@type\":\"SearchAction\",\"target\":{\"@type\":\"EntryPoint\",\"urlTemplate\":\"https:\/\/www.actecir.cat\/?s={search_term_string}\"},\"query-input\":{\"@type\":\"PropertyValueSpecification\",\"valueRequired\":true,\"valueName\":\"search_term_string\"}}],\"inLanguage\":\"es\"},{\"@type\":\"Organization\",\"@id\":\"https:\/\/www.actecir.cat\/#organization\",\"name\":\"Actecir\",\"url\":\"https:\/\/www.actecir.cat\/\",\"logo\":{\"@type\":\"ImageObject\",\"inLanguage\":\"es\",\"@id\":\"https:\/\/www.actecir.cat\/#\/schema\/logo\/image\/\",\"url\":\"https:\/\/www.actecir.cat\/wp-content\/uploads\/2023\/04\/cropped-logo_actecir_60_alto.png\",\"contentUrl\":\"https:\/\/www.actecir.cat\/wp-content\/uploads\/2023\/04\/cropped-logo_actecir_60_alto.png\",\"width\":283,\"height\":80,\"caption\":\"Actecir\"},\"image\":{\"@id\":\"https:\/\/www.actecir.cat\/#\/schema\/logo\/image\/\"},\"sameAs\":[\"https:\/\/x.com\/actecir\",\"https:\/\/www.linkedin.com\/company\/actecir\"]},{\"@type\":\"Person\",\"@id\":\"https:\/\/www.actecir.cat\/#\/schema\/person\/42edd02f0b1d55e19444428c5d321413\",\"name\":\"Soporte web\",\"sameAs\":[\"https:\/\/www.actecir.cat\"],\"url\":\"https:\/\/www.actecir.cat\/es\/author\/maensystems\/\"}]}<\/script>\n<!-- \/ Yoast SEO plugin. -->","yoast_head_json":{"title":"Salvador Escoda S.A abre su s\u00e9ptima EscodaStore en Valls (Tarragona) - Actecir","robots":{"index":"index","follow":"follow","max-snippet":"max-snippet:-1","max-image-preview":"max-image-preview:large","max-video-preview":"max-video-preview:-1"},"canonical":"https:\/\/www.actecir.cat\/es\/salvador-escoda-s-a-abre-su-septima-escodastore-en-valls-tarragona\/","og_locale":"es_ES","og_type":"article","og_title":"Salvador Escoda S.A abre su s\u00e9ptima EscodaStore en Valls (Tarragona) - Actecir","og_description":"Nueva EscodaStore Valls","og_url":"https:\/\/www.actecir.cat\/es\/salvador-escoda-s-a-abre-su-septima-escodastore-en-valls-tarragona\/","og_site_name":"Actecir","article_published_time":"2021-08-31T14:56:34+00:00","article_modified_time":"2023-07-07T14:04:37+00:00","og_image":[{"width":600,"height":400,"url":"https:\/\/www.actecir.cat\/wp-content\/uploads\/2023\/05\/salvador_escoda.png","type":"image\/png"}],"author":"Soporte web","twitter_card":"summary_large_image","twitter_creator":"@actecir","twitter_site":"@actecir","twitter_misc":{"Escrito por":"Soporte web","Tiempo de lectura":"1 minuto"},"schema":{"@context":"https:\/\/schema.org","@graph":[{"@type":"Article","@id":"https:\/\/www.actecir.cat\/es\/salvador-escoda-s-a-abre-su-septima-escodastore-en-valls-tarragona\/#article","isPartOf":{"@id":"https:\/\/www.actecir.cat\/es\/salvador-escoda-s-a-abre-su-septima-escodastore-en-valls-tarragona\/"},"author":{"name":"Soporte web","@id":"https:\/\/www.actecir.cat\/#\/schema\/person\/42edd02f0b1d55e19444428c5d321413"},"headline":"Salvador Escoda S.A abre su s\u00e9ptima EscodaStore en Valls (Tarragona)","datePublished":"2021-08-31T14:56:34+00:00","dateModified":"2023-07-07T14:04:37+00:00","mainEntityOfPage":{"@id":"https:\/\/www.actecir.cat\/es\/salvador-escoda-s-a-abre-su-septima-escodastore-en-valls-tarragona\/"},"wordCount":308,"publisher":{"@id":"https:\/\/www.actecir.cat\/#organization"},"image":{"@id":"https:\/\/www.actecir.cat\/es\/salvador-escoda-s-a-abre-su-septima-escodastore-en-valls-tarragona\/#primaryimage"},"thumbnailUrl":"https:\/\/www.actecir.cat\/wp-content\/uploads\/2023\/05\/salvador_escoda.png","articleSection":["Noticias"],"inLanguage":"es"},{"@type":"WebPage","@id":"https:\/\/www.actecir.cat\/es\/salvador-escoda-s-a-abre-su-septima-escodastore-en-valls-tarragona\/","url":"https:\/\/www.actecir.cat\/es\/salvador-escoda-s-a-abre-su-septima-escodastore-en-valls-tarragona\/","name":"Salvador Escoda S.A abre su s\u00e9ptima EscodaStore en Valls (Tarragona) - Actecir","isPartOf":{"@id":"https:\/\/www.actecir.cat\/#website"},"primaryImageOfPage":{"@id":"https:\/\/www.actecir.cat\/es\/salvador-escoda-s-a-abre-su-septima-escodastore-en-valls-tarragona\/#primaryimage"},"image":{"@id":"https:\/\/www.actecir.cat\/es\/salvador-escoda-s-a-abre-su-septima-escodastore-en-valls-tarragona\/#primaryimage"},"thumbnailUrl":"https:\/\/www.actecir.cat\/wp-content\/uploads\/2023\/05\/salvador_escoda.png","datePublished":"2021-08-31T14:56:34+00:00","dateModified":"2023-07-07T14:04:37+00:00","breadcrumb":{"@id":"https:\/\/www.actecir.cat\/es\/salvador-escoda-s-a-abre-su-septima-escodastore-en-valls-tarragona\/#breadcrumb"},"inLanguage":"es","potentialAction":[{"@type":"ReadAction","target":["https:\/\/www.actecir.cat\/es\/salvador-escoda-s-a-abre-su-septima-escodastore-en-valls-tarragona\/"]}]},{"@type":"ImageObject","inLanguage":"es","@id":"https:\/\/www.actecir.cat\/es\/salvador-escoda-s-a-abre-su-septima-escodastore-en-valls-tarragona\/#primaryimage","url":"https:\/\/www.actecir.cat\/wp-content\/uploads\/2023\/05\/salvador_escoda.png","contentUrl":"https:\/\/www.actecir.cat\/wp-content\/uploads\/2023\/05\/salvador_escoda.png","width":600,"height":400},{"@type":"BreadcrumbList","@id":"https:\/\/www.actecir.cat\/es\/salvador-escoda-s-a-abre-su-septima-escodastore-en-valls-tarragona\/#breadcrumb","itemListElement":[{"@type":"ListItem","position":1,"name":"Inici","item":"https:\/\/www.actecir.cat\/es\/"},{"@type":"ListItem","position":2,"name":"Salvador Escoda S.A abre su s\u00e9ptima EscodaStore en Valls (Tarragona)"}]},{"@type":"WebSite","@id":"https:\/\/www.actecir.cat\/#website","url":"https:\/\/www.actecir.cat\/","name":"Actecir","description":"Associaci\u00f3 Catalana de T\u00e8cnics en Energia, Climatitzaci\u00f3 i Refrigeraci\u00f3","publisher":{"@id":"https:\/\/www.actecir.cat\/#organization"},"potentialAction":[{"@type":"SearchAction","target":{"@type":"EntryPoint","urlTemplate":"https:\/\/www.actecir.cat\/?s={search_term_string}"},"query-input":{"@type":"PropertyValueSpecification","valueRequired":true,"valueName":"search_term_string"}}],"inLanguage":"es"},{"@type":"Organization","@id":"https:\/\/www.actecir.cat\/#organization","name":"Actecir","url":"https:\/\/www.actecir.cat\/","logo":{"@type":"ImageObject","inLanguage":"es","@id":"https:\/\/www.actecir.cat\/#\/schema\/logo\/image\/","url":"https:\/\/www.actecir.cat\/wp-content\/uploads\/2023\/04\/cropped-logo_actecir_60_alto.png","contentUrl":"https:\/\/www.actecir.cat\/wp-content\/uploads\/2023\/04\/cropped-logo_actecir_60_alto.png","width":283,"height":80,"caption":"Actecir"},"image":{"@id":"https:\/\/www.actecir.cat\/#\/schema\/logo\/image\/"},"sameAs":["https:\/\/x.com\/actecir","https:\/\/www.linkedin.com\/company\/actecir"]},{"@type":"Person","@id":"https:\/\/www.actecir.cat\/#\/schema\/person\/42edd02f0b1d55e19444428c5d321413","name":"Soporte web","sameAs":["https:\/\/www.actecir.cat"],"url":"https:\/\/www.actecir.cat\/es\/author\/maensystems\/"}]}},"_links":{"self":[{"href":"https:\/\/www.actecir.cat\/es\/wp-json\/wp\/v2\/posts\/5590","targetHints":{"allow":["GET"]}}],"collection":[{"href":"https:\/\/www.actecir.cat\/es\/wp-json\/wp\/v2\/posts"}],"about":[{"href":"https:\/\/www.actecir.cat\/es\/wp-json\/wp\/v2\/types\/post"}],"author":[{"embeddable":true,"href":"https:\/\/www.actecir.cat\/es\/wp-json\/wp\/v2\/users\/1"}],"replies":[{"embeddable":true,"href":"https:\/\/www.actecir.cat\/es\/wp-json\/wp\/v2\/comments?post=5590"}],"version-history":[{"count":3,"href":"https:\/\/www.actecir.cat\/es\/wp-json\/wp\/v2\/posts\/5590\/revisions"}],"predecessor-version":[{"id":11486,"href":"https:\/\/www.actecir.cat\/es\/wp-json\/wp\/v2\/posts\/5590\/revisions\/11486"}],"wp:featuredmedia":[{"embeddable":true,"href":"https:\/\/www.actecir.cat\/es\/wp-json\/wp\/v2\/media\/5588"}],"wp:attachment":[{"href":"https:\/\/www.actecir.cat\/es\/wp-json\/wp\/v2\/media?parent=5590"}],"wp:term":[{"taxonomy":"category","embeddable":true,"href":"https:\/\/www.actecir.cat\/es\/wp-json\/wp\/v2\/categories?post=5590"},{"taxonomy":"post_tag","embeddable":true,"href":"https:\/\/www.actecir.cat\/es\/wp-json\/wp\/v2\/tags?post=5590"}],"curies":[{"name":"wp","href":"https:\/\/api.w.org\/{rel}","templated":true}]}}