{"id":5788,"date":"2021-03-23T10:44:03","date_gmt":"2021-03-23T09:44:03","guid":{"rendered":"https:\/\/www.actecir.cat\/?p=5788"},"modified":"2023-05-10T10:45:38","modified_gmt":"2023-05-10T08:45:38","slug":"ashrae-sesion-proyectos-relevantes-torre-caleido","status":"publish","type":"post","link":"https:\/\/www.actecir.cat\/es\/ashrae-sesion-proyectos-relevantes-torre-caleido\/","title":{"rendered":"ASHRAE: Sesi\u00f3n Proyectos Relevantes &#8211; Torre Caleido"},"content":{"rendered":"<div class=\"g-block size-75\"><main id=\"g-mainbar\"><\/p>\n<div class=\"g-grid\">\n<div class=\"g-block size-100\">\n<div class=\"g-content\">\n<div class=\"platform-content row-fluid\">\n<div class=\"span12\">\n<div class=\"item-page\">\n<div>\n<p>Fecha: 25 marzo a las 17:00 horas<\/p>\n<p>Proyectos Relevantes &#8211; Torre Caleido<\/p>\n<p>Si todav\u00eda no te has apuntado a la primera convocatoria de nuestra nueva secci\u00f3n Proyectos Relevantes&#8230; \u00a1a\u00fan est\u00e1s a tiempo!<\/p>\n<p>La presentaci\u00f3n del Proyecto de Torre Caleido por parte de \u00darculo Ingenieros, promete ser una interesant\u00edsima sesi\u00f3n t\u00e9cnica en la que Carlos \u00darculo nos mostrar\u00e1 las diferentes soluciones t\u00e9cnicas adoptadas, as\u00ed como aquellos aspectos novedosos o complejos desde la dificultad de una edificaci\u00f3n en altura.<\/p>\n<p><a href=\"https:\/\/spain-ashrae.org\/proyectos-relevantes-torre-caleido\/\" target=\"_blank\" rel=\"noopener\"><strong>\u00a1INSCR\u00cdBETE!<\/strong><\/a><\/p>\n<p>Programa:<\/p>\n<p><strong>17.00h \u2013 17.15h<\/strong>: Presentaci\u00f3n de la Jornada. Jes\u00fas de Lara, Presidente del ASHRAE Spain Chapter<\/p>\n<p><strong>17.15h \u2013 18.00h<\/strong>: Proyecto Relevante \u201cTorre Caleido\u201d. Carlos \u00darculo, Ingeniero Industrial, MASHRAE y Socio de \u00darculo\u00a0 Ingenieros<\/p>\n<p><strong>18.00h \u2013 18.30h<\/strong>: Ronda de preguntas moderada por Jos\u00e9 Mar\u00eda Ortiz, Vicepresidente del ASHRAE\u00a0 Spain Chapter<\/p>\n<p><strong>18.30h<\/strong>:\u00a0 \u00a0 \u00a0 \u00a0 \u00a0 \u00a0 \u00a0 \u00a0 \u00a0Fin de la Jornada<\/p>\n<\/div>\n<\/div>\n<\/div>\n<\/div>\n<\/div>\n<\/div>\n<\/div>\n<p><\/main><\/div>\n<div class=\"g-block size-25\">\n<aside id=\"g-sidebar\">\n<div class=\"g-grid\">\n<div class=\"g-block size-100\">\n<div class=\"g-content\">\n<div class=\"platform-content\">\n<div class=\"moduletable \"><\/div>\n<\/div>\n<\/div>\n<\/div>\n<\/div>\n<\/aside>\n<\/div>\n","protected":false},"excerpt":{"rendered":"<p>Fecha: 25 marzo a las 17:00 horas<\/p>\n","protected":false},"author":1,"featured_media":5784,"comment_status":"closed","ping_status":"closed","sticky":false,"template":"","format":"standard","meta":{"footnotes":""},"categories":[25],"tags":[],"class_list":["post-5788","post","type-post","status-publish","format-standard","has-post-thumbnail","hentry","category-noticias"],"yoast_head":"<!-- This site is optimized with the Yoast SEO plugin v27.2 - https:\/\/yoast.com\/product\/yoast-seo-wordpress\/ -->\n<title>ASHRAE: Sesi\u00f3n Proyectos Relevantes - Torre Caleido - Actecir<\/title>\n<meta name=\"robots\" content=\"index, follow, max-snippet:-1, max-image-preview:large, max-video-preview:-1\" \/>\n<link rel=\"canonical\" href=\"https:\/\/www.actecir.cat\/es\/ashrae-sesion-proyectos-relevantes-torre-caleido\/\" \/>\n<meta property=\"og:locale\" content=\"es_ES\" \/>\n<meta property=\"og:type\" content=\"article\" \/>\n<meta property=\"og:title\" content=\"ASHRAE: Sesi\u00f3n Proyectos Relevantes - Torre Caleido - Actecir\" \/>\n<meta property=\"og:description\" content=\"Fecha: 25 marzo a las 17:00 horas\" \/>\n<meta property=\"og:url\" content=\"https:\/\/www.actecir.cat\/es\/ashrae-sesion-proyectos-relevantes-torre-caleido\/\" \/>\n<meta property=\"og:site_name\" content=\"Actecir\" \/>\n<meta property=\"article:published_time\" content=\"2021-03-23T09:44:03+00:00\" \/>\n<meta property=\"article:modified_time\" content=\"2023-05-10T08:45:38+00:00\" \/>\n<meta property=\"og:image\" content=\"https:\/\/www.actecir.cat\/wp-content\/uploads\/2023\/05\/sesion_ashrae.png\" \/>\n\t<meta property=\"og:image:width\" content=\"600\" \/>\n\t<meta property=\"og:image:height\" content=\"400\" \/>\n\t<meta property=\"og:image:type\" content=\"image\/png\" \/>\n<meta name=\"author\" content=\"Soporte web\" \/>\n<meta name=\"twitter:card\" content=\"summary_large_image\" \/>\n<meta name=\"twitter:creator\" content=\"@actecir\" \/>\n<meta name=\"twitter:site\" content=\"@actecir\" \/>\n<meta name=\"twitter:label1\" content=\"Escrito por\" \/>\n\t<meta name=\"twitter:data1\" content=\"Soporte web\" \/>\n\t<meta name=\"twitter:label2\" content=\"Tiempo de lectura\" \/>\n\t<meta name=\"twitter:data2\" content=\"1 minuto\" \/>\n<script type=\"application\/ld+json\" class=\"yoast-schema-graph\">{\"@context\":\"https:\/\/schema.org\",\"@graph\":[{\"@type\":\"Article\",\"@id\":\"https:\/\/www.actecir.cat\/es\/ashrae-sesion-proyectos-relevantes-torre-caleido\/#article\",\"isPartOf\":{\"@id\":\"https:\/\/www.actecir.cat\/es\/ashrae-sesion-proyectos-relevantes-torre-caleido\/\"},\"author\":{\"name\":\"Soporte web\",\"@id\":\"https:\/\/www.actecir.cat\/#\/schema\/person\/42edd02f0b1d55e19444428c5d321413\"},\"headline\":\"ASHRAE: Sesi\u00f3n Proyectos Relevantes &#8211; Torre Caleido\",\"datePublished\":\"2021-03-23T09:44:03+00:00\",\"dateModified\":\"2023-05-10T08:45:38+00:00\",\"mainEntityOfPage\":{\"@id\":\"https:\/\/www.actecir.cat\/es\/ashrae-sesion-proyectos-relevantes-torre-caleido\/\"},\"wordCount\":149,\"publisher\":{\"@id\":\"https:\/\/www.actecir.cat\/#organization\"},\"image\":{\"@id\":\"https:\/\/www.actecir.cat\/es\/ashrae-sesion-proyectos-relevantes-torre-caleido\/#primaryimage\"},\"thumbnailUrl\":\"https:\/\/www.actecir.cat\/wp-content\/uploads\/2023\/05\/sesion_ashrae.png\",\"articleSection\":[\"Noticias\"],\"inLanguage\":\"es\"},{\"@type\":\"WebPage\",\"@id\":\"https:\/\/www.actecir.cat\/es\/ashrae-sesion-proyectos-relevantes-torre-caleido\/\",\"url\":\"https:\/\/www.actecir.cat\/es\/ashrae-sesion-proyectos-relevantes-torre-caleido\/\",\"name\":\"ASHRAE: Sesi\u00f3n Proyectos Relevantes - Torre Caleido - Actecir\",\"isPartOf\":{\"@id\":\"https:\/\/www.actecir.cat\/#website\"},\"primaryImageOfPage\":{\"@id\":\"https:\/\/www.actecir.cat\/es\/ashrae-sesion-proyectos-relevantes-torre-caleido\/#primaryimage\"},\"image\":{\"@id\":\"https:\/\/www.actecir.cat\/es\/ashrae-sesion-proyectos-relevantes-torre-caleido\/#primaryimage\"},\"thumbnailUrl\":\"https:\/\/www.actecir.cat\/wp-content\/uploads\/2023\/05\/sesion_ashrae.png\",\"datePublished\":\"2021-03-23T09:44:03+00:00\",\"dateModified\":\"2023-05-10T08:45:38+00:00\",\"breadcrumb\":{\"@id\":\"https:\/\/www.actecir.cat\/es\/ashrae-sesion-proyectos-relevantes-torre-caleido\/#breadcrumb\"},\"inLanguage\":\"es\",\"potentialAction\":[{\"@type\":\"ReadAction\",\"target\":[\"https:\/\/www.actecir.cat\/es\/ashrae-sesion-proyectos-relevantes-torre-caleido\/\"]}]},{\"@type\":\"ImageObject\",\"inLanguage\":\"es\",\"@id\":\"https:\/\/www.actecir.cat\/es\/ashrae-sesion-proyectos-relevantes-torre-caleido\/#primaryimage\",\"url\":\"https:\/\/www.actecir.cat\/wp-content\/uploads\/2023\/05\/sesion_ashrae.png\",\"contentUrl\":\"https:\/\/www.actecir.cat\/wp-content\/uploads\/2023\/05\/sesion_ashrae.png\",\"width\":600,\"height\":400},{\"@type\":\"BreadcrumbList\",\"@id\":\"https:\/\/www.actecir.cat\/es\/ashrae-sesion-proyectos-relevantes-torre-caleido\/#breadcrumb\",\"itemListElement\":[{\"@type\":\"ListItem\",\"position\":1,\"name\":\"Inici\",\"item\":\"https:\/\/www.actecir.cat\/es\/\"},{\"@type\":\"ListItem\",\"position\":2,\"name\":\"ASHRAE: Sesi\u00f3n Proyectos Relevantes &#8211; Torre Caleido\"}]},{\"@type\":\"WebSite\",\"@id\":\"https:\/\/www.actecir.cat\/#website\",\"url\":\"https:\/\/www.actecir.cat\/\",\"name\":\"Actecir\",\"description\":\"Associaci\u00f3 Catalana de T\u00e8cnics en Energia, Climatitzaci\u00f3 i Refrigeraci\u00f3\",\"publisher\":{\"@id\":\"https:\/\/www.actecir.cat\/#organization\"},\"potentialAction\":[{\"@type\":\"SearchAction\",\"target\":{\"@type\":\"EntryPoint\",\"urlTemplate\":\"https:\/\/www.actecir.cat\/?s={search_term_string}\"},\"query-input\":{\"@type\":\"PropertyValueSpecification\",\"valueRequired\":true,\"valueName\":\"search_term_string\"}}],\"inLanguage\":\"es\"},{\"@type\":\"Organization\",\"@id\":\"https:\/\/www.actecir.cat\/#organization\",\"name\":\"Actecir\",\"url\":\"https:\/\/www.actecir.cat\/\",\"logo\":{\"@type\":\"ImageObject\",\"inLanguage\":\"es\",\"@id\":\"https:\/\/www.actecir.cat\/#\/schema\/logo\/image\/\",\"url\":\"https:\/\/www.actecir.cat\/wp-content\/uploads\/2023\/04\/cropped-logo_actecir_60_alto.png\",\"contentUrl\":\"https:\/\/www.actecir.cat\/wp-content\/uploads\/2023\/04\/cropped-logo_actecir_60_alto.png\",\"width\":283,\"height\":80,\"caption\":\"Actecir\"},\"image\":{\"@id\":\"https:\/\/www.actecir.cat\/#\/schema\/logo\/image\/\"},\"sameAs\":[\"https:\/\/x.com\/actecir\",\"https:\/\/www.linkedin.com\/company\/actecir\"]},{\"@type\":\"Person\",\"@id\":\"https:\/\/www.actecir.cat\/#\/schema\/person\/42edd02f0b1d55e19444428c5d321413\",\"name\":\"Soporte web\",\"sameAs\":[\"https:\/\/www.actecir.cat\"],\"url\":\"https:\/\/www.actecir.cat\/es\/author\/maensystems\/\"}]}<\/script>\n<!-- \/ Yoast SEO plugin. -->","yoast_head_json":{"title":"ASHRAE: Sesi\u00f3n Proyectos Relevantes - Torre Caleido - Actecir","robots":{"index":"index","follow":"follow","max-snippet":"max-snippet:-1","max-image-preview":"max-image-preview:large","max-video-preview":"max-video-preview:-1"},"canonical":"https:\/\/www.actecir.cat\/es\/ashrae-sesion-proyectos-relevantes-torre-caleido\/","og_locale":"es_ES","og_type":"article","og_title":"ASHRAE: Sesi\u00f3n Proyectos Relevantes - Torre Caleido - Actecir","og_description":"Fecha: 25 marzo a las 17:00 horas","og_url":"https:\/\/www.actecir.cat\/es\/ashrae-sesion-proyectos-relevantes-torre-caleido\/","og_site_name":"Actecir","article_published_time":"2021-03-23T09:44:03+00:00","article_modified_time":"2023-05-10T08:45:38+00:00","og_image":[{"width":600,"height":400,"url":"https:\/\/www.actecir.cat\/wp-content\/uploads\/2023\/05\/sesion_ashrae.png","type":"image\/png"}],"author":"Soporte web","twitter_card":"summary_large_image","twitter_creator":"@actecir","twitter_site":"@actecir","twitter_misc":{"Escrito por":"Soporte web","Tiempo de lectura":"1 minuto"},"schema":{"@context":"https:\/\/schema.org","@graph":[{"@type":"Article","@id":"https:\/\/www.actecir.cat\/es\/ashrae-sesion-proyectos-relevantes-torre-caleido\/#article","isPartOf":{"@id":"https:\/\/www.actecir.cat\/es\/ashrae-sesion-proyectos-relevantes-torre-caleido\/"},"author":{"name":"Soporte web","@id":"https:\/\/www.actecir.cat\/#\/schema\/person\/42edd02f0b1d55e19444428c5d321413"},"headline":"ASHRAE: Sesi\u00f3n Proyectos Relevantes &#8211; Torre Caleido","datePublished":"2021-03-23T09:44:03+00:00","dateModified":"2023-05-10T08:45:38+00:00","mainEntityOfPage":{"@id":"https:\/\/www.actecir.cat\/es\/ashrae-sesion-proyectos-relevantes-torre-caleido\/"},"wordCount":149,"publisher":{"@id":"https:\/\/www.actecir.cat\/#organization"},"image":{"@id":"https:\/\/www.actecir.cat\/es\/ashrae-sesion-proyectos-relevantes-torre-caleido\/#primaryimage"},"thumbnailUrl":"https:\/\/www.actecir.cat\/wp-content\/uploads\/2023\/05\/sesion_ashrae.png","articleSection":["Noticias"],"inLanguage":"es"},{"@type":"WebPage","@id":"https:\/\/www.actecir.cat\/es\/ashrae-sesion-proyectos-relevantes-torre-caleido\/","url":"https:\/\/www.actecir.cat\/es\/ashrae-sesion-proyectos-relevantes-torre-caleido\/","name":"ASHRAE: Sesi\u00f3n Proyectos Relevantes - Torre Caleido - Actecir","isPartOf":{"@id":"https:\/\/www.actecir.cat\/#website"},"primaryImageOfPage":{"@id":"https:\/\/www.actecir.cat\/es\/ashrae-sesion-proyectos-relevantes-torre-caleido\/#primaryimage"},"image":{"@id":"https:\/\/www.actecir.cat\/es\/ashrae-sesion-proyectos-relevantes-torre-caleido\/#primaryimage"},"thumbnailUrl":"https:\/\/www.actecir.cat\/wp-content\/uploads\/2023\/05\/sesion_ashrae.png","datePublished":"2021-03-23T09:44:03+00:00","dateModified":"2023-05-10T08:45:38+00:00","breadcrumb":{"@id":"https:\/\/www.actecir.cat\/es\/ashrae-sesion-proyectos-relevantes-torre-caleido\/#breadcrumb"},"inLanguage":"es","potentialAction":[{"@type":"ReadAction","target":["https:\/\/www.actecir.cat\/es\/ashrae-sesion-proyectos-relevantes-torre-caleido\/"]}]},{"@type":"ImageObject","inLanguage":"es","@id":"https:\/\/www.actecir.cat\/es\/ashrae-sesion-proyectos-relevantes-torre-caleido\/#primaryimage","url":"https:\/\/www.actecir.cat\/wp-content\/uploads\/2023\/05\/sesion_ashrae.png","contentUrl":"https:\/\/www.actecir.cat\/wp-content\/uploads\/2023\/05\/sesion_ashrae.png","width":600,"height":400},{"@type":"BreadcrumbList","@id":"https:\/\/www.actecir.cat\/es\/ashrae-sesion-proyectos-relevantes-torre-caleido\/#breadcrumb","itemListElement":[{"@type":"ListItem","position":1,"name":"Inici","item":"https:\/\/www.actecir.cat\/es\/"},{"@type":"ListItem","position":2,"name":"ASHRAE: Sesi\u00f3n Proyectos Relevantes &#8211; Torre Caleido"}]},{"@type":"WebSite","@id":"https:\/\/www.actecir.cat\/#website","url":"https:\/\/www.actecir.cat\/","name":"Actecir","description":"Associaci\u00f3 Catalana de T\u00e8cnics en Energia, Climatitzaci\u00f3 i Refrigeraci\u00f3","publisher":{"@id":"https:\/\/www.actecir.cat\/#organization"},"potentialAction":[{"@type":"SearchAction","target":{"@type":"EntryPoint","urlTemplate":"https:\/\/www.actecir.cat\/?s={search_term_string}"},"query-input":{"@type":"PropertyValueSpecification","valueRequired":true,"valueName":"search_term_string"}}],"inLanguage":"es"},{"@type":"Organization","@id":"https:\/\/www.actecir.cat\/#organization","name":"Actecir","url":"https:\/\/www.actecir.cat\/","logo":{"@type":"ImageObject","inLanguage":"es","@id":"https:\/\/www.actecir.cat\/#\/schema\/logo\/image\/","url":"https:\/\/www.actecir.cat\/wp-content\/uploads\/2023\/04\/cropped-logo_actecir_60_alto.png","contentUrl":"https:\/\/www.actecir.cat\/wp-content\/uploads\/2023\/04\/cropped-logo_actecir_60_alto.png","width":283,"height":80,"caption":"Actecir"},"image":{"@id":"https:\/\/www.actecir.cat\/#\/schema\/logo\/image\/"},"sameAs":["https:\/\/x.com\/actecir","https:\/\/www.linkedin.com\/company\/actecir"]},{"@type":"Person","@id":"https:\/\/www.actecir.cat\/#\/schema\/person\/42edd02f0b1d55e19444428c5d321413","name":"Soporte web","sameAs":["https:\/\/www.actecir.cat"],"url":"https:\/\/www.actecir.cat\/es\/author\/maensystems\/"}]}},"_links":{"self":[{"href":"https:\/\/www.actecir.cat\/es\/wp-json\/wp\/v2\/posts\/5788","targetHints":{"allow":["GET"]}}],"collection":[{"href":"https:\/\/www.actecir.cat\/es\/wp-json\/wp\/v2\/posts"}],"about":[{"href":"https:\/\/www.actecir.cat\/es\/wp-json\/wp\/v2\/types\/post"}],"author":[{"embeddable":true,"href":"https:\/\/www.actecir.cat\/es\/wp-json\/wp\/v2\/users\/1"}],"replies":[{"embeddable":true,"href":"https:\/\/www.actecir.cat\/es\/wp-json\/wp\/v2\/comments?post=5788"}],"version-history":[{"count":1,"href":"https:\/\/www.actecir.cat\/es\/wp-json\/wp\/v2\/posts\/5788\/revisions"}],"predecessor-version":[{"id":5789,"href":"https:\/\/www.actecir.cat\/es\/wp-json\/wp\/v2\/posts\/5788\/revisions\/5789"}],"wp:featuredmedia":[{"embeddable":true,"href":"https:\/\/www.actecir.cat\/es\/wp-json\/wp\/v2\/media\/5784"}],"wp:attachment":[{"href":"https:\/\/www.actecir.cat\/es\/wp-json\/wp\/v2\/media?parent=5788"}],"wp:term":[{"taxonomy":"category","embeddable":true,"href":"https:\/\/www.actecir.cat\/es\/wp-json\/wp\/v2\/categories?post=5788"},{"taxonomy":"post_tag","embeddable":true,"href":"https:\/\/www.actecir.cat\/es\/wp-json\/wp\/v2\/tags?post=5788"}],"curies":[{"name":"wp","href":"https:\/\/api.w.org\/{rel}","templated":true}]}}