{"id":5800,"date":"2021-03-17T10:49:20","date_gmt":"2021-03-17T09:49:20","guid":{"rendered":"https:\/\/www.actecir.cat\/?p=5800"},"modified":"2023-05-10T10:50:23","modified_gmt":"2023-05-10T08:50:23","slug":"wilo-lanza-su-nueva-tarifa-2021","status":"publish","type":"post","link":"https:\/\/www.actecir.cat\/es\/wilo-lanza-su-nueva-tarifa-2021\/","title":{"rendered":"WILO lanza su nueva tarifa 2021"},"content":{"rendered":"<p>Nueva tarifa WILO<\/p>\n<p><a href=\"https:\/\/wilo.com\/es\/es\/Informaci%C3%B3n-local\/Descargas\/\">Centro de descargas de Wilo | Wilo<\/a><\/p>\n","protected":false},"excerpt":{"rendered":"<p>Nueva tarifa WILO<\/p>\n","protected":false},"author":1,"featured_media":5798,"comment_status":"closed","ping_status":"closed","sticky":false,"template":"","format":"standard","meta":{"footnotes":""},"categories":[25],"tags":[],"class_list":["post-5800","post","type-post","status-publish","format-standard","has-post-thumbnail","hentry","category-noticias"],"yoast_head":"<!-- This site is optimized with the Yoast SEO plugin v27.2 - https:\/\/yoast.com\/product\/yoast-seo-wordpress\/ -->\n<title>WILO lanza su nueva tarifa 2021 - Actecir<\/title>\n<meta name=\"robots\" content=\"index, follow, max-snippet:-1, max-image-preview:large, max-video-preview:-1\" \/>\n<link rel=\"canonical\" href=\"https:\/\/www.actecir.cat\/es\/wilo-lanza-su-nueva-tarifa-2021\/\" \/>\n<meta property=\"og:locale\" content=\"es_ES\" \/>\n<meta property=\"og:type\" content=\"article\" \/>\n<meta property=\"og:title\" content=\"WILO lanza su nueva tarifa 2021 - Actecir\" \/>\n<meta property=\"og:description\" content=\"Nueva tarifa WILO\" \/>\n<meta property=\"og:url\" content=\"https:\/\/www.actecir.cat\/es\/wilo-lanza-su-nueva-tarifa-2021\/\" \/>\n<meta property=\"og:site_name\" content=\"Actecir\" \/>\n<meta property=\"article:published_time\" content=\"2021-03-17T09:49:20+00:00\" \/>\n<meta property=\"article:modified_time\" content=\"2023-05-10T08:50:23+00:00\" \/>\n<meta property=\"og:image\" content=\"https:\/\/www.actecir.cat\/wp-content\/uploads\/2023\/05\/wilo-2021.jpeg\" \/>\n\t<meta property=\"og:image:width\" content=\"276\" \/>\n\t<meta property=\"og:image:height\" content=\"183\" \/>\n\t<meta property=\"og:image:type\" content=\"image\/jpeg\" \/>\n<meta name=\"author\" content=\"Soporte web\" \/>\n<meta name=\"twitter:card\" content=\"summary_large_image\" \/>\n<meta name=\"twitter:creator\" content=\"@actecir\" \/>\n<meta name=\"twitter:site\" content=\"@actecir\" \/>\n<meta name=\"twitter:label1\" content=\"Escrito por\" \/>\n\t<meta name=\"twitter:data1\" content=\"Soporte web\" \/>\n<script type=\"application\/ld+json\" class=\"yoast-schema-graph\">{\"@context\":\"https:\/\/schema.org\",\"@graph\":[{\"@type\":\"Article\",\"@id\":\"https:\/\/www.actecir.cat\/es\/wilo-lanza-su-nueva-tarifa-2021\/#article\",\"isPartOf\":{\"@id\":\"https:\/\/www.actecir.cat\/es\/wilo-lanza-su-nueva-tarifa-2021\/\"},\"author\":{\"name\":\"Soporte web\",\"@id\":\"https:\/\/www.actecir.cat\/#\/schema\/person\/42edd02f0b1d55e19444428c5d321413\"},\"headline\":\"WILO lanza su nueva tarifa 2021\",\"datePublished\":\"2021-03-17T09:49:20+00:00\",\"dateModified\":\"2023-05-10T08:50:23+00:00\",\"mainEntityOfPage\":{\"@id\":\"https:\/\/www.actecir.cat\/es\/wilo-lanza-su-nueva-tarifa-2021\/\"},\"wordCount\":14,\"publisher\":{\"@id\":\"https:\/\/www.actecir.cat\/#organization\"},\"image\":{\"@id\":\"https:\/\/www.actecir.cat\/es\/wilo-lanza-su-nueva-tarifa-2021\/#primaryimage\"},\"thumbnailUrl\":\"https:\/\/www.actecir.cat\/wp-content\/uploads\/2023\/05\/wilo-2021.jpeg\",\"articleSection\":[\"Noticias\"],\"inLanguage\":\"es\"},{\"@type\":\"WebPage\",\"@id\":\"https:\/\/www.actecir.cat\/es\/wilo-lanza-su-nueva-tarifa-2021\/\",\"url\":\"https:\/\/www.actecir.cat\/es\/wilo-lanza-su-nueva-tarifa-2021\/\",\"name\":\"WILO lanza su nueva tarifa 2021 - Actecir\",\"isPartOf\":{\"@id\":\"https:\/\/www.actecir.cat\/#website\"},\"primaryImageOfPage\":{\"@id\":\"https:\/\/www.actecir.cat\/es\/wilo-lanza-su-nueva-tarifa-2021\/#primaryimage\"},\"image\":{\"@id\":\"https:\/\/www.actecir.cat\/es\/wilo-lanza-su-nueva-tarifa-2021\/#primaryimage\"},\"thumbnailUrl\":\"https:\/\/www.actecir.cat\/wp-content\/uploads\/2023\/05\/wilo-2021.jpeg\",\"datePublished\":\"2021-03-17T09:49:20+00:00\",\"dateModified\":\"2023-05-10T08:50:23+00:00\",\"breadcrumb\":{\"@id\":\"https:\/\/www.actecir.cat\/es\/wilo-lanza-su-nueva-tarifa-2021\/#breadcrumb\"},\"inLanguage\":\"es\",\"potentialAction\":[{\"@type\":\"ReadAction\",\"target\":[\"https:\/\/www.actecir.cat\/es\/wilo-lanza-su-nueva-tarifa-2021\/\"]}]},{\"@type\":\"ImageObject\",\"inLanguage\":\"es\",\"@id\":\"https:\/\/www.actecir.cat\/es\/wilo-lanza-su-nueva-tarifa-2021\/#primaryimage\",\"url\":\"https:\/\/www.actecir.cat\/wp-content\/uploads\/2023\/05\/wilo-2021.jpeg\",\"contentUrl\":\"https:\/\/www.actecir.cat\/wp-content\/uploads\/2023\/05\/wilo-2021.jpeg\",\"width\":276,\"height\":183},{\"@type\":\"BreadcrumbList\",\"@id\":\"https:\/\/www.actecir.cat\/es\/wilo-lanza-su-nueva-tarifa-2021\/#breadcrumb\",\"itemListElement\":[{\"@type\":\"ListItem\",\"position\":1,\"name\":\"Inici\",\"item\":\"https:\/\/www.actecir.cat\/es\/\"},{\"@type\":\"ListItem\",\"position\":2,\"name\":\"WILO lanza su nueva tarifa 2021\"}]},{\"@type\":\"WebSite\",\"@id\":\"https:\/\/www.actecir.cat\/#website\",\"url\":\"https:\/\/www.actecir.cat\/\",\"name\":\"Actecir\",\"description\":\"Associaci\u00f3 Catalana de T\u00e8cnics en Energia, Climatitzaci\u00f3 i Refrigeraci\u00f3\",\"publisher\":{\"@id\":\"https:\/\/www.actecir.cat\/#organization\"},\"potentialAction\":[{\"@type\":\"SearchAction\",\"target\":{\"@type\":\"EntryPoint\",\"urlTemplate\":\"https:\/\/www.actecir.cat\/?s={search_term_string}\"},\"query-input\":{\"@type\":\"PropertyValueSpecification\",\"valueRequired\":true,\"valueName\":\"search_term_string\"}}],\"inLanguage\":\"es\"},{\"@type\":\"Organization\",\"@id\":\"https:\/\/www.actecir.cat\/#organization\",\"name\":\"Actecir\",\"url\":\"https:\/\/www.actecir.cat\/\",\"logo\":{\"@type\":\"ImageObject\",\"inLanguage\":\"es\",\"@id\":\"https:\/\/www.actecir.cat\/#\/schema\/logo\/image\/\",\"url\":\"https:\/\/www.actecir.cat\/wp-content\/uploads\/2023\/04\/cropped-logo_actecir_60_alto.png\",\"contentUrl\":\"https:\/\/www.actecir.cat\/wp-content\/uploads\/2023\/04\/cropped-logo_actecir_60_alto.png\",\"width\":283,\"height\":80,\"caption\":\"Actecir\"},\"image\":{\"@id\":\"https:\/\/www.actecir.cat\/#\/schema\/logo\/image\/\"},\"sameAs\":[\"https:\/\/x.com\/actecir\",\"https:\/\/www.linkedin.com\/company\/actecir\"]},{\"@type\":\"Person\",\"@id\":\"https:\/\/www.actecir.cat\/#\/schema\/person\/42edd02f0b1d55e19444428c5d321413\",\"name\":\"Soporte web\",\"sameAs\":[\"https:\/\/www.actecir.cat\"],\"url\":\"https:\/\/www.actecir.cat\/es\/author\/maensystems\/\"}]}<\/script>\n<!-- \/ Yoast SEO plugin. -->","yoast_head_json":{"title":"WILO lanza su nueva tarifa 2021 - Actecir","robots":{"index":"index","follow":"follow","max-snippet":"max-snippet:-1","max-image-preview":"max-image-preview:large","max-video-preview":"max-video-preview:-1"},"canonical":"https:\/\/www.actecir.cat\/es\/wilo-lanza-su-nueva-tarifa-2021\/","og_locale":"es_ES","og_type":"article","og_title":"WILO lanza su nueva tarifa 2021 - Actecir","og_description":"Nueva tarifa WILO","og_url":"https:\/\/www.actecir.cat\/es\/wilo-lanza-su-nueva-tarifa-2021\/","og_site_name":"Actecir","article_published_time":"2021-03-17T09:49:20+00:00","article_modified_time":"2023-05-10T08:50:23+00:00","og_image":[{"width":276,"height":183,"url":"https:\/\/www.actecir.cat\/wp-content\/uploads\/2023\/05\/wilo-2021.jpeg","type":"image\/jpeg"}],"author":"Soporte web","twitter_card":"summary_large_image","twitter_creator":"@actecir","twitter_site":"@actecir","twitter_misc":{"Escrito por":"Soporte web"},"schema":{"@context":"https:\/\/schema.org","@graph":[{"@type":"Article","@id":"https:\/\/www.actecir.cat\/es\/wilo-lanza-su-nueva-tarifa-2021\/#article","isPartOf":{"@id":"https:\/\/www.actecir.cat\/es\/wilo-lanza-su-nueva-tarifa-2021\/"},"author":{"name":"Soporte web","@id":"https:\/\/www.actecir.cat\/#\/schema\/person\/42edd02f0b1d55e19444428c5d321413"},"headline":"WILO lanza su nueva tarifa 2021","datePublished":"2021-03-17T09:49:20+00:00","dateModified":"2023-05-10T08:50:23+00:00","mainEntityOfPage":{"@id":"https:\/\/www.actecir.cat\/es\/wilo-lanza-su-nueva-tarifa-2021\/"},"wordCount":14,"publisher":{"@id":"https:\/\/www.actecir.cat\/#organization"},"image":{"@id":"https:\/\/www.actecir.cat\/es\/wilo-lanza-su-nueva-tarifa-2021\/#primaryimage"},"thumbnailUrl":"https:\/\/www.actecir.cat\/wp-content\/uploads\/2023\/05\/wilo-2021.jpeg","articleSection":["Noticias"],"inLanguage":"es"},{"@type":"WebPage","@id":"https:\/\/www.actecir.cat\/es\/wilo-lanza-su-nueva-tarifa-2021\/","url":"https:\/\/www.actecir.cat\/es\/wilo-lanza-su-nueva-tarifa-2021\/","name":"WILO lanza su nueva tarifa 2021 - Actecir","isPartOf":{"@id":"https:\/\/www.actecir.cat\/#website"},"primaryImageOfPage":{"@id":"https:\/\/www.actecir.cat\/es\/wilo-lanza-su-nueva-tarifa-2021\/#primaryimage"},"image":{"@id":"https:\/\/www.actecir.cat\/es\/wilo-lanza-su-nueva-tarifa-2021\/#primaryimage"},"thumbnailUrl":"https:\/\/www.actecir.cat\/wp-content\/uploads\/2023\/05\/wilo-2021.jpeg","datePublished":"2021-03-17T09:49:20+00:00","dateModified":"2023-05-10T08:50:23+00:00","breadcrumb":{"@id":"https:\/\/www.actecir.cat\/es\/wilo-lanza-su-nueva-tarifa-2021\/#breadcrumb"},"inLanguage":"es","potentialAction":[{"@type":"ReadAction","target":["https:\/\/www.actecir.cat\/es\/wilo-lanza-su-nueva-tarifa-2021\/"]}]},{"@type":"ImageObject","inLanguage":"es","@id":"https:\/\/www.actecir.cat\/es\/wilo-lanza-su-nueva-tarifa-2021\/#primaryimage","url":"https:\/\/www.actecir.cat\/wp-content\/uploads\/2023\/05\/wilo-2021.jpeg","contentUrl":"https:\/\/www.actecir.cat\/wp-content\/uploads\/2023\/05\/wilo-2021.jpeg","width":276,"height":183},{"@type":"BreadcrumbList","@id":"https:\/\/www.actecir.cat\/es\/wilo-lanza-su-nueva-tarifa-2021\/#breadcrumb","itemListElement":[{"@type":"ListItem","position":1,"name":"Inici","item":"https:\/\/www.actecir.cat\/es\/"},{"@type":"ListItem","position":2,"name":"WILO lanza su nueva tarifa 2021"}]},{"@type":"WebSite","@id":"https:\/\/www.actecir.cat\/#website","url":"https:\/\/www.actecir.cat\/","name":"Actecir","description":"Associaci\u00f3 Catalana de T\u00e8cnics en Energia, Climatitzaci\u00f3 i Refrigeraci\u00f3","publisher":{"@id":"https:\/\/www.actecir.cat\/#organization"},"potentialAction":[{"@type":"SearchAction","target":{"@type":"EntryPoint","urlTemplate":"https:\/\/www.actecir.cat\/?s={search_term_string}"},"query-input":{"@type":"PropertyValueSpecification","valueRequired":true,"valueName":"search_term_string"}}],"inLanguage":"es"},{"@type":"Organization","@id":"https:\/\/www.actecir.cat\/#organization","name":"Actecir","url":"https:\/\/www.actecir.cat\/","logo":{"@type":"ImageObject","inLanguage":"es","@id":"https:\/\/www.actecir.cat\/#\/schema\/logo\/image\/","url":"https:\/\/www.actecir.cat\/wp-content\/uploads\/2023\/04\/cropped-logo_actecir_60_alto.png","contentUrl":"https:\/\/www.actecir.cat\/wp-content\/uploads\/2023\/04\/cropped-logo_actecir_60_alto.png","width":283,"height":80,"caption":"Actecir"},"image":{"@id":"https:\/\/www.actecir.cat\/#\/schema\/logo\/image\/"},"sameAs":["https:\/\/x.com\/actecir","https:\/\/www.linkedin.com\/company\/actecir"]},{"@type":"Person","@id":"https:\/\/www.actecir.cat\/#\/schema\/person\/42edd02f0b1d55e19444428c5d321413","name":"Soporte web","sameAs":["https:\/\/www.actecir.cat"],"url":"https:\/\/www.actecir.cat\/es\/author\/maensystems\/"}]}},"_links":{"self":[{"href":"https:\/\/www.actecir.cat\/es\/wp-json\/wp\/v2\/posts\/5800","targetHints":{"allow":["GET"]}}],"collection":[{"href":"https:\/\/www.actecir.cat\/es\/wp-json\/wp\/v2\/posts"}],"about":[{"href":"https:\/\/www.actecir.cat\/es\/wp-json\/wp\/v2\/types\/post"}],"author":[{"embeddable":true,"href":"https:\/\/www.actecir.cat\/es\/wp-json\/wp\/v2\/users\/1"}],"replies":[{"embeddable":true,"href":"https:\/\/www.actecir.cat\/es\/wp-json\/wp\/v2\/comments?post=5800"}],"version-history":[{"count":1,"href":"https:\/\/www.actecir.cat\/es\/wp-json\/wp\/v2\/posts\/5800\/revisions"}],"predecessor-version":[{"id":5801,"href":"https:\/\/www.actecir.cat\/es\/wp-json\/wp\/v2\/posts\/5800\/revisions\/5801"}],"wp:featuredmedia":[{"embeddable":true,"href":"https:\/\/www.actecir.cat\/es\/wp-json\/wp\/v2\/media\/5798"}],"wp:attachment":[{"href":"https:\/\/www.actecir.cat\/es\/wp-json\/wp\/v2\/media?parent=5800"}],"wp:term":[{"taxonomy":"category","embeddable":true,"href":"https:\/\/www.actecir.cat\/es\/wp-json\/wp\/v2\/categories?post=5800"},{"taxonomy":"post_tag","embeddable":true,"href":"https:\/\/www.actecir.cat\/es\/wp-json\/wp\/v2\/tags?post=5800"}],"curies":[{"name":"wp","href":"https:\/\/api.w.org\/{rel}","templated":true}]}}