{"id":5832,"date":"2021-02-24T11:20:22","date_gmt":"2021-02-24T10:20:22","guid":{"rendered":"https:\/\/www.actecir.cat\/?p=5832"},"modified":"2023-07-07T16:04:37","modified_gmt":"2023-07-07T14:04:37","slug":"salvador-escoda-s-a-firma-un-convenio-de-colaboracion-con-el-gremi-dinstalladors-de-girona","status":"publish","type":"post","link":"https:\/\/www.actecir.cat\/es\/salvador-escoda-s-a-firma-un-convenio-de-colaboracion-con-el-gremi-dinstalladors-de-girona\/","title":{"rendered":"Salvador Escoda S.A firma un convenio de colaboraci\u00f3n con el Gremi d\u2019Instal\u00b7ladors de Girona"},"content":{"rendered":"<p>nformaci\u00f3n Convenio de colaboraci\u00f3n<\/p>\n<p>El pasado 16 de febrero,\u00a0<strong><a href=\"https:\/\/www.salvadorescoda.com\/\">Salvador Escoda<\/a><\/strong>\u00a0firm\u00f3 un convenio de colaboraci\u00f3n con el\u00a0<strong>Gremio d\u2019Instal\u00b7ladors de Girona,<\/strong>\u00a0una entidad que tiene su origen en 1952 y que hoy representa los intereses de m\u00e1s de mil empresas instaladoras de las comarcas de Girona.<\/p>\n<p>Gracias a este acuerdo firmado, la distribuidora de productos para instalaciones de Aire Acondicionado, Ventilaci\u00f3n, Calefacci\u00f3n, Agua, Energ\u00edas Renovables, Gas, Electricidad, Refrigeraci\u00f3n y Aislamientos de \u00a0se une al patrocinio de las diversas actividades en colaboraci\u00f3n con el Gremio, celebrando as\u00ed jornadas t\u00e9cnicas, congresos o monogr\u00e1ficos a los que poder asistir.<\/p>\n<p>Adem\u00e1s, Salvador Escoda quiere dar su apoyo al taller pr\u00e1ctico de refrigeraci\u00f3n que se realiza en la escuela gremial, abasteciendo de material a todo su alumnado para poder desarrollar sus clases pr\u00e1cticas.<\/p>\n<p>En el mes de marzo contar\u00e1n con la publicaci\u00f3n del acto en las revistas del Gremio y anunciar\u00e1n muchas m\u00e1s novedades como empresa.<\/p>\n<p>&nbsp;<\/p>\n<p><img fetchpriority=\"high\" decoding=\"async\" class=\"alignnone size-full wp-image-5833\" src=\"https:\/\/www.actecir.cat\/wp-content\/uploads\/2021\/02\/salvador_escoda_gremi_cat_web.jpg\" alt=\"\" width=\"600\" height=\"400\" srcset=\"https:\/\/www.actecir.cat\/wp-content\/uploads\/2021\/02\/salvador_escoda_gremi_cat_web.jpg 600w, https:\/\/www.actecir.cat\/wp-content\/uploads\/2021\/02\/salvador_escoda_gremi_cat_web-300x200.jpg 300w\" sizes=\"(max-width: 600px) 100vw, 600px\" \/><\/p>\n","protected":false},"excerpt":{"rendered":"<p>nformaci\u00f3n Convenio de colaboraci\u00f3n<\/p>\n","protected":false},"author":1,"featured_media":5833,"comment_status":"closed","ping_status":"closed","sticky":false,"template":"","format":"standard","meta":{"footnotes":""},"categories":[25],"tags":[],"class_list":["post-5832","post","type-post","status-publish","format-standard","has-post-thumbnail","hentry","category-noticias"],"yoast_head":"<!-- This site is optimized with the Yoast SEO plugin v27.2 - https:\/\/yoast.com\/product\/yoast-seo-wordpress\/ -->\n<title>Salvador Escoda S.A firma un convenio de colaboraci\u00f3n con el Gremi d\u2019Instal\u00b7ladors de Girona - Actecir<\/title>\n<meta name=\"robots\" content=\"index, follow, max-snippet:-1, max-image-preview:large, max-video-preview:-1\" \/>\n<link rel=\"canonical\" href=\"https:\/\/www.actecir.cat\/es\/salvador-escoda-s-a-firma-un-convenio-de-colaboracion-con-el-gremi-dinstalladors-de-girona\/\" \/>\n<meta property=\"og:locale\" content=\"es_ES\" \/>\n<meta property=\"og:type\" content=\"article\" \/>\n<meta property=\"og:title\" content=\"Salvador Escoda S.A firma un convenio de colaboraci\u00f3n con el Gremi d\u2019Instal\u00b7ladors de Girona - Actecir\" \/>\n<meta property=\"og:description\" content=\"nformaci\u00f3n Convenio de colaboraci\u00f3n\" \/>\n<meta property=\"og:url\" content=\"https:\/\/www.actecir.cat\/es\/salvador-escoda-s-a-firma-un-convenio-de-colaboracion-con-el-gremi-dinstalladors-de-girona\/\" \/>\n<meta property=\"og:site_name\" content=\"Actecir\" \/>\n<meta property=\"article:published_time\" content=\"2021-02-24T10:20:22+00:00\" \/>\n<meta property=\"article:modified_time\" content=\"2023-07-07T14:04:37+00:00\" \/>\n<meta property=\"og:image\" content=\"https:\/\/www.actecir.cat\/wp-content\/uploads\/2021\/02\/salvador_escoda_gremi_cat_web.jpg\" \/>\n\t<meta property=\"og:image:width\" content=\"600\" \/>\n\t<meta property=\"og:image:height\" content=\"400\" \/>\n\t<meta property=\"og:image:type\" content=\"image\/jpeg\" \/>\n<meta name=\"author\" content=\"Soporte web\" \/>\n<meta name=\"twitter:card\" content=\"summary_large_image\" \/>\n<meta name=\"twitter:creator\" content=\"@actecir\" \/>\n<meta name=\"twitter:site\" content=\"@actecir\" \/>\n<meta name=\"twitter:label1\" content=\"Escrito por\" \/>\n\t<meta name=\"twitter:data1\" content=\"Soporte web\" \/>\n\t<meta name=\"twitter:label2\" content=\"Tiempo de lectura\" \/>\n\t<meta name=\"twitter:data2\" content=\"1 minuto\" \/>\n<script type=\"application\/ld+json\" class=\"yoast-schema-graph\">{\"@context\":\"https:\/\/schema.org\",\"@graph\":[{\"@type\":\"Article\",\"@id\":\"https:\/\/www.actecir.cat\/es\/salvador-escoda-s-a-firma-un-convenio-de-colaboracion-con-el-gremi-dinstalladors-de-girona\/#article\",\"isPartOf\":{\"@id\":\"https:\/\/www.actecir.cat\/es\/salvador-escoda-s-a-firma-un-convenio-de-colaboracion-con-el-gremi-dinstalladors-de-girona\/\"},\"author\":{\"name\":\"Soporte web\",\"@id\":\"https:\/\/www.actecir.cat\/#\/schema\/person\/42edd02f0b1d55e19444428c5d321413\"},\"headline\":\"Salvador Escoda S.A firma un convenio de colaboraci\u00f3n con el Gremi d\u2019Instal\u00b7ladors de Girona\",\"datePublished\":\"2021-02-24T10:20:22+00:00\",\"dateModified\":\"2023-07-07T14:04:37+00:00\",\"mainEntityOfPage\":{\"@id\":\"https:\/\/www.actecir.cat\/es\/salvador-escoda-s-a-firma-un-convenio-de-colaboracion-con-el-gremi-dinstalladors-de-girona\/\"},\"wordCount\":190,\"publisher\":{\"@id\":\"https:\/\/www.actecir.cat\/#organization\"},\"image\":{\"@id\":\"https:\/\/www.actecir.cat\/es\/salvador-escoda-s-a-firma-un-convenio-de-colaboracion-con-el-gremi-dinstalladors-de-girona\/#primaryimage\"},\"thumbnailUrl\":\"https:\/\/www.actecir.cat\/wp-content\/uploads\/2021\/02\/salvador_escoda_gremi_cat_web.jpg\",\"articleSection\":[\"Noticias\"],\"inLanguage\":\"es\"},{\"@type\":\"WebPage\",\"@id\":\"https:\/\/www.actecir.cat\/es\/salvador-escoda-s-a-firma-un-convenio-de-colaboracion-con-el-gremi-dinstalladors-de-girona\/\",\"url\":\"https:\/\/www.actecir.cat\/es\/salvador-escoda-s-a-firma-un-convenio-de-colaboracion-con-el-gremi-dinstalladors-de-girona\/\",\"name\":\"Salvador Escoda S.A firma un convenio de colaboraci\u00f3n con el Gremi d\u2019Instal\u00b7ladors de Girona - Actecir\",\"isPartOf\":{\"@id\":\"https:\/\/www.actecir.cat\/#website\"},\"primaryImageOfPage\":{\"@id\":\"https:\/\/www.actecir.cat\/es\/salvador-escoda-s-a-firma-un-convenio-de-colaboracion-con-el-gremi-dinstalladors-de-girona\/#primaryimage\"},\"image\":{\"@id\":\"https:\/\/www.actecir.cat\/es\/salvador-escoda-s-a-firma-un-convenio-de-colaboracion-con-el-gremi-dinstalladors-de-girona\/#primaryimage\"},\"thumbnailUrl\":\"https:\/\/www.actecir.cat\/wp-content\/uploads\/2021\/02\/salvador_escoda_gremi_cat_web.jpg\",\"datePublished\":\"2021-02-24T10:20:22+00:00\",\"dateModified\":\"2023-07-07T14:04:37+00:00\",\"breadcrumb\":{\"@id\":\"https:\/\/www.actecir.cat\/es\/salvador-escoda-s-a-firma-un-convenio-de-colaboracion-con-el-gremi-dinstalladors-de-girona\/#breadcrumb\"},\"inLanguage\":\"es\",\"potentialAction\":[{\"@type\":\"ReadAction\",\"target\":[\"https:\/\/www.actecir.cat\/es\/salvador-escoda-s-a-firma-un-convenio-de-colaboracion-con-el-gremi-dinstalladors-de-girona\/\"]}]},{\"@type\":\"ImageObject\",\"inLanguage\":\"es\",\"@id\":\"https:\/\/www.actecir.cat\/es\/salvador-escoda-s-a-firma-un-convenio-de-colaboracion-con-el-gremi-dinstalladors-de-girona\/#primaryimage\",\"url\":\"https:\/\/www.actecir.cat\/wp-content\/uploads\/2021\/02\/salvador_escoda_gremi_cat_web.jpg\",\"contentUrl\":\"https:\/\/www.actecir.cat\/wp-content\/uploads\/2021\/02\/salvador_escoda_gremi_cat_web.jpg\",\"width\":600,\"height\":400},{\"@type\":\"BreadcrumbList\",\"@id\":\"https:\/\/www.actecir.cat\/es\/salvador-escoda-s-a-firma-un-convenio-de-colaboracion-con-el-gremi-dinstalladors-de-girona\/#breadcrumb\",\"itemListElement\":[{\"@type\":\"ListItem\",\"position\":1,\"name\":\"Inici\",\"item\":\"https:\/\/www.actecir.cat\/es\/\"},{\"@type\":\"ListItem\",\"position\":2,\"name\":\"Salvador Escoda S.A firma un convenio de colaboraci\u00f3n con el Gremi d\u2019Instal\u00b7ladors de Girona\"}]},{\"@type\":\"WebSite\",\"@id\":\"https:\/\/www.actecir.cat\/#website\",\"url\":\"https:\/\/www.actecir.cat\/\",\"name\":\"Actecir\",\"description\":\"Associaci\u00f3 Catalana de T\u00e8cnics en Energia, Climatitzaci\u00f3 i Refrigeraci\u00f3\",\"publisher\":{\"@id\":\"https:\/\/www.actecir.cat\/#organization\"},\"potentialAction\":[{\"@type\":\"SearchAction\",\"target\":{\"@type\":\"EntryPoint\",\"urlTemplate\":\"https:\/\/www.actecir.cat\/?s={search_term_string}\"},\"query-input\":{\"@type\":\"PropertyValueSpecification\",\"valueRequired\":true,\"valueName\":\"search_term_string\"}}],\"inLanguage\":\"es\"},{\"@type\":\"Organization\",\"@id\":\"https:\/\/www.actecir.cat\/#organization\",\"name\":\"Actecir\",\"url\":\"https:\/\/www.actecir.cat\/\",\"logo\":{\"@type\":\"ImageObject\",\"inLanguage\":\"es\",\"@id\":\"https:\/\/www.actecir.cat\/#\/schema\/logo\/image\/\",\"url\":\"https:\/\/www.actecir.cat\/wp-content\/uploads\/2023\/04\/cropped-logo_actecir_60_alto.png\",\"contentUrl\":\"https:\/\/www.actecir.cat\/wp-content\/uploads\/2023\/04\/cropped-logo_actecir_60_alto.png\",\"width\":283,\"height\":80,\"caption\":\"Actecir\"},\"image\":{\"@id\":\"https:\/\/www.actecir.cat\/#\/schema\/logo\/image\/\"},\"sameAs\":[\"https:\/\/x.com\/actecir\",\"https:\/\/www.linkedin.com\/company\/actecir\"]},{\"@type\":\"Person\",\"@id\":\"https:\/\/www.actecir.cat\/#\/schema\/person\/42edd02f0b1d55e19444428c5d321413\",\"name\":\"Soporte web\",\"sameAs\":[\"https:\/\/www.actecir.cat\"],\"url\":\"https:\/\/www.actecir.cat\/es\/author\/maensystems\/\"}]}<\/script>\n<!-- \/ Yoast SEO plugin. -->","yoast_head_json":{"title":"Salvador Escoda S.A firma un convenio de colaboraci\u00f3n con el Gremi d\u2019Instal\u00b7ladors de Girona - Actecir","robots":{"index":"index","follow":"follow","max-snippet":"max-snippet:-1","max-image-preview":"max-image-preview:large","max-video-preview":"max-video-preview:-1"},"canonical":"https:\/\/www.actecir.cat\/es\/salvador-escoda-s-a-firma-un-convenio-de-colaboracion-con-el-gremi-dinstalladors-de-girona\/","og_locale":"es_ES","og_type":"article","og_title":"Salvador Escoda S.A firma un convenio de colaboraci\u00f3n con el Gremi d\u2019Instal\u00b7ladors de Girona - Actecir","og_description":"nformaci\u00f3n Convenio de colaboraci\u00f3n","og_url":"https:\/\/www.actecir.cat\/es\/salvador-escoda-s-a-firma-un-convenio-de-colaboracion-con-el-gremi-dinstalladors-de-girona\/","og_site_name":"Actecir","article_published_time":"2021-02-24T10:20:22+00:00","article_modified_time":"2023-07-07T14:04:37+00:00","og_image":[{"width":600,"height":400,"url":"https:\/\/www.actecir.cat\/wp-content\/uploads\/2021\/02\/salvador_escoda_gremi_cat_web.jpg","type":"image\/jpeg"}],"author":"Soporte web","twitter_card":"summary_large_image","twitter_creator":"@actecir","twitter_site":"@actecir","twitter_misc":{"Escrito por":"Soporte web","Tiempo de lectura":"1 minuto"},"schema":{"@context":"https:\/\/schema.org","@graph":[{"@type":"Article","@id":"https:\/\/www.actecir.cat\/es\/salvador-escoda-s-a-firma-un-convenio-de-colaboracion-con-el-gremi-dinstalladors-de-girona\/#article","isPartOf":{"@id":"https:\/\/www.actecir.cat\/es\/salvador-escoda-s-a-firma-un-convenio-de-colaboracion-con-el-gremi-dinstalladors-de-girona\/"},"author":{"name":"Soporte web","@id":"https:\/\/www.actecir.cat\/#\/schema\/person\/42edd02f0b1d55e19444428c5d321413"},"headline":"Salvador Escoda S.A firma un convenio de colaboraci\u00f3n con el Gremi d\u2019Instal\u00b7ladors de Girona","datePublished":"2021-02-24T10:20:22+00:00","dateModified":"2023-07-07T14:04:37+00:00","mainEntityOfPage":{"@id":"https:\/\/www.actecir.cat\/es\/salvador-escoda-s-a-firma-un-convenio-de-colaboracion-con-el-gremi-dinstalladors-de-girona\/"},"wordCount":190,"publisher":{"@id":"https:\/\/www.actecir.cat\/#organization"},"image":{"@id":"https:\/\/www.actecir.cat\/es\/salvador-escoda-s-a-firma-un-convenio-de-colaboracion-con-el-gremi-dinstalladors-de-girona\/#primaryimage"},"thumbnailUrl":"https:\/\/www.actecir.cat\/wp-content\/uploads\/2021\/02\/salvador_escoda_gremi_cat_web.jpg","articleSection":["Noticias"],"inLanguage":"es"},{"@type":"WebPage","@id":"https:\/\/www.actecir.cat\/es\/salvador-escoda-s-a-firma-un-convenio-de-colaboracion-con-el-gremi-dinstalladors-de-girona\/","url":"https:\/\/www.actecir.cat\/es\/salvador-escoda-s-a-firma-un-convenio-de-colaboracion-con-el-gremi-dinstalladors-de-girona\/","name":"Salvador Escoda S.A firma un convenio de colaboraci\u00f3n con el Gremi d\u2019Instal\u00b7ladors de Girona - Actecir","isPartOf":{"@id":"https:\/\/www.actecir.cat\/#website"},"primaryImageOfPage":{"@id":"https:\/\/www.actecir.cat\/es\/salvador-escoda-s-a-firma-un-convenio-de-colaboracion-con-el-gremi-dinstalladors-de-girona\/#primaryimage"},"image":{"@id":"https:\/\/www.actecir.cat\/es\/salvador-escoda-s-a-firma-un-convenio-de-colaboracion-con-el-gremi-dinstalladors-de-girona\/#primaryimage"},"thumbnailUrl":"https:\/\/www.actecir.cat\/wp-content\/uploads\/2021\/02\/salvador_escoda_gremi_cat_web.jpg","datePublished":"2021-02-24T10:20:22+00:00","dateModified":"2023-07-07T14:04:37+00:00","breadcrumb":{"@id":"https:\/\/www.actecir.cat\/es\/salvador-escoda-s-a-firma-un-convenio-de-colaboracion-con-el-gremi-dinstalladors-de-girona\/#breadcrumb"},"inLanguage":"es","potentialAction":[{"@type":"ReadAction","target":["https:\/\/www.actecir.cat\/es\/salvador-escoda-s-a-firma-un-convenio-de-colaboracion-con-el-gremi-dinstalladors-de-girona\/"]}]},{"@type":"ImageObject","inLanguage":"es","@id":"https:\/\/www.actecir.cat\/es\/salvador-escoda-s-a-firma-un-convenio-de-colaboracion-con-el-gremi-dinstalladors-de-girona\/#primaryimage","url":"https:\/\/www.actecir.cat\/wp-content\/uploads\/2021\/02\/salvador_escoda_gremi_cat_web.jpg","contentUrl":"https:\/\/www.actecir.cat\/wp-content\/uploads\/2021\/02\/salvador_escoda_gremi_cat_web.jpg","width":600,"height":400},{"@type":"BreadcrumbList","@id":"https:\/\/www.actecir.cat\/es\/salvador-escoda-s-a-firma-un-convenio-de-colaboracion-con-el-gremi-dinstalladors-de-girona\/#breadcrumb","itemListElement":[{"@type":"ListItem","position":1,"name":"Inici","item":"https:\/\/www.actecir.cat\/es\/"},{"@type":"ListItem","position":2,"name":"Salvador Escoda S.A firma un convenio de colaboraci\u00f3n con el Gremi d\u2019Instal\u00b7ladors de Girona"}]},{"@type":"WebSite","@id":"https:\/\/www.actecir.cat\/#website","url":"https:\/\/www.actecir.cat\/","name":"Actecir","description":"Associaci\u00f3 Catalana de T\u00e8cnics en Energia, Climatitzaci\u00f3 i Refrigeraci\u00f3","publisher":{"@id":"https:\/\/www.actecir.cat\/#organization"},"potentialAction":[{"@type":"SearchAction","target":{"@type":"EntryPoint","urlTemplate":"https:\/\/www.actecir.cat\/?s={search_term_string}"},"query-input":{"@type":"PropertyValueSpecification","valueRequired":true,"valueName":"search_term_string"}}],"inLanguage":"es"},{"@type":"Organization","@id":"https:\/\/www.actecir.cat\/#organization","name":"Actecir","url":"https:\/\/www.actecir.cat\/","logo":{"@type":"ImageObject","inLanguage":"es","@id":"https:\/\/www.actecir.cat\/#\/schema\/logo\/image\/","url":"https:\/\/www.actecir.cat\/wp-content\/uploads\/2023\/04\/cropped-logo_actecir_60_alto.png","contentUrl":"https:\/\/www.actecir.cat\/wp-content\/uploads\/2023\/04\/cropped-logo_actecir_60_alto.png","width":283,"height":80,"caption":"Actecir"},"image":{"@id":"https:\/\/www.actecir.cat\/#\/schema\/logo\/image\/"},"sameAs":["https:\/\/x.com\/actecir","https:\/\/www.linkedin.com\/company\/actecir"]},{"@type":"Person","@id":"https:\/\/www.actecir.cat\/#\/schema\/person\/42edd02f0b1d55e19444428c5d321413","name":"Soporte web","sameAs":["https:\/\/www.actecir.cat"],"url":"https:\/\/www.actecir.cat\/es\/author\/maensystems\/"}]}},"_links":{"self":[{"href":"https:\/\/www.actecir.cat\/es\/wp-json\/wp\/v2\/posts\/5832","targetHints":{"allow":["GET"]}}],"collection":[{"href":"https:\/\/www.actecir.cat\/es\/wp-json\/wp\/v2\/posts"}],"about":[{"href":"https:\/\/www.actecir.cat\/es\/wp-json\/wp\/v2\/types\/post"}],"author":[{"embeddable":true,"href":"https:\/\/www.actecir.cat\/es\/wp-json\/wp\/v2\/users\/1"}],"replies":[{"embeddable":true,"href":"https:\/\/www.actecir.cat\/es\/wp-json\/wp\/v2\/comments?post=5832"}],"version-history":[{"count":2,"href":"https:\/\/www.actecir.cat\/es\/wp-json\/wp\/v2\/posts\/5832\/revisions"}],"predecessor-version":[{"id":11487,"href":"https:\/\/www.actecir.cat\/es\/wp-json\/wp\/v2\/posts\/5832\/revisions\/11487"}],"wp:featuredmedia":[{"embeddable":true,"href":"https:\/\/www.actecir.cat\/es\/wp-json\/wp\/v2\/media\/5833"}],"wp:attachment":[{"href":"https:\/\/www.actecir.cat\/es\/wp-json\/wp\/v2\/media?parent=5832"}],"wp:term":[{"taxonomy":"category","embeddable":true,"href":"https:\/\/www.actecir.cat\/es\/wp-json\/wp\/v2\/categories?post=5832"},{"taxonomy":"post_tag","embeddable":true,"href":"https:\/\/www.actecir.cat\/es\/wp-json\/wp\/v2\/tags?post=5832"}],"curies":[{"name":"wp","href":"https:\/\/api.w.org\/{rel}","templated":true}]}}