{"id":5899,"date":"2021-01-11T11:42:57","date_gmt":"2021-01-11T10:42:57","guid":{"rendered":"https:\/\/www.actecir.cat\/?p=5899"},"modified":"2023-07-07T16:05:10","modified_gmt":"2023-07-07T14:05:10","slug":"1er-encuentro-virtual-gratuito-en-aefyt-enero-2021","status":"publish","type":"post","link":"https:\/\/www.actecir.cat\/es\/1er-encuentro-virtual-gratuito-en-aefyt-enero-2021\/","title":{"rendered":"1er Encuentro Virtual Gratuito en AEFYT Enero 2021"},"content":{"rendered":"<p>Fecha: 14 enero a las 17:00 horas<\/p>\n<p>El primer Encuentro Virtual del a\u00f1o organizado por AEFYT para sus empresas asociadas y para el Sector. Mant\u00e9ngase informado y mantenga informado a su personal.<\/p>\n<ul>\n<li><strong>Jueves 14 de Enero de 2021 de 17:00 a 18:00 horas<\/strong>\n<ul>\n<li><strong>&#8220;El comercio ilegal de gases refrigerantes&#8221;<\/strong><\/li>\n<li>\u00a0 Por\u00a0<em>Murli Sukhwani, director general para EMEA FluoroChemicals de Chemours y presidente del \u00e1rea de Datos e Investigaci\u00f3n del EFCTC y Diego Garc\u00eda director general de KIMIKAL SL<\/em><\/li>\n<li><em>Ponencias:<\/em><\/li>\n<\/ul>\n<\/li>\n<\/ul>\n<p>9:30h.\u00a0<em><strong>Bienvenida y presentaci\u00f3n<\/strong><\/em><em>\u00a0a cargo de Manuel Lam\u00faa, Gerente de AEFYT.<\/em><\/p>\n<p>9:45h.\u00a0<em><strong>El comercio ilegal de gases refrigerantes, el reto para toda una cadena de valor<\/strong><\/em><em>, a cargo de Murli Sukhwani, director general para EMEA FluoroChemicals de Chemours y presidente del \u00e1rea de Datos e Investigaci\u00f3n del EFCTC<\/em>.<\/p>\n<p>10:15h.\u00a0<strong><em>Espa\u00f1a, el mayor receptor de gases refrigerantes ilegales de Europa<\/em><\/strong>\u00a0<em>a cargo de Diego Garc\u00eda, director general de Kimikal SL.<\/em><\/p>\n<p>10:40h.\u00a0<em>Turno de preguntas<\/em>.<\/p>\n<p>10:55h.\u00a0<em>Conclusiones y cierre<\/em>.<\/p>\n<p><strong>Enlace para registrarse:<\/strong>\u00a0<a href=\"https:\/\/aefyt.es\/index.php\/component\/icagenda\/47-comercio-ilegal-de-refrigerantes-por-aefyt-efctc?Itemid=101\">https:\/\/aefyt.es\/index.php\/component\/icagenda\/47-comercio-ilegal-de-refrigerantes-por-aefyt-efctc?Itemid=101&amp;date=2021-01-14-17-0<\/a>0<\/p>\n","protected":false},"excerpt":{"rendered":"<p>Fecha: 14 enero a las 17:00 horas<\/p>\n","protected":false},"author":1,"featured_media":5897,"comment_status":"closed","ping_status":"closed","sticky":false,"template":"","format":"standard","meta":{"footnotes":""},"categories":[25],"tags":[],"class_list":["post-5899","post","type-post","status-publish","format-standard","has-post-thumbnail","hentry","category-noticias"],"yoast_head":"<!-- This site is optimized with the Yoast SEO plugin v27.2 - https:\/\/yoast.com\/product\/yoast-seo-wordpress\/ -->\n<title>1er Encuentro Virtual Gratuito en AEFYT Enero 2021 - Actecir<\/title>\n<meta name=\"robots\" content=\"index, follow, max-snippet:-1, max-image-preview:large, max-video-preview:-1\" \/>\n<link rel=\"canonical\" href=\"https:\/\/www.actecir.cat\/es\/1er-encuentro-virtual-gratuito-en-aefyt-enero-2021\/\" \/>\n<meta property=\"og:locale\" content=\"es_ES\" \/>\n<meta property=\"og:type\" content=\"article\" \/>\n<meta property=\"og:title\" content=\"1er Encuentro Virtual Gratuito en AEFYT Enero 2021 - Actecir\" \/>\n<meta property=\"og:description\" content=\"Fecha: 14 enero a las 17:00 horas\" \/>\n<meta property=\"og:url\" content=\"https:\/\/www.actecir.cat\/es\/1er-encuentro-virtual-gratuito-en-aefyt-enero-2021\/\" \/>\n<meta property=\"og:site_name\" content=\"Actecir\" \/>\n<meta property=\"article:published_time\" content=\"2021-01-11T10:42:57+00:00\" \/>\n<meta property=\"article:modified_time\" content=\"2023-07-07T14:05:10+00:00\" \/>\n<meta property=\"og:image\" content=\"https:\/\/www.actecir.cat\/wp-content\/uploads\/2023\/05\/aefyt_encuentro-virtual.jpg\" \/>\n\t<meta property=\"og:image:width\" content=\"600\" \/>\n\t<meta property=\"og:image:height\" content=\"400\" \/>\n\t<meta property=\"og:image:type\" content=\"image\/jpeg\" \/>\n<meta name=\"author\" content=\"Soporte web\" \/>\n<meta name=\"twitter:card\" content=\"summary_large_image\" \/>\n<meta name=\"twitter:creator\" content=\"@actecir\" \/>\n<meta name=\"twitter:site\" content=\"@actecir\" \/>\n<meta name=\"twitter:label1\" content=\"Escrito por\" \/>\n\t<meta name=\"twitter:data1\" content=\"Soporte web\" \/>\n\t<meta name=\"twitter:label2\" content=\"Tiempo de lectura\" \/>\n\t<meta name=\"twitter:data2\" content=\"1 minuto\" \/>\n<script type=\"application\/ld+json\" class=\"yoast-schema-graph\">{\"@context\":\"https:\/\/schema.org\",\"@graph\":[{\"@type\":\"Article\",\"@id\":\"https:\/\/www.actecir.cat\/es\/1er-encuentro-virtual-gratuito-en-aefyt-enero-2021\/#article\",\"isPartOf\":{\"@id\":\"https:\/\/www.actecir.cat\/es\/1er-encuentro-virtual-gratuito-en-aefyt-enero-2021\/\"},\"author\":{\"name\":\"Soporte web\",\"@id\":\"https:\/\/www.actecir.cat\/#\/schema\/person\/42edd02f0b1d55e19444428c5d321413\"},\"headline\":\"1er Encuentro Virtual Gratuito en AEFYT Enero 2021\",\"datePublished\":\"2021-01-11T10:42:57+00:00\",\"dateModified\":\"2023-07-07T14:05:10+00:00\",\"mainEntityOfPage\":{\"@id\":\"https:\/\/www.actecir.cat\/es\/1er-encuentro-virtual-gratuito-en-aefyt-enero-2021\/\"},\"wordCount\":184,\"publisher\":{\"@id\":\"https:\/\/www.actecir.cat\/#organization\"},\"image\":{\"@id\":\"https:\/\/www.actecir.cat\/es\/1er-encuentro-virtual-gratuito-en-aefyt-enero-2021\/#primaryimage\"},\"thumbnailUrl\":\"https:\/\/www.actecir.cat\/wp-content\/uploads\/2023\/05\/aefyt_encuentro-virtual.jpg\",\"articleSection\":[\"Noticias\"],\"inLanguage\":\"es\"},{\"@type\":\"WebPage\",\"@id\":\"https:\/\/www.actecir.cat\/es\/1er-encuentro-virtual-gratuito-en-aefyt-enero-2021\/\",\"url\":\"https:\/\/www.actecir.cat\/es\/1er-encuentro-virtual-gratuito-en-aefyt-enero-2021\/\",\"name\":\"1er Encuentro Virtual Gratuito en AEFYT Enero 2021 - Actecir\",\"isPartOf\":{\"@id\":\"https:\/\/www.actecir.cat\/#website\"},\"primaryImageOfPage\":{\"@id\":\"https:\/\/www.actecir.cat\/es\/1er-encuentro-virtual-gratuito-en-aefyt-enero-2021\/#primaryimage\"},\"image\":{\"@id\":\"https:\/\/www.actecir.cat\/es\/1er-encuentro-virtual-gratuito-en-aefyt-enero-2021\/#primaryimage\"},\"thumbnailUrl\":\"https:\/\/www.actecir.cat\/wp-content\/uploads\/2023\/05\/aefyt_encuentro-virtual.jpg\",\"datePublished\":\"2021-01-11T10:42:57+00:00\",\"dateModified\":\"2023-07-07T14:05:10+00:00\",\"breadcrumb\":{\"@id\":\"https:\/\/www.actecir.cat\/es\/1er-encuentro-virtual-gratuito-en-aefyt-enero-2021\/#breadcrumb\"},\"inLanguage\":\"es\",\"potentialAction\":[{\"@type\":\"ReadAction\",\"target\":[\"https:\/\/www.actecir.cat\/es\/1er-encuentro-virtual-gratuito-en-aefyt-enero-2021\/\"]}]},{\"@type\":\"ImageObject\",\"inLanguage\":\"es\",\"@id\":\"https:\/\/www.actecir.cat\/es\/1er-encuentro-virtual-gratuito-en-aefyt-enero-2021\/#primaryimage\",\"url\":\"https:\/\/www.actecir.cat\/wp-content\/uploads\/2023\/05\/aefyt_encuentro-virtual.jpg\",\"contentUrl\":\"https:\/\/www.actecir.cat\/wp-content\/uploads\/2023\/05\/aefyt_encuentro-virtual.jpg\",\"width\":600,\"height\":400},{\"@type\":\"BreadcrumbList\",\"@id\":\"https:\/\/www.actecir.cat\/es\/1er-encuentro-virtual-gratuito-en-aefyt-enero-2021\/#breadcrumb\",\"itemListElement\":[{\"@type\":\"ListItem\",\"position\":1,\"name\":\"Inici\",\"item\":\"https:\/\/www.actecir.cat\/es\/\"},{\"@type\":\"ListItem\",\"position\":2,\"name\":\"1er Encuentro Virtual Gratuito en AEFYT Enero 2021\"}]},{\"@type\":\"WebSite\",\"@id\":\"https:\/\/www.actecir.cat\/#website\",\"url\":\"https:\/\/www.actecir.cat\/\",\"name\":\"Actecir\",\"description\":\"Associaci\u00f3 Catalana de T\u00e8cnics en Energia, Climatitzaci\u00f3 i Refrigeraci\u00f3\",\"publisher\":{\"@id\":\"https:\/\/www.actecir.cat\/#organization\"},\"potentialAction\":[{\"@type\":\"SearchAction\",\"target\":{\"@type\":\"EntryPoint\",\"urlTemplate\":\"https:\/\/www.actecir.cat\/?s={search_term_string}\"},\"query-input\":{\"@type\":\"PropertyValueSpecification\",\"valueRequired\":true,\"valueName\":\"search_term_string\"}}],\"inLanguage\":\"es\"},{\"@type\":\"Organization\",\"@id\":\"https:\/\/www.actecir.cat\/#organization\",\"name\":\"Actecir\",\"url\":\"https:\/\/www.actecir.cat\/\",\"logo\":{\"@type\":\"ImageObject\",\"inLanguage\":\"es\",\"@id\":\"https:\/\/www.actecir.cat\/#\/schema\/logo\/image\/\",\"url\":\"https:\/\/www.actecir.cat\/wp-content\/uploads\/2023\/04\/cropped-logo_actecir_60_alto.png\",\"contentUrl\":\"https:\/\/www.actecir.cat\/wp-content\/uploads\/2023\/04\/cropped-logo_actecir_60_alto.png\",\"width\":283,\"height\":80,\"caption\":\"Actecir\"},\"image\":{\"@id\":\"https:\/\/www.actecir.cat\/#\/schema\/logo\/image\/\"},\"sameAs\":[\"https:\/\/x.com\/actecir\",\"https:\/\/www.linkedin.com\/company\/actecir\"]},{\"@type\":\"Person\",\"@id\":\"https:\/\/www.actecir.cat\/#\/schema\/person\/42edd02f0b1d55e19444428c5d321413\",\"name\":\"Soporte web\",\"sameAs\":[\"https:\/\/www.actecir.cat\"],\"url\":\"https:\/\/www.actecir.cat\/es\/author\/maensystems\/\"}]}<\/script>\n<!-- \/ Yoast SEO plugin. -->","yoast_head_json":{"title":"1er Encuentro Virtual Gratuito en AEFYT Enero 2021 - Actecir","robots":{"index":"index","follow":"follow","max-snippet":"max-snippet:-1","max-image-preview":"max-image-preview:large","max-video-preview":"max-video-preview:-1"},"canonical":"https:\/\/www.actecir.cat\/es\/1er-encuentro-virtual-gratuito-en-aefyt-enero-2021\/","og_locale":"es_ES","og_type":"article","og_title":"1er Encuentro Virtual Gratuito en AEFYT Enero 2021 - Actecir","og_description":"Fecha: 14 enero a las 17:00 horas","og_url":"https:\/\/www.actecir.cat\/es\/1er-encuentro-virtual-gratuito-en-aefyt-enero-2021\/","og_site_name":"Actecir","article_published_time":"2021-01-11T10:42:57+00:00","article_modified_time":"2023-07-07T14:05:10+00:00","og_image":[{"width":600,"height":400,"url":"https:\/\/www.actecir.cat\/wp-content\/uploads\/2023\/05\/aefyt_encuentro-virtual.jpg","type":"image\/jpeg"}],"author":"Soporte web","twitter_card":"summary_large_image","twitter_creator":"@actecir","twitter_site":"@actecir","twitter_misc":{"Escrito por":"Soporte web","Tiempo de lectura":"1 minuto"},"schema":{"@context":"https:\/\/schema.org","@graph":[{"@type":"Article","@id":"https:\/\/www.actecir.cat\/es\/1er-encuentro-virtual-gratuito-en-aefyt-enero-2021\/#article","isPartOf":{"@id":"https:\/\/www.actecir.cat\/es\/1er-encuentro-virtual-gratuito-en-aefyt-enero-2021\/"},"author":{"name":"Soporte web","@id":"https:\/\/www.actecir.cat\/#\/schema\/person\/42edd02f0b1d55e19444428c5d321413"},"headline":"1er Encuentro Virtual Gratuito en AEFYT Enero 2021","datePublished":"2021-01-11T10:42:57+00:00","dateModified":"2023-07-07T14:05:10+00:00","mainEntityOfPage":{"@id":"https:\/\/www.actecir.cat\/es\/1er-encuentro-virtual-gratuito-en-aefyt-enero-2021\/"},"wordCount":184,"publisher":{"@id":"https:\/\/www.actecir.cat\/#organization"},"image":{"@id":"https:\/\/www.actecir.cat\/es\/1er-encuentro-virtual-gratuito-en-aefyt-enero-2021\/#primaryimage"},"thumbnailUrl":"https:\/\/www.actecir.cat\/wp-content\/uploads\/2023\/05\/aefyt_encuentro-virtual.jpg","articleSection":["Noticias"],"inLanguage":"es"},{"@type":"WebPage","@id":"https:\/\/www.actecir.cat\/es\/1er-encuentro-virtual-gratuito-en-aefyt-enero-2021\/","url":"https:\/\/www.actecir.cat\/es\/1er-encuentro-virtual-gratuito-en-aefyt-enero-2021\/","name":"1er Encuentro Virtual Gratuito en AEFYT Enero 2021 - Actecir","isPartOf":{"@id":"https:\/\/www.actecir.cat\/#website"},"primaryImageOfPage":{"@id":"https:\/\/www.actecir.cat\/es\/1er-encuentro-virtual-gratuito-en-aefyt-enero-2021\/#primaryimage"},"image":{"@id":"https:\/\/www.actecir.cat\/es\/1er-encuentro-virtual-gratuito-en-aefyt-enero-2021\/#primaryimage"},"thumbnailUrl":"https:\/\/www.actecir.cat\/wp-content\/uploads\/2023\/05\/aefyt_encuentro-virtual.jpg","datePublished":"2021-01-11T10:42:57+00:00","dateModified":"2023-07-07T14:05:10+00:00","breadcrumb":{"@id":"https:\/\/www.actecir.cat\/es\/1er-encuentro-virtual-gratuito-en-aefyt-enero-2021\/#breadcrumb"},"inLanguage":"es","potentialAction":[{"@type":"ReadAction","target":["https:\/\/www.actecir.cat\/es\/1er-encuentro-virtual-gratuito-en-aefyt-enero-2021\/"]}]},{"@type":"ImageObject","inLanguage":"es","@id":"https:\/\/www.actecir.cat\/es\/1er-encuentro-virtual-gratuito-en-aefyt-enero-2021\/#primaryimage","url":"https:\/\/www.actecir.cat\/wp-content\/uploads\/2023\/05\/aefyt_encuentro-virtual.jpg","contentUrl":"https:\/\/www.actecir.cat\/wp-content\/uploads\/2023\/05\/aefyt_encuentro-virtual.jpg","width":600,"height":400},{"@type":"BreadcrumbList","@id":"https:\/\/www.actecir.cat\/es\/1er-encuentro-virtual-gratuito-en-aefyt-enero-2021\/#breadcrumb","itemListElement":[{"@type":"ListItem","position":1,"name":"Inici","item":"https:\/\/www.actecir.cat\/es\/"},{"@type":"ListItem","position":2,"name":"1er Encuentro Virtual Gratuito en AEFYT Enero 2021"}]},{"@type":"WebSite","@id":"https:\/\/www.actecir.cat\/#website","url":"https:\/\/www.actecir.cat\/","name":"Actecir","description":"Associaci\u00f3 Catalana de T\u00e8cnics en Energia, Climatitzaci\u00f3 i Refrigeraci\u00f3","publisher":{"@id":"https:\/\/www.actecir.cat\/#organization"},"potentialAction":[{"@type":"SearchAction","target":{"@type":"EntryPoint","urlTemplate":"https:\/\/www.actecir.cat\/?s={search_term_string}"},"query-input":{"@type":"PropertyValueSpecification","valueRequired":true,"valueName":"search_term_string"}}],"inLanguage":"es"},{"@type":"Organization","@id":"https:\/\/www.actecir.cat\/#organization","name":"Actecir","url":"https:\/\/www.actecir.cat\/","logo":{"@type":"ImageObject","inLanguage":"es","@id":"https:\/\/www.actecir.cat\/#\/schema\/logo\/image\/","url":"https:\/\/www.actecir.cat\/wp-content\/uploads\/2023\/04\/cropped-logo_actecir_60_alto.png","contentUrl":"https:\/\/www.actecir.cat\/wp-content\/uploads\/2023\/04\/cropped-logo_actecir_60_alto.png","width":283,"height":80,"caption":"Actecir"},"image":{"@id":"https:\/\/www.actecir.cat\/#\/schema\/logo\/image\/"},"sameAs":["https:\/\/x.com\/actecir","https:\/\/www.linkedin.com\/company\/actecir"]},{"@type":"Person","@id":"https:\/\/www.actecir.cat\/#\/schema\/person\/42edd02f0b1d55e19444428c5d321413","name":"Soporte web","sameAs":["https:\/\/www.actecir.cat"],"url":"https:\/\/www.actecir.cat\/es\/author\/maensystems\/"}]}},"_links":{"self":[{"href":"https:\/\/www.actecir.cat\/es\/wp-json\/wp\/v2\/posts\/5899","targetHints":{"allow":["GET"]}}],"collection":[{"href":"https:\/\/www.actecir.cat\/es\/wp-json\/wp\/v2\/posts"}],"about":[{"href":"https:\/\/www.actecir.cat\/es\/wp-json\/wp\/v2\/types\/post"}],"author":[{"embeddable":true,"href":"https:\/\/www.actecir.cat\/es\/wp-json\/wp\/v2\/users\/1"}],"replies":[{"embeddable":true,"href":"https:\/\/www.actecir.cat\/es\/wp-json\/wp\/v2\/comments?post=5899"}],"version-history":[{"count":2,"href":"https:\/\/www.actecir.cat\/es\/wp-json\/wp\/v2\/posts\/5899\/revisions"}],"predecessor-version":[{"id":11540,"href":"https:\/\/www.actecir.cat\/es\/wp-json\/wp\/v2\/posts\/5899\/revisions\/11540"}],"wp:featuredmedia":[{"embeddable":true,"href":"https:\/\/www.actecir.cat\/es\/wp-json\/wp\/v2\/media\/5897"}],"wp:attachment":[{"href":"https:\/\/www.actecir.cat\/es\/wp-json\/wp\/v2\/media?parent=5899"}],"wp:term":[{"taxonomy":"category","embeddable":true,"href":"https:\/\/www.actecir.cat\/es\/wp-json\/wp\/v2\/categories?post=5899"},{"taxonomy":"post_tag","embeddable":true,"href":"https:\/\/www.actecir.cat\/es\/wp-json\/wp\/v2\/tags?post=5899"}],"curies":[{"name":"wp","href":"https:\/\/api.w.org\/{rel}","templated":true}]}}