{"id":5906,"date":"2021-01-04T11:44:40","date_gmt":"2021-01-04T10:44:40","guid":{"rendered":"https:\/\/www.actecir.cat\/?p=5906"},"modified":"2023-05-10T11:45:52","modified_gmt":"2023-05-10T09:45:52","slug":"susana-rodriguez-asume-la-presidencia-de-aefyt","status":"publish","type":"post","link":"https:\/\/www.actecir.cat\/es\/susana-rodriguez-asume-la-presidencia-de-aefyt\/","title":{"rendered":"Susana Rodr\u00edguez asume la presidencia de AEFYT"},"content":{"rendered":"<p>Fecha: 18 de diciembre<\/p>\n<p>Susana Rodr\u00edguez, como representante del Grupo Asofr\u00edo,\u00a0<strong>ha sido nombrada presidenta de AEFYT,<\/strong>\u00a0Asociaci\u00f3n de Empresas del Fr\u00edo y sus Tecnolog\u00edas, en el Consejo Rector celebrado esta semana. Susana toma el relevo de Roberto Solsona, quien ha ocupado el cargo desde 2011.<\/p>\n<p>Entre los principales objetivos de la nueva presidencia destaca\u00a0<strong>ahondar en el conocimiento y el desarrollo tecnol\u00f3gico de las diferentes tecnolog\u00edas del fr\u00edo; as\u00ed como, acompa\u00f1ar a los asociados en la sostenibilidad y la digitalizaci\u00f3n del sector<\/strong>. Adem\u00e1s, la presidencia femenina dar\u00e1 tambi\u00e9n un nuevo impulso a la visibilidad de la mujer en la lucha contra la brecha de g\u00e9nero.<\/p>\n<p>En esta nueva etapa,\u00a0<strong>se busca resaltar la diversidad de los grupos subsectoriales<\/strong>\u00a0que, como representantes de toda la cadena de valor de la refrigeraci\u00f3n, forman la asociaci\u00f3n, dando a la misma un impulso marcado por la agilidad, la eficacia y la transparencia. Todo ello, pensando en el beneficio del asociado \u2013grandes y peque\u00f1as empresas- y del sector en su conjunto.<\/p>\n<p>\u201c<em>Me gustar\u00eda agradecer a todas las empresas la confianza puesta en nosotros, as\u00ed como a Roberto su dedicaci\u00f3n estos a\u00f1os al mando de la asociaci\u00f3n, convirti\u00e9ndola en una entidad fuerte y representativa dentro de nuestro sector<\/em>\u201d, dijo\u00a0<strong>Susana Rodr\u00edguez<\/strong>. \u201c<em><strong>Tenemos la oportunidad de que el sector del fr\u00edo lidere los grandes cambios a los que nos enfrentamos como sociedad y como econom\u00eda: la sostenibilidad, la digitalizaci\u00f3n y la eliminaci\u00f3n de la brecha de g\u00e9nero.<\/strong>\u00a0Para ello, es muy importante que el conjunto de la cadena de valor representada en los grupos subsectoriales de AEFYT trabaje unida, como ha hecho hasta ahora. Nuestra asociaci\u00f3n agrupa el mayor conocimiento global del sector del fr\u00edo, esta fortaleza nos conducir\u00e1 a todos hacia el futuro<\/em>, a\u00f1adi\u00f3.<\/p>\n<p>Con m\u00e1s de 25 a\u00f1os de experiencia en el sector de la refrigeraci\u00f3n, Susana Rodr\u00edguez es directora general de Friex desde 2010 y presidenta de Asofr\u00edo desde 2013. Ha ocupado desde 2016 a\u00f1os una de las vicepresidencias de AEFYT como representante de Asofr\u00edo.<\/p>\n","protected":false},"excerpt":{"rendered":"<p>Fecha: 18 de diciembre<\/p>\n","protected":false},"author":1,"featured_media":5903,"comment_status":"closed","ping_status":"closed","sticky":false,"template":"","format":"standard","meta":{"footnotes":""},"categories":[25],"tags":[],"class_list":["post-5906","post","type-post","status-publish","format-standard","has-post-thumbnail","hentry","category-noticias"],"yoast_head":"<!-- This site is optimized with the Yoast SEO plugin v27.2 - https:\/\/yoast.com\/product\/yoast-seo-wordpress\/ -->\n<title>Susana Rodr\u00edguez asume la presidencia de AEFYT - Actecir<\/title>\n<meta name=\"robots\" content=\"index, follow, max-snippet:-1, max-image-preview:large, max-video-preview:-1\" \/>\n<link rel=\"canonical\" href=\"https:\/\/www.actecir.cat\/es\/susana-rodriguez-asume-la-presidencia-de-aefyt\/\" \/>\n<meta property=\"og:locale\" content=\"es_ES\" \/>\n<meta property=\"og:type\" content=\"article\" \/>\n<meta property=\"og:title\" content=\"Susana Rodr\u00edguez asume la presidencia de AEFYT - Actecir\" \/>\n<meta property=\"og:description\" content=\"Fecha: 18 de diciembre\" \/>\n<meta property=\"og:url\" content=\"https:\/\/www.actecir.cat\/es\/susana-rodriguez-asume-la-presidencia-de-aefyt\/\" \/>\n<meta property=\"og:site_name\" content=\"Actecir\" \/>\n<meta property=\"article:published_time\" content=\"2021-01-04T10:44:40+00:00\" \/>\n<meta property=\"article:modified_time\" content=\"2023-05-10T09:45:52+00:00\" \/>\n<meta property=\"og:image\" content=\"https:\/\/www.actecir.cat\/wp-content\/uploads\/2023\/05\/Aefyt-web.jpg\" \/>\n\t<meta property=\"og:image:width\" content=\"600\" \/>\n\t<meta property=\"og:image:height\" content=\"400\" \/>\n\t<meta property=\"og:image:type\" content=\"image\/jpeg\" \/>\n<meta name=\"author\" content=\"Soporte web\" \/>\n<meta name=\"twitter:card\" content=\"summary_large_image\" \/>\n<meta name=\"twitter:creator\" content=\"@actecir\" \/>\n<meta name=\"twitter:site\" content=\"@actecir\" \/>\n<meta name=\"twitter:label1\" content=\"Escrito por\" \/>\n\t<meta name=\"twitter:data1\" content=\"Soporte web\" \/>\n\t<meta name=\"twitter:label2\" content=\"Tiempo de lectura\" \/>\n\t<meta name=\"twitter:data2\" content=\"2 minutos\" \/>\n<script type=\"application\/ld+json\" class=\"yoast-schema-graph\">{\"@context\":\"https:\/\/schema.org\",\"@graph\":[{\"@type\":\"Article\",\"@id\":\"https:\/\/www.actecir.cat\/es\/susana-rodriguez-asume-la-presidencia-de-aefyt\/#article\",\"isPartOf\":{\"@id\":\"https:\/\/www.actecir.cat\/es\/susana-rodriguez-asume-la-presidencia-de-aefyt\/\"},\"author\":{\"name\":\"Soporte web\",\"@id\":\"https:\/\/www.actecir.cat\/#\/schema\/person\/42edd02f0b1d55e19444428c5d321413\"},\"headline\":\"Susana Rodr\u00edguez asume la presidencia de AEFYT\",\"datePublished\":\"2021-01-04T10:44:40+00:00\",\"dateModified\":\"2023-05-10T09:45:52+00:00\",\"mainEntityOfPage\":{\"@id\":\"https:\/\/www.actecir.cat\/es\/susana-rodriguez-asume-la-presidencia-de-aefyt\/\"},\"wordCount\":371,\"publisher\":{\"@id\":\"https:\/\/www.actecir.cat\/#organization\"},\"image\":{\"@id\":\"https:\/\/www.actecir.cat\/es\/susana-rodriguez-asume-la-presidencia-de-aefyt\/#primaryimage\"},\"thumbnailUrl\":\"https:\/\/www.actecir.cat\/wp-content\/uploads\/2023\/05\/Aefyt-web.jpg\",\"articleSection\":[\"Noticias\"],\"inLanguage\":\"es\"},{\"@type\":\"WebPage\",\"@id\":\"https:\/\/www.actecir.cat\/es\/susana-rodriguez-asume-la-presidencia-de-aefyt\/\",\"url\":\"https:\/\/www.actecir.cat\/es\/susana-rodriguez-asume-la-presidencia-de-aefyt\/\",\"name\":\"Susana Rodr\u00edguez asume la presidencia de AEFYT - Actecir\",\"isPartOf\":{\"@id\":\"https:\/\/www.actecir.cat\/#website\"},\"primaryImageOfPage\":{\"@id\":\"https:\/\/www.actecir.cat\/es\/susana-rodriguez-asume-la-presidencia-de-aefyt\/#primaryimage\"},\"image\":{\"@id\":\"https:\/\/www.actecir.cat\/es\/susana-rodriguez-asume-la-presidencia-de-aefyt\/#primaryimage\"},\"thumbnailUrl\":\"https:\/\/www.actecir.cat\/wp-content\/uploads\/2023\/05\/Aefyt-web.jpg\",\"datePublished\":\"2021-01-04T10:44:40+00:00\",\"dateModified\":\"2023-05-10T09:45:52+00:00\",\"breadcrumb\":{\"@id\":\"https:\/\/www.actecir.cat\/es\/susana-rodriguez-asume-la-presidencia-de-aefyt\/#breadcrumb\"},\"inLanguage\":\"es\",\"potentialAction\":[{\"@type\":\"ReadAction\",\"target\":[\"https:\/\/www.actecir.cat\/es\/susana-rodriguez-asume-la-presidencia-de-aefyt\/\"]}]},{\"@type\":\"ImageObject\",\"inLanguage\":\"es\",\"@id\":\"https:\/\/www.actecir.cat\/es\/susana-rodriguez-asume-la-presidencia-de-aefyt\/#primaryimage\",\"url\":\"https:\/\/www.actecir.cat\/wp-content\/uploads\/2023\/05\/Aefyt-web.jpg\",\"contentUrl\":\"https:\/\/www.actecir.cat\/wp-content\/uploads\/2023\/05\/Aefyt-web.jpg\",\"width\":600,\"height\":400},{\"@type\":\"BreadcrumbList\",\"@id\":\"https:\/\/www.actecir.cat\/es\/susana-rodriguez-asume-la-presidencia-de-aefyt\/#breadcrumb\",\"itemListElement\":[{\"@type\":\"ListItem\",\"position\":1,\"name\":\"Inici\",\"item\":\"https:\/\/www.actecir.cat\/es\/\"},{\"@type\":\"ListItem\",\"position\":2,\"name\":\"Susana Rodr\u00edguez asume la presidencia de AEFYT\"}]},{\"@type\":\"WebSite\",\"@id\":\"https:\/\/www.actecir.cat\/#website\",\"url\":\"https:\/\/www.actecir.cat\/\",\"name\":\"Actecir\",\"description\":\"Associaci\u00f3 Catalana de T\u00e8cnics en Energia, Climatitzaci\u00f3 i Refrigeraci\u00f3\",\"publisher\":{\"@id\":\"https:\/\/www.actecir.cat\/#organization\"},\"potentialAction\":[{\"@type\":\"SearchAction\",\"target\":{\"@type\":\"EntryPoint\",\"urlTemplate\":\"https:\/\/www.actecir.cat\/?s={search_term_string}\"},\"query-input\":{\"@type\":\"PropertyValueSpecification\",\"valueRequired\":true,\"valueName\":\"search_term_string\"}}],\"inLanguage\":\"es\"},{\"@type\":\"Organization\",\"@id\":\"https:\/\/www.actecir.cat\/#organization\",\"name\":\"Actecir\",\"url\":\"https:\/\/www.actecir.cat\/\",\"logo\":{\"@type\":\"ImageObject\",\"inLanguage\":\"es\",\"@id\":\"https:\/\/www.actecir.cat\/#\/schema\/logo\/image\/\",\"url\":\"https:\/\/www.actecir.cat\/wp-content\/uploads\/2023\/04\/cropped-logo_actecir_60_alto.png\",\"contentUrl\":\"https:\/\/www.actecir.cat\/wp-content\/uploads\/2023\/04\/cropped-logo_actecir_60_alto.png\",\"width\":283,\"height\":80,\"caption\":\"Actecir\"},\"image\":{\"@id\":\"https:\/\/www.actecir.cat\/#\/schema\/logo\/image\/\"},\"sameAs\":[\"https:\/\/x.com\/actecir\",\"https:\/\/www.linkedin.com\/company\/actecir\"]},{\"@type\":\"Person\",\"@id\":\"https:\/\/www.actecir.cat\/#\/schema\/person\/42edd02f0b1d55e19444428c5d321413\",\"name\":\"Soporte web\",\"sameAs\":[\"https:\/\/www.actecir.cat\"],\"url\":\"https:\/\/www.actecir.cat\/es\/author\/maensystems\/\"}]}<\/script>\n<!-- \/ Yoast SEO plugin. -->","yoast_head_json":{"title":"Susana Rodr\u00edguez asume la presidencia de AEFYT - Actecir","robots":{"index":"index","follow":"follow","max-snippet":"max-snippet:-1","max-image-preview":"max-image-preview:large","max-video-preview":"max-video-preview:-1"},"canonical":"https:\/\/www.actecir.cat\/es\/susana-rodriguez-asume-la-presidencia-de-aefyt\/","og_locale":"es_ES","og_type":"article","og_title":"Susana Rodr\u00edguez asume la presidencia de AEFYT - Actecir","og_description":"Fecha: 18 de diciembre","og_url":"https:\/\/www.actecir.cat\/es\/susana-rodriguez-asume-la-presidencia-de-aefyt\/","og_site_name":"Actecir","article_published_time":"2021-01-04T10:44:40+00:00","article_modified_time":"2023-05-10T09:45:52+00:00","og_image":[{"width":600,"height":400,"url":"https:\/\/www.actecir.cat\/wp-content\/uploads\/2023\/05\/Aefyt-web.jpg","type":"image\/jpeg"}],"author":"Soporte web","twitter_card":"summary_large_image","twitter_creator":"@actecir","twitter_site":"@actecir","twitter_misc":{"Escrito por":"Soporte web","Tiempo de lectura":"2 minutos"},"schema":{"@context":"https:\/\/schema.org","@graph":[{"@type":"Article","@id":"https:\/\/www.actecir.cat\/es\/susana-rodriguez-asume-la-presidencia-de-aefyt\/#article","isPartOf":{"@id":"https:\/\/www.actecir.cat\/es\/susana-rodriguez-asume-la-presidencia-de-aefyt\/"},"author":{"name":"Soporte web","@id":"https:\/\/www.actecir.cat\/#\/schema\/person\/42edd02f0b1d55e19444428c5d321413"},"headline":"Susana Rodr\u00edguez asume la presidencia de AEFYT","datePublished":"2021-01-04T10:44:40+00:00","dateModified":"2023-05-10T09:45:52+00:00","mainEntityOfPage":{"@id":"https:\/\/www.actecir.cat\/es\/susana-rodriguez-asume-la-presidencia-de-aefyt\/"},"wordCount":371,"publisher":{"@id":"https:\/\/www.actecir.cat\/#organization"},"image":{"@id":"https:\/\/www.actecir.cat\/es\/susana-rodriguez-asume-la-presidencia-de-aefyt\/#primaryimage"},"thumbnailUrl":"https:\/\/www.actecir.cat\/wp-content\/uploads\/2023\/05\/Aefyt-web.jpg","articleSection":["Noticias"],"inLanguage":"es"},{"@type":"WebPage","@id":"https:\/\/www.actecir.cat\/es\/susana-rodriguez-asume-la-presidencia-de-aefyt\/","url":"https:\/\/www.actecir.cat\/es\/susana-rodriguez-asume-la-presidencia-de-aefyt\/","name":"Susana Rodr\u00edguez asume la presidencia de AEFYT - Actecir","isPartOf":{"@id":"https:\/\/www.actecir.cat\/#website"},"primaryImageOfPage":{"@id":"https:\/\/www.actecir.cat\/es\/susana-rodriguez-asume-la-presidencia-de-aefyt\/#primaryimage"},"image":{"@id":"https:\/\/www.actecir.cat\/es\/susana-rodriguez-asume-la-presidencia-de-aefyt\/#primaryimage"},"thumbnailUrl":"https:\/\/www.actecir.cat\/wp-content\/uploads\/2023\/05\/Aefyt-web.jpg","datePublished":"2021-01-04T10:44:40+00:00","dateModified":"2023-05-10T09:45:52+00:00","breadcrumb":{"@id":"https:\/\/www.actecir.cat\/es\/susana-rodriguez-asume-la-presidencia-de-aefyt\/#breadcrumb"},"inLanguage":"es","potentialAction":[{"@type":"ReadAction","target":["https:\/\/www.actecir.cat\/es\/susana-rodriguez-asume-la-presidencia-de-aefyt\/"]}]},{"@type":"ImageObject","inLanguage":"es","@id":"https:\/\/www.actecir.cat\/es\/susana-rodriguez-asume-la-presidencia-de-aefyt\/#primaryimage","url":"https:\/\/www.actecir.cat\/wp-content\/uploads\/2023\/05\/Aefyt-web.jpg","contentUrl":"https:\/\/www.actecir.cat\/wp-content\/uploads\/2023\/05\/Aefyt-web.jpg","width":600,"height":400},{"@type":"BreadcrumbList","@id":"https:\/\/www.actecir.cat\/es\/susana-rodriguez-asume-la-presidencia-de-aefyt\/#breadcrumb","itemListElement":[{"@type":"ListItem","position":1,"name":"Inici","item":"https:\/\/www.actecir.cat\/es\/"},{"@type":"ListItem","position":2,"name":"Susana Rodr\u00edguez asume la presidencia de AEFYT"}]},{"@type":"WebSite","@id":"https:\/\/www.actecir.cat\/#website","url":"https:\/\/www.actecir.cat\/","name":"Actecir","description":"Associaci\u00f3 Catalana de T\u00e8cnics en Energia, Climatitzaci\u00f3 i Refrigeraci\u00f3","publisher":{"@id":"https:\/\/www.actecir.cat\/#organization"},"potentialAction":[{"@type":"SearchAction","target":{"@type":"EntryPoint","urlTemplate":"https:\/\/www.actecir.cat\/?s={search_term_string}"},"query-input":{"@type":"PropertyValueSpecification","valueRequired":true,"valueName":"search_term_string"}}],"inLanguage":"es"},{"@type":"Organization","@id":"https:\/\/www.actecir.cat\/#organization","name":"Actecir","url":"https:\/\/www.actecir.cat\/","logo":{"@type":"ImageObject","inLanguage":"es","@id":"https:\/\/www.actecir.cat\/#\/schema\/logo\/image\/","url":"https:\/\/www.actecir.cat\/wp-content\/uploads\/2023\/04\/cropped-logo_actecir_60_alto.png","contentUrl":"https:\/\/www.actecir.cat\/wp-content\/uploads\/2023\/04\/cropped-logo_actecir_60_alto.png","width":283,"height":80,"caption":"Actecir"},"image":{"@id":"https:\/\/www.actecir.cat\/#\/schema\/logo\/image\/"},"sameAs":["https:\/\/x.com\/actecir","https:\/\/www.linkedin.com\/company\/actecir"]},{"@type":"Person","@id":"https:\/\/www.actecir.cat\/#\/schema\/person\/42edd02f0b1d55e19444428c5d321413","name":"Soporte web","sameAs":["https:\/\/www.actecir.cat"],"url":"https:\/\/www.actecir.cat\/es\/author\/maensystems\/"}]}},"_links":{"self":[{"href":"https:\/\/www.actecir.cat\/es\/wp-json\/wp\/v2\/posts\/5906","targetHints":{"allow":["GET"]}}],"collection":[{"href":"https:\/\/www.actecir.cat\/es\/wp-json\/wp\/v2\/posts"}],"about":[{"href":"https:\/\/www.actecir.cat\/es\/wp-json\/wp\/v2\/types\/post"}],"author":[{"embeddable":true,"href":"https:\/\/www.actecir.cat\/es\/wp-json\/wp\/v2\/users\/1"}],"replies":[{"embeddable":true,"href":"https:\/\/www.actecir.cat\/es\/wp-json\/wp\/v2\/comments?post=5906"}],"version-history":[{"count":1,"href":"https:\/\/www.actecir.cat\/es\/wp-json\/wp\/v2\/posts\/5906\/revisions"}],"predecessor-version":[{"id":5907,"href":"https:\/\/www.actecir.cat\/es\/wp-json\/wp\/v2\/posts\/5906\/revisions\/5907"}],"wp:featuredmedia":[{"embeddable":true,"href":"https:\/\/www.actecir.cat\/es\/wp-json\/wp\/v2\/media\/5903"}],"wp:attachment":[{"href":"https:\/\/www.actecir.cat\/es\/wp-json\/wp\/v2\/media?parent=5906"}],"wp:term":[{"taxonomy":"category","embeddable":true,"href":"https:\/\/www.actecir.cat\/es\/wp-json\/wp\/v2\/categories?post=5906"},{"taxonomy":"post_tag","embeddable":true,"href":"https:\/\/www.actecir.cat\/es\/wp-json\/wp\/v2\/tags?post=5906"}],"curies":[{"name":"wp","href":"https:\/\/api.w.org\/{rel}","templated":true}]}}