{"id":5912,"date":"2020-12-11T11:46:32","date_gmt":"2020-12-11T10:46:32","guid":{"rendered":"https:\/\/www.actecir.cat\/?p=5912"},"modified":"2023-07-07T16:05:08","modified_gmt":"2023-07-07T14:05:08","slug":"ayudas-a-la-industria-para-la-eficiencia-energetica-idae-fnee","status":"publish","type":"post","link":"https:\/\/www.actecir.cat\/es\/ayudas-a-la-industria-para-la-eficiencia-energetica-idae-fnee\/","title":{"rendered":"Ayudas a la industria para la eficiencia energ\u00e9tica. (IDAE-FNEE)"},"content":{"rendered":"<p>Fecha l\u00edmite solicitud: 31 diciembre<\/p>\n<p>L\u00ednea de ayudas de 48 millones de euros para actuaciones de eficiencia energ\u00e9tica en PYME y gran empresa para el sector industrial regulado por las bases publicadas en el Real Decreto 263\/2019, de 12 de abril.<\/p>\n<p>El principal objetivo es que Catalu\u00f1a alcance en 2050 una econom\u00eda y una sociedad de baja intensidad en el consumo de recursos materiales, baja intensidad energ\u00e9tica y neutralidad carb\u00f3nica. Objetivos fijados en el horizonte 2030 desglosados \u200b\u200ben:<\/p>\n<ul>\n<li>Que un 32% del consumo bruto de energ\u00eda final sea de energ\u00eda de origen renovable,<\/li>\n<li>Conseguir un 32,5% de mejora en eficiencia energ\u00e9tica en comparaci\u00f3n con las proyecciones de futuro del consumo de energ\u00eda.<\/li>\n<li>Reducir las emisiones de gases de efecto invernadero un 40% en relaci\u00f3n a las emisiones de 1990.<\/li>\n<\/ul>\n<p>Hasta el 31 de diciembre de 2020 hay tiempo para que el sector industrial presente sus proyectos que han de fomentar la descarbonizaci\u00f3n de todos los sectores consumidores y con especial relevancia, el ahorro de energ\u00eda, la eficiencia energ\u00e9tica, el aprovechamiento de energ\u00edas t\u00e9rmicas del entorno y el incremento de productividad con el mismo consumo energ\u00e9tico<\/p>\n<p>El fondo est\u00e1n gestionados por el IDAE (Instituto para la Diversificaci\u00f3n y Ahorro de la Energ\u00eda) provenientes del Fondo Europeo de Desarrollo Regional; y en Catalu\u00f1a son gestionados por el ICAEN.<\/p>\n<p>Los beneficiarios de las subvenciones son pymes y grandes empresas del sector industrial. Tambi\u00e9n lo son las empresas de servicios energ\u00e9ticos (ESE) que act\u00faan en funci\u00f3n de un contrato de servicios energ\u00e9ticos con alguna de las empresas indicadas.<\/p>\n<p><strong>Accede aqu\u00ed para toda la informaci\u00f3n:<\/strong><\/p>\n<p><a href=\"https:\/\/icaen.gencat.cat\/es\/energia\/ajuts\/pime-i-industria\/idae-programa-dajuts-per-actuacions-deficiencia-energetica-en-pime-i-gran-empresa-del-sector-industrial-00001\/index.html\">http:\/\/icaen.gencat.cat\/es\/energia\/ajuts\/pime-i-industria\/idae-programa-dajuts-per-actuacions-deficiencia-energetica-en-pime-i-gran-empresa-del-sector-industrial-00001\/index.html<\/a><\/p>\n","protected":false},"excerpt":{"rendered":"<p>Fecha l\u00edmite solicitud: 31 diciembre<\/p>\n","protected":false},"author":1,"featured_media":5910,"comment_status":"closed","ping_status":"closed","sticky":false,"template":"","format":"standard","meta":{"footnotes":""},"categories":[25],"tags":[],"class_list":["post-5912","post","type-post","status-publish","format-standard","has-post-thumbnail","hentry","category-noticias"],"yoast_head":"<!-- This site is optimized with the Yoast SEO plugin v27.2 - https:\/\/yoast.com\/product\/yoast-seo-wordpress\/ -->\n<title>Ayudas a la industria para la eficiencia energ\u00e9tica. (IDAE-FNEE) - Actecir<\/title>\n<meta name=\"robots\" content=\"index, follow, max-snippet:-1, max-image-preview:large, max-video-preview:-1\" \/>\n<link rel=\"canonical\" href=\"https:\/\/www.actecir.cat\/es\/ayudas-a-la-industria-para-la-eficiencia-energetica-idae-fnee\/\" \/>\n<meta property=\"og:locale\" content=\"es_ES\" \/>\n<meta property=\"og:type\" content=\"article\" \/>\n<meta property=\"og:title\" content=\"Ayudas a la industria para la eficiencia energ\u00e9tica. (IDAE-FNEE) - Actecir\" \/>\n<meta property=\"og:description\" content=\"Fecha l\u00edmite solicitud: 31 diciembre\" \/>\n<meta property=\"og:url\" content=\"https:\/\/www.actecir.cat\/es\/ayudas-a-la-industria-para-la-eficiencia-energetica-idae-fnee\/\" \/>\n<meta property=\"og:site_name\" content=\"Actecir\" \/>\n<meta property=\"article:published_time\" content=\"2020-12-11T10:46:32+00:00\" \/>\n<meta property=\"article:modified_time\" content=\"2023-07-07T14:05:08+00:00\" \/>\n<meta property=\"og:image\" content=\"https:\/\/www.actecir.cat\/wp-content\/uploads\/2023\/05\/ICAEN_AjutsIndustria_web.png\" \/>\n\t<meta property=\"og:image:width\" content=\"600\" \/>\n\t<meta property=\"og:image:height\" content=\"400\" \/>\n\t<meta property=\"og:image:type\" content=\"image\/png\" \/>\n<meta name=\"author\" content=\"Soporte web\" \/>\n<meta name=\"twitter:card\" content=\"summary_large_image\" \/>\n<meta name=\"twitter:creator\" content=\"@actecir\" \/>\n<meta name=\"twitter:site\" content=\"@actecir\" \/>\n<meta name=\"twitter:label1\" content=\"Escrito por\" \/>\n\t<meta name=\"twitter:data1\" content=\"Soporte web\" \/>\n\t<meta name=\"twitter:label2\" content=\"Tiempo de lectura\" \/>\n\t<meta name=\"twitter:data2\" content=\"1 minuto\" \/>\n<script type=\"application\/ld+json\" class=\"yoast-schema-graph\">{\"@context\":\"https:\/\/schema.org\",\"@graph\":[{\"@type\":\"Article\",\"@id\":\"https:\/\/www.actecir.cat\/es\/ayudas-a-la-industria-para-la-eficiencia-energetica-idae-fnee\/#article\",\"isPartOf\":{\"@id\":\"https:\/\/www.actecir.cat\/es\/ayudas-a-la-industria-para-la-eficiencia-energetica-idae-fnee\/\"},\"author\":{\"name\":\"Soporte web\",\"@id\":\"https:\/\/www.actecir.cat\/#\/schema\/person\/42edd02f0b1d55e19444428c5d321413\"},\"headline\":\"Ayudas a la industria para la eficiencia energ\u00e9tica. (IDAE-FNEE)\",\"datePublished\":\"2020-12-11T10:46:32+00:00\",\"dateModified\":\"2023-07-07T14:05:08+00:00\",\"mainEntityOfPage\":{\"@id\":\"https:\/\/www.actecir.cat\/es\/ayudas-a-la-industria-para-la-eficiencia-energetica-idae-fnee\/\"},\"wordCount\":298,\"publisher\":{\"@id\":\"https:\/\/www.actecir.cat\/#organization\"},\"image\":{\"@id\":\"https:\/\/www.actecir.cat\/es\/ayudas-a-la-industria-para-la-eficiencia-energetica-idae-fnee\/#primaryimage\"},\"thumbnailUrl\":\"https:\/\/www.actecir.cat\/wp-content\/uploads\/2023\/05\/ICAEN_AjutsIndustria_web.png\",\"articleSection\":[\"Noticias\"],\"inLanguage\":\"es\"},{\"@type\":\"WebPage\",\"@id\":\"https:\/\/www.actecir.cat\/es\/ayudas-a-la-industria-para-la-eficiencia-energetica-idae-fnee\/\",\"url\":\"https:\/\/www.actecir.cat\/es\/ayudas-a-la-industria-para-la-eficiencia-energetica-idae-fnee\/\",\"name\":\"Ayudas a la industria para la eficiencia energ\u00e9tica. (IDAE-FNEE) - Actecir\",\"isPartOf\":{\"@id\":\"https:\/\/www.actecir.cat\/#website\"},\"primaryImageOfPage\":{\"@id\":\"https:\/\/www.actecir.cat\/es\/ayudas-a-la-industria-para-la-eficiencia-energetica-idae-fnee\/#primaryimage\"},\"image\":{\"@id\":\"https:\/\/www.actecir.cat\/es\/ayudas-a-la-industria-para-la-eficiencia-energetica-idae-fnee\/#primaryimage\"},\"thumbnailUrl\":\"https:\/\/www.actecir.cat\/wp-content\/uploads\/2023\/05\/ICAEN_AjutsIndustria_web.png\",\"datePublished\":\"2020-12-11T10:46:32+00:00\",\"dateModified\":\"2023-07-07T14:05:08+00:00\",\"breadcrumb\":{\"@id\":\"https:\/\/www.actecir.cat\/es\/ayudas-a-la-industria-para-la-eficiencia-energetica-idae-fnee\/#breadcrumb\"},\"inLanguage\":\"es\",\"potentialAction\":[{\"@type\":\"ReadAction\",\"target\":[\"https:\/\/www.actecir.cat\/es\/ayudas-a-la-industria-para-la-eficiencia-energetica-idae-fnee\/\"]}]},{\"@type\":\"ImageObject\",\"inLanguage\":\"es\",\"@id\":\"https:\/\/www.actecir.cat\/es\/ayudas-a-la-industria-para-la-eficiencia-energetica-idae-fnee\/#primaryimage\",\"url\":\"https:\/\/www.actecir.cat\/wp-content\/uploads\/2023\/05\/ICAEN_AjutsIndustria_web.png\",\"contentUrl\":\"https:\/\/www.actecir.cat\/wp-content\/uploads\/2023\/05\/ICAEN_AjutsIndustria_web.png\",\"width\":600,\"height\":400},{\"@type\":\"BreadcrumbList\",\"@id\":\"https:\/\/www.actecir.cat\/es\/ayudas-a-la-industria-para-la-eficiencia-energetica-idae-fnee\/#breadcrumb\",\"itemListElement\":[{\"@type\":\"ListItem\",\"position\":1,\"name\":\"Inici\",\"item\":\"https:\/\/www.actecir.cat\/es\/\"},{\"@type\":\"ListItem\",\"position\":2,\"name\":\"Ayudas a la industria para la eficiencia energ\u00e9tica. (IDAE-FNEE)\"}]},{\"@type\":\"WebSite\",\"@id\":\"https:\/\/www.actecir.cat\/#website\",\"url\":\"https:\/\/www.actecir.cat\/\",\"name\":\"Actecir\",\"description\":\"Associaci\u00f3 Catalana de T\u00e8cnics en Energia, Climatitzaci\u00f3 i Refrigeraci\u00f3\",\"publisher\":{\"@id\":\"https:\/\/www.actecir.cat\/#organization\"},\"potentialAction\":[{\"@type\":\"SearchAction\",\"target\":{\"@type\":\"EntryPoint\",\"urlTemplate\":\"https:\/\/www.actecir.cat\/?s={search_term_string}\"},\"query-input\":{\"@type\":\"PropertyValueSpecification\",\"valueRequired\":true,\"valueName\":\"search_term_string\"}}],\"inLanguage\":\"es\"},{\"@type\":\"Organization\",\"@id\":\"https:\/\/www.actecir.cat\/#organization\",\"name\":\"Actecir\",\"url\":\"https:\/\/www.actecir.cat\/\",\"logo\":{\"@type\":\"ImageObject\",\"inLanguage\":\"es\",\"@id\":\"https:\/\/www.actecir.cat\/#\/schema\/logo\/image\/\",\"url\":\"https:\/\/www.actecir.cat\/wp-content\/uploads\/2023\/04\/cropped-logo_actecir_60_alto.png\",\"contentUrl\":\"https:\/\/www.actecir.cat\/wp-content\/uploads\/2023\/04\/cropped-logo_actecir_60_alto.png\",\"width\":283,\"height\":80,\"caption\":\"Actecir\"},\"image\":{\"@id\":\"https:\/\/www.actecir.cat\/#\/schema\/logo\/image\/\"},\"sameAs\":[\"https:\/\/x.com\/actecir\",\"https:\/\/www.linkedin.com\/company\/actecir\"]},{\"@type\":\"Person\",\"@id\":\"https:\/\/www.actecir.cat\/#\/schema\/person\/42edd02f0b1d55e19444428c5d321413\",\"name\":\"Soporte web\",\"sameAs\":[\"https:\/\/www.actecir.cat\"],\"url\":\"https:\/\/www.actecir.cat\/es\/author\/maensystems\/\"}]}<\/script>\n<!-- \/ Yoast SEO plugin. -->","yoast_head_json":{"title":"Ayudas a la industria para la eficiencia energ\u00e9tica. (IDAE-FNEE) - Actecir","robots":{"index":"index","follow":"follow","max-snippet":"max-snippet:-1","max-image-preview":"max-image-preview:large","max-video-preview":"max-video-preview:-1"},"canonical":"https:\/\/www.actecir.cat\/es\/ayudas-a-la-industria-para-la-eficiencia-energetica-idae-fnee\/","og_locale":"es_ES","og_type":"article","og_title":"Ayudas a la industria para la eficiencia energ\u00e9tica. (IDAE-FNEE) - Actecir","og_description":"Fecha l\u00edmite solicitud: 31 diciembre","og_url":"https:\/\/www.actecir.cat\/es\/ayudas-a-la-industria-para-la-eficiencia-energetica-idae-fnee\/","og_site_name":"Actecir","article_published_time":"2020-12-11T10:46:32+00:00","article_modified_time":"2023-07-07T14:05:08+00:00","og_image":[{"width":600,"height":400,"url":"https:\/\/www.actecir.cat\/wp-content\/uploads\/2023\/05\/ICAEN_AjutsIndustria_web.png","type":"image\/png"}],"author":"Soporte web","twitter_card":"summary_large_image","twitter_creator":"@actecir","twitter_site":"@actecir","twitter_misc":{"Escrito por":"Soporte web","Tiempo de lectura":"1 minuto"},"schema":{"@context":"https:\/\/schema.org","@graph":[{"@type":"Article","@id":"https:\/\/www.actecir.cat\/es\/ayudas-a-la-industria-para-la-eficiencia-energetica-idae-fnee\/#article","isPartOf":{"@id":"https:\/\/www.actecir.cat\/es\/ayudas-a-la-industria-para-la-eficiencia-energetica-idae-fnee\/"},"author":{"name":"Soporte web","@id":"https:\/\/www.actecir.cat\/#\/schema\/person\/42edd02f0b1d55e19444428c5d321413"},"headline":"Ayudas a la industria para la eficiencia energ\u00e9tica. (IDAE-FNEE)","datePublished":"2020-12-11T10:46:32+00:00","dateModified":"2023-07-07T14:05:08+00:00","mainEntityOfPage":{"@id":"https:\/\/www.actecir.cat\/es\/ayudas-a-la-industria-para-la-eficiencia-energetica-idae-fnee\/"},"wordCount":298,"publisher":{"@id":"https:\/\/www.actecir.cat\/#organization"},"image":{"@id":"https:\/\/www.actecir.cat\/es\/ayudas-a-la-industria-para-la-eficiencia-energetica-idae-fnee\/#primaryimage"},"thumbnailUrl":"https:\/\/www.actecir.cat\/wp-content\/uploads\/2023\/05\/ICAEN_AjutsIndustria_web.png","articleSection":["Noticias"],"inLanguage":"es"},{"@type":"WebPage","@id":"https:\/\/www.actecir.cat\/es\/ayudas-a-la-industria-para-la-eficiencia-energetica-idae-fnee\/","url":"https:\/\/www.actecir.cat\/es\/ayudas-a-la-industria-para-la-eficiencia-energetica-idae-fnee\/","name":"Ayudas a la industria para la eficiencia energ\u00e9tica. (IDAE-FNEE) - Actecir","isPartOf":{"@id":"https:\/\/www.actecir.cat\/#website"},"primaryImageOfPage":{"@id":"https:\/\/www.actecir.cat\/es\/ayudas-a-la-industria-para-la-eficiencia-energetica-idae-fnee\/#primaryimage"},"image":{"@id":"https:\/\/www.actecir.cat\/es\/ayudas-a-la-industria-para-la-eficiencia-energetica-idae-fnee\/#primaryimage"},"thumbnailUrl":"https:\/\/www.actecir.cat\/wp-content\/uploads\/2023\/05\/ICAEN_AjutsIndustria_web.png","datePublished":"2020-12-11T10:46:32+00:00","dateModified":"2023-07-07T14:05:08+00:00","breadcrumb":{"@id":"https:\/\/www.actecir.cat\/es\/ayudas-a-la-industria-para-la-eficiencia-energetica-idae-fnee\/#breadcrumb"},"inLanguage":"es","potentialAction":[{"@type":"ReadAction","target":["https:\/\/www.actecir.cat\/es\/ayudas-a-la-industria-para-la-eficiencia-energetica-idae-fnee\/"]}]},{"@type":"ImageObject","inLanguage":"es","@id":"https:\/\/www.actecir.cat\/es\/ayudas-a-la-industria-para-la-eficiencia-energetica-idae-fnee\/#primaryimage","url":"https:\/\/www.actecir.cat\/wp-content\/uploads\/2023\/05\/ICAEN_AjutsIndustria_web.png","contentUrl":"https:\/\/www.actecir.cat\/wp-content\/uploads\/2023\/05\/ICAEN_AjutsIndustria_web.png","width":600,"height":400},{"@type":"BreadcrumbList","@id":"https:\/\/www.actecir.cat\/es\/ayudas-a-la-industria-para-la-eficiencia-energetica-idae-fnee\/#breadcrumb","itemListElement":[{"@type":"ListItem","position":1,"name":"Inici","item":"https:\/\/www.actecir.cat\/es\/"},{"@type":"ListItem","position":2,"name":"Ayudas a la industria para la eficiencia energ\u00e9tica. (IDAE-FNEE)"}]},{"@type":"WebSite","@id":"https:\/\/www.actecir.cat\/#website","url":"https:\/\/www.actecir.cat\/","name":"Actecir","description":"Associaci\u00f3 Catalana de T\u00e8cnics en Energia, Climatitzaci\u00f3 i Refrigeraci\u00f3","publisher":{"@id":"https:\/\/www.actecir.cat\/#organization"},"potentialAction":[{"@type":"SearchAction","target":{"@type":"EntryPoint","urlTemplate":"https:\/\/www.actecir.cat\/?s={search_term_string}"},"query-input":{"@type":"PropertyValueSpecification","valueRequired":true,"valueName":"search_term_string"}}],"inLanguage":"es"},{"@type":"Organization","@id":"https:\/\/www.actecir.cat\/#organization","name":"Actecir","url":"https:\/\/www.actecir.cat\/","logo":{"@type":"ImageObject","inLanguage":"es","@id":"https:\/\/www.actecir.cat\/#\/schema\/logo\/image\/","url":"https:\/\/www.actecir.cat\/wp-content\/uploads\/2023\/04\/cropped-logo_actecir_60_alto.png","contentUrl":"https:\/\/www.actecir.cat\/wp-content\/uploads\/2023\/04\/cropped-logo_actecir_60_alto.png","width":283,"height":80,"caption":"Actecir"},"image":{"@id":"https:\/\/www.actecir.cat\/#\/schema\/logo\/image\/"},"sameAs":["https:\/\/x.com\/actecir","https:\/\/www.linkedin.com\/company\/actecir"]},{"@type":"Person","@id":"https:\/\/www.actecir.cat\/#\/schema\/person\/42edd02f0b1d55e19444428c5d321413","name":"Soporte web","sameAs":["https:\/\/www.actecir.cat"],"url":"https:\/\/www.actecir.cat\/es\/author\/maensystems\/"}]}},"_links":{"self":[{"href":"https:\/\/www.actecir.cat\/es\/wp-json\/wp\/v2\/posts\/5912","targetHints":{"allow":["GET"]}}],"collection":[{"href":"https:\/\/www.actecir.cat\/es\/wp-json\/wp\/v2\/posts"}],"about":[{"href":"https:\/\/www.actecir.cat\/es\/wp-json\/wp\/v2\/types\/post"}],"author":[{"embeddable":true,"href":"https:\/\/www.actecir.cat\/es\/wp-json\/wp\/v2\/users\/1"}],"replies":[{"embeddable":true,"href":"https:\/\/www.actecir.cat\/es\/wp-json\/wp\/v2\/comments?post=5912"}],"version-history":[{"count":2,"href":"https:\/\/www.actecir.cat\/es\/wp-json\/wp\/v2\/posts\/5912\/revisions"}],"predecessor-version":[{"id":11524,"href":"https:\/\/www.actecir.cat\/es\/wp-json\/wp\/v2\/posts\/5912\/revisions\/11524"}],"wp:featuredmedia":[{"embeddable":true,"href":"https:\/\/www.actecir.cat\/es\/wp-json\/wp\/v2\/media\/5910"}],"wp:attachment":[{"href":"https:\/\/www.actecir.cat\/es\/wp-json\/wp\/v2\/media?parent=5912"}],"wp:term":[{"taxonomy":"category","embeddable":true,"href":"https:\/\/www.actecir.cat\/es\/wp-json\/wp\/v2\/categories?post=5912"},{"taxonomy":"post_tag","embeddable":true,"href":"https:\/\/www.actecir.cat\/es\/wp-json\/wp\/v2\/tags?post=5912"}],"curies":[{"name":"wp","href":"https:\/\/api.w.org\/{rel}","templated":true}]}}