{"id":5918,"date":"2020-12-09T11:48:28","date_gmt":"2020-12-09T10:48:28","guid":{"rendered":"https:\/\/www.actecir.cat\/?p=5918"},"modified":"2023-05-10T11:49:40","modified_gmt":"2023-05-10T09:49:40","slug":"la-transicion-energetica-a-debate-experiencias-de-implementacion-en-el-sector-industrial-en-las-comarcas-de-girona","status":"publish","type":"post","link":"https:\/\/www.actecir.cat\/es\/la-transicion-energetica-a-debate-experiencias-de-implementacion-en-el-sector-industrial-en-las-comarcas-de-girona\/","title":{"rendered":"&#8220;La transici\u00f3n energ\u00e9tica a debate: experiencias de implementaci\u00f3n en el sector industrial en las comarcas de Girona&#8221;"},"content":{"rendered":"<p>Fecha: 15 de diciembre 18:oo horas<\/p>\n<p>El Instituto Catal\u00e1n de la Energ\u00eda (ICAEN) y el Cl\u00faster de la Energ\u00eda Eficiente de Catalu\u00f1a (CEEC) organizan un ciclo de jornadas para debatir la Transici\u00f3n energ\u00e9tica en Catalu\u00f1a. Este ciclo est\u00e1 compuesto por tres jornadas:<\/p>\n<p>&#8211; La transici\u00f3n energ\u00e9tica a debate: experiencias de implementaci\u00f3n en el sector industrial en las comarcas gerundenses (12\/15\/2020)<\/p>\n<p>&#8211; La transici\u00f3n energ\u00e9tica a debate: experiencias de implementaci\u00f3n en el sector industrial en las comarcas leridanas (12\/16\/2020)<\/p>\n<p>&#8211; La transici\u00f3n energ\u00e9tica a debate: experiencias de implementaci\u00f3n en el sector industrial en las Tierras del Ebro (12\/17\/2020)<\/p>\n<p>Los colaboradores son: C\u00e1mara de Comercio de Girona C\u00e1mara de Comercio de Lleida, C\u00e1mara de Comercio de Tortosa, el Colegio de Ingenieros Industriales (demarcaciones de Girona Lleida y Tarragona), CETIG, Colegio de ingenieros t\u00e9cnicos Industriales (demarcaci\u00f3n Tarragona), AGRISEC, FEGICAT, FOEG, Gremio de instaladores de Girona y la Locomotora energ\u00e9tica y los Servicios Territoriales del Departamento de Empresa y Conocimiento en Girona Lleida y Tierras del Ebro.<\/p>\n<p><strong>PROGRAMA<\/strong><\/p>\n<p><strong>18:00 h.\u00a0 \u00a0 \u00a0 \u00a0 \u00a0Introducci\u00f3n y bienvenida<\/strong><\/p>\n<ul>\n<li>Manel Torrent. Director General de Energ\u00eda, Seguridad Industrial y Seguridad Minera y Director del Instituto Catal\u00e1n de la Energ\u00eda<\/li>\n<li>Juan Carlos Novella, jefe de la Secci\u00f3n de Actividades Radioactivas y Extractivas y Energ\u00eda.<\/li>\n<\/ul>\n<p><strong>18:30 h.\u00a0 \u00a0 \u00a0 \u00a0 \u00a0La transici\u00f3n energ\u00e9tica a debate: La visi\u00f3n de los agentes empresariales y profesionales del territorio<\/strong><\/p>\n<p>Modera: Francisco Ribera. (CEEC)<\/p>\n<ul>\n<li>Tom\u00e1s Feliu, miembro de junta Directiva y de la Comisi\u00f3n de energ\u00eda de FOEG y de la Junta Directiva de la C\u00e1mara de Comercio de Girona<\/li>\n<li>Representantes Colegios profesionales<br \/>\nIngenieros industriales. Demarcaci\u00f3n Girona (a determinar)<br \/>\nXavier Mart\u00ednez. Miembro de la Junta Directiva del CETIG<\/li>\n<li>Joan Vila. La Locomotora energ\u00e9tica (La Garrotxa)<\/li>\n<li>Xavier Ferrer. Vocal de la Agrupaci\u00f3n de Salas \u2022 Instaladores de Servicios de la Construcci\u00f3n (AGRISEC). Miembro del Comit\u00e9 Ejecutivo de FEGICAT<\/li>\n<li>Representante del Gremio de Instaladores de Girona<\/li>\n<\/ul>\n<p><strong>19:30 h.\u00a0 \u00a0 \u00a0 \u00a0 \u00a0 \u00a0Turno abierto de palabras.<\/strong><\/p>\n<p><strong>19: 45 h.\u00a0 \u00a0 \u00a0 \u00a0 \u00a0 Clausura<\/strong><\/p>\n<p>Link inscripci\u00f3n:<\/p>\n<p><a href=\"https:\/\/clusterenergia.cat\/events\/cicle-de-jornades-sobre-la-transicio-energetica-al-territori-la-transicio-energetica-a-debat-experiencies-dimplementacio-en-e\/?lang=es\">https:\/\/clusterenergia.cat\/events\/cicle-de-jornades-sobre-la-transicio-energetica-al-territori-la-transicio-energetica-a-debat-experiencies-dimplementacio-en-e\/?lang=es<\/a><\/p>\n","protected":false},"excerpt":{"rendered":"<p>Fecha: 15 de diciembre 18:oo horas<\/p>\n","protected":false},"author":1,"featured_media":5916,"comment_status":"closed","ping_status":"closed","sticky":false,"template":"","format":"standard","meta":{"footnotes":""},"categories":[25],"tags":[],"class_list":["post-5918","post","type-post","status-publish","format-standard","has-post-thumbnail","hentry","category-noticias"],"yoast_head":"<!-- This site is optimized with the Yoast SEO plugin v27.2 - https:\/\/yoast.com\/product\/yoast-seo-wordpress\/ -->\n<title>&quot;La transici\u00f3n energ\u00e9tica a debate: experiencias de implementaci\u00f3n en el sector industrial en las comarcas de Girona&quot; - Actecir<\/title>\n<meta name=\"robots\" content=\"index, follow, max-snippet:-1, max-image-preview:large, max-video-preview:-1\" \/>\n<link rel=\"canonical\" href=\"https:\/\/www.actecir.cat\/es\/la-transicion-energetica-a-debate-experiencias-de-implementacion-en-el-sector-industrial-en-las-comarcas-de-girona\/\" \/>\n<meta property=\"og:locale\" content=\"es_ES\" \/>\n<meta property=\"og:type\" content=\"article\" \/>\n<meta property=\"og:title\" content=\"&quot;La transici\u00f3n energ\u00e9tica a debate: experiencias de implementaci\u00f3n en el sector industrial en las comarcas de Girona&quot; - Actecir\" \/>\n<meta property=\"og:description\" content=\"Fecha: 15 de diciembre 18:oo horas\" \/>\n<meta property=\"og:url\" content=\"https:\/\/www.actecir.cat\/es\/la-transicion-energetica-a-debate-experiencias-de-implementacion-en-el-sector-industrial-en-las-comarcas-de-girona\/\" \/>\n<meta property=\"og:site_name\" content=\"Actecir\" \/>\n<meta property=\"article:published_time\" content=\"2020-12-09T10:48:28+00:00\" \/>\n<meta property=\"article:modified_time\" content=\"2023-05-10T09:49:40+00:00\" \/>\n<meta property=\"og:image\" content=\"https:\/\/www.actecir.cat\/wp-content\/uploads\/2023\/05\/transicio_energetica.png\" \/>\n\t<meta property=\"og:image:width\" content=\"600\" \/>\n\t<meta property=\"og:image:height\" content=\"399\" \/>\n\t<meta property=\"og:image:type\" content=\"image\/png\" \/>\n<meta name=\"author\" content=\"Soporte web\" \/>\n<meta name=\"twitter:card\" content=\"summary_large_image\" \/>\n<meta name=\"twitter:creator\" content=\"@actecir\" \/>\n<meta name=\"twitter:site\" content=\"@actecir\" \/>\n<meta name=\"twitter:label1\" content=\"Escrito por\" \/>\n\t<meta name=\"twitter:data1\" content=\"Soporte web\" \/>\n\t<meta name=\"twitter:label2\" content=\"Tiempo de lectura\" \/>\n\t<meta name=\"twitter:data2\" content=\"2 minutos\" \/>\n<script type=\"application\/ld+json\" class=\"yoast-schema-graph\">{\"@context\":\"https:\/\/schema.org\",\"@graph\":[{\"@type\":\"Article\",\"@id\":\"https:\/\/www.actecir.cat\/es\/la-transicion-energetica-a-debate-experiencias-de-implementacion-en-el-sector-industrial-en-las-comarcas-de-girona\/#article\",\"isPartOf\":{\"@id\":\"https:\/\/www.actecir.cat\/es\/la-transicion-energetica-a-debate-experiencias-de-implementacion-en-el-sector-industrial-en-las-comarcas-de-girona\/\"},\"author\":{\"name\":\"Soporte web\",\"@id\":\"https:\/\/www.actecir.cat\/#\/schema\/person\/42edd02f0b1d55e19444428c5d321413\"},\"headline\":\"&#8220;La transici\u00f3n energ\u00e9tica a debate: experiencias de implementaci\u00f3n en el sector industrial en las comarcas de Girona&#8221;\",\"datePublished\":\"2020-12-09T10:48:28+00:00\",\"dateModified\":\"2023-05-10T09:49:40+00:00\",\"mainEntityOfPage\":{\"@id\":\"https:\/\/www.actecir.cat\/es\/la-transicion-energetica-a-debate-experiencias-de-implementacion-en-el-sector-industrial-en-las-comarcas-de-girona\/\"},\"wordCount\":374,\"publisher\":{\"@id\":\"https:\/\/www.actecir.cat\/#organization\"},\"image\":{\"@id\":\"https:\/\/www.actecir.cat\/es\/la-transicion-energetica-a-debate-experiencias-de-implementacion-en-el-sector-industrial-en-las-comarcas-de-girona\/#primaryimage\"},\"thumbnailUrl\":\"https:\/\/www.actecir.cat\/wp-content\/uploads\/2023\/05\/transicio_energetica.png\",\"articleSection\":[\"Noticias\"],\"inLanguage\":\"es\"},{\"@type\":\"WebPage\",\"@id\":\"https:\/\/www.actecir.cat\/es\/la-transicion-energetica-a-debate-experiencias-de-implementacion-en-el-sector-industrial-en-las-comarcas-de-girona\/\",\"url\":\"https:\/\/www.actecir.cat\/es\/la-transicion-energetica-a-debate-experiencias-de-implementacion-en-el-sector-industrial-en-las-comarcas-de-girona\/\",\"name\":\"\\\"La transici\u00f3n energ\u00e9tica a debate: experiencias de implementaci\u00f3n en el sector industrial en las comarcas de Girona\\\" - Actecir\",\"isPartOf\":{\"@id\":\"https:\/\/www.actecir.cat\/#website\"},\"primaryImageOfPage\":{\"@id\":\"https:\/\/www.actecir.cat\/es\/la-transicion-energetica-a-debate-experiencias-de-implementacion-en-el-sector-industrial-en-las-comarcas-de-girona\/#primaryimage\"},\"image\":{\"@id\":\"https:\/\/www.actecir.cat\/es\/la-transicion-energetica-a-debate-experiencias-de-implementacion-en-el-sector-industrial-en-las-comarcas-de-girona\/#primaryimage\"},\"thumbnailUrl\":\"https:\/\/www.actecir.cat\/wp-content\/uploads\/2023\/05\/transicio_energetica.png\",\"datePublished\":\"2020-12-09T10:48:28+00:00\",\"dateModified\":\"2023-05-10T09:49:40+00:00\",\"breadcrumb\":{\"@id\":\"https:\/\/www.actecir.cat\/es\/la-transicion-energetica-a-debate-experiencias-de-implementacion-en-el-sector-industrial-en-las-comarcas-de-girona\/#breadcrumb\"},\"inLanguage\":\"es\",\"potentialAction\":[{\"@type\":\"ReadAction\",\"target\":[\"https:\/\/www.actecir.cat\/es\/la-transicion-energetica-a-debate-experiencias-de-implementacion-en-el-sector-industrial-en-las-comarcas-de-girona\/\"]}]},{\"@type\":\"ImageObject\",\"inLanguage\":\"es\",\"@id\":\"https:\/\/www.actecir.cat\/es\/la-transicion-energetica-a-debate-experiencias-de-implementacion-en-el-sector-industrial-en-las-comarcas-de-girona\/#primaryimage\",\"url\":\"https:\/\/www.actecir.cat\/wp-content\/uploads\/2023\/05\/transicio_energetica.png\",\"contentUrl\":\"https:\/\/www.actecir.cat\/wp-content\/uploads\/2023\/05\/transicio_energetica.png\",\"width\":600,\"height\":399},{\"@type\":\"BreadcrumbList\",\"@id\":\"https:\/\/www.actecir.cat\/es\/la-transicion-energetica-a-debate-experiencias-de-implementacion-en-el-sector-industrial-en-las-comarcas-de-girona\/#breadcrumb\",\"itemListElement\":[{\"@type\":\"ListItem\",\"position\":1,\"name\":\"Inici\",\"item\":\"https:\/\/www.actecir.cat\/es\/\"},{\"@type\":\"ListItem\",\"position\":2,\"name\":\"&#8220;La transici\u00f3n energ\u00e9tica a debate: experiencias de implementaci\u00f3n en el sector industrial en las comarcas de Girona&#8221;\"}]},{\"@type\":\"WebSite\",\"@id\":\"https:\/\/www.actecir.cat\/#website\",\"url\":\"https:\/\/www.actecir.cat\/\",\"name\":\"Actecir\",\"description\":\"Associaci\u00f3 Catalana de T\u00e8cnics en Energia, Climatitzaci\u00f3 i Refrigeraci\u00f3\",\"publisher\":{\"@id\":\"https:\/\/www.actecir.cat\/#organization\"},\"potentialAction\":[{\"@type\":\"SearchAction\",\"target\":{\"@type\":\"EntryPoint\",\"urlTemplate\":\"https:\/\/www.actecir.cat\/?s={search_term_string}\"},\"query-input\":{\"@type\":\"PropertyValueSpecification\",\"valueRequired\":true,\"valueName\":\"search_term_string\"}}],\"inLanguage\":\"es\"},{\"@type\":\"Organization\",\"@id\":\"https:\/\/www.actecir.cat\/#organization\",\"name\":\"Actecir\",\"url\":\"https:\/\/www.actecir.cat\/\",\"logo\":{\"@type\":\"ImageObject\",\"inLanguage\":\"es\",\"@id\":\"https:\/\/www.actecir.cat\/#\/schema\/logo\/image\/\",\"url\":\"https:\/\/www.actecir.cat\/wp-content\/uploads\/2023\/04\/cropped-logo_actecir_60_alto.png\",\"contentUrl\":\"https:\/\/www.actecir.cat\/wp-content\/uploads\/2023\/04\/cropped-logo_actecir_60_alto.png\",\"width\":283,\"height\":80,\"caption\":\"Actecir\"},\"image\":{\"@id\":\"https:\/\/www.actecir.cat\/#\/schema\/logo\/image\/\"},\"sameAs\":[\"https:\/\/x.com\/actecir\",\"https:\/\/www.linkedin.com\/company\/actecir\"]},{\"@type\":\"Person\",\"@id\":\"https:\/\/www.actecir.cat\/#\/schema\/person\/42edd02f0b1d55e19444428c5d321413\",\"name\":\"Soporte web\",\"sameAs\":[\"https:\/\/www.actecir.cat\"],\"url\":\"https:\/\/www.actecir.cat\/es\/author\/maensystems\/\"}]}<\/script>\n<!-- \/ Yoast SEO plugin. -->","yoast_head_json":{"title":"\"La transici\u00f3n energ\u00e9tica a debate: experiencias de implementaci\u00f3n en el sector industrial en las comarcas de Girona\" - Actecir","robots":{"index":"index","follow":"follow","max-snippet":"max-snippet:-1","max-image-preview":"max-image-preview:large","max-video-preview":"max-video-preview:-1"},"canonical":"https:\/\/www.actecir.cat\/es\/la-transicion-energetica-a-debate-experiencias-de-implementacion-en-el-sector-industrial-en-las-comarcas-de-girona\/","og_locale":"es_ES","og_type":"article","og_title":"\"La transici\u00f3n energ\u00e9tica a debate: experiencias de implementaci\u00f3n en el sector industrial en las comarcas de Girona\" - Actecir","og_description":"Fecha: 15 de diciembre 18:oo horas","og_url":"https:\/\/www.actecir.cat\/es\/la-transicion-energetica-a-debate-experiencias-de-implementacion-en-el-sector-industrial-en-las-comarcas-de-girona\/","og_site_name":"Actecir","article_published_time":"2020-12-09T10:48:28+00:00","article_modified_time":"2023-05-10T09:49:40+00:00","og_image":[{"width":600,"height":399,"url":"https:\/\/www.actecir.cat\/wp-content\/uploads\/2023\/05\/transicio_energetica.png","type":"image\/png"}],"author":"Soporte web","twitter_card":"summary_large_image","twitter_creator":"@actecir","twitter_site":"@actecir","twitter_misc":{"Escrito por":"Soporte web","Tiempo de lectura":"2 minutos"},"schema":{"@context":"https:\/\/schema.org","@graph":[{"@type":"Article","@id":"https:\/\/www.actecir.cat\/es\/la-transicion-energetica-a-debate-experiencias-de-implementacion-en-el-sector-industrial-en-las-comarcas-de-girona\/#article","isPartOf":{"@id":"https:\/\/www.actecir.cat\/es\/la-transicion-energetica-a-debate-experiencias-de-implementacion-en-el-sector-industrial-en-las-comarcas-de-girona\/"},"author":{"name":"Soporte web","@id":"https:\/\/www.actecir.cat\/#\/schema\/person\/42edd02f0b1d55e19444428c5d321413"},"headline":"&#8220;La transici\u00f3n energ\u00e9tica a debate: experiencias de implementaci\u00f3n en el sector industrial en las comarcas de Girona&#8221;","datePublished":"2020-12-09T10:48:28+00:00","dateModified":"2023-05-10T09:49:40+00:00","mainEntityOfPage":{"@id":"https:\/\/www.actecir.cat\/es\/la-transicion-energetica-a-debate-experiencias-de-implementacion-en-el-sector-industrial-en-las-comarcas-de-girona\/"},"wordCount":374,"publisher":{"@id":"https:\/\/www.actecir.cat\/#organization"},"image":{"@id":"https:\/\/www.actecir.cat\/es\/la-transicion-energetica-a-debate-experiencias-de-implementacion-en-el-sector-industrial-en-las-comarcas-de-girona\/#primaryimage"},"thumbnailUrl":"https:\/\/www.actecir.cat\/wp-content\/uploads\/2023\/05\/transicio_energetica.png","articleSection":["Noticias"],"inLanguage":"es"},{"@type":"WebPage","@id":"https:\/\/www.actecir.cat\/es\/la-transicion-energetica-a-debate-experiencias-de-implementacion-en-el-sector-industrial-en-las-comarcas-de-girona\/","url":"https:\/\/www.actecir.cat\/es\/la-transicion-energetica-a-debate-experiencias-de-implementacion-en-el-sector-industrial-en-las-comarcas-de-girona\/","name":"\"La transici\u00f3n energ\u00e9tica a debate: experiencias de implementaci\u00f3n en el sector industrial en las comarcas de Girona\" - Actecir","isPartOf":{"@id":"https:\/\/www.actecir.cat\/#website"},"primaryImageOfPage":{"@id":"https:\/\/www.actecir.cat\/es\/la-transicion-energetica-a-debate-experiencias-de-implementacion-en-el-sector-industrial-en-las-comarcas-de-girona\/#primaryimage"},"image":{"@id":"https:\/\/www.actecir.cat\/es\/la-transicion-energetica-a-debate-experiencias-de-implementacion-en-el-sector-industrial-en-las-comarcas-de-girona\/#primaryimage"},"thumbnailUrl":"https:\/\/www.actecir.cat\/wp-content\/uploads\/2023\/05\/transicio_energetica.png","datePublished":"2020-12-09T10:48:28+00:00","dateModified":"2023-05-10T09:49:40+00:00","breadcrumb":{"@id":"https:\/\/www.actecir.cat\/es\/la-transicion-energetica-a-debate-experiencias-de-implementacion-en-el-sector-industrial-en-las-comarcas-de-girona\/#breadcrumb"},"inLanguage":"es","potentialAction":[{"@type":"ReadAction","target":["https:\/\/www.actecir.cat\/es\/la-transicion-energetica-a-debate-experiencias-de-implementacion-en-el-sector-industrial-en-las-comarcas-de-girona\/"]}]},{"@type":"ImageObject","inLanguage":"es","@id":"https:\/\/www.actecir.cat\/es\/la-transicion-energetica-a-debate-experiencias-de-implementacion-en-el-sector-industrial-en-las-comarcas-de-girona\/#primaryimage","url":"https:\/\/www.actecir.cat\/wp-content\/uploads\/2023\/05\/transicio_energetica.png","contentUrl":"https:\/\/www.actecir.cat\/wp-content\/uploads\/2023\/05\/transicio_energetica.png","width":600,"height":399},{"@type":"BreadcrumbList","@id":"https:\/\/www.actecir.cat\/es\/la-transicion-energetica-a-debate-experiencias-de-implementacion-en-el-sector-industrial-en-las-comarcas-de-girona\/#breadcrumb","itemListElement":[{"@type":"ListItem","position":1,"name":"Inici","item":"https:\/\/www.actecir.cat\/es\/"},{"@type":"ListItem","position":2,"name":"&#8220;La transici\u00f3n energ\u00e9tica a debate: experiencias de implementaci\u00f3n en el sector industrial en las comarcas de Girona&#8221;"}]},{"@type":"WebSite","@id":"https:\/\/www.actecir.cat\/#website","url":"https:\/\/www.actecir.cat\/","name":"Actecir","description":"Associaci\u00f3 Catalana de T\u00e8cnics en Energia, Climatitzaci\u00f3 i Refrigeraci\u00f3","publisher":{"@id":"https:\/\/www.actecir.cat\/#organization"},"potentialAction":[{"@type":"SearchAction","target":{"@type":"EntryPoint","urlTemplate":"https:\/\/www.actecir.cat\/?s={search_term_string}"},"query-input":{"@type":"PropertyValueSpecification","valueRequired":true,"valueName":"search_term_string"}}],"inLanguage":"es"},{"@type":"Organization","@id":"https:\/\/www.actecir.cat\/#organization","name":"Actecir","url":"https:\/\/www.actecir.cat\/","logo":{"@type":"ImageObject","inLanguage":"es","@id":"https:\/\/www.actecir.cat\/#\/schema\/logo\/image\/","url":"https:\/\/www.actecir.cat\/wp-content\/uploads\/2023\/04\/cropped-logo_actecir_60_alto.png","contentUrl":"https:\/\/www.actecir.cat\/wp-content\/uploads\/2023\/04\/cropped-logo_actecir_60_alto.png","width":283,"height":80,"caption":"Actecir"},"image":{"@id":"https:\/\/www.actecir.cat\/#\/schema\/logo\/image\/"},"sameAs":["https:\/\/x.com\/actecir","https:\/\/www.linkedin.com\/company\/actecir"]},{"@type":"Person","@id":"https:\/\/www.actecir.cat\/#\/schema\/person\/42edd02f0b1d55e19444428c5d321413","name":"Soporte web","sameAs":["https:\/\/www.actecir.cat"],"url":"https:\/\/www.actecir.cat\/es\/author\/maensystems\/"}]}},"_links":{"self":[{"href":"https:\/\/www.actecir.cat\/es\/wp-json\/wp\/v2\/posts\/5918","targetHints":{"allow":["GET"]}}],"collection":[{"href":"https:\/\/www.actecir.cat\/es\/wp-json\/wp\/v2\/posts"}],"about":[{"href":"https:\/\/www.actecir.cat\/es\/wp-json\/wp\/v2\/types\/post"}],"author":[{"embeddable":true,"href":"https:\/\/www.actecir.cat\/es\/wp-json\/wp\/v2\/users\/1"}],"replies":[{"embeddable":true,"href":"https:\/\/www.actecir.cat\/es\/wp-json\/wp\/v2\/comments?post=5918"}],"version-history":[{"count":1,"href":"https:\/\/www.actecir.cat\/es\/wp-json\/wp\/v2\/posts\/5918\/revisions"}],"predecessor-version":[{"id":5919,"href":"https:\/\/www.actecir.cat\/es\/wp-json\/wp\/v2\/posts\/5918\/revisions\/5919"}],"wp:featuredmedia":[{"embeddable":true,"href":"https:\/\/www.actecir.cat\/es\/wp-json\/wp\/v2\/media\/5916"}],"wp:attachment":[{"href":"https:\/\/www.actecir.cat\/es\/wp-json\/wp\/v2\/media?parent=5918"}],"wp:term":[{"taxonomy":"category","embeddable":true,"href":"https:\/\/www.actecir.cat\/es\/wp-json\/wp\/v2\/categories?post=5918"},{"taxonomy":"post_tag","embeddable":true,"href":"https:\/\/www.actecir.cat\/es\/wp-json\/wp\/v2\/tags?post=5918"}],"curies":[{"name":"wp","href":"https:\/\/api.w.org\/{rel}","templated":true}]}}