{"id":5924,"date":"2020-11-27T11:51:21","date_gmt":"2020-11-27T10:51:21","guid":{"rendered":"https:\/\/www.actecir.cat\/?p=5924"},"modified":"2023-07-07T16:05:11","modified_gmt":"2023-07-07T14:05:11","slug":"salvador-escoda-y-ecotic-impulsan-el-reciclaje-entre-los-instaladores","status":"publish","type":"post","link":"https:\/\/www.actecir.cat\/es\/salvador-escoda-y-ecotic-impulsan-el-reciclaje-entre-los-instaladores\/","title":{"rendered":"Salvador Escoda y Ecotic impulsan el reciclaje entre los instaladores"},"content":{"rendered":"<p>Con el reciclaje, todos ganamos<\/p>\n<p><strong>Salvador Escoda y Ecotic se al\u00edan para impulsar\u00a0el reciclaje entre los instaladores<\/strong><\/p>\n<p>En el marco del programa Ecoinstaladores, ambas entidades han acordado instalar puntos de recogida selectiva de residuos de aparatos el\u00e9ctricos y electr\u00f3nicos (RAEE) en las delegaciones de Salvador Escoda, en los que los instaladores podr\u00e1n depositar los residuos de aparatos de aire acondicionado de forma completamente gratuita.<\/p>\n<p><a href=\"https:\/\/www.salvadorescoda.com\/\">Salvador Escoda<\/a>, empresa de referencia en el suministro de productos para instalaciones de climatizaci\u00f3n, agua, gas, energ\u00edas renovables y aislamientos, y\u00a0<a href=\"https:\/\/www.ecotic.es\/\">Fundaci\u00f3n Ecotic<\/a>, entidad dedicada al reciclaje de residuos de aparatos el\u00e9ctricos y electr\u00f3nicos (RAEE), han establecido un acuerdo de colaboraci\u00f3n para impulsar el reciclaje de los residuos de aparatos de aire acondicionado a trav\u00e9s de las delegaciones de Salvador Escoda en diversos puntos del pa\u00eds.<\/p>\n<p>En el marco del programa\u00a0<a href=\"https:\/\/ecoinstaladores.com\/\">Ecoinstaladores<\/a>\u00a0impulsado por Ecotic, se han instalado contenedores de recogida selectiva en los delegaciones de Salvador Escoda en Badalona, Barber\u00e1 del Vall\u00e8s y Sant Boi de Llobregat (Catalu\u00f1a), San Fernando de Henares (Comunidad de Madrid), Paterna (Comunitat Valenciana), Sevilla, M\u00e1laga y Jerez de la Frontera (Andaluc\u00eda).<\/p>\n<p>Pr\u00f3ximamente se ir\u00e1n a\u00f1adiendo nuevos puntos de recogida Ecotic en el resto de delegaciones\u00a0<a href=\"https:\/\/www.salvadorescoda.com\/\">Salvador Escoda<\/a>, con el objetivo de incrementar la red de recogida a disposici\u00f3n de los instaladores a nivel nacional.<\/p>\n<p>Los instaladores podr\u00e1n entregar sin coste los aparatos completos de aire acondicionado (unidad interior y exterior), con lo que asegurar\u00e1n el cumplimiento de sus obligaciones en cuanto a la correcta gesti\u00f3n ambiental de los residuos establecidas en el Real Decreto 110\/2015, y podr\u00e1n obtener una compensaci\u00f3n econ\u00f3mica por su contribuci\u00f3n a las buenas pr\u00e1cticas profesionales y a la conservaci\u00f3n del medio ambiente.<\/p>\n<p>El adecuado reciclaje de los aparatos de aire acondicionado es un elemento clave para la protecci\u00f3n ambiental. Esto se debe a la presencia de elementos como gases refrigerantes que provocan el calentamiento de la atm\u00f3sfera, otros gases que degradan la capa de ozono como el R-22 (prohibido desde el a\u00f1o 2010) y que a\u00fan se encuentran en algunos aparatos antiguos, o aceites que contienen gases fluorados.<\/p>\n<p>No obstante, y pese al elevado potencial de contaminaci\u00f3n, las cifras de recogida de los residuos de estos aparatos en nuestro pa\u00eds distan de los niveles \u00f3ptimos deseables, por lo que la adecuada canalizaci\u00f3n de los residuos a trav\u00e9s de los profesionales de la instalaci\u00f3n y los distribuidores es crucial para incrementar las cantidades de aparatos correctamente recuperados.<\/p>\n<p>Maria Escoda, responsable de comunicaci\u00f3n de Salvador Escoda, ha destacado \u201cel compromiso de nuestra empresa en seguir impulsando iniciativas que aporten un valor a\u00f1adido a nuestros clientes instaladores, en este caso facilit\u00e1ndoles el reciclaje y el cumplimiento de sus obligaciones a trav\u00e9s de nuestras delegaciones como puntos de entrega de los residuos\u201d.<\/p>\n<p>Por su parte Andreu Vil\u00e0, director general de Ecotic, ha agradecido \u201cla implicaci\u00f3n de empresas de referencia como Salvador Escoda que apuestan por impulsar la cultura de la sostenibilidad entre los profesionales, quienes son, sin lugar a duda, actores estrat\u00e9gicos por su acceso privilegiado al residuo\u201d. En su opini\u00f3n, lograr este compromiso \u201ces fundamental para lograr incrementar los niveles de reciclaje de los aparatos de aire acondicionado, y evitar el enorme perjuicio ambiental que una inadecuada gesti\u00f3n puede ocasionar\u201d.<\/p>\n","protected":false},"excerpt":{"rendered":"<p>Con el reciclaje, todos ganamos<\/p>\n","protected":false},"author":1,"featured_media":5922,"comment_status":"closed","ping_status":"closed","sticky":false,"template":"","format":"standard","meta":{"footnotes":""},"categories":[25],"tags":[],"class_list":["post-5924","post","type-post","status-publish","format-standard","has-post-thumbnail","hentry","category-noticias"],"yoast_head":"<!-- This site is optimized with the Yoast SEO plugin v27.2 - https:\/\/yoast.com\/product\/yoast-seo-wordpress\/ -->\n<title>Salvador Escoda y Ecotic impulsan el reciclaje entre los instaladores - Actecir<\/title>\n<meta name=\"robots\" content=\"index, follow, max-snippet:-1, max-image-preview:large, max-video-preview:-1\" \/>\n<link rel=\"canonical\" href=\"https:\/\/www.actecir.cat\/es\/salvador-escoda-y-ecotic-impulsan-el-reciclaje-entre-los-instaladores\/\" \/>\n<meta property=\"og:locale\" content=\"es_ES\" \/>\n<meta property=\"og:type\" content=\"article\" \/>\n<meta property=\"og:title\" content=\"Salvador Escoda y Ecotic impulsan el reciclaje entre los instaladores - Actecir\" \/>\n<meta property=\"og:description\" content=\"Con el reciclaje, todos ganamos\" \/>\n<meta property=\"og:url\" content=\"https:\/\/www.actecir.cat\/es\/salvador-escoda-y-ecotic-impulsan-el-reciclaje-entre-los-instaladores\/\" \/>\n<meta property=\"og:site_name\" content=\"Actecir\" \/>\n<meta property=\"article:published_time\" content=\"2020-11-27T10:51:21+00:00\" \/>\n<meta property=\"article:modified_time\" content=\"2023-07-07T14:05:11+00:00\" \/>\n<meta property=\"og:image\" content=\"https:\/\/www.actecir.cat\/wp-content\/uploads\/2023\/05\/ACORD_ESCODA_ECOTIC-5007344f.jpeg\" \/>\n\t<meta property=\"og:image:width\" content=\"562\" \/>\n\t<meta property=\"og:image:height\" content=\"294\" \/>\n\t<meta property=\"og:image:type\" content=\"image\/jpeg\" \/>\n<meta name=\"author\" content=\"Soporte web\" \/>\n<meta name=\"twitter:card\" content=\"summary_large_image\" \/>\n<meta name=\"twitter:creator\" content=\"@actecir\" \/>\n<meta name=\"twitter:site\" content=\"@actecir\" \/>\n<meta name=\"twitter:label1\" content=\"Escrito por\" \/>\n\t<meta name=\"twitter:data1\" content=\"Soporte web\" \/>\n\t<meta name=\"twitter:label2\" content=\"Tiempo de lectura\" \/>\n\t<meta name=\"twitter:data2\" content=\"3 minutos\" \/>\n<script type=\"application\/ld+json\" class=\"yoast-schema-graph\">{\"@context\":\"https:\/\/schema.org\",\"@graph\":[{\"@type\":\"Article\",\"@id\":\"https:\/\/www.actecir.cat\/es\/salvador-escoda-y-ecotic-impulsan-el-reciclaje-entre-los-instaladores\/#article\",\"isPartOf\":{\"@id\":\"https:\/\/www.actecir.cat\/es\/salvador-escoda-y-ecotic-impulsan-el-reciclaje-entre-los-instaladores\/\"},\"author\":{\"name\":\"Soporte web\",\"@id\":\"https:\/\/www.actecir.cat\/#\/schema\/person\/42edd02f0b1d55e19444428c5d321413\"},\"headline\":\"Salvador Escoda y Ecotic impulsan el reciclaje entre los instaladores\",\"datePublished\":\"2020-11-27T10:51:21+00:00\",\"dateModified\":\"2023-07-07T14:05:11+00:00\",\"mainEntityOfPage\":{\"@id\":\"https:\/\/www.actecir.cat\/es\/salvador-escoda-y-ecotic-impulsan-el-reciclaje-entre-los-instaladores\/\"},\"wordCount\":586,\"publisher\":{\"@id\":\"https:\/\/www.actecir.cat\/#organization\"},\"image\":{\"@id\":\"https:\/\/www.actecir.cat\/es\/salvador-escoda-y-ecotic-impulsan-el-reciclaje-entre-los-instaladores\/#primaryimage\"},\"thumbnailUrl\":\"https:\/\/www.actecir.cat\/wp-content\/uploads\/2023\/05\/ACORD_ESCODA_ECOTIC-5007344f.jpeg\",\"articleSection\":[\"Noticias\"],\"inLanguage\":\"es\"},{\"@type\":\"WebPage\",\"@id\":\"https:\/\/www.actecir.cat\/es\/salvador-escoda-y-ecotic-impulsan-el-reciclaje-entre-los-instaladores\/\",\"url\":\"https:\/\/www.actecir.cat\/es\/salvador-escoda-y-ecotic-impulsan-el-reciclaje-entre-los-instaladores\/\",\"name\":\"Salvador Escoda y Ecotic impulsan el reciclaje entre los instaladores - Actecir\",\"isPartOf\":{\"@id\":\"https:\/\/www.actecir.cat\/#website\"},\"primaryImageOfPage\":{\"@id\":\"https:\/\/www.actecir.cat\/es\/salvador-escoda-y-ecotic-impulsan-el-reciclaje-entre-los-instaladores\/#primaryimage\"},\"image\":{\"@id\":\"https:\/\/www.actecir.cat\/es\/salvador-escoda-y-ecotic-impulsan-el-reciclaje-entre-los-instaladores\/#primaryimage\"},\"thumbnailUrl\":\"https:\/\/www.actecir.cat\/wp-content\/uploads\/2023\/05\/ACORD_ESCODA_ECOTIC-5007344f.jpeg\",\"datePublished\":\"2020-11-27T10:51:21+00:00\",\"dateModified\":\"2023-07-07T14:05:11+00:00\",\"breadcrumb\":{\"@id\":\"https:\/\/www.actecir.cat\/es\/salvador-escoda-y-ecotic-impulsan-el-reciclaje-entre-los-instaladores\/#breadcrumb\"},\"inLanguage\":\"es\",\"potentialAction\":[{\"@type\":\"ReadAction\",\"target\":[\"https:\/\/www.actecir.cat\/es\/salvador-escoda-y-ecotic-impulsan-el-reciclaje-entre-los-instaladores\/\"]}]},{\"@type\":\"ImageObject\",\"inLanguage\":\"es\",\"@id\":\"https:\/\/www.actecir.cat\/es\/salvador-escoda-y-ecotic-impulsan-el-reciclaje-entre-los-instaladores\/#primaryimage\",\"url\":\"https:\/\/www.actecir.cat\/wp-content\/uploads\/2023\/05\/ACORD_ESCODA_ECOTIC-5007344f.jpeg\",\"contentUrl\":\"https:\/\/www.actecir.cat\/wp-content\/uploads\/2023\/05\/ACORD_ESCODA_ECOTIC-5007344f.jpeg\",\"width\":562,\"height\":294},{\"@type\":\"BreadcrumbList\",\"@id\":\"https:\/\/www.actecir.cat\/es\/salvador-escoda-y-ecotic-impulsan-el-reciclaje-entre-los-instaladores\/#breadcrumb\",\"itemListElement\":[{\"@type\":\"ListItem\",\"position\":1,\"name\":\"Inici\",\"item\":\"https:\/\/www.actecir.cat\/es\/\"},{\"@type\":\"ListItem\",\"position\":2,\"name\":\"Salvador Escoda y Ecotic impulsan el reciclaje entre los instaladores\"}]},{\"@type\":\"WebSite\",\"@id\":\"https:\/\/www.actecir.cat\/#website\",\"url\":\"https:\/\/www.actecir.cat\/\",\"name\":\"Actecir\",\"description\":\"Associaci\u00f3 Catalana de T\u00e8cnics en Energia, Climatitzaci\u00f3 i Refrigeraci\u00f3\",\"publisher\":{\"@id\":\"https:\/\/www.actecir.cat\/#organization\"},\"potentialAction\":[{\"@type\":\"SearchAction\",\"target\":{\"@type\":\"EntryPoint\",\"urlTemplate\":\"https:\/\/www.actecir.cat\/?s={search_term_string}\"},\"query-input\":{\"@type\":\"PropertyValueSpecification\",\"valueRequired\":true,\"valueName\":\"search_term_string\"}}],\"inLanguage\":\"es\"},{\"@type\":\"Organization\",\"@id\":\"https:\/\/www.actecir.cat\/#organization\",\"name\":\"Actecir\",\"url\":\"https:\/\/www.actecir.cat\/\",\"logo\":{\"@type\":\"ImageObject\",\"inLanguage\":\"es\",\"@id\":\"https:\/\/www.actecir.cat\/#\/schema\/logo\/image\/\",\"url\":\"https:\/\/www.actecir.cat\/wp-content\/uploads\/2023\/04\/cropped-logo_actecir_60_alto.png\",\"contentUrl\":\"https:\/\/www.actecir.cat\/wp-content\/uploads\/2023\/04\/cropped-logo_actecir_60_alto.png\",\"width\":283,\"height\":80,\"caption\":\"Actecir\"},\"image\":{\"@id\":\"https:\/\/www.actecir.cat\/#\/schema\/logo\/image\/\"},\"sameAs\":[\"https:\/\/x.com\/actecir\",\"https:\/\/www.linkedin.com\/company\/actecir\"]},{\"@type\":\"Person\",\"@id\":\"https:\/\/www.actecir.cat\/#\/schema\/person\/42edd02f0b1d55e19444428c5d321413\",\"name\":\"Soporte web\",\"sameAs\":[\"https:\/\/www.actecir.cat\"],\"url\":\"https:\/\/www.actecir.cat\/es\/author\/maensystems\/\"}]}<\/script>\n<!-- \/ Yoast SEO plugin. -->","yoast_head_json":{"title":"Salvador Escoda y Ecotic impulsan el reciclaje entre los instaladores - Actecir","robots":{"index":"index","follow":"follow","max-snippet":"max-snippet:-1","max-image-preview":"max-image-preview:large","max-video-preview":"max-video-preview:-1"},"canonical":"https:\/\/www.actecir.cat\/es\/salvador-escoda-y-ecotic-impulsan-el-reciclaje-entre-los-instaladores\/","og_locale":"es_ES","og_type":"article","og_title":"Salvador Escoda y Ecotic impulsan el reciclaje entre los instaladores - Actecir","og_description":"Con el reciclaje, todos ganamos","og_url":"https:\/\/www.actecir.cat\/es\/salvador-escoda-y-ecotic-impulsan-el-reciclaje-entre-los-instaladores\/","og_site_name":"Actecir","article_published_time":"2020-11-27T10:51:21+00:00","article_modified_time":"2023-07-07T14:05:11+00:00","og_image":[{"width":562,"height":294,"url":"https:\/\/www.actecir.cat\/wp-content\/uploads\/2023\/05\/ACORD_ESCODA_ECOTIC-5007344f.jpeg","type":"image\/jpeg"}],"author":"Soporte web","twitter_card":"summary_large_image","twitter_creator":"@actecir","twitter_site":"@actecir","twitter_misc":{"Escrito por":"Soporte web","Tiempo de lectura":"3 minutos"},"schema":{"@context":"https:\/\/schema.org","@graph":[{"@type":"Article","@id":"https:\/\/www.actecir.cat\/es\/salvador-escoda-y-ecotic-impulsan-el-reciclaje-entre-los-instaladores\/#article","isPartOf":{"@id":"https:\/\/www.actecir.cat\/es\/salvador-escoda-y-ecotic-impulsan-el-reciclaje-entre-los-instaladores\/"},"author":{"name":"Soporte web","@id":"https:\/\/www.actecir.cat\/#\/schema\/person\/42edd02f0b1d55e19444428c5d321413"},"headline":"Salvador Escoda y Ecotic impulsan el reciclaje entre los instaladores","datePublished":"2020-11-27T10:51:21+00:00","dateModified":"2023-07-07T14:05:11+00:00","mainEntityOfPage":{"@id":"https:\/\/www.actecir.cat\/es\/salvador-escoda-y-ecotic-impulsan-el-reciclaje-entre-los-instaladores\/"},"wordCount":586,"publisher":{"@id":"https:\/\/www.actecir.cat\/#organization"},"image":{"@id":"https:\/\/www.actecir.cat\/es\/salvador-escoda-y-ecotic-impulsan-el-reciclaje-entre-los-instaladores\/#primaryimage"},"thumbnailUrl":"https:\/\/www.actecir.cat\/wp-content\/uploads\/2023\/05\/ACORD_ESCODA_ECOTIC-5007344f.jpeg","articleSection":["Noticias"],"inLanguage":"es"},{"@type":"WebPage","@id":"https:\/\/www.actecir.cat\/es\/salvador-escoda-y-ecotic-impulsan-el-reciclaje-entre-los-instaladores\/","url":"https:\/\/www.actecir.cat\/es\/salvador-escoda-y-ecotic-impulsan-el-reciclaje-entre-los-instaladores\/","name":"Salvador Escoda y Ecotic impulsan el reciclaje entre los instaladores - Actecir","isPartOf":{"@id":"https:\/\/www.actecir.cat\/#website"},"primaryImageOfPage":{"@id":"https:\/\/www.actecir.cat\/es\/salvador-escoda-y-ecotic-impulsan-el-reciclaje-entre-los-instaladores\/#primaryimage"},"image":{"@id":"https:\/\/www.actecir.cat\/es\/salvador-escoda-y-ecotic-impulsan-el-reciclaje-entre-los-instaladores\/#primaryimage"},"thumbnailUrl":"https:\/\/www.actecir.cat\/wp-content\/uploads\/2023\/05\/ACORD_ESCODA_ECOTIC-5007344f.jpeg","datePublished":"2020-11-27T10:51:21+00:00","dateModified":"2023-07-07T14:05:11+00:00","breadcrumb":{"@id":"https:\/\/www.actecir.cat\/es\/salvador-escoda-y-ecotic-impulsan-el-reciclaje-entre-los-instaladores\/#breadcrumb"},"inLanguage":"es","potentialAction":[{"@type":"ReadAction","target":["https:\/\/www.actecir.cat\/es\/salvador-escoda-y-ecotic-impulsan-el-reciclaje-entre-los-instaladores\/"]}]},{"@type":"ImageObject","inLanguage":"es","@id":"https:\/\/www.actecir.cat\/es\/salvador-escoda-y-ecotic-impulsan-el-reciclaje-entre-los-instaladores\/#primaryimage","url":"https:\/\/www.actecir.cat\/wp-content\/uploads\/2023\/05\/ACORD_ESCODA_ECOTIC-5007344f.jpeg","contentUrl":"https:\/\/www.actecir.cat\/wp-content\/uploads\/2023\/05\/ACORD_ESCODA_ECOTIC-5007344f.jpeg","width":562,"height":294},{"@type":"BreadcrumbList","@id":"https:\/\/www.actecir.cat\/es\/salvador-escoda-y-ecotic-impulsan-el-reciclaje-entre-los-instaladores\/#breadcrumb","itemListElement":[{"@type":"ListItem","position":1,"name":"Inici","item":"https:\/\/www.actecir.cat\/es\/"},{"@type":"ListItem","position":2,"name":"Salvador Escoda y Ecotic impulsan el reciclaje entre los instaladores"}]},{"@type":"WebSite","@id":"https:\/\/www.actecir.cat\/#website","url":"https:\/\/www.actecir.cat\/","name":"Actecir","description":"Associaci\u00f3 Catalana de T\u00e8cnics en Energia, Climatitzaci\u00f3 i Refrigeraci\u00f3","publisher":{"@id":"https:\/\/www.actecir.cat\/#organization"},"potentialAction":[{"@type":"SearchAction","target":{"@type":"EntryPoint","urlTemplate":"https:\/\/www.actecir.cat\/?s={search_term_string}"},"query-input":{"@type":"PropertyValueSpecification","valueRequired":true,"valueName":"search_term_string"}}],"inLanguage":"es"},{"@type":"Organization","@id":"https:\/\/www.actecir.cat\/#organization","name":"Actecir","url":"https:\/\/www.actecir.cat\/","logo":{"@type":"ImageObject","inLanguage":"es","@id":"https:\/\/www.actecir.cat\/#\/schema\/logo\/image\/","url":"https:\/\/www.actecir.cat\/wp-content\/uploads\/2023\/04\/cropped-logo_actecir_60_alto.png","contentUrl":"https:\/\/www.actecir.cat\/wp-content\/uploads\/2023\/04\/cropped-logo_actecir_60_alto.png","width":283,"height":80,"caption":"Actecir"},"image":{"@id":"https:\/\/www.actecir.cat\/#\/schema\/logo\/image\/"},"sameAs":["https:\/\/x.com\/actecir","https:\/\/www.linkedin.com\/company\/actecir"]},{"@type":"Person","@id":"https:\/\/www.actecir.cat\/#\/schema\/person\/42edd02f0b1d55e19444428c5d321413","name":"Soporte web","sameAs":["https:\/\/www.actecir.cat"],"url":"https:\/\/www.actecir.cat\/es\/author\/maensystems\/"}]}},"_links":{"self":[{"href":"https:\/\/www.actecir.cat\/es\/wp-json\/wp\/v2\/posts\/5924","targetHints":{"allow":["GET"]}}],"collection":[{"href":"https:\/\/www.actecir.cat\/es\/wp-json\/wp\/v2\/posts"}],"about":[{"href":"https:\/\/www.actecir.cat\/es\/wp-json\/wp\/v2\/types\/post"}],"author":[{"embeddable":true,"href":"https:\/\/www.actecir.cat\/es\/wp-json\/wp\/v2\/users\/1"}],"replies":[{"embeddable":true,"href":"https:\/\/www.actecir.cat\/es\/wp-json\/wp\/v2\/comments?post=5924"}],"version-history":[{"count":4,"href":"https:\/\/www.actecir.cat\/es\/wp-json\/wp\/v2\/posts\/5924\/revisions"}],"predecessor-version":[{"id":11544,"href":"https:\/\/www.actecir.cat\/es\/wp-json\/wp\/v2\/posts\/5924\/revisions\/11544"}],"wp:featuredmedia":[{"embeddable":true,"href":"https:\/\/www.actecir.cat\/es\/wp-json\/wp\/v2\/media\/5922"}],"wp:attachment":[{"href":"https:\/\/www.actecir.cat\/es\/wp-json\/wp\/v2\/media?parent=5924"}],"wp:term":[{"taxonomy":"category","embeddable":true,"href":"https:\/\/www.actecir.cat\/es\/wp-json\/wp\/v2\/categories?post=5924"},{"taxonomy":"post_tag","embeddable":true,"href":"https:\/\/www.actecir.cat\/es\/wp-json\/wp\/v2\/tags?post=5924"}],"curies":[{"name":"wp","href":"https:\/\/api.w.org\/{rel}","templated":true}]}}