{"id":5936,"date":"2020-11-23T11:55:34","date_gmt":"2020-11-23T10:55:34","guid":{"rendered":"https:\/\/www.actecir.cat\/?p=5936"},"modified":"2023-05-10T11:56:44","modified_gmt":"2023-05-10T09:56:44","slug":"congreso-internacional-de-calidad-de-aire-interior","status":"publish","type":"post","link":"https:\/\/www.actecir.cat\/es\/congreso-internacional-de-calidad-de-aire-interior\/","title":{"rendered":"Congreso Internacional de Calidad de Aire Interior"},"content":{"rendered":"<div class=\"post-header\">\n<h2 class=\"post-title\"><span style=\"font-size: 14pt;\">Congreso CAI: 26 y 27 Noviembre<\/span><\/h2>\n<\/div>\n<div class=\"post-content\">\n<p>Tras una exitosa primera edici\u00f3n del\u00a0<strong>Congreso Internacional de Calidad de Aire Interior<\/strong>\u00a0que reuni\u00f3 a 326 congresistas los d\u00edas 22 y 23 de noviembre de 2018 en la Escuela T\u00e9cnica Superior de Ingenieros Industriales de Madrid, ya est\u00e1 en marcha la organizaci\u00f3n de la segunda edici\u00f3n.<\/p>\n<p>La\u00a0<strong>Asociaci\u00f3n de Fabricantes de Equipos de Climatizaci\u00f3n, AFEC<\/strong>; la\u00a0<strong>Asociaci\u00f3n T\u00e9cnica Espa\u00f1ola de Climatizaci\u00f3n y Refrigeraci\u00f3n, ATECYR<\/strong>; y la\u00a0<strong>Federaci\u00f3n de Empresas de Calidad Ambiental en Interiores, FEDECAI<\/strong>, vuelven a colaborar para ofrecer una visi\u00f3n global sobre la situaci\u00f3n de la calidad de aire interior en el contexto de pandemia mundial a causa de la Covid-19 en el que este sector tiene mucho que aportar no solo desde el punto de vista econ\u00f3mico o jur\u00eddico, sino desde la perspectiva de la salud. Una buena calidad de aire interior garantiza la ventilaci\u00f3n y el filtrado del aire en todo tipo de edificios, disminuyendo las posibilidades de transmisi\u00f3n del virus.<\/p>\n<p>La segunda edici\u00f3n del congreso CAI se celebrar\u00e1 el\u00a0<strong>26 y 27 de noviembre de 2020 en formato virtual<\/strong>\u00a0y volver\u00e1 a contar con ponencias de expertos nacionales e internacionales que abordar\u00e1n principalmente la calidad del aire interior en centros sanitarios, educativos, residencias de personas mayores y espacios comerciales.<\/p>\n<p>Info aqu\u00ed per accedir al programa:\u00a0<a href=\"https:\/\/congresocai.es\/congreso-2020\/\">https:\/\/congresocai.es\/congreso-2020\/<\/a><\/p>\n<p>Info aqu\u00ed para registraste al congreso:\u00a0<a href=\"https:\/\/congresocai.es\/registro\/\">https:\/\/congresocai.es\/registro\/<\/a><\/p>\n<\/div>\n","protected":false},"excerpt":{"rendered":"<p>Congreso CAI: 26 y 27 Noviembre<\/p>\n","protected":false},"author":1,"featured_media":5934,"comment_status":"closed","ping_status":"closed","sticky":false,"template":"","format":"standard","meta":{"footnotes":""},"categories":[25],"tags":[],"class_list":["post-5936","post","type-post","status-publish","format-standard","has-post-thumbnail","hentry","category-noticias"],"yoast_head":"<!-- This site is optimized with the Yoast SEO plugin v27.2 - https:\/\/yoast.com\/product\/yoast-seo-wordpress\/ -->\n<title>Congreso Internacional de Calidad de Aire Interior - Actecir<\/title>\n<meta name=\"robots\" content=\"index, follow, max-snippet:-1, max-image-preview:large, max-video-preview:-1\" \/>\n<link rel=\"canonical\" href=\"https:\/\/www.actecir.cat\/es\/congreso-internacional-de-calidad-de-aire-interior\/\" \/>\n<meta property=\"og:locale\" content=\"es_ES\" \/>\n<meta property=\"og:type\" content=\"article\" \/>\n<meta property=\"og:title\" content=\"Congreso Internacional de Calidad de Aire Interior - Actecir\" \/>\n<meta property=\"og:description\" content=\"Congreso CAI: 26 y 27 Noviembre\" \/>\n<meta property=\"og:url\" content=\"https:\/\/www.actecir.cat\/es\/congreso-internacional-de-calidad-de-aire-interior\/\" \/>\n<meta property=\"og:site_name\" content=\"Actecir\" \/>\n<meta property=\"article:published_time\" content=\"2020-11-23T10:55:34+00:00\" \/>\n<meta property=\"article:modified_time\" content=\"2023-05-10T09:56:44+00:00\" \/>\n<meta property=\"og:image\" content=\"https:\/\/www.actecir.cat\/wp-content\/uploads\/2023\/05\/banner_CONGRESO_AFEC_para_publicar.jpg\" \/>\n\t<meta property=\"og:image:width\" content=\"600\" \/>\n\t<meta property=\"og:image:height\" content=\"400\" \/>\n\t<meta property=\"og:image:type\" content=\"image\/jpeg\" \/>\n<meta name=\"author\" content=\"Soporte web\" \/>\n<meta name=\"twitter:card\" content=\"summary_large_image\" \/>\n<meta name=\"twitter:creator\" content=\"@actecir\" \/>\n<meta name=\"twitter:site\" content=\"@actecir\" \/>\n<meta name=\"twitter:label1\" content=\"Escrito por\" \/>\n\t<meta name=\"twitter:data1\" content=\"Soporte web\" \/>\n\t<meta name=\"twitter:label2\" content=\"Tiempo de lectura\" \/>\n\t<meta name=\"twitter:data2\" content=\"1 minuto\" \/>\n<script type=\"application\/ld+json\" class=\"yoast-schema-graph\">{\"@context\":\"https:\/\/schema.org\",\"@graph\":[{\"@type\":\"Article\",\"@id\":\"https:\/\/www.actecir.cat\/es\/congreso-internacional-de-calidad-de-aire-interior\/#article\",\"isPartOf\":{\"@id\":\"https:\/\/www.actecir.cat\/es\/congreso-internacional-de-calidad-de-aire-interior\/\"},\"author\":{\"name\":\"Soporte web\",\"@id\":\"https:\/\/www.actecir.cat\/#\/schema\/person\/42edd02f0b1d55e19444428c5d321413\"},\"headline\":\"Congreso Internacional de Calidad de Aire Interior\",\"datePublished\":\"2020-11-23T10:55:34+00:00\",\"dateModified\":\"2023-05-10T09:56:44+00:00\",\"mainEntityOfPage\":{\"@id\":\"https:\/\/www.actecir.cat\/es\/congreso-internacional-de-calidad-de-aire-interior\/\"},\"wordCount\":250,\"publisher\":{\"@id\":\"https:\/\/www.actecir.cat\/#organization\"},\"image\":{\"@id\":\"https:\/\/www.actecir.cat\/es\/congreso-internacional-de-calidad-de-aire-interior\/#primaryimage\"},\"thumbnailUrl\":\"https:\/\/www.actecir.cat\/wp-content\/uploads\/2023\/05\/banner_CONGRESO_AFEC_para_publicar.jpg\",\"articleSection\":[\"Noticias\"],\"inLanguage\":\"es\"},{\"@type\":\"WebPage\",\"@id\":\"https:\/\/www.actecir.cat\/es\/congreso-internacional-de-calidad-de-aire-interior\/\",\"url\":\"https:\/\/www.actecir.cat\/es\/congreso-internacional-de-calidad-de-aire-interior\/\",\"name\":\"Congreso Internacional de Calidad de Aire Interior - Actecir\",\"isPartOf\":{\"@id\":\"https:\/\/www.actecir.cat\/#website\"},\"primaryImageOfPage\":{\"@id\":\"https:\/\/www.actecir.cat\/es\/congreso-internacional-de-calidad-de-aire-interior\/#primaryimage\"},\"image\":{\"@id\":\"https:\/\/www.actecir.cat\/es\/congreso-internacional-de-calidad-de-aire-interior\/#primaryimage\"},\"thumbnailUrl\":\"https:\/\/www.actecir.cat\/wp-content\/uploads\/2023\/05\/banner_CONGRESO_AFEC_para_publicar.jpg\",\"datePublished\":\"2020-11-23T10:55:34+00:00\",\"dateModified\":\"2023-05-10T09:56:44+00:00\",\"breadcrumb\":{\"@id\":\"https:\/\/www.actecir.cat\/es\/congreso-internacional-de-calidad-de-aire-interior\/#breadcrumb\"},\"inLanguage\":\"es\",\"potentialAction\":[{\"@type\":\"ReadAction\",\"target\":[\"https:\/\/www.actecir.cat\/es\/congreso-internacional-de-calidad-de-aire-interior\/\"]}]},{\"@type\":\"ImageObject\",\"inLanguage\":\"es\",\"@id\":\"https:\/\/www.actecir.cat\/es\/congreso-internacional-de-calidad-de-aire-interior\/#primaryimage\",\"url\":\"https:\/\/www.actecir.cat\/wp-content\/uploads\/2023\/05\/banner_CONGRESO_AFEC_para_publicar.jpg\",\"contentUrl\":\"https:\/\/www.actecir.cat\/wp-content\/uploads\/2023\/05\/banner_CONGRESO_AFEC_para_publicar.jpg\",\"width\":600,\"height\":400},{\"@type\":\"BreadcrumbList\",\"@id\":\"https:\/\/www.actecir.cat\/es\/congreso-internacional-de-calidad-de-aire-interior\/#breadcrumb\",\"itemListElement\":[{\"@type\":\"ListItem\",\"position\":1,\"name\":\"Inici\",\"item\":\"https:\/\/www.actecir.cat\/es\/\"},{\"@type\":\"ListItem\",\"position\":2,\"name\":\"Congreso Internacional de Calidad de Aire Interior\"}]},{\"@type\":\"WebSite\",\"@id\":\"https:\/\/www.actecir.cat\/#website\",\"url\":\"https:\/\/www.actecir.cat\/\",\"name\":\"Actecir\",\"description\":\"Associaci\u00f3 Catalana de T\u00e8cnics en Energia, Climatitzaci\u00f3 i Refrigeraci\u00f3\",\"publisher\":{\"@id\":\"https:\/\/www.actecir.cat\/#organization\"},\"potentialAction\":[{\"@type\":\"SearchAction\",\"target\":{\"@type\":\"EntryPoint\",\"urlTemplate\":\"https:\/\/www.actecir.cat\/?s={search_term_string}\"},\"query-input\":{\"@type\":\"PropertyValueSpecification\",\"valueRequired\":true,\"valueName\":\"search_term_string\"}}],\"inLanguage\":\"es\"},{\"@type\":\"Organization\",\"@id\":\"https:\/\/www.actecir.cat\/#organization\",\"name\":\"Actecir\",\"url\":\"https:\/\/www.actecir.cat\/\",\"logo\":{\"@type\":\"ImageObject\",\"inLanguage\":\"es\",\"@id\":\"https:\/\/www.actecir.cat\/#\/schema\/logo\/image\/\",\"url\":\"https:\/\/www.actecir.cat\/wp-content\/uploads\/2023\/04\/cropped-logo_actecir_60_alto.png\",\"contentUrl\":\"https:\/\/www.actecir.cat\/wp-content\/uploads\/2023\/04\/cropped-logo_actecir_60_alto.png\",\"width\":283,\"height\":80,\"caption\":\"Actecir\"},\"image\":{\"@id\":\"https:\/\/www.actecir.cat\/#\/schema\/logo\/image\/\"},\"sameAs\":[\"https:\/\/x.com\/actecir\",\"https:\/\/www.linkedin.com\/company\/actecir\"]},{\"@type\":\"Person\",\"@id\":\"https:\/\/www.actecir.cat\/#\/schema\/person\/42edd02f0b1d55e19444428c5d321413\",\"name\":\"Soporte web\",\"sameAs\":[\"https:\/\/www.actecir.cat\"],\"url\":\"https:\/\/www.actecir.cat\/es\/author\/maensystems\/\"}]}<\/script>\n<!-- \/ Yoast SEO plugin. -->","yoast_head_json":{"title":"Congreso Internacional de Calidad de Aire Interior - Actecir","robots":{"index":"index","follow":"follow","max-snippet":"max-snippet:-1","max-image-preview":"max-image-preview:large","max-video-preview":"max-video-preview:-1"},"canonical":"https:\/\/www.actecir.cat\/es\/congreso-internacional-de-calidad-de-aire-interior\/","og_locale":"es_ES","og_type":"article","og_title":"Congreso Internacional de Calidad de Aire Interior - Actecir","og_description":"Congreso CAI: 26 y 27 Noviembre","og_url":"https:\/\/www.actecir.cat\/es\/congreso-internacional-de-calidad-de-aire-interior\/","og_site_name":"Actecir","article_published_time":"2020-11-23T10:55:34+00:00","article_modified_time":"2023-05-10T09:56:44+00:00","og_image":[{"width":600,"height":400,"url":"https:\/\/www.actecir.cat\/wp-content\/uploads\/2023\/05\/banner_CONGRESO_AFEC_para_publicar.jpg","type":"image\/jpeg"}],"author":"Soporte web","twitter_card":"summary_large_image","twitter_creator":"@actecir","twitter_site":"@actecir","twitter_misc":{"Escrito por":"Soporte web","Tiempo de lectura":"1 minuto"},"schema":{"@context":"https:\/\/schema.org","@graph":[{"@type":"Article","@id":"https:\/\/www.actecir.cat\/es\/congreso-internacional-de-calidad-de-aire-interior\/#article","isPartOf":{"@id":"https:\/\/www.actecir.cat\/es\/congreso-internacional-de-calidad-de-aire-interior\/"},"author":{"name":"Soporte web","@id":"https:\/\/www.actecir.cat\/#\/schema\/person\/42edd02f0b1d55e19444428c5d321413"},"headline":"Congreso Internacional de Calidad de Aire Interior","datePublished":"2020-11-23T10:55:34+00:00","dateModified":"2023-05-10T09:56:44+00:00","mainEntityOfPage":{"@id":"https:\/\/www.actecir.cat\/es\/congreso-internacional-de-calidad-de-aire-interior\/"},"wordCount":250,"publisher":{"@id":"https:\/\/www.actecir.cat\/#organization"},"image":{"@id":"https:\/\/www.actecir.cat\/es\/congreso-internacional-de-calidad-de-aire-interior\/#primaryimage"},"thumbnailUrl":"https:\/\/www.actecir.cat\/wp-content\/uploads\/2023\/05\/banner_CONGRESO_AFEC_para_publicar.jpg","articleSection":["Noticias"],"inLanguage":"es"},{"@type":"WebPage","@id":"https:\/\/www.actecir.cat\/es\/congreso-internacional-de-calidad-de-aire-interior\/","url":"https:\/\/www.actecir.cat\/es\/congreso-internacional-de-calidad-de-aire-interior\/","name":"Congreso Internacional de Calidad de Aire Interior - Actecir","isPartOf":{"@id":"https:\/\/www.actecir.cat\/#website"},"primaryImageOfPage":{"@id":"https:\/\/www.actecir.cat\/es\/congreso-internacional-de-calidad-de-aire-interior\/#primaryimage"},"image":{"@id":"https:\/\/www.actecir.cat\/es\/congreso-internacional-de-calidad-de-aire-interior\/#primaryimage"},"thumbnailUrl":"https:\/\/www.actecir.cat\/wp-content\/uploads\/2023\/05\/banner_CONGRESO_AFEC_para_publicar.jpg","datePublished":"2020-11-23T10:55:34+00:00","dateModified":"2023-05-10T09:56:44+00:00","breadcrumb":{"@id":"https:\/\/www.actecir.cat\/es\/congreso-internacional-de-calidad-de-aire-interior\/#breadcrumb"},"inLanguage":"es","potentialAction":[{"@type":"ReadAction","target":["https:\/\/www.actecir.cat\/es\/congreso-internacional-de-calidad-de-aire-interior\/"]}]},{"@type":"ImageObject","inLanguage":"es","@id":"https:\/\/www.actecir.cat\/es\/congreso-internacional-de-calidad-de-aire-interior\/#primaryimage","url":"https:\/\/www.actecir.cat\/wp-content\/uploads\/2023\/05\/banner_CONGRESO_AFEC_para_publicar.jpg","contentUrl":"https:\/\/www.actecir.cat\/wp-content\/uploads\/2023\/05\/banner_CONGRESO_AFEC_para_publicar.jpg","width":600,"height":400},{"@type":"BreadcrumbList","@id":"https:\/\/www.actecir.cat\/es\/congreso-internacional-de-calidad-de-aire-interior\/#breadcrumb","itemListElement":[{"@type":"ListItem","position":1,"name":"Inici","item":"https:\/\/www.actecir.cat\/es\/"},{"@type":"ListItem","position":2,"name":"Congreso Internacional de Calidad de Aire Interior"}]},{"@type":"WebSite","@id":"https:\/\/www.actecir.cat\/#website","url":"https:\/\/www.actecir.cat\/","name":"Actecir","description":"Associaci\u00f3 Catalana de T\u00e8cnics en Energia, Climatitzaci\u00f3 i Refrigeraci\u00f3","publisher":{"@id":"https:\/\/www.actecir.cat\/#organization"},"potentialAction":[{"@type":"SearchAction","target":{"@type":"EntryPoint","urlTemplate":"https:\/\/www.actecir.cat\/?s={search_term_string}"},"query-input":{"@type":"PropertyValueSpecification","valueRequired":true,"valueName":"search_term_string"}}],"inLanguage":"es"},{"@type":"Organization","@id":"https:\/\/www.actecir.cat\/#organization","name":"Actecir","url":"https:\/\/www.actecir.cat\/","logo":{"@type":"ImageObject","inLanguage":"es","@id":"https:\/\/www.actecir.cat\/#\/schema\/logo\/image\/","url":"https:\/\/www.actecir.cat\/wp-content\/uploads\/2023\/04\/cropped-logo_actecir_60_alto.png","contentUrl":"https:\/\/www.actecir.cat\/wp-content\/uploads\/2023\/04\/cropped-logo_actecir_60_alto.png","width":283,"height":80,"caption":"Actecir"},"image":{"@id":"https:\/\/www.actecir.cat\/#\/schema\/logo\/image\/"},"sameAs":["https:\/\/x.com\/actecir","https:\/\/www.linkedin.com\/company\/actecir"]},{"@type":"Person","@id":"https:\/\/www.actecir.cat\/#\/schema\/person\/42edd02f0b1d55e19444428c5d321413","name":"Soporte web","sameAs":["https:\/\/www.actecir.cat"],"url":"https:\/\/www.actecir.cat\/es\/author\/maensystems\/"}]}},"_links":{"self":[{"href":"https:\/\/www.actecir.cat\/es\/wp-json\/wp\/v2\/posts\/5936","targetHints":{"allow":["GET"]}}],"collection":[{"href":"https:\/\/www.actecir.cat\/es\/wp-json\/wp\/v2\/posts"}],"about":[{"href":"https:\/\/www.actecir.cat\/es\/wp-json\/wp\/v2\/types\/post"}],"author":[{"embeddable":true,"href":"https:\/\/www.actecir.cat\/es\/wp-json\/wp\/v2\/users\/1"}],"replies":[{"embeddable":true,"href":"https:\/\/www.actecir.cat\/es\/wp-json\/wp\/v2\/comments?post=5936"}],"version-history":[{"count":1,"href":"https:\/\/www.actecir.cat\/es\/wp-json\/wp\/v2\/posts\/5936\/revisions"}],"predecessor-version":[{"id":5937,"href":"https:\/\/www.actecir.cat\/es\/wp-json\/wp\/v2\/posts\/5936\/revisions\/5937"}],"wp:featuredmedia":[{"embeddable":true,"href":"https:\/\/www.actecir.cat\/es\/wp-json\/wp\/v2\/media\/5934"}],"wp:attachment":[{"href":"https:\/\/www.actecir.cat\/es\/wp-json\/wp\/v2\/media?parent=5936"}],"wp:term":[{"taxonomy":"category","embeddable":true,"href":"https:\/\/www.actecir.cat\/es\/wp-json\/wp\/v2\/categories?post=5936"},{"taxonomy":"post_tag","embeddable":true,"href":"https:\/\/www.actecir.cat\/es\/wp-json\/wp\/v2\/tags?post=5936"}],"curies":[{"name":"wp","href":"https:\/\/api.w.org\/{rel}","templated":true}]}}